{"id":1546,"date":"2021-03-20T12:04:25","date_gmt":"2021-03-20T12:04:25","guid":{"rendered":"https:\/\/www.africa-press.net\/cameroun\/politique\/parlement-la-longevite-qui-agace"},"modified":"2021-03-22T05:19:36","modified_gmt":"2021-03-22T05:19:36","slug":"parlement-la-longevite-qui-agace","status":"publish","type":"post","link":"https:\/\/www.africa-press.net\/cameroun\/politique\/parlement-la-longevite-qui-agace","title":{"rendered":"Parlement : la long\u00e9vit\u00e9 qui agace"},"content":{"rendered":"<p><span style=\"color: #ff6600\"><strong><a href=\"https:\/\/www.africa-press.net\/\">Africa-Press<\/a> &#8211; <a href=\"https:\/\/www.africa-press.net\/cameroun\">Cameroun<\/a>. <\/strong><\/span>Alors que les \u00e9lections ont lieu ce jour, certains parlementaires se disent fatigu\u00e9s de voir Ni\u00e2t Njifenji et Cavaye Y\u00e9gui\u00e9 Djibril \u00e0 la t\u00eate des deux Chambres du Parlement. Un agacement qui intervient alors que les pr\u00e9sidents sortants sont pourtant bien partis pour rempiler.<\/p>\n<p>L\u2019\u00e9lection des Bureaux des Chambres Basse et Haute du Parlement a lieu aujourd\u2019hui. Les d\u00e9put\u00e9s et s\u00e9nateurs vont \u00ab choisir \u00bb notamment les pr\u00e9sidents de l\u2019Assembl\u00e9e nationale et du S\u00e9nat. Une \u00e9lection qui intervient alors que Cavaye Y\u00e9gui\u00e9 Djibril occupe le perchoir depuis 1992 et que Marcel Ni\u00e2t Njifenji pr\u00e9side le S\u00e9nat depuis 2013. Une long\u00e9vit\u00e9 qui commence \u00e0 irriter au sein du Parlement. Surtout que la situation est rendue complexe par le mauvais \u2018\u00e9tat de sant\u00e9 des deux hommes et leur \u00e2ge avanc\u00e9.<\/p>\n<p>Toutefois, si des d\u00e9put\u00e9s tels que Cabrai Libii du Pcrn, Joshua \u2013 Osih, Jean Michel Nintcheu du SDF se prononcent librement sur l\u2019alternance au sommet de la Chambre Basse du Parlement, la majeure partie des d\u00e9put\u00e9s ne souhaite pas s\u2019exprimer dessus. M\u00eame dans les rangs de l\u2019opposition. \u00ab Je ne veux rien dire \u00e0 ce sujet. Connaissant le syst\u00e8me Rdpc, personne ne peut \u00eatre convaincu. M\u00eames les candidats l\u00e0, personne ne peut savoir. Paul Biya ne re\u00e7oit personne\u00bb, assurait un d\u00e9put\u00e9 \u2018 y a trois jours, au sujet d\u2019un possible changement \u00e0 la t\u00eate de l\u2019Assembl\u00e9e nationale.<\/p>\n<p>Une situation qui n\u2019est pas uniquement observable \u00e0 la Chambre Basse du Parlement. M\u00eame au S\u00e9nat, les langues ne se d\u00e9lient pas facilement sur une alternance. Sous anonymat toutefois, l\u2019on est pr\u00eat \u00e0 admettre que le t\u00e9moin doit \u00eatre pass\u00e9. \u00ab On ne peut rien d\u00e9cider. On s\u2019en tient \u00e0 la d\u00e9cision du Chef de l\u2019Etat. Nous ne pouvons pas donner un avis. Mais si quelqu\u2019un ressent d\u00e9j\u00e0 la fatigue, s\u2019il est mal en point et dit qu\u2019il ne peut plus, on devrait s\u2019en tenir \u00e0 \u00e7a \u00bb, d\u00e9clare un S\u00e9nateur.<\/p>\n<p>Discipline du parti<br \/>\nCependant, les souhaits ont beau \u00eatre formul\u00e9s, la d\u00e9cision appartient au pr\u00e9sident national du Rassemblement d\u00e9mocratique du peuple camerounais (Rdpc). S\u00fbr de sa majorit\u00e9 ob\u00e8se au sein des deux Chambres, le parti du flambeau conserve<\/p>\n<p>logiquement les r\u00eanes du Parlement. Dans un contexte o\u00f9 la discipline du parti fait loi. Ainsi, les parlementaires Rdpc recevront dans quelques heures la conduite \u00e0 tenir. Comme il est de tradition. En effet, l\u2019habituelle convocation des groupes parlementaires du Rdpc par le Secr\u00e9taire g\u00e9n\u00e9ral du Comit\u00e9 central, \u00e0 une r\u00e9union a \u00e9t\u00e9 faite hier mercredi par voie de communiqu\u00e9.<\/p>\n<p>\u00abLe Secr\u00e9taire g\u00e9n\u00e9ral du Comit\u00e9 central du Rassemblement d\u00e9mocratique du peuple camerounais, monsieur Jean Nkuete, communique ; Les parlementaires des Groupes Rdpc \u00e0 l\u2019Assembl\u00e9e nationale et au S\u00e9nat sont convi\u00e9s \u00e0 des importances s\u00e9ances de travail qui se tiendront le jeudi 18 mars 2021 au Palais des Congr\u00e8s de Yaound\u00e9 suivant le planning ci-apr\u00e8s. 10 heures Groupe parlementaire Rdpc \u00e0 l\u2019Assembl\u00e9e nationale. 11 heures Groupe parlementaire Rdpc au S\u00e9nat\u00bb.<\/p>\n<p>Des concertations qui devraient en principes conduire \u00e0 la r\u00e9\u00e9lection de Cavaye Y\u00e9gui\u00e9 Djibril et de Marcel Ni\u00e2t Njifenji.<\/p>\n","protected":false},"excerpt":{"rendered":"<p>Africa-Press &#8211; Cameroun. Alors que les \u00e9lections ont lieu ce jour, certains parlementaires se disent fatigu\u00e9s de voir Ni\u00e2t Njifenji et Cavaye Y\u00e9gui\u00e9 Djibril \u00e0 la t\u00eate des deux Chambres du Parlement. Un agacement qui intervient alors que les pr\u00e9sidents sortants sont pourtant bien partis pour rempiler. L\u2019\u00e9lection des Bureaux des Chambres Basse et Haute [&hellip;]<\/p>\n","protected":false},"author":82,"featured_media":1543,"comment_status":"open","ping_status":"closed","sticky":false,"template":"","format":"standard","meta":{"footnotes":""},"categories":[11,2,10],"tags":[36,50,49],"class_list":["post-1546","post","type-post","status-publish","format-standard","has-post-thumbnail","hentry","category-homepage-french","category-politique","category-toutes-les-actualites","tag-africa-press","tag-africa-press-cameroun","tag-cameroun"],"yoast_head":"<!-- This site is optimized with the Yoast SEO Premium plugin v26.1 (Yoast SEO v27.0) - https:\/\/yoast.com\/product\/yoast-seo-premium-wordpress\/ -->\n<title>Parlement : la long\u00e9vit\u00e9 qui agace - Cameroun<\/title>\n<meta name=\"description\" content=\"Alors que les \u00e9lections ont lieu ce jour, certains parlementaires se disent fatigu\u00e9s de voir Ni\u00e2t Njifenji et Cavaye Y\u00e9g ...\" \/>\n<meta name=\"robots\" content=\"index, follow, max-snippet:-1, max-image-preview:large, max-video-preview:-1\" \/>\n<link rel=\"canonical\" href=\"https:\/\/www.africa-press.net\/cameroun\/politique\/parlement-la-longevite-qui-agace\" \/>\n<meta property=\"og:locale\" content=\"fr_FR\" \/>\n<meta property=\"og:type\" content=\"article\" \/>\n<meta property=\"og:title\" content=\"Parlement : la long\u00e9vit\u00e9 qui agace\" \/>\n<meta property=\"og:description\" content=\"Alors que les \u00e9lections ont lieu ce jour, certains parlementaires se disent fatigu\u00e9s de voir Ni\u00e2t Njifenji et Cavaye Y\u00e9g ...\" \/>\n<meta property=\"og:url\" content=\"https:\/\/www.africa-press.net\/cameroun\/politique\/parlement-la-longevite-qui-agace\" \/>\n<meta property=\"og:site_name\" content=\"Cameroun\" \/>\n<meta property=\"article:published_time\" content=\"2021-03-20T12:04:25+00:00\" \/>\n<meta property=\"article:modified_time\" content=\"2021-03-22T05:19:36+00:00\" \/>\n<meta property=\"og:image\" content=\"https:\/\/static.africa-press.net\/cameroun\/sites\/57\/2021\/03\/img-605828d1229db.jpg\" \/>\n\t<meta property=\"og:image:width\" content=\"1080\" \/>\n\t<meta property=\"og:image:height\" content=\"720\" \/>\n\t<meta property=\"og:image:type\" content=\"image\/jpeg\" \/>\n<meta name=\"author\" content=\"cfeditorfr\" \/>\n<meta name=\"twitter:card\" content=\"summary_large_image\" \/>\n<meta name=\"twitter:label1\" content=\"\u00c9crit par\" \/>\n\t<meta name=\"twitter:data1\" content=\"cfeditorfr\" \/>\n\t<meta name=\"twitter:label2\" content=\"Dur\u00e9e de lecture estim\u00e9e\" \/>\n\t<meta name=\"twitter:data2\" content=\"3 minutes\" \/>\n<script type=\"application\/ld+json\" class=\"yoast-schema-graph\">{\"@context\":\"https:\/\/schema.org\",\"@graph\":[{\"@type\":\"Article\",\"@id\":\"https:\/\/www.africa-press.net\/cameroun\/politique\/parlement-la-longevite-qui-agace#article\",\"isPartOf\":{\"@id\":\"https:\/\/www.africa-press.net\/cameroun\/politique\/parlement-la-longevite-qui-agace\"},\"author\":{\"name\":\"cfeditorfr\",\"@id\":\"https:\/\/www.africa-press.net\/cameroun\/#\/schema\/person\/2b1cf3cd81a31e3cd26889ca66d677f1\"},\"headline\":\"Parlement : la long\u00e9vit\u00e9 qui agace\",\"datePublished\":\"2021-03-20T12:04:25+00:00\",\"dateModified\":\"2021-03-22T05:19:36+00:00\",\"mainEntityOfPage\":{\"@id\":\"https:\/\/www.africa-press.net\/cameroun\/politique\/parlement-la-longevite-qui-agace\"},\"wordCount\":565,\"commentCount\":0,\"image\":{\"@id\":\"https:\/\/www.africa-press.net\/cameroun\/politique\/parlement-la-longevite-qui-agace#primaryimage\"},\"thumbnailUrl\":\"https:\/\/static.africa-press.net\/cameroun\/sites\/57\/2021\/03\/img-605828d1229db.jpg\",\"keywords\":[\"Africa Press\",\"Africa Press-Cameroun\",\"Cameroun\"],\"articleSection\":[\"homepage-french\",\"Politique\",\"Toutes les actualit\u00e9s\"],\"inLanguage\":\"fr-FR\",\"potentialAction\":[{\"@type\":\"CommentAction\",\"name\":\"Comment\",\"target\":[\"https:\/\/www.africa-press.net\/cameroun\/politique\/parlement-la-longevite-qui-agace#respond\"]}]},{\"@type\":\"WebPage\",\"@id\":\"https:\/\/www.africa-press.net\/cameroun\/politique\/parlement-la-longevite-qui-agace\",\"url\":\"https:\/\/www.africa-press.net\/cameroun\/politique\/parlement-la-longevite-qui-agace\",\"name\":\"Parlement : la long\u00e9vit\u00e9 qui agace - Cameroun\",\"isPartOf\":{\"@id\":\"https:\/\/www.africa-press.net\/cameroun\/#website\"},\"primaryImageOfPage\":{\"@id\":\"https:\/\/www.africa-press.net\/cameroun\/politique\/parlement-la-longevite-qui-agace#primaryimage\"},\"image\":{\"@id\":\"https:\/\/www.africa-press.net\/cameroun\/politique\/parlement-la-longevite-qui-agace#primaryimage\"},\"thumbnailUrl\":\"https:\/\/static.africa-press.net\/cameroun\/sites\/57\/2021\/03\/img-605828d1229db.jpg\",\"datePublished\":\"2021-03-20T12:04:25+00:00\",\"dateModified\":\"2021-03-22T05:19:36+00:00\",\"author\":{\"@id\":\"https:\/\/www.africa-press.net\/cameroun\/#\/schema\/person\/2b1cf3cd81a31e3cd26889ca66d677f1\"},\"description\":\"Alors que les \u00e9lections ont lieu ce jour, certains parlementaires se disent fatigu\u00e9s de voir Ni\u00e2t Njifenji et Cavaye Y\u00e9g ...\",\"breadcrumb\":{\"@id\":\"https:\/\/www.africa-press.net\/cameroun\/politique\/parlement-la-longevite-qui-agace#breadcrumb\"},\"inLanguage\":\"fr-FR\",\"potentialAction\":[{\"@type\":\"ReadAction\",\"target\":[\"https:\/\/www.africa-press.net\/cameroun\/politique\/parlement-la-longevite-qui-agace\"]}]},{\"@type\":\"ImageObject\",\"inLanguage\":\"fr-FR\",\"@id\":\"https:\/\/www.africa-press.net\/cameroun\/politique\/parlement-la-longevite-qui-agace#primaryimage\",\"url\":\"https:\/\/static.africa-press.net\/cameroun\/sites\/57\/2021\/03\/img-605828d1229db.jpg\",\"contentUrl\":\"https:\/\/static.africa-press.net\/cameroun\/sites\/57\/2021\/03\/img-605828d1229db.jpg\",\"width\":1080,\"height\":720,\"caption\":\"Parlement : la long\u00e9vit\u00e9 qui agace\"},{\"@type\":\"BreadcrumbList\",\"@id\":\"https:\/\/www.africa-press.net\/cameroun\/politique\/parlement-la-longevite-qui-agace#breadcrumb\",\"itemListElement\":[{\"@type\":\"ListItem\",\"position\":1,\"name\":\"Accueil\",\"item\":\"https:\/\/www.africa-press.net\/cameroun\/\"},{\"@type\":\"ListItem\",\"position\":2,\"name\":\"Parlement : la long\u00e9vit\u00e9 qui agace\"}]},{\"@type\":\"WebSite\",\"@id\":\"https:\/\/www.africa-press.net\/cameroun\/#website\",\"url\":\"https:\/\/www.africa-press.net\/cameroun\/\",\"name\":\"Cameroun\",\"description\":\"Just another Africa News Agency Sites site\",\"potentialAction\":[{\"@type\":\"SearchAction\",\"target\":{\"@type\":\"EntryPoint\",\"urlTemplate\":\"https:\/\/www.africa-press.net\/cameroun\/?s={search_term_string}\"},\"query-input\":{\"@type\":\"PropertyValueSpecification\",\"valueRequired\":true,\"valueName\":\"search_term_string\"}}],\"inLanguage\":\"fr-FR\"},{\"@type\":\"Person\",\"@id\":\"https:\/\/www.africa-press.net\/cameroun\/#\/schema\/person\/2b1cf3cd81a31e3cd26889ca66d677f1\",\"name\":\"cfeditorfr\"}]}<\/script>\n<!-- \/ Yoast SEO Premium plugin. -->","yoast_head_json":{"title":"Parlement : la long\u00e9vit\u00e9 qui agace - Cameroun","description":"Alors que les \u00e9lections ont lieu ce jour, certains parlementaires se disent fatigu\u00e9s de voir Ni\u00e2t Njifenji et Cavaye Y\u00e9g ...","robots":{"index":"index","follow":"follow","max-snippet":"max-snippet:-1","max-image-preview":"max-image-preview:large","max-video-preview":"max-video-preview:-1"},"canonical":"https:\/\/www.africa-press.net\/cameroun\/politique\/parlement-la-longevite-qui-agace","og_locale":"fr_FR","og_type":"article","og_title":"Parlement : la long\u00e9vit\u00e9 qui agace","og_description":"Alors que les \u00e9lections ont lieu ce jour, certains parlementaires se disent fatigu\u00e9s de voir Ni\u00e2t Njifenji et Cavaye Y\u00e9g ...","og_url":"https:\/\/www.africa-press.net\/cameroun\/politique\/parlement-la-longevite-qui-agace","og_site_name":"Cameroun","article_published_time":"2021-03-20T12:04:25+00:00","article_modified_time":"2021-03-22T05:19:36+00:00","og_image":[{"width":1080,"height":720,"url":"https:\/\/static.africa-press.net\/cameroun\/sites\/57\/2021\/03\/img-605828d1229db.jpg","type":"image\/jpeg"}],"author":"cfeditorfr","twitter_card":"summary_large_image","twitter_misc":{"\u00c9crit par":"cfeditorfr","Dur\u00e9e de lecture estim\u00e9e":"3 minutes"},"schema":{"@context":"https:\/\/schema.org","@graph":[{"@type":"Article","@id":"https:\/\/www.africa-press.net\/cameroun\/politique\/parlement-la-longevite-qui-agace#article","isPartOf":{"@id":"https:\/\/www.africa-press.net\/cameroun\/politique\/parlement-la-longevite-qui-agace"},"author":{"name":"cfeditorfr","@id":"https:\/\/www.africa-press.net\/cameroun\/#\/schema\/person\/2b1cf3cd81a31e3cd26889ca66d677f1"},"headline":"Parlement : la long\u00e9vit\u00e9 qui agace","datePublished":"2021-03-20T12:04:25+00:00","dateModified":"2021-03-22T05:19:36+00:00","mainEntityOfPage":{"@id":"https:\/\/www.africa-press.net\/cameroun\/politique\/parlement-la-longevite-qui-agace"},"wordCount":565,"commentCount":0,"image":{"@id":"https:\/\/www.africa-press.net\/cameroun\/politique\/parlement-la-longevite-qui-agace#primaryimage"},"thumbnailUrl":"https:\/\/static.africa-press.net\/cameroun\/sites\/57\/2021\/03\/img-605828d1229db.jpg","keywords":["Africa Press","Africa Press-Cameroun","Cameroun"],"articleSection":["homepage-french","Politique","Toutes les actualit\u00e9s"],"inLanguage":"fr-FR","potentialAction":[{"@type":"CommentAction","name":"Comment","target":["https:\/\/www.africa-press.net\/cameroun\/politique\/parlement-la-longevite-qui-agace#respond"]}]},{"@type":"WebPage","@id":"https:\/\/www.africa-press.net\/cameroun\/politique\/parlement-la-longevite-qui-agace","url":"https:\/\/www.africa-press.net\/cameroun\/politique\/parlement-la-longevite-qui-agace","name":"Parlement : la long\u00e9vit\u00e9 qui agace - Cameroun","isPartOf":{"@id":"https:\/\/www.africa-press.net\/cameroun\/#website"},"primaryImageOfPage":{"@id":"https:\/\/www.africa-press.net\/cameroun\/politique\/parlement-la-longevite-qui-agace#primaryimage"},"image":{"@id":"https:\/\/www.africa-press.net\/cameroun\/politique\/parlement-la-longevite-qui-agace#primaryimage"},"thumbnailUrl":"https:\/\/static.africa-press.net\/cameroun\/sites\/57\/2021\/03\/img-605828d1229db.jpg","datePublished":"2021-03-20T12:04:25+00:00","dateModified":"2021-03-22T05:19:36+00:00","author":{"@id":"https:\/\/www.africa-press.net\/cameroun\/#\/schema\/person\/2b1cf3cd81a31e3cd26889ca66d677f1"},"description":"Alors que les \u00e9lections ont lieu ce jour, certains parlementaires se disent fatigu\u00e9s de voir Ni\u00e2t Njifenji et Cavaye Y\u00e9g ...","breadcrumb":{"@id":"https:\/\/www.africa-press.net\/cameroun\/politique\/parlement-la-longevite-qui-agace#breadcrumb"},"inLanguage":"fr-FR","potentialAction":[{"@type":"ReadAction","target":["https:\/\/www.africa-press.net\/cameroun\/politique\/parlement-la-longevite-qui-agace"]}]},{"@type":"ImageObject","inLanguage":"fr-FR","@id":"https:\/\/www.africa-press.net\/cameroun\/politique\/parlement-la-longevite-qui-agace#primaryimage","url":"https:\/\/static.africa-press.net\/cameroun\/sites\/57\/2021\/03\/img-605828d1229db.jpg","contentUrl":"https:\/\/static.africa-press.net\/cameroun\/sites\/57\/2021\/03\/img-605828d1229db.jpg","width":1080,"height":720,"caption":"Parlement : la long\u00e9vit\u00e9 qui agace"},{"@type":"BreadcrumbList","@id":"https:\/\/www.africa-press.net\/cameroun\/politique\/parlement-la-longevite-qui-agace#breadcrumb","itemListElement":[{"@type":"ListItem","position":1,"name":"Accueil","item":"https:\/\/www.africa-press.net\/cameroun\/"},{"@type":"ListItem","position":2,"name":"Parlement : la long\u00e9vit\u00e9 qui agace"}]},{"@type":"WebSite","@id":"https:\/\/www.africa-press.net\/cameroun\/#website","url":"https:\/\/www.africa-press.net\/cameroun\/","name":"Cameroun","description":"Just another Africa News Agency Sites site","potentialAction":[{"@type":"SearchAction","target":{"@type":"EntryPoint","urlTemplate":"https:\/\/www.africa-press.net\/cameroun\/?s={search_term_string}"},"query-input":{"@type":"PropertyValueSpecification","valueRequired":true,"valueName":"search_term_string"}}],"inLanguage":"fr-FR"},{"@type":"Person","@id":"https:\/\/www.africa-press.net\/cameroun\/#\/schema\/person\/2b1cf3cd81a31e3cd26889ca66d677f1","name":"cfeditorfr"}]}},"_links":{"self":[{"href":"https:\/\/www.africa-press.net\/cameroun\/wp-json\/wp\/v2\/posts\/1546","targetHints":{"allow":["GET"]}}],"collection":[{"href":"https:\/\/www.africa-press.net\/cameroun\/wp-json\/wp\/v2\/posts"}],"about":[{"href":"https:\/\/www.africa-press.net\/cameroun\/wp-json\/wp\/v2\/types\/post"}],"author":[{"embeddable":true,"href":"https:\/\/www.africa-press.net\/cameroun\/wp-json\/wp\/v2\/users\/82"}],"replies":[{"embeddable":true,"href":"https:\/\/www.africa-press.net\/cameroun\/wp-json\/wp\/v2\/comments?post=1546"}],"version-history":[{"count":0,"href":"https:\/\/www.africa-press.net\/cameroun\/wp-json\/wp\/v2\/posts\/1546\/revisions"}],"wp:featuredmedia":[{"embeddable":true,"href":"https:\/\/www.africa-press.net\/cameroun\/wp-json\/wp\/v2\/media\/1543"}],"wp:attachment":[{"href":"https:\/\/www.africa-press.net\/cameroun\/wp-json\/wp\/v2\/media?parent=1546"}],"wp:term":[{"taxonomy":"category","embeddable":true,"href":"https:\/\/www.africa-press.net\/cameroun\/wp-json\/wp\/v2\/categories?post=1546"},{"taxonomy":"post_tag","embeddable":true,"href":"https:\/\/www.africa-press.net\/cameroun\/wp-json\/wp\/v2\/tags?post=1546"}],"curies":[{"name":"wp","href":"https:\/\/api.w.org\/{rel}","templated":true}]}}