{"id":1559,"date":"2021-03-20T12:21:33","date_gmt":"2021-03-20T12:21:33","guid":{"rendered":"https:\/\/www.africa-press.net\/cameroun\/politique\/la-journaliste-lyse-davina-nguili-a-ete-liberee"},"modified":"2021-03-22T05:20:44","modified_gmt":"2021-03-22T05:20:44","slug":"la-journaliste-lyse-davina-nguili-a-ete-liberee","status":"publish","type":"post","link":"https:\/\/www.africa-press.net\/cameroun\/politique\/la-journaliste-lyse-davina-nguili-a-ete-liberee","title":{"rendered":"La journaliste Lyse Davina Nguili a \u00e9t\u00e9 lib\u00e9r\u00e9e"},"content":{"rendered":"<p><span style=\"color: #ff6600\"><strong><a href=\"https:\/\/www.africa-press.net\/\">Africa-Press<\/a> &#8211; <a href=\"https:\/\/www.africa-press.net\/cameroun\">Cameroun<\/a>. <\/strong><\/span>Sa lib\u00e9ration fait suite \u00e0 une bataille de deux jours men\u00e9e par les syndicats des journalistes.<\/p>\n<p>Interpell\u00e9e \u00e0 Yaound\u00e9 dimanche dernier et conduite \u00e0 la division r\u00e9gionale de la police judiciaire de Douala le m\u00eame jour manu militari suite \u00e0 l&rsquo;\u00e9mission d&rsquo;un mandat d&rsquo;arr\u00eat cons\u00e9cutif \u00e0 une plainte contre inconnu d\u00e9pos\u00e9e par madame Mareme Ndiaye, haut cadre \u00e0 la soci\u00e9t\u00e9 g\u00e9n\u00e9rale \u00e0 Douala pour diffamation et cybercriminalit\u00e9, Lyse Davina Nguili vient d&rsquo;\u00eatre mise en libert\u00e9 sous caution avec pour garant Nkodo Pierre Claver, Coordonnateur National en charge de la Communication du syndicat national des journalistes ind\u00e9pendants du Cameroun en abr\u00e9g\u00e9 SYNAJIC. Un d\u00e9nouement cons\u00e9cutif \u00e0 une bataille acharn\u00e9e de 48 heures durant lesquelles et pour la premi\u00e8re fois de l&rsquo;histoire syndicale du Cameroun, deux mouvements corporatistes \u00e0 savoir le SYNAJIC et le SNJC repr\u00e9sent\u00e9 par Didier Ndengue, ont \u00e9troitement conjugu\u00e9s leurs efforts en totale synergie pour parvenir \u00e0 ce r\u00e9sultat. Une collaboration \u00e0 saluer d&rsquo;autant plus que cette jeune cons\u0153ur n&rsquo;est pas syndiqu\u00e9e et vient de Yaound\u00e9 o\u00f9 elle r\u00e9side et d\u00e9couvre Douala pour sa premi\u00e8re fois dans la douleur.<\/p>\n<p>Pour la petite histoire, l&rsquo;infortun\u00e9e est victime d&rsquo;une mauvaise rencontre avec un \u00ab\u00a0promoteur\u00a0\u00bb des m\u00e9dias en ligne \u00e0 savoir le nomm\u00e9 Jean Pierre Samedjeu, camerounais r\u00e9sident en Allemagne avec un pseudo statut de r\u00e9fugi\u00e9 selon nos enqu\u00eates, qui l&rsquo;a pi\u00e9g\u00e9 \u00e0 peine sortie de L&rsquo;ESSTIC de Yaound\u00e9 avec un salaire de 200 euros qu&rsquo;il ne lui a jamais vers\u00e9 d&rsquo;ailleurs.<br \/>\nUn individu sans doute peu recommandable qui a us\u00e9 de ruse et fourberie pour parvenir \u00e0 ses fins en se servant de l&rsquo;innocence et de la na\u00efvet\u00e9 de la jeune journaliste dans sa qu\u00eate quasi hyst\u00e9rique de noircir \u00e0 titre permanent l&rsquo;image de marque du Cameroun et des membres du gouvernement afin d&rsquo;am\u00e9liorer sa situation pr\u00e9caire \u00e0 l&rsquo;\u00e9tranger afin d&rsquo;obtenir davantage de son pays d&rsquo;accueil et du Hcr. Il lui a suffi d&rsquo;ins\u00e9rer le CV de Davina sur la page d&rsquo;accueil de son site d&rsquo;informations en ligne et autres plates-formes num\u00e9riques sans v\u00e9ritable \u00e9paisseur \u00e9ditorialiste pour qu&rsquo;elle devienne la cible privil\u00e9gi\u00e9e de ses victimes parmi lesquelles cette brave dame sur laquelle des salet\u00e9s sur sa vie priv\u00e9e ont \u00e9t\u00e9 publi\u00e9es en janvier 2020. Toutes choses qui ont motiv\u00e9es sa plainte d\u00e9pos\u00e9e aupr\u00e8s des services comp\u00e9tents de police en juillet 2020 alors que le contrat en bois avec l&rsquo;infortun\u00e9e datent de novembre 2020.<\/p>\n<p>Des contradictions flagrantes et \u00e9videntes qui mettent en tout \u00e9tat de cause, la malhonn\u00eatet\u00e9 de Jean Pierre Samedjeu qui a failli d\u00e9finitivement briser la carri\u00e8re de cette jeune cons\u0153ur de 22 ans dans des larmes de sa famille et de la corporation.<\/p>\n","protected":false},"excerpt":{"rendered":"<p>Africa-Press &#8211; Cameroun. Sa lib\u00e9ration fait suite \u00e0 une bataille de deux jours men\u00e9e par les syndicats des journalistes. Interpell\u00e9e \u00e0 Yaound\u00e9 dimanche dernier et conduite \u00e0 la division r\u00e9gionale de la police judiciaire de Douala le m\u00eame jour manu militari suite \u00e0 l&rsquo;\u00e9mission d&rsquo;un mandat d&rsquo;arr\u00eat cons\u00e9cutif \u00e0 une plainte contre inconnu d\u00e9pos\u00e9e par [&hellip;]<\/p>\n","protected":false},"author":82,"featured_media":1558,"comment_status":"open","ping_status":"closed","sticky":false,"template":"","format":"standard","meta":{"footnotes":""},"categories":[11,2,10],"tags":[36,50,49],"class_list":["post-1559","post","type-post","status-publish","format-standard","has-post-thumbnail","hentry","category-homepage-french","category-politique","category-toutes-les-actualites","tag-africa-press","tag-africa-press-cameroun","tag-cameroun"],"yoast_head":"<!-- This site is optimized with the Yoast SEO Premium plugin v26.1 (Yoast SEO v27.0) - https:\/\/yoast.com\/product\/yoast-seo-premium-wordpress\/ -->\n<title>La journaliste Lyse Davina Nguili a \u00e9t\u00e9 lib\u00e9r\u00e9e - Cameroun<\/title>\n<meta name=\"description\" content=\"Sa lib\u00e9ration fait suite \u00e0 une bataille de deux jours men\u00e9e par les syndicats des journalistes. Interpell\u00e9e \u00e0 Yaound\u00e9 d ...\" \/>\n<meta name=\"robots\" content=\"index, follow, max-snippet:-1, max-image-preview:large, max-video-preview:-1\" \/>\n<link rel=\"canonical\" href=\"https:\/\/www.africa-press.net\/cameroun\/politique\/la-journaliste-lyse-davina-nguili-a-ete-liberee\" \/>\n<meta property=\"og:locale\" content=\"fr_FR\" \/>\n<meta property=\"og:type\" content=\"article\" \/>\n<meta property=\"og:title\" content=\"La journaliste Lyse Davina Nguili a \u00e9t\u00e9 lib\u00e9r\u00e9e\" \/>\n<meta property=\"og:description\" content=\"Sa lib\u00e9ration fait suite \u00e0 une bataille de deux jours men\u00e9e par les syndicats des journalistes. Interpell\u00e9e \u00e0 Yaound\u00e9 d ...\" \/>\n<meta property=\"og:url\" content=\"https:\/\/www.africa-press.net\/cameroun\/politique\/la-journaliste-lyse-davina-nguili-a-ete-liberee\" \/>\n<meta property=\"og:site_name\" content=\"Cameroun\" \/>\n<meta property=\"article:published_time\" content=\"2021-03-20T12:21:33+00:00\" \/>\n<meta property=\"article:modified_time\" content=\"2021-03-22T05:20:44+00:00\" \/>\n<meta property=\"og:image\" content=\"https:\/\/static.africa-press.net\/cameroun\/sites\/57\/2021\/03\/img-60582916bc248.jpg\" \/>\n\t<meta property=\"og:image:width\" content=\"730\" \/>\n\t<meta property=\"og:image:height\" content=\"399\" \/>\n\t<meta property=\"og:image:type\" content=\"image\/jpeg\" \/>\n<meta name=\"author\" content=\"cfeditorfr\" \/>\n<meta name=\"twitter:card\" content=\"summary_large_image\" \/>\n<meta name=\"twitter:label1\" content=\"\u00c9crit par\" \/>\n\t<meta name=\"twitter:data1\" content=\"cfeditorfr\" \/>\n\t<meta name=\"twitter:label2\" content=\"Dur\u00e9e de lecture estim\u00e9e\" \/>\n\t<meta name=\"twitter:data2\" content=\"2 minutes\" \/>\n<script type=\"application\/ld+json\" class=\"yoast-schema-graph\">{\"@context\":\"https:\/\/schema.org\",\"@graph\":[{\"@type\":\"Article\",\"@id\":\"https:\/\/www.africa-press.net\/cameroun\/politique\/la-journaliste-lyse-davina-nguili-a-ete-liberee#article\",\"isPartOf\":{\"@id\":\"https:\/\/www.africa-press.net\/cameroun\/politique\/la-journaliste-lyse-davina-nguili-a-ete-liberee\"},\"author\":{\"name\":\"cfeditorfr\",\"@id\":\"https:\/\/www.africa-press.net\/cameroun\/#\/schema\/person\/2b1cf3cd81a31e3cd26889ca66d677f1\"},\"headline\":\"La journaliste Lyse Davina Nguili a \u00e9t\u00e9 lib\u00e9r\u00e9e\",\"datePublished\":\"2021-03-20T12:21:33+00:00\",\"dateModified\":\"2021-03-22T05:20:44+00:00\",\"mainEntityOfPage\":{\"@id\":\"https:\/\/www.africa-press.net\/cameroun\/politique\/la-journaliste-lyse-davina-nguili-a-ete-liberee\"},\"wordCount\":504,\"commentCount\":0,\"image\":{\"@id\":\"https:\/\/www.africa-press.net\/cameroun\/politique\/la-journaliste-lyse-davina-nguili-a-ete-liberee#primaryimage\"},\"thumbnailUrl\":\"https:\/\/static.africa-press.net\/cameroun\/sites\/57\/2021\/03\/img-60582916bc248.jpg\",\"keywords\":[\"Africa Press\",\"Africa Press-Cameroun\",\"Cameroun\"],\"articleSection\":[\"homepage-french\",\"Politique\",\"Toutes les actualit\u00e9s\"],\"inLanguage\":\"fr-FR\",\"potentialAction\":[{\"@type\":\"CommentAction\",\"name\":\"Comment\",\"target\":[\"https:\/\/www.africa-press.net\/cameroun\/politique\/la-journaliste-lyse-davina-nguili-a-ete-liberee#respond\"]}]},{\"@type\":\"WebPage\",\"@id\":\"https:\/\/www.africa-press.net\/cameroun\/politique\/la-journaliste-lyse-davina-nguili-a-ete-liberee\",\"url\":\"https:\/\/www.africa-press.net\/cameroun\/politique\/la-journaliste-lyse-davina-nguili-a-ete-liberee\",\"name\":\"La journaliste Lyse Davina Nguili a \u00e9t\u00e9 lib\u00e9r\u00e9e - Cameroun\",\"isPartOf\":{\"@id\":\"https:\/\/www.africa-press.net\/cameroun\/#website\"},\"primaryImageOfPage\":{\"@id\":\"https:\/\/www.africa-press.net\/cameroun\/politique\/la-journaliste-lyse-davina-nguili-a-ete-liberee#primaryimage\"},\"image\":{\"@id\":\"https:\/\/www.africa-press.net\/cameroun\/politique\/la-journaliste-lyse-davina-nguili-a-ete-liberee#primaryimage\"},\"thumbnailUrl\":\"https:\/\/static.africa-press.net\/cameroun\/sites\/57\/2021\/03\/img-60582916bc248.jpg\",\"datePublished\":\"2021-03-20T12:21:33+00:00\",\"dateModified\":\"2021-03-22T05:20:44+00:00\",\"author\":{\"@id\":\"https:\/\/www.africa-press.net\/cameroun\/#\/schema\/person\/2b1cf3cd81a31e3cd26889ca66d677f1\"},\"description\":\"Sa lib\u00e9ration fait suite \u00e0 une bataille de deux jours men\u00e9e par les syndicats des journalistes. Interpell\u00e9e \u00e0 Yaound\u00e9 d ...\",\"breadcrumb\":{\"@id\":\"https:\/\/www.africa-press.net\/cameroun\/politique\/la-journaliste-lyse-davina-nguili-a-ete-liberee#breadcrumb\"},\"inLanguage\":\"fr-FR\",\"potentialAction\":[{\"@type\":\"ReadAction\",\"target\":[\"https:\/\/www.africa-press.net\/cameroun\/politique\/la-journaliste-lyse-davina-nguili-a-ete-liberee\"]}]},{\"@type\":\"ImageObject\",\"inLanguage\":\"fr-FR\",\"@id\":\"https:\/\/www.africa-press.net\/cameroun\/politique\/la-journaliste-lyse-davina-nguili-a-ete-liberee#primaryimage\",\"url\":\"https:\/\/static.africa-press.net\/cameroun\/sites\/57\/2021\/03\/img-60582916bc248.jpg\",\"contentUrl\":\"https:\/\/static.africa-press.net\/cameroun\/sites\/57\/2021\/03\/img-60582916bc248.jpg\",\"width\":730,\"height\":399,\"caption\":\"La journaliste Lyse Davina Nguili a \u00e9t\u00e9 lib\u00e9r\u00e9e\"},{\"@type\":\"BreadcrumbList\",\"@id\":\"https:\/\/www.africa-press.net\/cameroun\/politique\/la-journaliste-lyse-davina-nguili-a-ete-liberee#breadcrumb\",\"itemListElement\":[{\"@type\":\"ListItem\",\"position\":1,\"name\":\"Accueil\",\"item\":\"https:\/\/www.africa-press.net\/cameroun\/\"},{\"@type\":\"ListItem\",\"position\":2,\"name\":\"La journaliste Lyse Davina Nguili a \u00e9t\u00e9 lib\u00e9r\u00e9e\"}]},{\"@type\":\"WebSite\",\"@id\":\"https:\/\/www.africa-press.net\/cameroun\/#website\",\"url\":\"https:\/\/www.africa-press.net\/cameroun\/\",\"name\":\"Cameroun\",\"description\":\"Just another Africa News Agency Sites site\",\"potentialAction\":[{\"@type\":\"SearchAction\",\"target\":{\"@type\":\"EntryPoint\",\"urlTemplate\":\"https:\/\/www.africa-press.net\/cameroun\/?s={search_term_string}\"},\"query-input\":{\"@type\":\"PropertyValueSpecification\",\"valueRequired\":true,\"valueName\":\"search_term_string\"}}],\"inLanguage\":\"fr-FR\"},{\"@type\":\"Person\",\"@id\":\"https:\/\/www.africa-press.net\/cameroun\/#\/schema\/person\/2b1cf3cd81a31e3cd26889ca66d677f1\",\"name\":\"cfeditorfr\"}]}<\/script>\n<!-- \/ Yoast SEO Premium plugin. -->","yoast_head_json":{"title":"La journaliste Lyse Davina Nguili a \u00e9t\u00e9 lib\u00e9r\u00e9e - Cameroun","description":"Sa lib\u00e9ration fait suite \u00e0 une bataille de deux jours men\u00e9e par les syndicats des journalistes. Interpell\u00e9e \u00e0 Yaound\u00e9 d ...","robots":{"index":"index","follow":"follow","max-snippet":"max-snippet:-1","max-image-preview":"max-image-preview:large","max-video-preview":"max-video-preview:-1"},"canonical":"https:\/\/www.africa-press.net\/cameroun\/politique\/la-journaliste-lyse-davina-nguili-a-ete-liberee","og_locale":"fr_FR","og_type":"article","og_title":"La journaliste Lyse Davina Nguili a \u00e9t\u00e9 lib\u00e9r\u00e9e","og_description":"Sa lib\u00e9ration fait suite \u00e0 une bataille de deux jours men\u00e9e par les syndicats des journalistes. Interpell\u00e9e \u00e0 Yaound\u00e9 d ...","og_url":"https:\/\/www.africa-press.net\/cameroun\/politique\/la-journaliste-lyse-davina-nguili-a-ete-liberee","og_site_name":"Cameroun","article_published_time":"2021-03-20T12:21:33+00:00","article_modified_time":"2021-03-22T05:20:44+00:00","og_image":[{"width":730,"height":399,"url":"https:\/\/static.africa-press.net\/cameroun\/sites\/57\/2021\/03\/img-60582916bc248.jpg","type":"image\/jpeg"}],"author":"cfeditorfr","twitter_card":"summary_large_image","twitter_misc":{"\u00c9crit par":"cfeditorfr","Dur\u00e9e de lecture estim\u00e9e":"2 minutes"},"schema":{"@context":"https:\/\/schema.org","@graph":[{"@type":"Article","@id":"https:\/\/www.africa-press.net\/cameroun\/politique\/la-journaliste-lyse-davina-nguili-a-ete-liberee#article","isPartOf":{"@id":"https:\/\/www.africa-press.net\/cameroun\/politique\/la-journaliste-lyse-davina-nguili-a-ete-liberee"},"author":{"name":"cfeditorfr","@id":"https:\/\/www.africa-press.net\/cameroun\/#\/schema\/person\/2b1cf3cd81a31e3cd26889ca66d677f1"},"headline":"La journaliste Lyse Davina Nguili a \u00e9t\u00e9 lib\u00e9r\u00e9e","datePublished":"2021-03-20T12:21:33+00:00","dateModified":"2021-03-22T05:20:44+00:00","mainEntityOfPage":{"@id":"https:\/\/www.africa-press.net\/cameroun\/politique\/la-journaliste-lyse-davina-nguili-a-ete-liberee"},"wordCount":504,"commentCount":0,"image":{"@id":"https:\/\/www.africa-press.net\/cameroun\/politique\/la-journaliste-lyse-davina-nguili-a-ete-liberee#primaryimage"},"thumbnailUrl":"https:\/\/static.africa-press.net\/cameroun\/sites\/57\/2021\/03\/img-60582916bc248.jpg","keywords":["Africa Press","Africa Press-Cameroun","Cameroun"],"articleSection":["homepage-french","Politique","Toutes les actualit\u00e9s"],"inLanguage":"fr-FR","potentialAction":[{"@type":"CommentAction","name":"Comment","target":["https:\/\/www.africa-press.net\/cameroun\/politique\/la-journaliste-lyse-davina-nguili-a-ete-liberee#respond"]}]},{"@type":"WebPage","@id":"https:\/\/www.africa-press.net\/cameroun\/politique\/la-journaliste-lyse-davina-nguili-a-ete-liberee","url":"https:\/\/www.africa-press.net\/cameroun\/politique\/la-journaliste-lyse-davina-nguili-a-ete-liberee","name":"La journaliste Lyse Davina Nguili a \u00e9t\u00e9 lib\u00e9r\u00e9e - Cameroun","isPartOf":{"@id":"https:\/\/www.africa-press.net\/cameroun\/#website"},"primaryImageOfPage":{"@id":"https:\/\/www.africa-press.net\/cameroun\/politique\/la-journaliste-lyse-davina-nguili-a-ete-liberee#primaryimage"},"image":{"@id":"https:\/\/www.africa-press.net\/cameroun\/politique\/la-journaliste-lyse-davina-nguili-a-ete-liberee#primaryimage"},"thumbnailUrl":"https:\/\/static.africa-press.net\/cameroun\/sites\/57\/2021\/03\/img-60582916bc248.jpg","datePublished":"2021-03-20T12:21:33+00:00","dateModified":"2021-03-22T05:20:44+00:00","author":{"@id":"https:\/\/www.africa-press.net\/cameroun\/#\/schema\/person\/2b1cf3cd81a31e3cd26889ca66d677f1"},"description":"Sa lib\u00e9ration fait suite \u00e0 une bataille de deux jours men\u00e9e par les syndicats des journalistes. Interpell\u00e9e \u00e0 Yaound\u00e9 d ...","breadcrumb":{"@id":"https:\/\/www.africa-press.net\/cameroun\/politique\/la-journaliste-lyse-davina-nguili-a-ete-liberee#breadcrumb"},"inLanguage":"fr-FR","potentialAction":[{"@type":"ReadAction","target":["https:\/\/www.africa-press.net\/cameroun\/politique\/la-journaliste-lyse-davina-nguili-a-ete-liberee"]}]},{"@type":"ImageObject","inLanguage":"fr-FR","@id":"https:\/\/www.africa-press.net\/cameroun\/politique\/la-journaliste-lyse-davina-nguili-a-ete-liberee#primaryimage","url":"https:\/\/static.africa-press.net\/cameroun\/sites\/57\/2021\/03\/img-60582916bc248.jpg","contentUrl":"https:\/\/static.africa-press.net\/cameroun\/sites\/57\/2021\/03\/img-60582916bc248.jpg","width":730,"height":399,"caption":"La journaliste Lyse Davina Nguili a \u00e9t\u00e9 lib\u00e9r\u00e9e"},{"@type":"BreadcrumbList","@id":"https:\/\/www.africa-press.net\/cameroun\/politique\/la-journaliste-lyse-davina-nguili-a-ete-liberee#breadcrumb","itemListElement":[{"@type":"ListItem","position":1,"name":"Accueil","item":"https:\/\/www.africa-press.net\/cameroun\/"},{"@type":"ListItem","position":2,"name":"La journaliste Lyse Davina Nguili a \u00e9t\u00e9 lib\u00e9r\u00e9e"}]},{"@type":"WebSite","@id":"https:\/\/www.africa-press.net\/cameroun\/#website","url":"https:\/\/www.africa-press.net\/cameroun\/","name":"Cameroun","description":"Just another Africa News Agency Sites site","potentialAction":[{"@type":"SearchAction","target":{"@type":"EntryPoint","urlTemplate":"https:\/\/www.africa-press.net\/cameroun\/?s={search_term_string}"},"query-input":{"@type":"PropertyValueSpecification","valueRequired":true,"valueName":"search_term_string"}}],"inLanguage":"fr-FR"},{"@type":"Person","@id":"https:\/\/www.africa-press.net\/cameroun\/#\/schema\/person\/2b1cf3cd81a31e3cd26889ca66d677f1","name":"cfeditorfr"}]}},"_links":{"self":[{"href":"https:\/\/www.africa-press.net\/cameroun\/wp-json\/wp\/v2\/posts\/1559","targetHints":{"allow":["GET"]}}],"collection":[{"href":"https:\/\/www.africa-press.net\/cameroun\/wp-json\/wp\/v2\/posts"}],"about":[{"href":"https:\/\/www.africa-press.net\/cameroun\/wp-json\/wp\/v2\/types\/post"}],"author":[{"embeddable":true,"href":"https:\/\/www.africa-press.net\/cameroun\/wp-json\/wp\/v2\/users\/82"}],"replies":[{"embeddable":true,"href":"https:\/\/www.africa-press.net\/cameroun\/wp-json\/wp\/v2\/comments?post=1559"}],"version-history":[{"count":0,"href":"https:\/\/www.africa-press.net\/cameroun\/wp-json\/wp\/v2\/posts\/1559\/revisions"}],"wp:featuredmedia":[{"embeddable":true,"href":"https:\/\/www.africa-press.net\/cameroun\/wp-json\/wp\/v2\/media\/1558"}],"wp:attachment":[{"href":"https:\/\/www.africa-press.net\/cameroun\/wp-json\/wp\/v2\/media?parent=1559"}],"wp:term":[{"taxonomy":"category","embeddable":true,"href":"https:\/\/www.africa-press.net\/cameroun\/wp-json\/wp\/v2\/categories?post=1559"},{"taxonomy":"post_tag","embeddable":true,"href":"https:\/\/www.africa-press.net\/cameroun\/wp-json\/wp\/v2\/tags?post=1559"}],"curies":[{"name":"wp","href":"https:\/\/api.w.org\/{rel}","templated":true}]}}