{"id":1565,"date":"2021-03-20T12:37:40","date_gmt":"2021-03-20T12:37:40","guid":{"rendered":"https:\/\/www.africa-press.net\/cameroun\/politique\/emprisonne-depuis-2017-un-pasteur-demande-justice"},"modified":"2021-03-22T05:21:50","modified_gmt":"2021-03-22T05:21:50","slug":"emprisonne-depuis-2017-un-pasteur-demande-justice","status":"publish","type":"post","link":"https:\/\/www.africa-press.net\/cameroun\/toutes-les-actualites\/emprisonne-depuis-2017-un-pasteur-demande-justice","title":{"rendered":"Emprisonn\u00e9 depuis 2017, un pasteur demande justice"},"content":{"rendered":"<p><span style=\"color: #ff6600\"><strong><a href=\"https:\/\/www.africa-press.net\/\">Africa-Press<\/a> &#8211; <a href=\"https:\/\/www.africa-press.net\/cameroun\">Cameroun<\/a>. <\/strong><\/span>La sant\u00e9 du pasteur Babila Vena s\u2019est d\u00e9t\u00e9rior\u00e9e \u00e0 la prison centrale de Kondengui \u00e0 cause du mauvais traitement qui lui a \u00e9t\u00e9 inflig\u00e9 par l\u2019arm\u00e9e.<\/p>\n<p>\u00abJe souffre de douleurs gastriques et rachidiennes s\u00e9v\u00e8res dans le bas du dos. Cela a commenc\u00e9 en octobre 2017 \u00e0 la suite de la torture qui m&rsquo;a \u00e9t\u00e9 inflig\u00e9e par l&rsquo;arm\u00e9e. J&rsquo;ai \u00e9t\u00e9 attach\u00e9 sur un v\u00e9hicule de Kumba dans le sud-ouest \u00e0 Yaound\u00e9 et s\u00e9v\u00e8rement frapp\u00e9 par des soldats tout au long du voyage \u00bb, a-t-il d\u00e9clar\u00e9 Info le vendredi 19 mars 2021.<\/p>\n<p>\u00ab Je dois rencontrer un sp\u00e9cialiste des os\u2026 mais tout ici dans la prison est compliqu\u00e9e. \u00c9tant donn\u00e9 que je n&rsquo;ai pas d&rsquo;argent, ce n&rsquo;est pas facile. Quand j&rsquo;ai un rendez-vous pour voir le m\u00e9decin, les d\u00e9lais pour obtenir l&rsquo;autorisation entravent le processus \u00bb.<br \/>\nPour l&rsquo;homme de 29 ans, il est all\u00e9 \u00e0 l&rsquo;h\u00f4pital sans am\u00e9lioration significative.<\/p>\n<p>Arr\u00eat\u00e9 le 7 octobre 2017 \u00e0 Kumba, d\u00e9partement Meme dans la r\u00e9gion du Sud-ouest du Cameroun, le pasteur Babila Vena; l, pasteur fondateur de Grace Embassy \u00e0 Kumba dit avoir \u00e9t\u00e9 jug\u00e9 au tribunal militaire de Yaound\u00e9 une fois &#8211; le 1er mars 2021, soit pr\u00e8s de quatre ans apr\u00e8s Son arrestation \u00e0 Kumba par l&rsquo;arm\u00e9e.<\/p>\n<p>\u00abJ&rsquo;ai \u00e9t\u00e9 empaquet\u00e9, tortur\u00e9 et emmen\u00e9 de Kumba dans une pi\u00e8ce dans un lieu inconnu du 7 octobre au 21 d\u00e9cembre 2017 avant d&rsquo;\u00eatre envoy\u00e9 \u00e0 la police judiciaire de Yaound\u00e9\u00bb.<\/p>\n<p>Le 5 janvier 2018, Babila Vena a \u00e9t\u00e9 inculp\u00e9e de s\u00e9cession, de r\u00e9volution et d&rsquo;insurrection au tribunal militaire de Yaound\u00e9 et emmen\u00e9e \u00e0 la prison centrale de Kondengui le m\u00eame jour. Il n&rsquo;a eu l&rsquo;occasion de plaider non coupable que le 1er mars 2021 devant le m\u00eame tribunal.<\/p>\n<p>Interrog\u00e9 sur la raison de son arrestation \u00e0 Kumba, le pasteur Vena a d\u00e9clar\u00e9: \u00abJe ne sais pas pourquoi j&rsquo;ai \u00e9t\u00e9 arr\u00eat\u00e9 mais je sais que les militaires recherchaient une certaine Babila \u00e2g\u00e9e de 45 ans. Ils sont venus dans le quartier et m&rsquo;ont demand\u00e9, \u00e0 moi et \u00e0 d&rsquo;autres personnes, et nous avons dit que nous ne connaissions pas l&rsquo;homme. \u00c0 ce moment-l\u00e0, j&rsquo;avais 25 ans. Je ne comprends toujours pas pourquoi j&rsquo;ai \u00e9t\u00e9 arr\u00eat\u00e9 apr\u00e8s toutes ces ann\u00e9es<br \/>\nArr\u00eat\u00e9e en octobre 2017, Babila Vena, un ing\u00e9nieure en informatique sp\u00e9cialis\u00e9 dans la cr\u00e9ation de sites Web, d&rsquo;applications mobiles et de bureau explique comment les membres de sa famille ne savaient o\u00f9 il se trouvait que le 23 d\u00e9cembre 2017 apr\u00e8s trois mois de recherche.<\/p>\n","protected":false},"excerpt":{"rendered":"<p>Africa-Press &#8211; Cameroun. La sant\u00e9 du pasteur Babila Vena s\u2019est d\u00e9t\u00e9rior\u00e9e \u00e0 la prison centrale de Kondengui \u00e0 cause du mauvais traitement qui lui a \u00e9t\u00e9 inflig\u00e9 par l\u2019arm\u00e9e. \u00abJe souffre de douleurs gastriques et rachidiennes s\u00e9v\u00e8res dans le bas du dos. Cela a commenc\u00e9 en octobre 2017 \u00e0 la suite de la torture qui [&hellip;]<\/p>\n","protected":false},"author":82,"featured_media":1564,"comment_status":"open","ping_status":"closed","sticky":false,"template":"","format":"standard","meta":{"footnotes":""},"categories":[21,11,10],"tags":[36,50,49],"class_list":["post-1565","post","type-post","status-publish","format-standard","has-post-thumbnail","hentry","category-communaute","category-homepage-french","category-toutes-les-actualites","tag-africa-press","tag-africa-press-cameroun","tag-cameroun"],"yoast_head":"<!-- This site is optimized with the Yoast SEO Premium plugin v26.1 (Yoast SEO v27.0) - https:\/\/yoast.com\/product\/yoast-seo-premium-wordpress\/ -->\n<title>Emprisonn\u00e9 depuis 2017, un pasteur demande justice - Cameroun<\/title>\n<meta name=\"description\" content=\"La sant\u00e9 du pasteur Babila Vena s\u2019est d\u00e9t\u00e9rior\u00e9e \u00e0 la prison centrale de Kondengui \u00e0 cause du mauvais traitement qui lui ...\" \/>\n<meta name=\"robots\" content=\"index, follow, max-snippet:-1, max-image-preview:large, max-video-preview:-1\" \/>\n<link rel=\"canonical\" href=\"https:\/\/www.africa-press.net\/cameroun\/toutes-les-actualites\/emprisonne-depuis-2017-un-pasteur-demande-justice\" \/>\n<meta property=\"og:locale\" content=\"fr_FR\" \/>\n<meta property=\"og:type\" content=\"article\" \/>\n<meta property=\"og:title\" content=\"Emprisonn\u00e9 depuis 2017, un pasteur demande justice\" \/>\n<meta property=\"og:description\" content=\"La sant\u00e9 du pasteur Babila Vena s\u2019est d\u00e9t\u00e9rior\u00e9e \u00e0 la prison centrale de Kondengui \u00e0 cause du mauvais traitement qui lui ...\" \/>\n<meta property=\"og:url\" content=\"https:\/\/www.africa-press.net\/cameroun\/toutes-les-actualites\/emprisonne-depuis-2017-un-pasteur-demande-justice\" \/>\n<meta property=\"og:site_name\" content=\"Cameroun\" \/>\n<meta property=\"article:published_time\" content=\"2021-03-20T12:37:40+00:00\" \/>\n<meta property=\"article:modified_time\" content=\"2021-03-22T05:21:50+00:00\" \/>\n<meta property=\"og:image\" content=\"https:\/\/static.africa-press.net\/cameroun\/sites\/57\/2021\/03\/img-605829590cbe1.jpg\" \/>\n\t<meta property=\"og:image:width\" content=\"761\" \/>\n\t<meta property=\"og:image:height\" content=\"765\" \/>\n\t<meta property=\"og:image:type\" content=\"image\/jpeg\" \/>\n<meta name=\"author\" content=\"cfeditorfr\" \/>\n<meta name=\"twitter:card\" content=\"summary_large_image\" \/>\n<meta name=\"twitter:label1\" content=\"\u00c9crit par\" \/>\n\t<meta name=\"twitter:data1\" content=\"cfeditorfr\" \/>\n\t<meta name=\"twitter:label2\" content=\"Dur\u00e9e de lecture estim\u00e9e\" \/>\n\t<meta name=\"twitter:data2\" content=\"2 minutes\" \/>\n<script type=\"application\/ld+json\" class=\"yoast-schema-graph\">{\"@context\":\"https:\/\/schema.org\",\"@graph\":[{\"@type\":\"Article\",\"@id\":\"https:\/\/www.africa-press.net\/cameroun\/toutes-les-actualites\/emprisonne-depuis-2017-un-pasteur-demande-justice#article\",\"isPartOf\":{\"@id\":\"https:\/\/www.africa-press.net\/cameroun\/toutes-les-actualites\/emprisonne-depuis-2017-un-pasteur-demande-justice\"},\"author\":{\"name\":\"cfeditorfr\",\"@id\":\"https:\/\/www.africa-press.net\/cameroun\/#\/schema\/person\/2b1cf3cd81a31e3cd26889ca66d677f1\"},\"headline\":\"Emprisonn\u00e9 depuis 2017, un pasteur demande justice\",\"datePublished\":\"2021-03-20T12:37:40+00:00\",\"dateModified\":\"2021-03-22T05:21:50+00:00\",\"mainEntityOfPage\":{\"@id\":\"https:\/\/www.africa-press.net\/cameroun\/toutes-les-actualites\/emprisonne-depuis-2017-un-pasteur-demande-justice\"},\"wordCount\":451,\"commentCount\":0,\"image\":{\"@id\":\"https:\/\/www.africa-press.net\/cameroun\/toutes-les-actualites\/emprisonne-depuis-2017-un-pasteur-demande-justice#primaryimage\"},\"thumbnailUrl\":\"https:\/\/static.africa-press.net\/cameroun\/sites\/57\/2021\/03\/img-605829590cbe1.jpg\",\"keywords\":[\"Africa Press\",\"Africa Press-Cameroun\",\"Cameroun\"],\"articleSection\":[\"Communaut\u00e9\",\"homepage-french\",\"Toutes les actualit\u00e9s\"],\"inLanguage\":\"fr-FR\",\"potentialAction\":[{\"@type\":\"CommentAction\",\"name\":\"Comment\",\"target\":[\"https:\/\/www.africa-press.net\/cameroun\/toutes-les-actualites\/emprisonne-depuis-2017-un-pasteur-demande-justice#respond\"]}]},{\"@type\":\"WebPage\",\"@id\":\"https:\/\/www.africa-press.net\/cameroun\/toutes-les-actualites\/emprisonne-depuis-2017-un-pasteur-demande-justice\",\"url\":\"https:\/\/www.africa-press.net\/cameroun\/toutes-les-actualites\/emprisonne-depuis-2017-un-pasteur-demande-justice\",\"name\":\"Emprisonn\u00e9 depuis 2017, un pasteur demande justice - Cameroun\",\"isPartOf\":{\"@id\":\"https:\/\/www.africa-press.net\/cameroun\/#website\"},\"primaryImageOfPage\":{\"@id\":\"https:\/\/www.africa-press.net\/cameroun\/toutes-les-actualites\/emprisonne-depuis-2017-un-pasteur-demande-justice#primaryimage\"},\"image\":{\"@id\":\"https:\/\/www.africa-press.net\/cameroun\/toutes-les-actualites\/emprisonne-depuis-2017-un-pasteur-demande-justice#primaryimage\"},\"thumbnailUrl\":\"https:\/\/static.africa-press.net\/cameroun\/sites\/57\/2021\/03\/img-605829590cbe1.jpg\",\"datePublished\":\"2021-03-20T12:37:40+00:00\",\"dateModified\":\"2021-03-22T05:21:50+00:00\",\"author\":{\"@id\":\"https:\/\/www.africa-press.net\/cameroun\/#\/schema\/person\/2b1cf3cd81a31e3cd26889ca66d677f1\"},\"description\":\"La sant\u00e9 du pasteur Babila Vena s\u2019est d\u00e9t\u00e9rior\u00e9e \u00e0 la prison centrale de Kondengui \u00e0 cause du mauvais traitement qui lui ...\",\"breadcrumb\":{\"@id\":\"https:\/\/www.africa-press.net\/cameroun\/toutes-les-actualites\/emprisonne-depuis-2017-un-pasteur-demande-justice#breadcrumb\"},\"inLanguage\":\"fr-FR\",\"potentialAction\":[{\"@type\":\"ReadAction\",\"target\":[\"https:\/\/www.africa-press.net\/cameroun\/toutes-les-actualites\/emprisonne-depuis-2017-un-pasteur-demande-justice\"]}]},{\"@type\":\"ImageObject\",\"inLanguage\":\"fr-FR\",\"@id\":\"https:\/\/www.africa-press.net\/cameroun\/toutes-les-actualites\/emprisonne-depuis-2017-un-pasteur-demande-justice#primaryimage\",\"url\":\"https:\/\/static.africa-press.net\/cameroun\/sites\/57\/2021\/03\/img-605829590cbe1.jpg\",\"contentUrl\":\"https:\/\/static.africa-press.net\/cameroun\/sites\/57\/2021\/03\/img-605829590cbe1.jpg\",\"width\":761,\"height\":765,\"caption\":\"Emprisonn\u00e9 depuis 2017, un pasteur demande justice\"},{\"@type\":\"BreadcrumbList\",\"@id\":\"https:\/\/www.africa-press.net\/cameroun\/toutes-les-actualites\/emprisonne-depuis-2017-un-pasteur-demande-justice#breadcrumb\",\"itemListElement\":[{\"@type\":\"ListItem\",\"position\":1,\"name\":\"Accueil\",\"item\":\"https:\/\/www.africa-press.net\/cameroun\/\"},{\"@type\":\"ListItem\",\"position\":2,\"name\":\"Emprisonn\u00e9 depuis 2017, un pasteur demande justice\"}]},{\"@type\":\"WebSite\",\"@id\":\"https:\/\/www.africa-press.net\/cameroun\/#website\",\"url\":\"https:\/\/www.africa-press.net\/cameroun\/\",\"name\":\"Cameroun\",\"description\":\"Just another Africa News Agency Sites site\",\"potentialAction\":[{\"@type\":\"SearchAction\",\"target\":{\"@type\":\"EntryPoint\",\"urlTemplate\":\"https:\/\/www.africa-press.net\/cameroun\/?s={search_term_string}\"},\"query-input\":{\"@type\":\"PropertyValueSpecification\",\"valueRequired\":true,\"valueName\":\"search_term_string\"}}],\"inLanguage\":\"fr-FR\"},{\"@type\":\"Person\",\"@id\":\"https:\/\/www.africa-press.net\/cameroun\/#\/schema\/person\/2b1cf3cd81a31e3cd26889ca66d677f1\",\"name\":\"cfeditorfr\"}]}<\/script>\n<!-- \/ Yoast SEO Premium plugin. -->","yoast_head_json":{"title":"Emprisonn\u00e9 depuis 2017, un pasteur demande justice - Cameroun","description":"La sant\u00e9 du pasteur Babila Vena s\u2019est d\u00e9t\u00e9rior\u00e9e \u00e0 la prison centrale de Kondengui \u00e0 cause du mauvais traitement qui lui ...","robots":{"index":"index","follow":"follow","max-snippet":"max-snippet:-1","max-image-preview":"max-image-preview:large","max-video-preview":"max-video-preview:-1"},"canonical":"https:\/\/www.africa-press.net\/cameroun\/toutes-les-actualites\/emprisonne-depuis-2017-un-pasteur-demande-justice","og_locale":"fr_FR","og_type":"article","og_title":"Emprisonn\u00e9 depuis 2017, un pasteur demande justice","og_description":"La sant\u00e9 du pasteur Babila Vena s\u2019est d\u00e9t\u00e9rior\u00e9e \u00e0 la prison centrale de Kondengui \u00e0 cause du mauvais traitement qui lui ...","og_url":"https:\/\/www.africa-press.net\/cameroun\/toutes-les-actualites\/emprisonne-depuis-2017-un-pasteur-demande-justice","og_site_name":"Cameroun","article_published_time":"2021-03-20T12:37:40+00:00","article_modified_time":"2021-03-22T05:21:50+00:00","og_image":[{"width":761,"height":765,"url":"https:\/\/static.africa-press.net\/cameroun\/sites\/57\/2021\/03\/img-605829590cbe1.jpg","type":"image\/jpeg"}],"author":"cfeditorfr","twitter_card":"summary_large_image","twitter_misc":{"\u00c9crit par":"cfeditorfr","Dur\u00e9e de lecture estim\u00e9e":"2 minutes"},"schema":{"@context":"https:\/\/schema.org","@graph":[{"@type":"Article","@id":"https:\/\/www.africa-press.net\/cameroun\/toutes-les-actualites\/emprisonne-depuis-2017-un-pasteur-demande-justice#article","isPartOf":{"@id":"https:\/\/www.africa-press.net\/cameroun\/toutes-les-actualites\/emprisonne-depuis-2017-un-pasteur-demande-justice"},"author":{"name":"cfeditorfr","@id":"https:\/\/www.africa-press.net\/cameroun\/#\/schema\/person\/2b1cf3cd81a31e3cd26889ca66d677f1"},"headline":"Emprisonn\u00e9 depuis 2017, un pasteur demande justice","datePublished":"2021-03-20T12:37:40+00:00","dateModified":"2021-03-22T05:21:50+00:00","mainEntityOfPage":{"@id":"https:\/\/www.africa-press.net\/cameroun\/toutes-les-actualites\/emprisonne-depuis-2017-un-pasteur-demande-justice"},"wordCount":451,"commentCount":0,"image":{"@id":"https:\/\/www.africa-press.net\/cameroun\/toutes-les-actualites\/emprisonne-depuis-2017-un-pasteur-demande-justice#primaryimage"},"thumbnailUrl":"https:\/\/static.africa-press.net\/cameroun\/sites\/57\/2021\/03\/img-605829590cbe1.jpg","keywords":["Africa Press","Africa Press-Cameroun","Cameroun"],"articleSection":["Communaut\u00e9","homepage-french","Toutes les actualit\u00e9s"],"inLanguage":"fr-FR","potentialAction":[{"@type":"CommentAction","name":"Comment","target":["https:\/\/www.africa-press.net\/cameroun\/toutes-les-actualites\/emprisonne-depuis-2017-un-pasteur-demande-justice#respond"]}]},{"@type":"WebPage","@id":"https:\/\/www.africa-press.net\/cameroun\/toutes-les-actualites\/emprisonne-depuis-2017-un-pasteur-demande-justice","url":"https:\/\/www.africa-press.net\/cameroun\/toutes-les-actualites\/emprisonne-depuis-2017-un-pasteur-demande-justice","name":"Emprisonn\u00e9 depuis 2017, un pasteur demande justice - Cameroun","isPartOf":{"@id":"https:\/\/www.africa-press.net\/cameroun\/#website"},"primaryImageOfPage":{"@id":"https:\/\/www.africa-press.net\/cameroun\/toutes-les-actualites\/emprisonne-depuis-2017-un-pasteur-demande-justice#primaryimage"},"image":{"@id":"https:\/\/www.africa-press.net\/cameroun\/toutes-les-actualites\/emprisonne-depuis-2017-un-pasteur-demande-justice#primaryimage"},"thumbnailUrl":"https:\/\/static.africa-press.net\/cameroun\/sites\/57\/2021\/03\/img-605829590cbe1.jpg","datePublished":"2021-03-20T12:37:40+00:00","dateModified":"2021-03-22T05:21:50+00:00","author":{"@id":"https:\/\/www.africa-press.net\/cameroun\/#\/schema\/person\/2b1cf3cd81a31e3cd26889ca66d677f1"},"description":"La sant\u00e9 du pasteur Babila Vena s\u2019est d\u00e9t\u00e9rior\u00e9e \u00e0 la prison centrale de Kondengui \u00e0 cause du mauvais traitement qui lui ...","breadcrumb":{"@id":"https:\/\/www.africa-press.net\/cameroun\/toutes-les-actualites\/emprisonne-depuis-2017-un-pasteur-demande-justice#breadcrumb"},"inLanguage":"fr-FR","potentialAction":[{"@type":"ReadAction","target":["https:\/\/www.africa-press.net\/cameroun\/toutes-les-actualites\/emprisonne-depuis-2017-un-pasteur-demande-justice"]}]},{"@type":"ImageObject","inLanguage":"fr-FR","@id":"https:\/\/www.africa-press.net\/cameroun\/toutes-les-actualites\/emprisonne-depuis-2017-un-pasteur-demande-justice#primaryimage","url":"https:\/\/static.africa-press.net\/cameroun\/sites\/57\/2021\/03\/img-605829590cbe1.jpg","contentUrl":"https:\/\/static.africa-press.net\/cameroun\/sites\/57\/2021\/03\/img-605829590cbe1.jpg","width":761,"height":765,"caption":"Emprisonn\u00e9 depuis 2017, un pasteur demande justice"},{"@type":"BreadcrumbList","@id":"https:\/\/www.africa-press.net\/cameroun\/toutes-les-actualites\/emprisonne-depuis-2017-un-pasteur-demande-justice#breadcrumb","itemListElement":[{"@type":"ListItem","position":1,"name":"Accueil","item":"https:\/\/www.africa-press.net\/cameroun\/"},{"@type":"ListItem","position":2,"name":"Emprisonn\u00e9 depuis 2017, un pasteur demande justice"}]},{"@type":"WebSite","@id":"https:\/\/www.africa-press.net\/cameroun\/#website","url":"https:\/\/www.africa-press.net\/cameroun\/","name":"Cameroun","description":"Just another Africa News Agency Sites site","potentialAction":[{"@type":"SearchAction","target":{"@type":"EntryPoint","urlTemplate":"https:\/\/www.africa-press.net\/cameroun\/?s={search_term_string}"},"query-input":{"@type":"PropertyValueSpecification","valueRequired":true,"valueName":"search_term_string"}}],"inLanguage":"fr-FR"},{"@type":"Person","@id":"https:\/\/www.africa-press.net\/cameroun\/#\/schema\/person\/2b1cf3cd81a31e3cd26889ca66d677f1","name":"cfeditorfr"}]}},"_links":{"self":[{"href":"https:\/\/www.africa-press.net\/cameroun\/wp-json\/wp\/v2\/posts\/1565","targetHints":{"allow":["GET"]}}],"collection":[{"href":"https:\/\/www.africa-press.net\/cameroun\/wp-json\/wp\/v2\/posts"}],"about":[{"href":"https:\/\/www.africa-press.net\/cameroun\/wp-json\/wp\/v2\/types\/post"}],"author":[{"embeddable":true,"href":"https:\/\/www.africa-press.net\/cameroun\/wp-json\/wp\/v2\/users\/82"}],"replies":[{"embeddable":true,"href":"https:\/\/www.africa-press.net\/cameroun\/wp-json\/wp\/v2\/comments?post=1565"}],"version-history":[{"count":0,"href":"https:\/\/www.africa-press.net\/cameroun\/wp-json\/wp\/v2\/posts\/1565\/revisions"}],"wp:featuredmedia":[{"embeddable":true,"href":"https:\/\/www.africa-press.net\/cameroun\/wp-json\/wp\/v2\/media\/1564"}],"wp:attachment":[{"href":"https:\/\/www.africa-press.net\/cameroun\/wp-json\/wp\/v2\/media?parent=1565"}],"wp:term":[{"taxonomy":"category","embeddable":true,"href":"https:\/\/www.africa-press.net\/cameroun\/wp-json\/wp\/v2\/categories?post=1565"},{"taxonomy":"post_tag","embeddable":true,"href":"https:\/\/www.africa-press.net\/cameroun\/wp-json\/wp\/v2\/tags?post=1565"}],"curies":[{"name":"wp","href":"https:\/\/api.w.org\/{rel}","templated":true}]}}