{"id":1576,"date":"2021-03-20T12:58:25","date_gmt":"2021-03-20T12:58:25","guid":{"rendered":"https:\/\/www.africa-press.net\/cameroun\/politique\/lhonorable-nintcheu-voulait-demissionner-du-sdf-pour-le-mrc"},"modified":"2021-03-22T05:23:36","modified_gmt":"2021-03-22T05:23:36","slug":"lhonorable-nintcheu-voulait-demissionner-du-sdf-pour-le-mrc","status":"publish","type":"post","link":"https:\/\/www.africa-press.net\/cameroun\/politique\/lhonorable-nintcheu-voulait-demissionner-du-sdf-pour-le-mrc","title":{"rendered":"&lsquo; L&rsquo;honorable Nintcheu voulait d\u00e9missionner du SDF pour le MRC&rsquo;"},"content":{"rendered":"<p><span style=\"color: #ff6600\"><strong><a href=\"https:\/\/www.africa-press.net\/\">Africa-Press<\/a> &#8211; <a href=\"https:\/\/www.africa-press.net\/cameroun\">Cameroun<\/a>. <\/strong><\/span>Passant en revue les strat\u00e9gies employ\u00e9es par le MRC et le SDF sur l\u2019\u00e9chiquier politique nationale, Andr\u00e9 Luther Meka a r\u00e9v\u00e9l\u00e9 au passage le r\u00f4le jou\u00e9 par l\u2019honorable Jean Michel Nintcheu lors les l\u00e9gislatives et municipales du 9 f\u00e9vrier 2020.<\/p>\n<p>D\u00e9cid\u00e9ment, l\u2019honorable Jean Michel Nintcheu du Social Democratic Front(SDF) est sur tous les fronts. Au moment o\u00f9 ce dernier est \u00e0 couteaux tir\u00e9s avec son camarade de parti Joshua Osih, il se r\u00e9v\u00e8le que pendant le scrutin du 09 f\u00e9vrier 2020, il \u00ab voulait d\u00e9missionner du SDF pour le MRC \u00bb, fait savoir l\u2019expert en communication et sociologie.<\/p>\n<p>S\u2019agissant du parti du Pr Muarice Kamto, \u00ab Si les \u00e9lections s\u00e9natoriales, l\u00e9gislatives, municipales se tiennent avant la pr\u00e9sidentielle, le MRC participera \u00e0 ces \u00e9lections et son leader pourra conqu\u00e9rir ais\u00e9ment le fauteuil pr\u00e9sidentiel avec dans son escarcelle des \u00e9lus \u00bb a \u00e9crit le communicant du RDPC sur son mur ce 17 mars 2021.<\/p>\n<p>Lebledparle.com vous sugg\u00e8re lecture du texte d\u2019Andr\u00e9 Luther Meka.<\/p>\n<p>Les \u00e9quations politiques du Mrc&rsquo; pour la course au pouvoir sont tr\u00e8s simples. La th\u00e9orie de la r\u00e9volution de la rue tant pr\u00f4n\u00e9e par son leader et ses affid\u00e9s a pris de l&rsquo;eau. Les camerounais matures ne peuvent sacrifier leur pays sur l&rsquo;autel de la pr\u00e9varication occidentale qui manipule et infantilise les opposants africains pour p\u00e9n\u00e9trer en Afrique et piller \u00e0 volont\u00e9. A cet effet, pour les prochaines elections, le MRC fait des \u00e9quations. Si les \u00e9lections s\u00e9natoriales, l\u00e9gislatives, municipales se tiennent avant la pr\u00e9sidentielle, le MRC participera \u00e0 ces \u00e9lections et son leader pourra conqu\u00e9rir ais\u00e9ment le fauteuil pr\u00e9sidentiel avec dans son escarcelle des \u00e9lus. Mais si les \u00e9lections pr\u00e9sidentielles, municipales et l\u00e9gislatives sont coupl\u00e9es ou anticip\u00e9es, le MRC aura besoin d&rsquo;un parti d&#8217;emprunt, d&rsquo;un instrument ou appareil politique qui a des \u00e9lus pour pr\u00e9senter son candidat consid\u00e9r\u00e9 comme le moise des ethnofascites.<\/p>\n<p>C&rsquo;est en cela qu&rsquo;il faille bien lire la bataille des longs couteaux qui commence au SDF pour le contr\u00f4le de l&rsquo;appareil politique. Au cours des \u00e9lections pr\u00e9sidentielles, le SDF avait \u00e9t\u00e9 approch\u00e9 par le MRC pour une coalition pour les \u00e9lections avec \u00e0 la t\u00eate de celle-ci Maurice Kamto. Le SDF par son chairman avait oppos\u00e9 une fin de non-recevoir avec une fameuse phrase de Joshua Osih \u00a0\u00bb ce n&rsquo;est pas l&rsquo;ocean qui va vers la rivi\u00e8re, c&rsquo;est la rivi\u00e8re qui va vers l&rsquo;oc\u00e9an\u00a0\u00bb. Il avait tranch\u00e9 le d\u00e9bat au vif. A la suite de ce refus, un d\u00e9fi tacite s&rsquo;est install\u00e9 entre le SDF et le MRC. La premi\u00e8re strat\u00e9gie du MRC \u00e9tait de d\u00e9pouiller le SDF de ses financiers et militants et d\u00e9loger le SDF de l&rsquo;un de ses bastions qui \u00e9tait l&rsquo;ouest ( l&rsquo;axe anglo bami). Certains cadres du SDF notamment l&rsquo;ancien maire de Douala 3e qui avait r\u00e9sist\u00e9 \u00e0 l&rsquo;appel du mrc avait subi des menaces et un chantage permanent d&rsquo;un groupuscule actif des fr\u00e8res du village.<\/p>\n<p>Pendant les \u00e9lections municipales et l\u00e9gislatives, le bras s\u00e9culier de la branche MRC dans le SDF l&rsquo;honorable Nintcheu voulait d\u00e9missionner du SDF pour le MRC. Mais apr\u00e8s une r\u00e9ponse cinglante de l&rsquo;honorable Osih qui avait d\u00e9clar\u00e9 qu&rsquo;il \u00e9tait libre de quitter le SDF, Nintcheu s&rsquo;est r\u00e9tract\u00e9 \u00e0 la derni\u00e8re minute. Le contr\u00f4le aujourd&rsquo;hui du SDF a des enjeux qui sont loin de l&rsquo;\u00e9panouissement des militants, mais plut\u00f4t deslobby qui veulent imposer leurs candidats \u00e0 la pr\u00e9sidentielle et contr\u00f4ler l&rsquo;appareil.<\/p>\n","protected":false},"excerpt":{"rendered":"<p>Africa-Press &#8211; Cameroun. Passant en revue les strat\u00e9gies employ\u00e9es par le MRC et le SDF sur l\u2019\u00e9chiquier politique nationale, Andr\u00e9 Luther Meka a r\u00e9v\u00e9l\u00e9 au passage le r\u00f4le jou\u00e9 par l\u2019honorable Jean Michel Nintcheu lors les l\u00e9gislatives et municipales du 9 f\u00e9vrier 2020. D\u00e9cid\u00e9ment, l\u2019honorable Jean Michel Nintcheu du Social Democratic Front(SDF) est sur tous [&hellip;]<\/p>\n","protected":false},"author":82,"featured_media":1575,"comment_status":"open","ping_status":"closed","sticky":false,"template":"","format":"standard","meta":{"footnotes":""},"categories":[11,2,10],"tags":[36,50,49],"class_list":["post-1576","post","type-post","status-publish","format-standard","has-post-thumbnail","hentry","category-homepage-french","category-politique","category-toutes-les-actualites","tag-africa-press","tag-africa-press-cameroun","tag-cameroun"],"yoast_head":"<!-- This site is optimized with the Yoast SEO Premium plugin v26.1 (Yoast SEO v27.0) - https:\/\/yoast.com\/product\/yoast-seo-premium-wordpress\/ -->\n<title>&#039; L&#039;honorable Nintcheu voulait d\u00e9missionner du SDF pour le MRC&#039; - Cameroun<\/title>\n<meta name=\"description\" content=\"Passant en revue les strat\u00e9gies employ\u00e9es par le MRC et le SDF sur l\u2019\u00e9chiquier politique nationale, Andr\u00e9 Luther Meka a ...\" \/>\n<meta name=\"robots\" content=\"index, follow, max-snippet:-1, max-image-preview:large, max-video-preview:-1\" \/>\n<link rel=\"canonical\" href=\"https:\/\/www.africa-press.net\/cameroun\/politique\/lhonorable-nintcheu-voulait-demissionner-du-sdf-pour-le-mrc\" \/>\n<meta property=\"og:locale\" content=\"fr_FR\" \/>\n<meta property=\"og:type\" content=\"article\" \/>\n<meta property=\"og:title\" content=\"&#039; L&#039;honorable Nintcheu voulait d\u00e9missionner du SDF pour le MRC&#039;\" \/>\n<meta property=\"og:description\" content=\"Passant en revue les strat\u00e9gies employ\u00e9es par le MRC et le SDF sur l\u2019\u00e9chiquier politique nationale, Andr\u00e9 Luther Meka a ...\" \/>\n<meta property=\"og:url\" content=\"https:\/\/www.africa-press.net\/cameroun\/politique\/lhonorable-nintcheu-voulait-demissionner-du-sdf-pour-le-mrc\" \/>\n<meta property=\"og:site_name\" content=\"Cameroun\" \/>\n<meta property=\"article:published_time\" content=\"2021-03-20T12:58:25+00:00\" \/>\n<meta property=\"article:modified_time\" content=\"2021-03-22T05:23:36+00:00\" \/>\n<meta property=\"og:image\" content=\"https:\/\/static.africa-press.net\/cameroun\/sites\/57\/2021\/03\/img-605829c15a9c4.jpg\" \/>\n\t<meta property=\"og:image:width\" content=\"800\" \/>\n\t<meta property=\"og:image:height\" content=\"605\" \/>\n\t<meta property=\"og:image:type\" content=\"image\/jpeg\" \/>\n<meta name=\"author\" content=\"cfeditorfr\" \/>\n<meta name=\"twitter:card\" content=\"summary_large_image\" \/>\n<meta name=\"twitter:label1\" content=\"\u00c9crit par\" \/>\n\t<meta name=\"twitter:data1\" content=\"cfeditorfr\" \/>\n\t<meta name=\"twitter:label2\" content=\"Dur\u00e9e de lecture estim\u00e9e\" \/>\n\t<meta name=\"twitter:data2\" content=\"3 minutes\" \/>\n<script type=\"application\/ld+json\" class=\"yoast-schema-graph\">{\"@context\":\"https:\/\/schema.org\",\"@graph\":[{\"@type\":\"Article\",\"@id\":\"https:\/\/www.africa-press.net\/cameroun\/politique\/lhonorable-nintcheu-voulait-demissionner-du-sdf-pour-le-mrc#article\",\"isPartOf\":{\"@id\":\"https:\/\/www.africa-press.net\/cameroun\/politique\/lhonorable-nintcheu-voulait-demissionner-du-sdf-pour-le-mrc\"},\"author\":{\"name\":\"cfeditorfr\",\"@id\":\"https:\/\/www.africa-press.net\/cameroun\/#\/schema\/person\/2b1cf3cd81a31e3cd26889ca66d677f1\"},\"headline\":\"&lsquo; L&rsquo;honorable Nintcheu voulait d\u00e9missionner du SDF pour le MRC&rsquo;\",\"datePublished\":\"2021-03-20T12:58:25+00:00\",\"dateModified\":\"2021-03-22T05:23:36+00:00\",\"mainEntityOfPage\":{\"@id\":\"https:\/\/www.africa-press.net\/cameroun\/politique\/lhonorable-nintcheu-voulait-demissionner-du-sdf-pour-le-mrc\"},\"wordCount\":651,\"commentCount\":0,\"image\":{\"@id\":\"https:\/\/www.africa-press.net\/cameroun\/politique\/lhonorable-nintcheu-voulait-demissionner-du-sdf-pour-le-mrc#primaryimage\"},\"thumbnailUrl\":\"https:\/\/static.africa-press.net\/cameroun\/sites\/57\/2021\/03\/img-605829c15a9c4.jpg\",\"keywords\":[\"Africa Press\",\"Africa Press-Cameroun\",\"Cameroun\"],\"articleSection\":[\"homepage-french\",\"Politique\",\"Toutes les actualit\u00e9s\"],\"inLanguage\":\"fr-FR\",\"potentialAction\":[{\"@type\":\"CommentAction\",\"name\":\"Comment\",\"target\":[\"https:\/\/www.africa-press.net\/cameroun\/politique\/lhonorable-nintcheu-voulait-demissionner-du-sdf-pour-le-mrc#respond\"]}]},{\"@type\":\"WebPage\",\"@id\":\"https:\/\/www.africa-press.net\/cameroun\/politique\/lhonorable-nintcheu-voulait-demissionner-du-sdf-pour-le-mrc\",\"url\":\"https:\/\/www.africa-press.net\/cameroun\/politique\/lhonorable-nintcheu-voulait-demissionner-du-sdf-pour-le-mrc\",\"name\":\"' L'honorable Nintcheu voulait d\u00e9missionner du SDF pour le MRC' - Cameroun\",\"isPartOf\":{\"@id\":\"https:\/\/www.africa-press.net\/cameroun\/#website\"},\"primaryImageOfPage\":{\"@id\":\"https:\/\/www.africa-press.net\/cameroun\/politique\/lhonorable-nintcheu-voulait-demissionner-du-sdf-pour-le-mrc#primaryimage\"},\"image\":{\"@id\":\"https:\/\/www.africa-press.net\/cameroun\/politique\/lhonorable-nintcheu-voulait-demissionner-du-sdf-pour-le-mrc#primaryimage\"},\"thumbnailUrl\":\"https:\/\/static.africa-press.net\/cameroun\/sites\/57\/2021\/03\/img-605829c15a9c4.jpg\",\"datePublished\":\"2021-03-20T12:58:25+00:00\",\"dateModified\":\"2021-03-22T05:23:36+00:00\",\"author\":{\"@id\":\"https:\/\/www.africa-press.net\/cameroun\/#\/schema\/person\/2b1cf3cd81a31e3cd26889ca66d677f1\"},\"description\":\"Passant en revue les strat\u00e9gies employ\u00e9es par le MRC et le SDF sur l\u2019\u00e9chiquier politique nationale, Andr\u00e9 Luther Meka a ...\",\"breadcrumb\":{\"@id\":\"https:\/\/www.africa-press.net\/cameroun\/politique\/lhonorable-nintcheu-voulait-demissionner-du-sdf-pour-le-mrc#breadcrumb\"},\"inLanguage\":\"fr-FR\",\"potentialAction\":[{\"@type\":\"ReadAction\",\"target\":[\"https:\/\/www.africa-press.net\/cameroun\/politique\/lhonorable-nintcheu-voulait-demissionner-du-sdf-pour-le-mrc\"]}]},{\"@type\":\"ImageObject\",\"inLanguage\":\"fr-FR\",\"@id\":\"https:\/\/www.africa-press.net\/cameroun\/politique\/lhonorable-nintcheu-voulait-demissionner-du-sdf-pour-le-mrc#primaryimage\",\"url\":\"https:\/\/static.africa-press.net\/cameroun\/sites\/57\/2021\/03\/img-605829c15a9c4.jpg\",\"contentUrl\":\"https:\/\/static.africa-press.net\/cameroun\/sites\/57\/2021\/03\/img-605829c15a9c4.jpg\",\"width\":800,\"height\":605,\"caption\":\"' L'honorable Nintcheu voulait d\u00e9missionner du SDF pour le MRC'\"},{\"@type\":\"BreadcrumbList\",\"@id\":\"https:\/\/www.africa-press.net\/cameroun\/politique\/lhonorable-nintcheu-voulait-demissionner-du-sdf-pour-le-mrc#breadcrumb\",\"itemListElement\":[{\"@type\":\"ListItem\",\"position\":1,\"name\":\"Accueil\",\"item\":\"https:\/\/www.africa-press.net\/cameroun\/\"},{\"@type\":\"ListItem\",\"position\":2,\"name\":\"&#8216; L&#8217;honorable Nintcheu voulait d\u00e9missionner du SDF pour le MRC&#8217;\"}]},{\"@type\":\"WebSite\",\"@id\":\"https:\/\/www.africa-press.net\/cameroun\/#website\",\"url\":\"https:\/\/www.africa-press.net\/cameroun\/\",\"name\":\"Cameroun\",\"description\":\"Just another Africa News Agency Sites site\",\"potentialAction\":[{\"@type\":\"SearchAction\",\"target\":{\"@type\":\"EntryPoint\",\"urlTemplate\":\"https:\/\/www.africa-press.net\/cameroun\/?s={search_term_string}\"},\"query-input\":{\"@type\":\"PropertyValueSpecification\",\"valueRequired\":true,\"valueName\":\"search_term_string\"}}],\"inLanguage\":\"fr-FR\"},{\"@type\":\"Person\",\"@id\":\"https:\/\/www.africa-press.net\/cameroun\/#\/schema\/person\/2b1cf3cd81a31e3cd26889ca66d677f1\",\"name\":\"cfeditorfr\"}]}<\/script>\n<!-- \/ Yoast SEO Premium plugin. -->","yoast_head_json":{"title":"' L'honorable Nintcheu voulait d\u00e9missionner du SDF pour le MRC' - Cameroun","description":"Passant en revue les strat\u00e9gies employ\u00e9es par le MRC et le SDF sur l\u2019\u00e9chiquier politique nationale, Andr\u00e9 Luther Meka a ...","robots":{"index":"index","follow":"follow","max-snippet":"max-snippet:-1","max-image-preview":"max-image-preview:large","max-video-preview":"max-video-preview:-1"},"canonical":"https:\/\/www.africa-press.net\/cameroun\/politique\/lhonorable-nintcheu-voulait-demissionner-du-sdf-pour-le-mrc","og_locale":"fr_FR","og_type":"article","og_title":"' L'honorable Nintcheu voulait d\u00e9missionner du SDF pour le MRC'","og_description":"Passant en revue les strat\u00e9gies employ\u00e9es par le MRC et le SDF sur l\u2019\u00e9chiquier politique nationale, Andr\u00e9 Luther Meka a ...","og_url":"https:\/\/www.africa-press.net\/cameroun\/politique\/lhonorable-nintcheu-voulait-demissionner-du-sdf-pour-le-mrc","og_site_name":"Cameroun","article_published_time":"2021-03-20T12:58:25+00:00","article_modified_time":"2021-03-22T05:23:36+00:00","og_image":[{"width":800,"height":605,"url":"https:\/\/static.africa-press.net\/cameroun\/sites\/57\/2021\/03\/img-605829c15a9c4.jpg","type":"image\/jpeg"}],"author":"cfeditorfr","twitter_card":"summary_large_image","twitter_misc":{"\u00c9crit par":"cfeditorfr","Dur\u00e9e de lecture estim\u00e9e":"3 minutes"},"schema":{"@context":"https:\/\/schema.org","@graph":[{"@type":"Article","@id":"https:\/\/www.africa-press.net\/cameroun\/politique\/lhonorable-nintcheu-voulait-demissionner-du-sdf-pour-le-mrc#article","isPartOf":{"@id":"https:\/\/www.africa-press.net\/cameroun\/politique\/lhonorable-nintcheu-voulait-demissionner-du-sdf-pour-le-mrc"},"author":{"name":"cfeditorfr","@id":"https:\/\/www.africa-press.net\/cameroun\/#\/schema\/person\/2b1cf3cd81a31e3cd26889ca66d677f1"},"headline":"&lsquo; L&rsquo;honorable Nintcheu voulait d\u00e9missionner du SDF pour le MRC&rsquo;","datePublished":"2021-03-20T12:58:25+00:00","dateModified":"2021-03-22T05:23:36+00:00","mainEntityOfPage":{"@id":"https:\/\/www.africa-press.net\/cameroun\/politique\/lhonorable-nintcheu-voulait-demissionner-du-sdf-pour-le-mrc"},"wordCount":651,"commentCount":0,"image":{"@id":"https:\/\/www.africa-press.net\/cameroun\/politique\/lhonorable-nintcheu-voulait-demissionner-du-sdf-pour-le-mrc#primaryimage"},"thumbnailUrl":"https:\/\/static.africa-press.net\/cameroun\/sites\/57\/2021\/03\/img-605829c15a9c4.jpg","keywords":["Africa Press","Africa Press-Cameroun","Cameroun"],"articleSection":["homepage-french","Politique","Toutes les actualit\u00e9s"],"inLanguage":"fr-FR","potentialAction":[{"@type":"CommentAction","name":"Comment","target":["https:\/\/www.africa-press.net\/cameroun\/politique\/lhonorable-nintcheu-voulait-demissionner-du-sdf-pour-le-mrc#respond"]}]},{"@type":"WebPage","@id":"https:\/\/www.africa-press.net\/cameroun\/politique\/lhonorable-nintcheu-voulait-demissionner-du-sdf-pour-le-mrc","url":"https:\/\/www.africa-press.net\/cameroun\/politique\/lhonorable-nintcheu-voulait-demissionner-du-sdf-pour-le-mrc","name":"' L'honorable Nintcheu voulait d\u00e9missionner du SDF pour le MRC' - Cameroun","isPartOf":{"@id":"https:\/\/www.africa-press.net\/cameroun\/#website"},"primaryImageOfPage":{"@id":"https:\/\/www.africa-press.net\/cameroun\/politique\/lhonorable-nintcheu-voulait-demissionner-du-sdf-pour-le-mrc#primaryimage"},"image":{"@id":"https:\/\/www.africa-press.net\/cameroun\/politique\/lhonorable-nintcheu-voulait-demissionner-du-sdf-pour-le-mrc#primaryimage"},"thumbnailUrl":"https:\/\/static.africa-press.net\/cameroun\/sites\/57\/2021\/03\/img-605829c15a9c4.jpg","datePublished":"2021-03-20T12:58:25+00:00","dateModified":"2021-03-22T05:23:36+00:00","author":{"@id":"https:\/\/www.africa-press.net\/cameroun\/#\/schema\/person\/2b1cf3cd81a31e3cd26889ca66d677f1"},"description":"Passant en revue les strat\u00e9gies employ\u00e9es par le MRC et le SDF sur l\u2019\u00e9chiquier politique nationale, Andr\u00e9 Luther Meka a ...","breadcrumb":{"@id":"https:\/\/www.africa-press.net\/cameroun\/politique\/lhonorable-nintcheu-voulait-demissionner-du-sdf-pour-le-mrc#breadcrumb"},"inLanguage":"fr-FR","potentialAction":[{"@type":"ReadAction","target":["https:\/\/www.africa-press.net\/cameroun\/politique\/lhonorable-nintcheu-voulait-demissionner-du-sdf-pour-le-mrc"]}]},{"@type":"ImageObject","inLanguage":"fr-FR","@id":"https:\/\/www.africa-press.net\/cameroun\/politique\/lhonorable-nintcheu-voulait-demissionner-du-sdf-pour-le-mrc#primaryimage","url":"https:\/\/static.africa-press.net\/cameroun\/sites\/57\/2021\/03\/img-605829c15a9c4.jpg","contentUrl":"https:\/\/static.africa-press.net\/cameroun\/sites\/57\/2021\/03\/img-605829c15a9c4.jpg","width":800,"height":605,"caption":"' L'honorable Nintcheu voulait d\u00e9missionner du SDF pour le MRC'"},{"@type":"BreadcrumbList","@id":"https:\/\/www.africa-press.net\/cameroun\/politique\/lhonorable-nintcheu-voulait-demissionner-du-sdf-pour-le-mrc#breadcrumb","itemListElement":[{"@type":"ListItem","position":1,"name":"Accueil","item":"https:\/\/www.africa-press.net\/cameroun\/"},{"@type":"ListItem","position":2,"name":"&#8216; L&#8217;honorable Nintcheu voulait d\u00e9missionner du SDF pour le MRC&#8217;"}]},{"@type":"WebSite","@id":"https:\/\/www.africa-press.net\/cameroun\/#website","url":"https:\/\/www.africa-press.net\/cameroun\/","name":"Cameroun","description":"Just another Africa News Agency Sites site","potentialAction":[{"@type":"SearchAction","target":{"@type":"EntryPoint","urlTemplate":"https:\/\/www.africa-press.net\/cameroun\/?s={search_term_string}"},"query-input":{"@type":"PropertyValueSpecification","valueRequired":true,"valueName":"search_term_string"}}],"inLanguage":"fr-FR"},{"@type":"Person","@id":"https:\/\/www.africa-press.net\/cameroun\/#\/schema\/person\/2b1cf3cd81a31e3cd26889ca66d677f1","name":"cfeditorfr"}]}},"_links":{"self":[{"href":"https:\/\/www.africa-press.net\/cameroun\/wp-json\/wp\/v2\/posts\/1576","targetHints":{"allow":["GET"]}}],"collection":[{"href":"https:\/\/www.africa-press.net\/cameroun\/wp-json\/wp\/v2\/posts"}],"about":[{"href":"https:\/\/www.africa-press.net\/cameroun\/wp-json\/wp\/v2\/types\/post"}],"author":[{"embeddable":true,"href":"https:\/\/www.africa-press.net\/cameroun\/wp-json\/wp\/v2\/users\/82"}],"replies":[{"embeddable":true,"href":"https:\/\/www.africa-press.net\/cameroun\/wp-json\/wp\/v2\/comments?post=1576"}],"version-history":[{"count":0,"href":"https:\/\/www.africa-press.net\/cameroun\/wp-json\/wp\/v2\/posts\/1576\/revisions"}],"wp:featuredmedia":[{"embeddable":true,"href":"https:\/\/www.africa-press.net\/cameroun\/wp-json\/wp\/v2\/media\/1575"}],"wp:attachment":[{"href":"https:\/\/www.africa-press.net\/cameroun\/wp-json\/wp\/v2\/media?parent=1576"}],"wp:term":[{"taxonomy":"category","embeddable":true,"href":"https:\/\/www.africa-press.net\/cameroun\/wp-json\/wp\/v2\/categories?post=1576"},{"taxonomy":"post_tag","embeddable":true,"href":"https:\/\/www.africa-press.net\/cameroun\/wp-json\/wp\/v2\/tags?post=1576"}],"curies":[{"name":"wp","href":"https:\/\/api.w.org\/{rel}","templated":true}]}}