{"id":1585,"date":"2021-03-20T13:21:03","date_gmt":"2021-03-20T13:21:03","guid":{"rendered":"https:\/\/www.africa-press.net\/cameroun\/politique\/un-violent-general-ambazonien-abattu-les-populations-felicitent-le-bir"},"modified":"2021-03-22T05:25:13","modified_gmt":"2021-03-22T05:25:13","slug":"un-violent-general-ambazonien-abattu-les-populations-felicitent-le-bir","status":"publish","type":"post","link":"https:\/\/www.africa-press.net\/cameroun\/politique\/un-violent-general-ambazonien-abattu-les-populations-felicitent-le-bir","title":{"rendered":"Un violent g\u00e9n\u00e9ral ambazonien abattu : les populations f\u00e9licitent le BIR"},"content":{"rendered":"<p><span style=\"color: #ff6600\"><strong><a href=\"https:\/\/www.africa-press.net\/\">Africa-Press<\/a> &#8211; <a href=\"https:\/\/www.africa-press.net\/cameroun\">Cameroun<\/a>. <\/strong><\/span>Les populations de la localit\u00e9 de FOE BAKUNDO dans le NOSO ont \u00e9t\u00e9 soulag\u00e9es de voir le groupe de terroristes Ambaboys dirig\u00e9 par le G\u00e9n\u00e9ral *Spirito* neutralis\u00e9 aux premi\u00e8res heures du 18 mars 2021. Ce coup d\u2019\u00e9clats des forces du BIR a permis aux populations de retrouver le sommeil.<\/p>\n<p>Bilan de l\u2019op\u00e9ration<\/p>\n<p>avec 06 terroristes neutralis\u00e9s 03 riverains bless\u00e9s et \u00e9vacu\u00e9s par h\u00e9licopt\u00e8re vers les centres sanitaires sp\u00e9cialis\u00e9s pour prise en charge<br \/>\n* Mat\u00e9riels r\u00e9cup\u00e9r\u00e9s :<br \/>\n&#8211; 02 armes de guerre de type Kalachnikov<br \/>\n&#8211; 02 armes de guerre de type magnums<br \/>\n&#8211; 01 fusil de type mas 36<br \/>\n&#8211; 01 pistolet automatique<br \/>\n&#8211; 06 canons artisanaux<br \/>\n&#8211; 03 bo\u00eetes chargeurs (02 de Kalachnikov et 01 de PA)<br \/>\n&#8211; 200 munitions de 7.62 mm<br \/>\n&#8211; 82 munitions de calibre 12<br \/>\n&#8211; 01 batterie<br \/>\n&#8211; 01 moto<\/p>\n<p>Des la fin du Raid les populations sont sorties en masse pour saluer la r\u00e9ussite de cette op\u00e9ration men\u00e9e conjointement par les populations et les forces de d\u00e9fense. Depuis la fin du GDN et d\u2019avantage la mise en place du statut sp\u00e9cial dans les deux r\u00e9gions anglophones, les populations se sont d\u2019avantages rapproch\u00e9es des autorit\u00e9s et de leurs forces de d\u00e9fense et de s\u00e9curit\u00e9. Se sont les populations qui renseignent l\u2019arm\u00e9e sur les op\u00e9rations et les cachettes des terroristes. Contrairement \u00e0 ce que les pays ma\u00eetres chanteurs disent au sujet de cette crise , elle est \u00e0 sa fin .<\/p>\n<p>Les camerounais du nord au Sud de l\u2019Est \u00e0 l\u2019Ouest , francophones, anglophones toutes tribus confondues et tout ob\u00e9dience religieuse ont tourn\u00e9 le dos aux chantres du chaos et aux Etats ma\u00eetres chanteurs internationaux qui ont cru discr\u00e9diter le GDN et donner du cr\u00e9dit aux terroristes et \u00e0 leurs financiers qu\u2019ils h\u00e9bergent au m\u00e9pris de la r\u00e9solution 2462 du conseil de s\u00e9curit\u00e9 des nations Unies tout ceci pour pouvoir semer le chaos et venir exploiter gratuitement ses richesses comme c est le cas au Nord Kivu en RDC , au Mali , en Libye ou encore en RCA .<\/p>\n<p>Le peuple camerounais a bien compris cela. \u00c0 tous ceux qui se font droguer , prennent encore des armes contre les populations, il est temps d,y renoncer \u00e0 cette sale machination et de rentrer dans les centres de d\u00e9sarmement cr\u00e9\u00e9s \u00e0 cet effet \u00e0 d\u00e9faut ,il sera difficile de ne pas envisager leur neutralisation pour une cause qui n,en vaut pas un clou. La main tendue du pr\u00e9sident camerounais reste et demeure !<\/p>\n","protected":false},"excerpt":{"rendered":"<p>Africa-Press &#8211; Cameroun. Les populations de la localit\u00e9 de FOE BAKUNDO dans le NOSO ont \u00e9t\u00e9 soulag\u00e9es de voir le groupe de terroristes Ambaboys dirig\u00e9 par le G\u00e9n\u00e9ral *Spirito* neutralis\u00e9 aux premi\u00e8res heures du 18 mars 2021. Ce coup d\u2019\u00e9clats des forces du BIR a permis aux populations de retrouver le sommeil. Bilan de l\u2019op\u00e9ration [&hellip;]<\/p>\n","protected":false},"author":82,"featured_media":1584,"comment_status":"open","ping_status":"closed","sticky":false,"template":"","format":"standard","meta":{"footnotes":""},"categories":[11,2,10],"tags":[36,50,49],"class_list":["post-1585","post","type-post","status-publish","format-standard","has-post-thumbnail","hentry","category-homepage-french","category-politique","category-toutes-les-actualites","tag-africa-press","tag-africa-press-cameroun","tag-cameroun"],"yoast_head":"<!-- This site is optimized with the Yoast SEO Premium plugin v26.1 (Yoast SEO v27.0) - https:\/\/yoast.com\/product\/yoast-seo-premium-wordpress\/ -->\n<title>Un violent g\u00e9n\u00e9ral ambazonien abattu : les populations f\u00e9licitent le BIR - Cameroun<\/title>\n<meta name=\"description\" content=\"Les populations de la localit\u00e9 de FOE BAKUNDO dans le NOSO ont \u00e9t\u00e9 soulag\u00e9es de voir le groupe de terroristes Ambaboys d ...\" \/>\n<meta name=\"robots\" content=\"index, follow, max-snippet:-1, max-image-preview:large, max-video-preview:-1\" \/>\n<link rel=\"canonical\" href=\"https:\/\/www.africa-press.net\/cameroun\/politique\/un-violent-general-ambazonien-abattu-les-populations-felicitent-le-bir\" \/>\n<meta property=\"og:locale\" content=\"fr_FR\" \/>\n<meta property=\"og:type\" content=\"article\" \/>\n<meta property=\"og:title\" content=\"Un violent g\u00e9n\u00e9ral ambazonien abattu : les populations f\u00e9licitent le BIR\" \/>\n<meta property=\"og:description\" content=\"Les populations de la localit\u00e9 de FOE BAKUNDO dans le NOSO ont \u00e9t\u00e9 soulag\u00e9es de voir le groupe de terroristes Ambaboys d ...\" \/>\n<meta property=\"og:url\" content=\"https:\/\/www.africa-press.net\/cameroun\/politique\/un-violent-general-ambazonien-abattu-les-populations-felicitent-le-bir\" \/>\n<meta property=\"og:site_name\" content=\"Cameroun\" \/>\n<meta property=\"article:published_time\" content=\"2021-03-20T13:21:03+00:00\" \/>\n<meta property=\"article:modified_time\" content=\"2021-03-22T05:25:13+00:00\" \/>\n<meta property=\"og:image\" content=\"https:\/\/static.africa-press.net\/cameroun\/sites\/57\/2021\/03\/img-60582a241aab6.jpg\" \/>\n\t<meta property=\"og:image:width\" content=\"1200\" \/>\n\t<meta property=\"og:image:height\" content=\"675\" \/>\n\t<meta property=\"og:image:type\" content=\"image\/jpeg\" \/>\n<meta name=\"author\" content=\"cfeditorfr\" \/>\n<meta name=\"twitter:card\" content=\"summary_large_image\" \/>\n<meta name=\"twitter:label1\" content=\"\u00c9crit par\" \/>\n\t<meta name=\"twitter:data1\" content=\"cfeditorfr\" \/>\n\t<meta name=\"twitter:label2\" content=\"Dur\u00e9e de lecture estim\u00e9e\" \/>\n\t<meta name=\"twitter:data2\" content=\"2 minutes\" \/>\n<script type=\"application\/ld+json\" class=\"yoast-schema-graph\">{\"@context\":\"https:\/\/schema.org\",\"@graph\":[{\"@type\":\"Article\",\"@id\":\"https:\/\/www.africa-press.net\/cameroun\/politique\/un-violent-general-ambazonien-abattu-les-populations-felicitent-le-bir#article\",\"isPartOf\":{\"@id\":\"https:\/\/www.africa-press.net\/cameroun\/politique\/un-violent-general-ambazonien-abattu-les-populations-felicitent-le-bir\"},\"author\":{\"name\":\"cfeditorfr\",\"@id\":\"https:\/\/www.africa-press.net\/cameroun\/#\/schema\/person\/2b1cf3cd81a31e3cd26889ca66d677f1\"},\"headline\":\"Un violent g\u00e9n\u00e9ral ambazonien abattu : les populations f\u00e9licitent le BIR\",\"datePublished\":\"2021-03-20T13:21:03+00:00\",\"dateModified\":\"2021-03-22T05:25:13+00:00\",\"mainEntityOfPage\":{\"@id\":\"https:\/\/www.africa-press.net\/cameroun\/politique\/un-violent-general-ambazonien-abattu-les-populations-felicitent-le-bir\"},\"wordCount\":438,\"commentCount\":0,\"image\":{\"@id\":\"https:\/\/www.africa-press.net\/cameroun\/politique\/un-violent-general-ambazonien-abattu-les-populations-felicitent-le-bir#primaryimage\"},\"thumbnailUrl\":\"https:\/\/static.africa-press.net\/cameroun\/sites\/57\/2021\/03\/img-60582a241aab6.jpg\",\"keywords\":[\"Africa Press\",\"Africa Press-Cameroun\",\"Cameroun\"],\"articleSection\":[\"homepage-french\",\"Politique\",\"Toutes les actualit\u00e9s\"],\"inLanguage\":\"fr-FR\",\"potentialAction\":[{\"@type\":\"CommentAction\",\"name\":\"Comment\",\"target\":[\"https:\/\/www.africa-press.net\/cameroun\/politique\/un-violent-general-ambazonien-abattu-les-populations-felicitent-le-bir#respond\"]}]},{\"@type\":\"WebPage\",\"@id\":\"https:\/\/www.africa-press.net\/cameroun\/politique\/un-violent-general-ambazonien-abattu-les-populations-felicitent-le-bir\",\"url\":\"https:\/\/www.africa-press.net\/cameroun\/politique\/un-violent-general-ambazonien-abattu-les-populations-felicitent-le-bir\",\"name\":\"Un violent g\u00e9n\u00e9ral ambazonien abattu : les populations f\u00e9licitent le BIR - Cameroun\",\"isPartOf\":{\"@id\":\"https:\/\/www.africa-press.net\/cameroun\/#website\"},\"primaryImageOfPage\":{\"@id\":\"https:\/\/www.africa-press.net\/cameroun\/politique\/un-violent-general-ambazonien-abattu-les-populations-felicitent-le-bir#primaryimage\"},\"image\":{\"@id\":\"https:\/\/www.africa-press.net\/cameroun\/politique\/un-violent-general-ambazonien-abattu-les-populations-felicitent-le-bir#primaryimage\"},\"thumbnailUrl\":\"https:\/\/static.africa-press.net\/cameroun\/sites\/57\/2021\/03\/img-60582a241aab6.jpg\",\"datePublished\":\"2021-03-20T13:21:03+00:00\",\"dateModified\":\"2021-03-22T05:25:13+00:00\",\"author\":{\"@id\":\"https:\/\/www.africa-press.net\/cameroun\/#\/schema\/person\/2b1cf3cd81a31e3cd26889ca66d677f1\"},\"description\":\"Les populations de la localit\u00e9 de FOE BAKUNDO dans le NOSO ont \u00e9t\u00e9 soulag\u00e9es de voir le groupe de terroristes Ambaboys d ...\",\"breadcrumb\":{\"@id\":\"https:\/\/www.africa-press.net\/cameroun\/politique\/un-violent-general-ambazonien-abattu-les-populations-felicitent-le-bir#breadcrumb\"},\"inLanguage\":\"fr-FR\",\"potentialAction\":[{\"@type\":\"ReadAction\",\"target\":[\"https:\/\/www.africa-press.net\/cameroun\/politique\/un-violent-general-ambazonien-abattu-les-populations-felicitent-le-bir\"]}]},{\"@type\":\"ImageObject\",\"inLanguage\":\"fr-FR\",\"@id\":\"https:\/\/www.africa-press.net\/cameroun\/politique\/un-violent-general-ambazonien-abattu-les-populations-felicitent-le-bir#primaryimage\",\"url\":\"https:\/\/static.africa-press.net\/cameroun\/sites\/57\/2021\/03\/img-60582a241aab6.jpg\",\"contentUrl\":\"https:\/\/static.africa-press.net\/cameroun\/sites\/57\/2021\/03\/img-60582a241aab6.jpg\",\"width\":1200,\"height\":675,\"caption\":\"Un violent g\u00e9n\u00e9ral ambazonien abattu : les populations f\u00e9licitent le BIR\"},{\"@type\":\"BreadcrumbList\",\"@id\":\"https:\/\/www.africa-press.net\/cameroun\/politique\/un-violent-general-ambazonien-abattu-les-populations-felicitent-le-bir#breadcrumb\",\"itemListElement\":[{\"@type\":\"ListItem\",\"position\":1,\"name\":\"Accueil\",\"item\":\"https:\/\/www.africa-press.net\/cameroun\/\"},{\"@type\":\"ListItem\",\"position\":2,\"name\":\"Un violent g\u00e9n\u00e9ral ambazonien abattu : les populations f\u00e9licitent le BIR\"}]},{\"@type\":\"WebSite\",\"@id\":\"https:\/\/www.africa-press.net\/cameroun\/#website\",\"url\":\"https:\/\/www.africa-press.net\/cameroun\/\",\"name\":\"Cameroun\",\"description\":\"Just another Africa News Agency Sites site\",\"potentialAction\":[{\"@type\":\"SearchAction\",\"target\":{\"@type\":\"EntryPoint\",\"urlTemplate\":\"https:\/\/www.africa-press.net\/cameroun\/?s={search_term_string}\"},\"query-input\":{\"@type\":\"PropertyValueSpecification\",\"valueRequired\":true,\"valueName\":\"search_term_string\"}}],\"inLanguage\":\"fr-FR\"},{\"@type\":\"Person\",\"@id\":\"https:\/\/www.africa-press.net\/cameroun\/#\/schema\/person\/2b1cf3cd81a31e3cd26889ca66d677f1\",\"name\":\"cfeditorfr\"}]}<\/script>\n<!-- \/ Yoast SEO Premium plugin. -->","yoast_head_json":{"title":"Un violent g\u00e9n\u00e9ral ambazonien abattu : les populations f\u00e9licitent le BIR - Cameroun","description":"Les populations de la localit\u00e9 de FOE BAKUNDO dans le NOSO ont \u00e9t\u00e9 soulag\u00e9es de voir le groupe de terroristes Ambaboys d ...","robots":{"index":"index","follow":"follow","max-snippet":"max-snippet:-1","max-image-preview":"max-image-preview:large","max-video-preview":"max-video-preview:-1"},"canonical":"https:\/\/www.africa-press.net\/cameroun\/politique\/un-violent-general-ambazonien-abattu-les-populations-felicitent-le-bir","og_locale":"fr_FR","og_type":"article","og_title":"Un violent g\u00e9n\u00e9ral ambazonien abattu : les populations f\u00e9licitent le BIR","og_description":"Les populations de la localit\u00e9 de FOE BAKUNDO dans le NOSO ont \u00e9t\u00e9 soulag\u00e9es de voir le groupe de terroristes Ambaboys d ...","og_url":"https:\/\/www.africa-press.net\/cameroun\/politique\/un-violent-general-ambazonien-abattu-les-populations-felicitent-le-bir","og_site_name":"Cameroun","article_published_time":"2021-03-20T13:21:03+00:00","article_modified_time":"2021-03-22T05:25:13+00:00","og_image":[{"width":1200,"height":675,"url":"https:\/\/static.africa-press.net\/cameroun\/sites\/57\/2021\/03\/img-60582a241aab6.jpg","type":"image\/jpeg"}],"author":"cfeditorfr","twitter_card":"summary_large_image","twitter_misc":{"\u00c9crit par":"cfeditorfr","Dur\u00e9e de lecture estim\u00e9e":"2 minutes"},"schema":{"@context":"https:\/\/schema.org","@graph":[{"@type":"Article","@id":"https:\/\/www.africa-press.net\/cameroun\/politique\/un-violent-general-ambazonien-abattu-les-populations-felicitent-le-bir#article","isPartOf":{"@id":"https:\/\/www.africa-press.net\/cameroun\/politique\/un-violent-general-ambazonien-abattu-les-populations-felicitent-le-bir"},"author":{"name":"cfeditorfr","@id":"https:\/\/www.africa-press.net\/cameroun\/#\/schema\/person\/2b1cf3cd81a31e3cd26889ca66d677f1"},"headline":"Un violent g\u00e9n\u00e9ral ambazonien abattu : les populations f\u00e9licitent le BIR","datePublished":"2021-03-20T13:21:03+00:00","dateModified":"2021-03-22T05:25:13+00:00","mainEntityOfPage":{"@id":"https:\/\/www.africa-press.net\/cameroun\/politique\/un-violent-general-ambazonien-abattu-les-populations-felicitent-le-bir"},"wordCount":438,"commentCount":0,"image":{"@id":"https:\/\/www.africa-press.net\/cameroun\/politique\/un-violent-general-ambazonien-abattu-les-populations-felicitent-le-bir#primaryimage"},"thumbnailUrl":"https:\/\/static.africa-press.net\/cameroun\/sites\/57\/2021\/03\/img-60582a241aab6.jpg","keywords":["Africa Press","Africa Press-Cameroun","Cameroun"],"articleSection":["homepage-french","Politique","Toutes les actualit\u00e9s"],"inLanguage":"fr-FR","potentialAction":[{"@type":"CommentAction","name":"Comment","target":["https:\/\/www.africa-press.net\/cameroun\/politique\/un-violent-general-ambazonien-abattu-les-populations-felicitent-le-bir#respond"]}]},{"@type":"WebPage","@id":"https:\/\/www.africa-press.net\/cameroun\/politique\/un-violent-general-ambazonien-abattu-les-populations-felicitent-le-bir","url":"https:\/\/www.africa-press.net\/cameroun\/politique\/un-violent-general-ambazonien-abattu-les-populations-felicitent-le-bir","name":"Un violent g\u00e9n\u00e9ral ambazonien abattu : les populations f\u00e9licitent le BIR - Cameroun","isPartOf":{"@id":"https:\/\/www.africa-press.net\/cameroun\/#website"},"primaryImageOfPage":{"@id":"https:\/\/www.africa-press.net\/cameroun\/politique\/un-violent-general-ambazonien-abattu-les-populations-felicitent-le-bir#primaryimage"},"image":{"@id":"https:\/\/www.africa-press.net\/cameroun\/politique\/un-violent-general-ambazonien-abattu-les-populations-felicitent-le-bir#primaryimage"},"thumbnailUrl":"https:\/\/static.africa-press.net\/cameroun\/sites\/57\/2021\/03\/img-60582a241aab6.jpg","datePublished":"2021-03-20T13:21:03+00:00","dateModified":"2021-03-22T05:25:13+00:00","author":{"@id":"https:\/\/www.africa-press.net\/cameroun\/#\/schema\/person\/2b1cf3cd81a31e3cd26889ca66d677f1"},"description":"Les populations de la localit\u00e9 de FOE BAKUNDO dans le NOSO ont \u00e9t\u00e9 soulag\u00e9es de voir le groupe de terroristes Ambaboys d ...","breadcrumb":{"@id":"https:\/\/www.africa-press.net\/cameroun\/politique\/un-violent-general-ambazonien-abattu-les-populations-felicitent-le-bir#breadcrumb"},"inLanguage":"fr-FR","potentialAction":[{"@type":"ReadAction","target":["https:\/\/www.africa-press.net\/cameroun\/politique\/un-violent-general-ambazonien-abattu-les-populations-felicitent-le-bir"]}]},{"@type":"ImageObject","inLanguage":"fr-FR","@id":"https:\/\/www.africa-press.net\/cameroun\/politique\/un-violent-general-ambazonien-abattu-les-populations-felicitent-le-bir#primaryimage","url":"https:\/\/static.africa-press.net\/cameroun\/sites\/57\/2021\/03\/img-60582a241aab6.jpg","contentUrl":"https:\/\/static.africa-press.net\/cameroun\/sites\/57\/2021\/03\/img-60582a241aab6.jpg","width":1200,"height":675,"caption":"Un violent g\u00e9n\u00e9ral ambazonien abattu : les populations f\u00e9licitent le BIR"},{"@type":"BreadcrumbList","@id":"https:\/\/www.africa-press.net\/cameroun\/politique\/un-violent-general-ambazonien-abattu-les-populations-felicitent-le-bir#breadcrumb","itemListElement":[{"@type":"ListItem","position":1,"name":"Accueil","item":"https:\/\/www.africa-press.net\/cameroun\/"},{"@type":"ListItem","position":2,"name":"Un violent g\u00e9n\u00e9ral ambazonien abattu : les populations f\u00e9licitent le BIR"}]},{"@type":"WebSite","@id":"https:\/\/www.africa-press.net\/cameroun\/#website","url":"https:\/\/www.africa-press.net\/cameroun\/","name":"Cameroun","description":"Just another Africa News Agency Sites site","potentialAction":[{"@type":"SearchAction","target":{"@type":"EntryPoint","urlTemplate":"https:\/\/www.africa-press.net\/cameroun\/?s={search_term_string}"},"query-input":{"@type":"PropertyValueSpecification","valueRequired":true,"valueName":"search_term_string"}}],"inLanguage":"fr-FR"},{"@type":"Person","@id":"https:\/\/www.africa-press.net\/cameroun\/#\/schema\/person\/2b1cf3cd81a31e3cd26889ca66d677f1","name":"cfeditorfr"}]}},"_links":{"self":[{"href":"https:\/\/www.africa-press.net\/cameroun\/wp-json\/wp\/v2\/posts\/1585","targetHints":{"allow":["GET"]}}],"collection":[{"href":"https:\/\/www.africa-press.net\/cameroun\/wp-json\/wp\/v2\/posts"}],"about":[{"href":"https:\/\/www.africa-press.net\/cameroun\/wp-json\/wp\/v2\/types\/post"}],"author":[{"embeddable":true,"href":"https:\/\/www.africa-press.net\/cameroun\/wp-json\/wp\/v2\/users\/82"}],"replies":[{"embeddable":true,"href":"https:\/\/www.africa-press.net\/cameroun\/wp-json\/wp\/v2\/comments?post=1585"}],"version-history":[{"count":0,"href":"https:\/\/www.africa-press.net\/cameroun\/wp-json\/wp\/v2\/posts\/1585\/revisions"}],"wp:featuredmedia":[{"embeddable":true,"href":"https:\/\/www.africa-press.net\/cameroun\/wp-json\/wp\/v2\/media\/1584"}],"wp:attachment":[{"href":"https:\/\/www.africa-press.net\/cameroun\/wp-json\/wp\/v2\/media?parent=1585"}],"wp:term":[{"taxonomy":"category","embeddable":true,"href":"https:\/\/www.africa-press.net\/cameroun\/wp-json\/wp\/v2\/categories?post=1585"},{"taxonomy":"post_tag","embeddable":true,"href":"https:\/\/www.africa-press.net\/cameroun\/wp-json\/wp\/v2\/tags?post=1585"}],"curies":[{"name":"wp","href":"https:\/\/api.w.org\/{rel}","templated":true}]}}