{"id":1588,"date":"2021-03-20T13:29:35","date_gmt":"2021-03-20T13:29:35","guid":{"rendered":"https:\/\/www.africa-press.net\/cameroun\/politique\/limogeage-de-messanga-nyamding-fame-ndongo-veut-sauver-sa-tete"},"modified":"2021-03-22T05:25:50","modified_gmt":"2021-03-22T05:25:50","slug":"limogeage-de-messanga-nyamding-fame-ndongo-veut-sauver-sa-tete","status":"publish","type":"post","link":"https:\/\/www.africa-press.net\/cameroun\/politique\/limogeage-de-messanga-nyamding-fame-ndongo-veut-sauver-sa-tete","title":{"rendered":"Limogeage de Messanga Nyamding, Fame Ndongo veut sauver sa t\u00eate"},"content":{"rendered":"<p><span style=\"color: #ff6600\"><strong><a href=\"https:\/\/www.africa-press.net\/\">Africa-Press<\/a> &#8211; <a href=\"https:\/\/www.africa-press.net\/cameroun\">Cameroun<\/a>. <\/strong><\/span>Limogeage de Messanga Nyamding, Fame Ndongo veut sauver sa t\u00eate<br \/>\nSon charg\u00e9 de communication Jean Paul Mbia a produit un long texte dans lequel il tente de justifier les raisons de ce d\u00e9part.<br \/>\nPascal Charlemagne Messanga Nyamding f\u00e9licite son successeur Yves Paul Mandjem nomm\u00e9 hier (19 mars 2020), \u00e0 l\u2019Iric comme Chef de D\u00e9partement de l\u2019Int\u00e9gration et la Coop\u00e9ration pour le D\u00e9veloppement.<br \/>\n\u201cJe pars et je suis d\u2019autant plus satisfait que le pr Yves Paul Mandjem est un esprit comp\u00e9tent\u201d, d\u00e9claration du pr Messanga hier soir \u00e0 la publication de l\u2019arr\u00eat\u00e9 minist\u00e9riel. Fait rare sur la sc\u00e8ne publique et surtout dans les universit\u00e9s camerounaises o\u00f9 l\u2019humilit\u00e9 n\u2019est pas toujours la chose la mieux partag\u00e9e. \u201cCeux qui partent sont des imb\u00e9ciles et ceux qui arrivent sont des incomp\u00e9tents\u201d, a-t-on coutume d\u2019entendre dans les all\u00e9es et coulisses o\u00f9 se commentent les actes publics.<br \/>\nLa d\u00e9cision du ministre d\u2019Etat Jacques Fame Ndongo, prise hier pour d\u00e9charger le professeur Messanga Nyamding, enseignant des relations internationales de ses charges administratives, est un acte discr\u00e9tionnaire. C\u2019est l\u2019acte souverain du Chancelier des Ordres Acad\u00e9miques qui exerce son imp\u00e9rium organique.<\/p>\n<p>Il reste enseignant dans le m\u00eame \u00e9tablissement et la m\u00eame institution et \u00e9videmment ailleurs o\u00f9 ses comp\u00e9tences professionnelles sont appr\u00e9ci\u00e9es.<br \/>\nPlusieurs l\u2019ignorent sans doute, c\u2019est le ministre d\u2019Etat, qui a demand\u00e9 au pr Pascal Charlemagne Messanga (qui brandit toujours sa carte de militant parisien de 1985, avec z\u00e8le et arrogance), de revenir au Cameroun et d\u2019offrir ses belles prestations \u00e0 l\u2019universit\u00e9 et c\u2019est lui qui l\u2019a fait recruter \u00e0 l\u2019IRIC. \u00c7a c\u2019est un fait historique qui s\u2019inscrit dans la foul\u00e9e du rappel au pays des comp\u00e9tences de la diaspora africaine \u00e0 venir soutenir l\u2019\u00e9difice des d\u00e9mocraties en construction et en maturation.<\/p>\n<p>Jacques Fame Ndongo et Pascal Charlemagne Messanga Nyamding se connaissent, se tutoient et s\u2019affectionnent en public. Et en priv\u00e9, ils se tordent d\u2019aise comme de bons militants du cru qui partagent depuis plus de trente ans, les m\u00eames convictions pour un biyaisme d\u2019option et de passion et non d\u2019opinion et de saison, par-del\u00e0 les diff\u00e9rences de temp\u00e9raments et d\u2019approches. Et comme disait Jacques Chirac en hommage \u00e0 Georges Pompidou : \u201cnous \u00e9tions diff\u00e9rents par nos pass\u00e9s et proches par nos valeurs politiques et r\u00e9publicaines \u201c.<\/p>\n<p>Alors \u00e2g\u00e9 de 29 ans, jeune \u00e9narque, rac\u00e9 et truculent, Jacques Chirac avait re\u00e7u de Georges Pompidou ces mots pleins de sens apr\u00e8s une consultation : \u201cje t\u2019ai donn\u00e9 un poste de Secr\u00e9taire d\u2019Etat, mais cela ne fait pas de toi, un Ministre de la R\u00e9publique\u201d. Ce poste \u00e9tait celui de Secr\u00e9taire d\u2019Etat \u00e0 l\u2019Agriculture.<\/p>\n<p>Messanga Nyamding est un authentique biyaiste par-del\u00e0 l\u2019esprit exclusionniste et manich\u00e9iste qui l\u2019am\u00e8ne tr\u00e8s souvent (a tort) \u00e0 tancer, vertement et ouvertement et sans m\u00e9nagement, des membres du comit\u00e9 central et du bureau politique du Rdpc, des proches collaborateurs du Pr\u00e9sident national du Rdpc, Son Excellence Paul Biya, avec lequel il a une proximit\u00e9 r\u00e9guli\u00e8re et singuli\u00e8re. Son r\u00e9cent essai, sur la trajectoire politique du Chef de l\u2019Etat et son magist\u00e8re r\u00e9publicain, a re\u00e7u une bonne subvention du Cabinet Civil de la pr\u00e9sidence de la R\u00e9publique et du Secr\u00e9taire \u00e0 la communication du Comit\u00e9 Central du Rdpc.<\/p>\n<p>Cette publication doctrinale, critiqu\u00e9e dans les officines (la falsifiabilit\u00e9 de Karl Popper), est une mani\u00e8re \u00e9loquente pour un universitaire de s\u2019illustrer en politique en donnant son opinion, son point de vue sur les th\u00e9matiques innovantes de l\u2019heure dans le Rdpc.<br \/>\nUn universitaire doit avoir une opinion. Une opinion est un engagement.<br \/>\nDans une interview accord\u00e9e \u00e0 Jeune Afrique en 1991 \u00e0 Paris, Mongo Beti avait \u00e9t\u00e9 appel\u00e9 \u00e0 se prononcer sur Ferdinand L\u00e9opold Oyono. \u00c0 la question de savoir ce qu\u2019il gardait de lui comme souvenir des ann\u00e9es parisiennes, l\u2019auteur de Ville Cruelle a dit de l\u2019ancien ministre d\u2019Etat \u00e0 la Culture qu\u2019il \u00e9tait \u201cun homme sans opinion\u201d.<\/p>\n<p>Toute la vie de Messanga Nyamding respire la force, le courage et le caract\u00e8re, toutes les vertus port\u00e9es au cr\u00e9dit d\u2019un militantisme d\u2019acier.<br \/>\nSur les plateaux de radio et de Tv il ne jure que par le Pr\u00e9sident Paul Biya. Souventes fois, Il lui est m\u00eame arriv\u00e9 d\u2019en venir aux mains avec \u201cles reptiles du Rdpc\u201d (pour citer Joseph Charles Doumba) et \u201cdes tartuffes du syst\u00e8me\u201d qui attendent un maroquin minist\u00e9riel ou de DG, pour avoir sign\u00e9 une motion de soutien ou un article dit de presse pour le Rdpc. Son acharnement l\u2019am\u00e8ne tr\u00e8s souvent \u00e0 heurter des dignitaires.<br \/>\n\u201cMonsieur Mbia allez dire \u00e0 votre camarade du parti Messanga Nyamding de d\u00e9fendre le Pr\u00e9sident Paul Biya mais de ne pas s\u2019attaquer \u00e0 ses collaborateurs comme le SG le Ministre d\u2019Etat Ferdinand Ngoh Ngoh ou le conseiller sp\u00e9cial le professeur Luc Sindjoun. Tous ont la confiance du Chef de l\u2019Etat qui leur fait une confiance politique av\u00e9r\u00e9e !\u201d,<br \/>\nLe militant du Rdpc de mars 2021 est-il comme Messanga Nyamding, un militant de Foi et d\u2019engagement pour reprendre Jean Nkuete, Gr\u00e9goire Owona, Jacques Fame Ndongo, Paul c\u00e9lestin Ndembiyembe Bakoume, Jean Fabien Monkam Nitcheu ou Christophe Mien Zok. Le professeur Messanga Nyamding, chef traditionnel de 3e degr\u00e9 \u00e0 Yabassi, c\u00e8de le tablier du d\u00e9partement scientifique universitaire pour s\u2019installer \u00e0 plein temps dans le templier politique id\u00e9ologique.<br \/>\n\u201cJe ne vais plus ch\u00f4mer politiquement. Je vais maintenant mettre les bouch\u00e9es doubles pour le Pr\u00e9sident Paul Biya, un g\u00e9nie politique de l\u2019histoire\u201d,<\/p>\n<p>\u201cUn militantisme dans l\u2019\u00e2me\u201d, pour reprendre la symbolique couleur et la symphonique m\u00e9taphore de Fran\u00e7ois Mitterrand en 1971 \u00e0 Epinay sur Seine, lors de la refonte strat\u00e9gique du Parti socialiste qui devait le hisser \u00e0 l\u2019Elys\u00e9e le 10 mai 1981, c\u2019est \u00e0 dire 10 ans plus tard.<br \/>\nMessanga Nyamding n\u2019a pas \u00e9t\u00e9 sanctionn\u00e9, il a \u00e9t\u00e9 remplac\u00e9. Il va rebondir ailleurs. Et comme l\u2019a souvent dit le professeur Jacques Fame Ndongo : \u201cdans une R\u00e9publique, rien n\u2019est acquis dans l\u2019absolu ni perdu pour toujours\u201d.<\/p>\n<p>D\u00e9gradation optique<br \/>\nLe mal visuel s\u2019aggravant, la capacit\u00e9 de travail et l\u2019aptitude visuelle en prennent un coup dans l\u2019efficacit\u00e9 et la rentabilit\u00e9 professionnelles.<br \/>\nL\u2019acte administratif et d\u00e9cisionnel du Minesup consistait simplement \u00e0 remplacer le professeur Messanga par l\u2019un de ses jeunes coll\u00e8gues parmi les plus brillants de l\u2019universit\u00e9 camerounaise et africaine.<\/p>\n","protected":false},"excerpt":{"rendered":"<p>Africa-Press &#8211; Cameroun. Limogeage de Messanga Nyamding, Fame Ndongo veut sauver sa t\u00eate Son charg\u00e9 de communication Jean Paul Mbia a produit un long texte dans lequel il tente de justifier les raisons de ce d\u00e9part. Pascal Charlemagne Messanga Nyamding f\u00e9licite son successeur Yves Paul Mandjem nomm\u00e9 hier (19 mars 2020), \u00e0 l\u2019Iric comme Chef [&hellip;]<\/p>\n","protected":false},"author":82,"featured_media":1587,"comment_status":"open","ping_status":"closed","sticky":false,"template":"","format":"standard","meta":{"footnotes":""},"categories":[11,2,10],"tags":[36,50,49],"class_list":["post-1588","post","type-post","status-publish","format-standard","has-post-thumbnail","hentry","category-homepage-french","category-politique","category-toutes-les-actualites","tag-africa-press","tag-africa-press-cameroun","tag-cameroun"],"yoast_head":"<!-- This site is optimized with the Yoast SEO Premium plugin v26.1 (Yoast SEO v27.0) - https:\/\/yoast.com\/product\/yoast-seo-premium-wordpress\/ -->\n<title>Limogeage de Messanga Nyamding, Fame Ndongo veut sauver sa t\u00eate - Cameroun<\/title>\n<meta name=\"description\" content=\"Limogeage de Messanga Nyamding, Fame Ndongo veut sauver sa t\u00eate\" \/>\n<meta name=\"robots\" content=\"index, follow, max-snippet:-1, max-image-preview:large, max-video-preview:-1\" \/>\n<link rel=\"canonical\" href=\"https:\/\/www.africa-press.net\/cameroun\/politique\/limogeage-de-messanga-nyamding-fame-ndongo-veut-sauver-sa-tete\" \/>\n<meta property=\"og:locale\" content=\"fr_FR\" \/>\n<meta property=\"og:type\" content=\"article\" \/>\n<meta property=\"og:title\" content=\"Limogeage de Messanga Nyamding, Fame Ndongo veut sauver sa t\u00eate\" \/>\n<meta property=\"og:description\" content=\"Limogeage de Messanga Nyamding, Fame Ndongo veut sauver sa t\u00eate\" \/>\n<meta property=\"og:url\" content=\"https:\/\/www.africa-press.net\/cameroun\/politique\/limogeage-de-messanga-nyamding-fame-ndongo-veut-sauver-sa-tete\" \/>\n<meta property=\"og:site_name\" content=\"Cameroun\" \/>\n<meta property=\"article:published_time\" content=\"2021-03-20T13:29:35+00:00\" \/>\n<meta property=\"article:modified_time\" content=\"2021-03-22T05:25:50+00:00\" \/>\n<meta property=\"og:image\" content=\"https:\/\/static.africa-press.net\/cameroun\/sites\/57\/2021\/03\/img-60582a44b0571.jpg\" \/>\n\t<meta property=\"og:image:width\" content=\"900\" \/>\n\t<meta property=\"og:image:height\" content=\"557\" \/>\n\t<meta property=\"og:image:type\" content=\"image\/jpeg\" \/>\n<meta name=\"author\" content=\"cfeditorfr\" \/>\n<meta name=\"twitter:card\" content=\"summary_large_image\" \/>\n<meta name=\"twitter:label1\" content=\"\u00c9crit par\" \/>\n\t<meta name=\"twitter:data1\" content=\"cfeditorfr\" \/>\n\t<meta name=\"twitter:label2\" content=\"Dur\u00e9e de lecture estim\u00e9e\" \/>\n\t<meta name=\"twitter:data2\" content=\"6 minutes\" \/>\n<script type=\"application\/ld+json\" class=\"yoast-schema-graph\">{\"@context\":\"https:\/\/schema.org\",\"@graph\":[{\"@type\":\"Article\",\"@id\":\"https:\/\/www.africa-press.net\/cameroun\/politique\/limogeage-de-messanga-nyamding-fame-ndongo-veut-sauver-sa-tete#article\",\"isPartOf\":{\"@id\":\"https:\/\/www.africa-press.net\/cameroun\/politique\/limogeage-de-messanga-nyamding-fame-ndongo-veut-sauver-sa-tete\"},\"author\":{\"name\":\"cfeditorfr\",\"@id\":\"https:\/\/www.africa-press.net\/cameroun\/#\/schema\/person\/2b1cf3cd81a31e3cd26889ca66d677f1\"},\"headline\":\"Limogeage de Messanga Nyamding, Fame Ndongo veut sauver sa t\u00eate\",\"datePublished\":\"2021-03-20T13:29:35+00:00\",\"dateModified\":\"2021-03-22T05:25:50+00:00\",\"mainEntityOfPage\":{\"@id\":\"https:\/\/www.africa-press.net\/cameroun\/politique\/limogeage-de-messanga-nyamding-fame-ndongo-veut-sauver-sa-tete\"},\"wordCount\":1142,\"commentCount\":0,\"image\":{\"@id\":\"https:\/\/www.africa-press.net\/cameroun\/politique\/limogeage-de-messanga-nyamding-fame-ndongo-veut-sauver-sa-tete#primaryimage\"},\"thumbnailUrl\":\"https:\/\/static.africa-press.net\/cameroun\/sites\/57\/2021\/03\/img-60582a44b0571.jpg\",\"keywords\":[\"Africa Press\",\"Africa Press-Cameroun\",\"Cameroun\"],\"articleSection\":[\"homepage-french\",\"Politique\",\"Toutes les actualit\u00e9s\"],\"inLanguage\":\"fr-FR\",\"potentialAction\":[{\"@type\":\"CommentAction\",\"name\":\"Comment\",\"target\":[\"https:\/\/www.africa-press.net\/cameroun\/politique\/limogeage-de-messanga-nyamding-fame-ndongo-veut-sauver-sa-tete#respond\"]}]},{\"@type\":\"WebPage\",\"@id\":\"https:\/\/www.africa-press.net\/cameroun\/politique\/limogeage-de-messanga-nyamding-fame-ndongo-veut-sauver-sa-tete\",\"url\":\"https:\/\/www.africa-press.net\/cameroun\/politique\/limogeage-de-messanga-nyamding-fame-ndongo-veut-sauver-sa-tete\",\"name\":\"Limogeage de Messanga Nyamding, Fame Ndongo veut sauver sa t\u00eate - Cameroun\",\"isPartOf\":{\"@id\":\"https:\/\/www.africa-press.net\/cameroun\/#website\"},\"primaryImageOfPage\":{\"@id\":\"https:\/\/www.africa-press.net\/cameroun\/politique\/limogeage-de-messanga-nyamding-fame-ndongo-veut-sauver-sa-tete#primaryimage\"},\"image\":{\"@id\":\"https:\/\/www.africa-press.net\/cameroun\/politique\/limogeage-de-messanga-nyamding-fame-ndongo-veut-sauver-sa-tete#primaryimage\"},\"thumbnailUrl\":\"https:\/\/static.africa-press.net\/cameroun\/sites\/57\/2021\/03\/img-60582a44b0571.jpg\",\"datePublished\":\"2021-03-20T13:29:35+00:00\",\"dateModified\":\"2021-03-22T05:25:50+00:00\",\"author\":{\"@id\":\"https:\/\/www.africa-press.net\/cameroun\/#\/schema\/person\/2b1cf3cd81a31e3cd26889ca66d677f1\"},\"description\":\"Limogeage de Messanga Nyamding, Fame Ndongo veut sauver sa t\u00eate\",\"breadcrumb\":{\"@id\":\"https:\/\/www.africa-press.net\/cameroun\/politique\/limogeage-de-messanga-nyamding-fame-ndongo-veut-sauver-sa-tete#breadcrumb\"},\"inLanguage\":\"fr-FR\",\"potentialAction\":[{\"@type\":\"ReadAction\",\"target\":[\"https:\/\/www.africa-press.net\/cameroun\/politique\/limogeage-de-messanga-nyamding-fame-ndongo-veut-sauver-sa-tete\"]}]},{\"@type\":\"ImageObject\",\"inLanguage\":\"fr-FR\",\"@id\":\"https:\/\/www.africa-press.net\/cameroun\/politique\/limogeage-de-messanga-nyamding-fame-ndongo-veut-sauver-sa-tete#primaryimage\",\"url\":\"https:\/\/static.africa-press.net\/cameroun\/sites\/57\/2021\/03\/img-60582a44b0571.jpg\",\"contentUrl\":\"https:\/\/static.africa-press.net\/cameroun\/sites\/57\/2021\/03\/img-60582a44b0571.jpg\",\"width\":900,\"height\":557,\"caption\":\"Limogeage de Messanga Nyamding, Fame Ndongo veut sauver sa t\u00eate\"},{\"@type\":\"BreadcrumbList\",\"@id\":\"https:\/\/www.africa-press.net\/cameroun\/politique\/limogeage-de-messanga-nyamding-fame-ndongo-veut-sauver-sa-tete#breadcrumb\",\"itemListElement\":[{\"@type\":\"ListItem\",\"position\":1,\"name\":\"Accueil\",\"item\":\"https:\/\/www.africa-press.net\/cameroun\/\"},{\"@type\":\"ListItem\",\"position\":2,\"name\":\"Limogeage de Messanga Nyamding, Fame Ndongo veut sauver sa t\u00eate\"}]},{\"@type\":\"WebSite\",\"@id\":\"https:\/\/www.africa-press.net\/cameroun\/#website\",\"url\":\"https:\/\/www.africa-press.net\/cameroun\/\",\"name\":\"Cameroun\",\"description\":\"Just another Africa News Agency Sites site\",\"potentialAction\":[{\"@type\":\"SearchAction\",\"target\":{\"@type\":\"EntryPoint\",\"urlTemplate\":\"https:\/\/www.africa-press.net\/cameroun\/?s={search_term_string}\"},\"query-input\":{\"@type\":\"PropertyValueSpecification\",\"valueRequired\":true,\"valueName\":\"search_term_string\"}}],\"inLanguage\":\"fr-FR\"},{\"@type\":\"Person\",\"@id\":\"https:\/\/www.africa-press.net\/cameroun\/#\/schema\/person\/2b1cf3cd81a31e3cd26889ca66d677f1\",\"name\":\"cfeditorfr\"}]}<\/script>\n<!-- \/ Yoast SEO Premium plugin. -->","yoast_head_json":{"title":"Limogeage de Messanga Nyamding, Fame Ndongo veut sauver sa t\u00eate - Cameroun","description":"Limogeage de Messanga Nyamding, Fame Ndongo veut sauver sa t\u00eate","robots":{"index":"index","follow":"follow","max-snippet":"max-snippet:-1","max-image-preview":"max-image-preview:large","max-video-preview":"max-video-preview:-1"},"canonical":"https:\/\/www.africa-press.net\/cameroun\/politique\/limogeage-de-messanga-nyamding-fame-ndongo-veut-sauver-sa-tete","og_locale":"fr_FR","og_type":"article","og_title":"Limogeage de Messanga Nyamding, Fame Ndongo veut sauver sa t\u00eate","og_description":"Limogeage de Messanga Nyamding, Fame Ndongo veut sauver sa t\u00eate","og_url":"https:\/\/www.africa-press.net\/cameroun\/politique\/limogeage-de-messanga-nyamding-fame-ndongo-veut-sauver-sa-tete","og_site_name":"Cameroun","article_published_time":"2021-03-20T13:29:35+00:00","article_modified_time":"2021-03-22T05:25:50+00:00","og_image":[{"width":900,"height":557,"url":"https:\/\/static.africa-press.net\/cameroun\/sites\/57\/2021\/03\/img-60582a44b0571.jpg","type":"image\/jpeg"}],"author":"cfeditorfr","twitter_card":"summary_large_image","twitter_misc":{"\u00c9crit par":"cfeditorfr","Dur\u00e9e de lecture estim\u00e9e":"6 minutes"},"schema":{"@context":"https:\/\/schema.org","@graph":[{"@type":"Article","@id":"https:\/\/www.africa-press.net\/cameroun\/politique\/limogeage-de-messanga-nyamding-fame-ndongo-veut-sauver-sa-tete#article","isPartOf":{"@id":"https:\/\/www.africa-press.net\/cameroun\/politique\/limogeage-de-messanga-nyamding-fame-ndongo-veut-sauver-sa-tete"},"author":{"name":"cfeditorfr","@id":"https:\/\/www.africa-press.net\/cameroun\/#\/schema\/person\/2b1cf3cd81a31e3cd26889ca66d677f1"},"headline":"Limogeage de Messanga Nyamding, Fame Ndongo veut sauver sa t\u00eate","datePublished":"2021-03-20T13:29:35+00:00","dateModified":"2021-03-22T05:25:50+00:00","mainEntityOfPage":{"@id":"https:\/\/www.africa-press.net\/cameroun\/politique\/limogeage-de-messanga-nyamding-fame-ndongo-veut-sauver-sa-tete"},"wordCount":1142,"commentCount":0,"image":{"@id":"https:\/\/www.africa-press.net\/cameroun\/politique\/limogeage-de-messanga-nyamding-fame-ndongo-veut-sauver-sa-tete#primaryimage"},"thumbnailUrl":"https:\/\/static.africa-press.net\/cameroun\/sites\/57\/2021\/03\/img-60582a44b0571.jpg","keywords":["Africa Press","Africa Press-Cameroun","Cameroun"],"articleSection":["homepage-french","Politique","Toutes les actualit\u00e9s"],"inLanguage":"fr-FR","potentialAction":[{"@type":"CommentAction","name":"Comment","target":["https:\/\/www.africa-press.net\/cameroun\/politique\/limogeage-de-messanga-nyamding-fame-ndongo-veut-sauver-sa-tete#respond"]}]},{"@type":"WebPage","@id":"https:\/\/www.africa-press.net\/cameroun\/politique\/limogeage-de-messanga-nyamding-fame-ndongo-veut-sauver-sa-tete","url":"https:\/\/www.africa-press.net\/cameroun\/politique\/limogeage-de-messanga-nyamding-fame-ndongo-veut-sauver-sa-tete","name":"Limogeage de Messanga Nyamding, Fame Ndongo veut sauver sa t\u00eate - Cameroun","isPartOf":{"@id":"https:\/\/www.africa-press.net\/cameroun\/#website"},"primaryImageOfPage":{"@id":"https:\/\/www.africa-press.net\/cameroun\/politique\/limogeage-de-messanga-nyamding-fame-ndongo-veut-sauver-sa-tete#primaryimage"},"image":{"@id":"https:\/\/www.africa-press.net\/cameroun\/politique\/limogeage-de-messanga-nyamding-fame-ndongo-veut-sauver-sa-tete#primaryimage"},"thumbnailUrl":"https:\/\/static.africa-press.net\/cameroun\/sites\/57\/2021\/03\/img-60582a44b0571.jpg","datePublished":"2021-03-20T13:29:35+00:00","dateModified":"2021-03-22T05:25:50+00:00","author":{"@id":"https:\/\/www.africa-press.net\/cameroun\/#\/schema\/person\/2b1cf3cd81a31e3cd26889ca66d677f1"},"description":"Limogeage de Messanga Nyamding, Fame Ndongo veut sauver sa t\u00eate","breadcrumb":{"@id":"https:\/\/www.africa-press.net\/cameroun\/politique\/limogeage-de-messanga-nyamding-fame-ndongo-veut-sauver-sa-tete#breadcrumb"},"inLanguage":"fr-FR","potentialAction":[{"@type":"ReadAction","target":["https:\/\/www.africa-press.net\/cameroun\/politique\/limogeage-de-messanga-nyamding-fame-ndongo-veut-sauver-sa-tete"]}]},{"@type":"ImageObject","inLanguage":"fr-FR","@id":"https:\/\/www.africa-press.net\/cameroun\/politique\/limogeage-de-messanga-nyamding-fame-ndongo-veut-sauver-sa-tete#primaryimage","url":"https:\/\/static.africa-press.net\/cameroun\/sites\/57\/2021\/03\/img-60582a44b0571.jpg","contentUrl":"https:\/\/static.africa-press.net\/cameroun\/sites\/57\/2021\/03\/img-60582a44b0571.jpg","width":900,"height":557,"caption":"Limogeage de Messanga Nyamding, Fame Ndongo veut sauver sa t\u00eate"},{"@type":"BreadcrumbList","@id":"https:\/\/www.africa-press.net\/cameroun\/politique\/limogeage-de-messanga-nyamding-fame-ndongo-veut-sauver-sa-tete#breadcrumb","itemListElement":[{"@type":"ListItem","position":1,"name":"Accueil","item":"https:\/\/www.africa-press.net\/cameroun\/"},{"@type":"ListItem","position":2,"name":"Limogeage de Messanga Nyamding, Fame Ndongo veut sauver sa t\u00eate"}]},{"@type":"WebSite","@id":"https:\/\/www.africa-press.net\/cameroun\/#website","url":"https:\/\/www.africa-press.net\/cameroun\/","name":"Cameroun","description":"Just another Africa News Agency Sites site","potentialAction":[{"@type":"SearchAction","target":{"@type":"EntryPoint","urlTemplate":"https:\/\/www.africa-press.net\/cameroun\/?s={search_term_string}"},"query-input":{"@type":"PropertyValueSpecification","valueRequired":true,"valueName":"search_term_string"}}],"inLanguage":"fr-FR"},{"@type":"Person","@id":"https:\/\/www.africa-press.net\/cameroun\/#\/schema\/person\/2b1cf3cd81a31e3cd26889ca66d677f1","name":"cfeditorfr"}]}},"_links":{"self":[{"href":"https:\/\/www.africa-press.net\/cameroun\/wp-json\/wp\/v2\/posts\/1588","targetHints":{"allow":["GET"]}}],"collection":[{"href":"https:\/\/www.africa-press.net\/cameroun\/wp-json\/wp\/v2\/posts"}],"about":[{"href":"https:\/\/www.africa-press.net\/cameroun\/wp-json\/wp\/v2\/types\/post"}],"author":[{"embeddable":true,"href":"https:\/\/www.africa-press.net\/cameroun\/wp-json\/wp\/v2\/users\/82"}],"replies":[{"embeddable":true,"href":"https:\/\/www.africa-press.net\/cameroun\/wp-json\/wp\/v2\/comments?post=1588"}],"version-history":[{"count":0,"href":"https:\/\/www.africa-press.net\/cameroun\/wp-json\/wp\/v2\/posts\/1588\/revisions"}],"wp:featuredmedia":[{"embeddable":true,"href":"https:\/\/www.africa-press.net\/cameroun\/wp-json\/wp\/v2\/media\/1587"}],"wp:attachment":[{"href":"https:\/\/www.africa-press.net\/cameroun\/wp-json\/wp\/v2\/media?parent=1588"}],"wp:term":[{"taxonomy":"category","embeddable":true,"href":"https:\/\/www.africa-press.net\/cameroun\/wp-json\/wp\/v2\/categories?post=1588"},{"taxonomy":"post_tag","embeddable":true,"href":"https:\/\/www.africa-press.net\/cameroun\/wp-json\/wp\/v2\/tags?post=1588"}],"curies":[{"name":"wp","href":"https:\/\/api.w.org\/{rel}","templated":true}]}}