{"id":1598,"date":"2021-03-21T17:40:47","date_gmt":"2021-03-21T17:40:47","guid":{"rendered":"https:\/\/www.africa-press.net\/cameroun\/politique\/toto-guillaume-fait-ambassadeur-de-la-culture-et-du-festival-botina"},"modified":"2021-03-22T05:40:03","modified_gmt":"2021-03-22T05:40:03","slug":"toto-guillaume-fait-ambassadeur-de-la-culture-et-du-festival-botina","status":"publish","type":"post","link":"https:\/\/www.africa-press.net\/cameroun\/culture-et-art\/toto-guillaume-fait-ambassadeur-de-la-culture-et-du-festival-botina","title":{"rendered":"Toto Guillaume fait ambassadeur de la culture et du festival BOTINA"},"content":{"rendered":"<p><span style=\"color: #ff6600\"><strong><a href=\"https:\/\/www.africa-press.net\/\">Africa-Press<\/a> &#8211; <a href=\"https:\/\/www.africa-press.net\/cameroun\">Cameroun<\/a>. <\/strong><\/span>En outre, l\u2019artiste portera aussi le titre traditionnel \u00ab\u00a0Limouna Limot\u00e8\u00a0\u00bb(Petit oiseau).<\/p>\n<p>L&rsquo;intronisation a \u00e9t\u00e9 faite ce samedi 20 Mars 2021 \u00e0 l&rsquo;occasion de la journ\u00e9e des communaut\u00e9s de la de la 61e \u00e9dition du festival culturel BOTINA qui se tient tous les 03 ans au village SODIKO, dans le 4e arrondissement de la ville de Douala.<\/p>\n<p>La c\u00e9l\u00e9bration s&rsquo;est faite en compagnie des communaut\u00e9s venues de Yaound\u00e9, Ngaound\u00e9r\u00e9, des r\u00e9gions de Nord-Ouest et du Sud-Ouest.<br \/>\nAu cours de son discours, sa majest\u00e9 Ruben Essomb\u00e8, le chef SODIKO a invit\u00e9 la jeunesse \u00e0 s&rsquo;\u00e9loigner des comportements d\u00e9viants et \u00e0 \u00eatre plus entreprenante.<\/p>\n<p>Le festival BOTINA est un rendez-vous traditionnel, culturel et \u00e9conomique c\u00e9l\u00e9br\u00e9 avec faste et solennit\u00e9 avec les enfants du peuple SODIKO. Il se tient cette ann\u00e9e du 20 au 27 Mars 2021 dans un contexte marqu\u00e9 par le Covid-19 et fait dans le strict respect des mesures barri\u00e8res.<\/p>\n","protected":false},"excerpt":{"rendered":"<p>Africa-Press &#8211; Cameroun. En outre, l\u2019artiste portera aussi le titre traditionnel \u00ab\u00a0Limouna Limot\u00e8\u00a0\u00bb(Petit oiseau). L&rsquo;intronisation a \u00e9t\u00e9 faite ce samedi 20 Mars 2021 \u00e0 l&rsquo;occasion de la journ\u00e9e des communaut\u00e9s de la de la 61e \u00e9dition du festival culturel BOTINA qui se tient tous les 03 ans au village SODIKO, dans le 4e arrondissement de [&hellip;]<\/p>\n","protected":false},"author":82,"featured_media":1597,"comment_status":"open","ping_status":"closed","sticky":false,"template":"","format":"standard","meta":{"footnotes":""},"categories":[5,11,10],"tags":[36,50,49],"class_list":["post-1598","post","type-post","status-publish","format-standard","has-post-thumbnail","hentry","category-culture-et-art","category-homepage-french","category-toutes-les-actualites","tag-africa-press","tag-africa-press-cameroun","tag-cameroun"],"yoast_head":"<!-- This site is optimized with the Yoast SEO Premium plugin v26.1 (Yoast SEO v27.0) - https:\/\/yoast.com\/product\/yoast-seo-premium-wordpress\/ -->\n<title>Toto Guillaume fait ambassadeur de la culture et du festival BOTINA - Cameroun<\/title>\n<meta name=\"description\" content=\"En outre, l\u2019artiste portera aussi le titre traditionnel &quot;Limouna Limot\u00e8&quot;(Petit oiseau). L&#039;intronisation a \u00e9t\u00e9 faite ce ...\" \/>\n<meta name=\"robots\" content=\"index, follow, max-snippet:-1, max-image-preview:large, max-video-preview:-1\" \/>\n<link rel=\"canonical\" href=\"https:\/\/www.africa-press.net\/cameroun\/culture-et-art\/toto-guillaume-fait-ambassadeur-de-la-culture-et-du-festival-botina\" \/>\n<meta property=\"og:locale\" content=\"fr_FR\" \/>\n<meta property=\"og:type\" content=\"article\" \/>\n<meta property=\"og:title\" content=\"Toto Guillaume fait ambassadeur de la culture et du festival BOTINA\" \/>\n<meta property=\"og:description\" content=\"En outre, l\u2019artiste portera aussi le titre traditionnel &quot;Limouna Limot\u00e8&quot;(Petit oiseau). L&#039;intronisation a \u00e9t\u00e9 faite ce ...\" \/>\n<meta property=\"og:url\" content=\"https:\/\/www.africa-press.net\/cameroun\/culture-et-art\/toto-guillaume-fait-ambassadeur-de-la-culture-et-du-festival-botina\" \/>\n<meta property=\"og:site_name\" content=\"Cameroun\" \/>\n<meta property=\"article:published_time\" content=\"2021-03-21T17:40:47+00:00\" \/>\n<meta property=\"article:modified_time\" content=\"2021-03-22T05:40:03+00:00\" \/>\n<meta property=\"og:image\" content=\"https:\/\/static.africa-press.net\/cameroun\/sites\/57\/2021\/03\/img-60582d97e058c.jpg\" \/>\n\t<meta property=\"og:image:width\" content=\"1280\" \/>\n\t<meta property=\"og:image:height\" content=\"720\" \/>\n\t<meta property=\"og:image:type\" content=\"image\/jpeg\" \/>\n<meta name=\"author\" content=\"cfeditorfr\" \/>\n<meta name=\"twitter:card\" content=\"summary_large_image\" \/>\n<meta name=\"twitter:label1\" content=\"\u00c9crit par\" \/>\n\t<meta name=\"twitter:data1\" content=\"cfeditorfr\" \/>\n\t<meta name=\"twitter:label2\" content=\"Dur\u00e9e de lecture estim\u00e9e\" \/>\n\t<meta name=\"twitter:data2\" content=\"1 minute\" \/>\n<script type=\"application\/ld+json\" class=\"yoast-schema-graph\">{\"@context\":\"https:\/\/schema.org\",\"@graph\":[{\"@type\":\"Article\",\"@id\":\"https:\/\/www.africa-press.net\/cameroun\/culture-et-art\/toto-guillaume-fait-ambassadeur-de-la-culture-et-du-festival-botina#article\",\"isPartOf\":{\"@id\":\"https:\/\/www.africa-press.net\/cameroun\/culture-et-art\/toto-guillaume-fait-ambassadeur-de-la-culture-et-du-festival-botina\"},\"author\":{\"name\":\"cfeditorfr\",\"@id\":\"https:\/\/www.africa-press.net\/cameroun\/#\/schema\/person\/2b1cf3cd81a31e3cd26889ca66d677f1\"},\"headline\":\"Toto Guillaume fait ambassadeur de la culture et du festival BOTINA\",\"datePublished\":\"2021-03-21T17:40:47+00:00\",\"dateModified\":\"2021-03-22T05:40:03+00:00\",\"mainEntityOfPage\":{\"@id\":\"https:\/\/www.africa-press.net\/cameroun\/culture-et-art\/toto-guillaume-fait-ambassadeur-de-la-culture-et-du-festival-botina\"},\"wordCount\":172,\"commentCount\":0,\"image\":{\"@id\":\"https:\/\/www.africa-press.net\/cameroun\/culture-et-art\/toto-guillaume-fait-ambassadeur-de-la-culture-et-du-festival-botina#primaryimage\"},\"thumbnailUrl\":\"https:\/\/static.africa-press.net\/cameroun\/sites\/57\/2021\/03\/img-60582d97e058c.jpg\",\"keywords\":[\"Africa Press\",\"Africa Press-Cameroun\",\"Cameroun\"],\"articleSection\":[\"Culture et Art\",\"homepage-french\",\"Toutes les actualit\u00e9s\"],\"inLanguage\":\"fr-FR\",\"potentialAction\":[{\"@type\":\"CommentAction\",\"name\":\"Comment\",\"target\":[\"https:\/\/www.africa-press.net\/cameroun\/culture-et-art\/toto-guillaume-fait-ambassadeur-de-la-culture-et-du-festival-botina#respond\"]}]},{\"@type\":\"WebPage\",\"@id\":\"https:\/\/www.africa-press.net\/cameroun\/culture-et-art\/toto-guillaume-fait-ambassadeur-de-la-culture-et-du-festival-botina\",\"url\":\"https:\/\/www.africa-press.net\/cameroun\/culture-et-art\/toto-guillaume-fait-ambassadeur-de-la-culture-et-du-festival-botina\",\"name\":\"Toto Guillaume fait ambassadeur de la culture et du festival BOTINA - Cameroun\",\"isPartOf\":{\"@id\":\"https:\/\/www.africa-press.net\/cameroun\/#website\"},\"primaryImageOfPage\":{\"@id\":\"https:\/\/www.africa-press.net\/cameroun\/culture-et-art\/toto-guillaume-fait-ambassadeur-de-la-culture-et-du-festival-botina#primaryimage\"},\"image\":{\"@id\":\"https:\/\/www.africa-press.net\/cameroun\/culture-et-art\/toto-guillaume-fait-ambassadeur-de-la-culture-et-du-festival-botina#primaryimage\"},\"thumbnailUrl\":\"https:\/\/static.africa-press.net\/cameroun\/sites\/57\/2021\/03\/img-60582d97e058c.jpg\",\"datePublished\":\"2021-03-21T17:40:47+00:00\",\"dateModified\":\"2021-03-22T05:40:03+00:00\",\"author\":{\"@id\":\"https:\/\/www.africa-press.net\/cameroun\/#\/schema\/person\/2b1cf3cd81a31e3cd26889ca66d677f1\"},\"description\":\"En outre, l\u2019artiste portera aussi le titre traditionnel \\\"Limouna Limot\u00e8\\\"(Petit oiseau). L'intronisation a \u00e9t\u00e9 faite ce ...\",\"breadcrumb\":{\"@id\":\"https:\/\/www.africa-press.net\/cameroun\/culture-et-art\/toto-guillaume-fait-ambassadeur-de-la-culture-et-du-festival-botina#breadcrumb\"},\"inLanguage\":\"fr-FR\",\"potentialAction\":[{\"@type\":\"ReadAction\",\"target\":[\"https:\/\/www.africa-press.net\/cameroun\/culture-et-art\/toto-guillaume-fait-ambassadeur-de-la-culture-et-du-festival-botina\"]}]},{\"@type\":\"ImageObject\",\"inLanguage\":\"fr-FR\",\"@id\":\"https:\/\/www.africa-press.net\/cameroun\/culture-et-art\/toto-guillaume-fait-ambassadeur-de-la-culture-et-du-festival-botina#primaryimage\",\"url\":\"https:\/\/static.africa-press.net\/cameroun\/sites\/57\/2021\/03\/img-60582d97e058c.jpg\",\"contentUrl\":\"https:\/\/static.africa-press.net\/cameroun\/sites\/57\/2021\/03\/img-60582d97e058c.jpg\",\"width\":1280,\"height\":720,\"caption\":\"Toto Guillaume fait ambassadeur de la culture et du festival BOTINA\"},{\"@type\":\"BreadcrumbList\",\"@id\":\"https:\/\/www.africa-press.net\/cameroun\/culture-et-art\/toto-guillaume-fait-ambassadeur-de-la-culture-et-du-festival-botina#breadcrumb\",\"itemListElement\":[{\"@type\":\"ListItem\",\"position\":1,\"name\":\"Accueil\",\"item\":\"https:\/\/www.africa-press.net\/cameroun\/\"},{\"@type\":\"ListItem\",\"position\":2,\"name\":\"Toto Guillaume fait ambassadeur de la culture et du festival BOTINA\"}]},{\"@type\":\"WebSite\",\"@id\":\"https:\/\/www.africa-press.net\/cameroun\/#website\",\"url\":\"https:\/\/www.africa-press.net\/cameroun\/\",\"name\":\"Cameroun\",\"description\":\"Just another Africa News Agency Sites site\",\"potentialAction\":[{\"@type\":\"SearchAction\",\"target\":{\"@type\":\"EntryPoint\",\"urlTemplate\":\"https:\/\/www.africa-press.net\/cameroun\/?s={search_term_string}\"},\"query-input\":{\"@type\":\"PropertyValueSpecification\",\"valueRequired\":true,\"valueName\":\"search_term_string\"}}],\"inLanguage\":\"fr-FR\"},{\"@type\":\"Person\",\"@id\":\"https:\/\/www.africa-press.net\/cameroun\/#\/schema\/person\/2b1cf3cd81a31e3cd26889ca66d677f1\",\"name\":\"cfeditorfr\"}]}<\/script>\n<!-- \/ Yoast SEO Premium plugin. -->","yoast_head_json":{"title":"Toto Guillaume fait ambassadeur de la culture et du festival BOTINA - Cameroun","description":"En outre, l\u2019artiste portera aussi le titre traditionnel \"Limouna Limot\u00e8\"(Petit oiseau). L'intronisation a \u00e9t\u00e9 faite ce ...","robots":{"index":"index","follow":"follow","max-snippet":"max-snippet:-1","max-image-preview":"max-image-preview:large","max-video-preview":"max-video-preview:-1"},"canonical":"https:\/\/www.africa-press.net\/cameroun\/culture-et-art\/toto-guillaume-fait-ambassadeur-de-la-culture-et-du-festival-botina","og_locale":"fr_FR","og_type":"article","og_title":"Toto Guillaume fait ambassadeur de la culture et du festival BOTINA","og_description":"En outre, l\u2019artiste portera aussi le titre traditionnel \"Limouna Limot\u00e8\"(Petit oiseau). L'intronisation a \u00e9t\u00e9 faite ce ...","og_url":"https:\/\/www.africa-press.net\/cameroun\/culture-et-art\/toto-guillaume-fait-ambassadeur-de-la-culture-et-du-festival-botina","og_site_name":"Cameroun","article_published_time":"2021-03-21T17:40:47+00:00","article_modified_time":"2021-03-22T05:40:03+00:00","og_image":[{"width":1280,"height":720,"url":"https:\/\/static.africa-press.net\/cameroun\/sites\/57\/2021\/03\/img-60582d97e058c.jpg","type":"image\/jpeg"}],"author":"cfeditorfr","twitter_card":"summary_large_image","twitter_misc":{"\u00c9crit par":"cfeditorfr","Dur\u00e9e de lecture estim\u00e9e":"1 minute"},"schema":{"@context":"https:\/\/schema.org","@graph":[{"@type":"Article","@id":"https:\/\/www.africa-press.net\/cameroun\/culture-et-art\/toto-guillaume-fait-ambassadeur-de-la-culture-et-du-festival-botina#article","isPartOf":{"@id":"https:\/\/www.africa-press.net\/cameroun\/culture-et-art\/toto-guillaume-fait-ambassadeur-de-la-culture-et-du-festival-botina"},"author":{"name":"cfeditorfr","@id":"https:\/\/www.africa-press.net\/cameroun\/#\/schema\/person\/2b1cf3cd81a31e3cd26889ca66d677f1"},"headline":"Toto Guillaume fait ambassadeur de la culture et du festival BOTINA","datePublished":"2021-03-21T17:40:47+00:00","dateModified":"2021-03-22T05:40:03+00:00","mainEntityOfPage":{"@id":"https:\/\/www.africa-press.net\/cameroun\/culture-et-art\/toto-guillaume-fait-ambassadeur-de-la-culture-et-du-festival-botina"},"wordCount":172,"commentCount":0,"image":{"@id":"https:\/\/www.africa-press.net\/cameroun\/culture-et-art\/toto-guillaume-fait-ambassadeur-de-la-culture-et-du-festival-botina#primaryimage"},"thumbnailUrl":"https:\/\/static.africa-press.net\/cameroun\/sites\/57\/2021\/03\/img-60582d97e058c.jpg","keywords":["Africa Press","Africa Press-Cameroun","Cameroun"],"articleSection":["Culture et Art","homepage-french","Toutes les actualit\u00e9s"],"inLanguage":"fr-FR","potentialAction":[{"@type":"CommentAction","name":"Comment","target":["https:\/\/www.africa-press.net\/cameroun\/culture-et-art\/toto-guillaume-fait-ambassadeur-de-la-culture-et-du-festival-botina#respond"]}]},{"@type":"WebPage","@id":"https:\/\/www.africa-press.net\/cameroun\/culture-et-art\/toto-guillaume-fait-ambassadeur-de-la-culture-et-du-festival-botina","url":"https:\/\/www.africa-press.net\/cameroun\/culture-et-art\/toto-guillaume-fait-ambassadeur-de-la-culture-et-du-festival-botina","name":"Toto Guillaume fait ambassadeur de la culture et du festival BOTINA - Cameroun","isPartOf":{"@id":"https:\/\/www.africa-press.net\/cameroun\/#website"},"primaryImageOfPage":{"@id":"https:\/\/www.africa-press.net\/cameroun\/culture-et-art\/toto-guillaume-fait-ambassadeur-de-la-culture-et-du-festival-botina#primaryimage"},"image":{"@id":"https:\/\/www.africa-press.net\/cameroun\/culture-et-art\/toto-guillaume-fait-ambassadeur-de-la-culture-et-du-festival-botina#primaryimage"},"thumbnailUrl":"https:\/\/static.africa-press.net\/cameroun\/sites\/57\/2021\/03\/img-60582d97e058c.jpg","datePublished":"2021-03-21T17:40:47+00:00","dateModified":"2021-03-22T05:40:03+00:00","author":{"@id":"https:\/\/www.africa-press.net\/cameroun\/#\/schema\/person\/2b1cf3cd81a31e3cd26889ca66d677f1"},"description":"En outre, l\u2019artiste portera aussi le titre traditionnel \"Limouna Limot\u00e8\"(Petit oiseau). L'intronisation a \u00e9t\u00e9 faite ce ...","breadcrumb":{"@id":"https:\/\/www.africa-press.net\/cameroun\/culture-et-art\/toto-guillaume-fait-ambassadeur-de-la-culture-et-du-festival-botina#breadcrumb"},"inLanguage":"fr-FR","potentialAction":[{"@type":"ReadAction","target":["https:\/\/www.africa-press.net\/cameroun\/culture-et-art\/toto-guillaume-fait-ambassadeur-de-la-culture-et-du-festival-botina"]}]},{"@type":"ImageObject","inLanguage":"fr-FR","@id":"https:\/\/www.africa-press.net\/cameroun\/culture-et-art\/toto-guillaume-fait-ambassadeur-de-la-culture-et-du-festival-botina#primaryimage","url":"https:\/\/static.africa-press.net\/cameroun\/sites\/57\/2021\/03\/img-60582d97e058c.jpg","contentUrl":"https:\/\/static.africa-press.net\/cameroun\/sites\/57\/2021\/03\/img-60582d97e058c.jpg","width":1280,"height":720,"caption":"Toto Guillaume fait ambassadeur de la culture et du festival BOTINA"},{"@type":"BreadcrumbList","@id":"https:\/\/www.africa-press.net\/cameroun\/culture-et-art\/toto-guillaume-fait-ambassadeur-de-la-culture-et-du-festival-botina#breadcrumb","itemListElement":[{"@type":"ListItem","position":1,"name":"Accueil","item":"https:\/\/www.africa-press.net\/cameroun\/"},{"@type":"ListItem","position":2,"name":"Toto Guillaume fait ambassadeur de la culture et du festival BOTINA"}]},{"@type":"WebSite","@id":"https:\/\/www.africa-press.net\/cameroun\/#website","url":"https:\/\/www.africa-press.net\/cameroun\/","name":"Cameroun","description":"Just another Africa News Agency Sites site","potentialAction":[{"@type":"SearchAction","target":{"@type":"EntryPoint","urlTemplate":"https:\/\/www.africa-press.net\/cameroun\/?s={search_term_string}"},"query-input":{"@type":"PropertyValueSpecification","valueRequired":true,"valueName":"search_term_string"}}],"inLanguage":"fr-FR"},{"@type":"Person","@id":"https:\/\/www.africa-press.net\/cameroun\/#\/schema\/person\/2b1cf3cd81a31e3cd26889ca66d677f1","name":"cfeditorfr"}]}},"_links":{"self":[{"href":"https:\/\/www.africa-press.net\/cameroun\/wp-json\/wp\/v2\/posts\/1598","targetHints":{"allow":["GET"]}}],"collection":[{"href":"https:\/\/www.africa-press.net\/cameroun\/wp-json\/wp\/v2\/posts"}],"about":[{"href":"https:\/\/www.africa-press.net\/cameroun\/wp-json\/wp\/v2\/types\/post"}],"author":[{"embeddable":true,"href":"https:\/\/www.africa-press.net\/cameroun\/wp-json\/wp\/v2\/users\/82"}],"replies":[{"embeddable":true,"href":"https:\/\/www.africa-press.net\/cameroun\/wp-json\/wp\/v2\/comments?post=1598"}],"version-history":[{"count":0,"href":"https:\/\/www.africa-press.net\/cameroun\/wp-json\/wp\/v2\/posts\/1598\/revisions"}],"wp:featuredmedia":[{"embeddable":true,"href":"https:\/\/www.africa-press.net\/cameroun\/wp-json\/wp\/v2\/media\/1597"}],"wp:attachment":[{"href":"https:\/\/www.africa-press.net\/cameroun\/wp-json\/wp\/v2\/media?parent=1598"}],"wp:term":[{"taxonomy":"category","embeddable":true,"href":"https:\/\/www.africa-press.net\/cameroun\/wp-json\/wp\/v2\/categories?post=1598"},{"taxonomy":"post_tag","embeddable":true,"href":"https:\/\/www.africa-press.net\/cameroun\/wp-json\/wp\/v2\/tags?post=1598"}],"curies":[{"name":"wp","href":"https:\/\/api.w.org\/{rel}","templated":true}]}}