{"id":1601,"date":"2021-03-21T17:48:31","date_gmt":"2021-03-21T17:48:31","guid":{"rendered":"https:\/\/www.africa-press.net\/cameroun\/politique\/maintien-en-detention-de-mendo-ze-marlene-emvoutou-accuse-macron"},"modified":"2021-03-22T05:40:41","modified_gmt":"2021-03-22T05:40:41","slug":"maintien-en-detention-de-mendo-ze-marlene-emvoutou-accuse-macron","status":"publish","type":"post","link":"https:\/\/www.africa-press.net\/cameroun\/politique\/maintien-en-detention-de-mendo-ze-marlene-emvoutou-accuse-macron","title":{"rendered":"Maintien en d\u00e9tention de Mendo Ze : Marl\u00e8ne Emvoutou accuse Macron"},"content":{"rendered":"<p><span style=\"color: #ff6600\"><strong><a href=\"https:\/\/www.africa-press.net\/\">Africa-Press<\/a> &#8211; <a href=\"https:\/\/www.africa-press.net\/cameroun\">Cameroun<\/a>. <\/strong><\/span>Si rien n\u2019est fait le Pr Mendo Ze, quitterait la terre des vivants dans les prochains jours. Sa \u00ab fille \u00bb Marl\u00e8ne Patience Emvoutou en est consciente. C\u2019est la raison pour laquelle elle use de son clavier pour interpeller Emmanuel Macron. Le locataire de l\u2019Elys\u00e9e selon elle, devrait intervenir pour faire lib\u00e9rer le \u00ab seul camerounais agr\u00e9g\u00e9 en stylistique fran\u00e7aise \u00bb.<\/p>\n<p>\u00ab\u00a0&#8230; C&rsquo;est le visage du Cameroun, oui, Eto&rsquo;o peut !<br \/>\nSi je peux comprendre cette fascination qu\u2019ont ceux qui n&rsquo;ont jamais dormi \u00e0 3 heures du matin, parce qu&rsquo;ils r\u00e9visent une UV, pour l\u2019universit\u00e9 et ses titres, force est de constater que l\u2019universit\u00e9 fran\u00e7aise vient de reconna\u00eetre le domaine du m\u00e9rite camerounais &#8230;<br \/>\nZidane qui a fait gagner la coupe du monde \u00e0 la France ou Kylian Mbapp\u00e9 le plus jeune vainqueur d&rsquo;une coupe du monde, n&rsquo;ont jamais \u00e9t\u00e9 invit\u00e9s dans une universit\u00e9 en France.<br \/>\nLe football est plus important au Cameroun parce qu&rsquo;il divertit, suscite des passions, fait drainer des foules, donne des emplois, booste l&rsquo;\u00e9conomie. Mais \u00e0 quoi sert la stylistique fran\u00e7aise ?<\/p>\n<p>Le seul camerounais agr\u00e9g\u00e9 en stylistique fran\u00e7aise agonise sur un minable lit d\u2019h\u00f4pital, dans l\u2019indiff\u00e9rence totale des universitaires fran\u00e7ais.<br \/>\nMacron qui aime les grands auteurs, ne sait pas qu&rsquo;un auteur de 36 livres de litt\u00e9rature fran\u00e7aise est purge une peine de prison de 20 ans alors qu&rsquo;il est \u00e2g\u00e9 de 77 ans ? Son t\u00e9l\u00e9phone est en confinement ou quoi ? En tout cas, aujourd\u2019hui se construit le Cameroun de demain, avec la France.<br \/>\nEt vous vous \u00e9tonnez que les jeunes universitaires pr\u00e9f\u00e8rent inviter NK que Mme Biwole pour leur parler de management et de l\u2019entrepreneuriat. Une soci\u00e9t\u00e9 \u00e9tablit ses priorit\u00e9s et ses mod\u00e8les.<\/p>\n<p>Les jeunes s\u2019inspirent du parcours de ceux qui sont honor\u00e9s dans leur environnement imm\u00e9diat. Celles et ceux qui affichent des signes de r\u00e9ussite sociale sont adul\u00e9s.<\/p>\n<p>Lorsqu&rsquo;on d\u00e9cide de clochardiser et d&rsquo;humilier les enseignants, c&rsquo;est la porte ouverte aux d\u00e9rives de tout genre.<br \/>\nLes \u00e9l\u00e8ves qui pr\u00e9f\u00e8rent s\u2019entrainer aux partouzes pendant les heures de cours, on d\u00e9j\u00e0 compris que l&rsquo;\u00e9cole ne sert plus \u00e0 rien au pays.<br \/>\nEn tout cas, mon cher Samuel, tu es devenu le coll\u00e8gue du professeur prisonnier Mendo Z\u00e9&#8230; \u00ab\u00a0<\/p>\n","protected":false},"excerpt":{"rendered":"<p>Africa-Press &#8211; Cameroun. Si rien n\u2019est fait le Pr Mendo Ze, quitterait la terre des vivants dans les prochains jours. Sa \u00ab fille \u00bb Marl\u00e8ne Patience Emvoutou en est consciente. C\u2019est la raison pour laquelle elle use de son clavier pour interpeller Emmanuel Macron. Le locataire de l\u2019Elys\u00e9e selon elle, devrait intervenir pour faire lib\u00e9rer [&hellip;]<\/p>\n","protected":false},"author":82,"featured_media":1600,"comment_status":"open","ping_status":"closed","sticky":false,"template":"","format":"standard","meta":{"footnotes":""},"categories":[11,2,20,10],"tags":[36,50,49],"class_list":["post-1601","post","type-post","status-publish","format-standard","has-post-thumbnail","hentry","category-homepage-french","category-politique","category-top-nouvelles","category-toutes-les-actualites","tag-africa-press","tag-africa-press-cameroun","tag-cameroun"],"yoast_head":"<!-- This site is optimized with the Yoast SEO Premium plugin v26.1 (Yoast SEO v27.0) - https:\/\/yoast.com\/product\/yoast-seo-premium-wordpress\/ -->\n<title>Maintien en d\u00e9tention de Mendo Ze : Marl\u00e8ne Emvoutou accuse Macron - Cameroun<\/title>\n<meta name=\"description\" content=\"Si rien n\u2019est fait le Pr Mendo Ze, quitterait la terre des vivants dans les prochains jours. Sa \u00ab fille \u00bb Marl\u00e8ne Patien ...\" \/>\n<meta name=\"robots\" content=\"index, follow, max-snippet:-1, max-image-preview:large, max-video-preview:-1\" \/>\n<link rel=\"canonical\" href=\"https:\/\/www.africa-press.net\/cameroun\/politique\/maintien-en-detention-de-mendo-ze-marlene-emvoutou-accuse-macron\" \/>\n<meta property=\"og:locale\" content=\"fr_FR\" \/>\n<meta property=\"og:type\" content=\"article\" \/>\n<meta property=\"og:title\" content=\"Maintien en d\u00e9tention de Mendo Ze : Marl\u00e8ne Emvoutou accuse Macron\" \/>\n<meta property=\"og:description\" content=\"Si rien n\u2019est fait le Pr Mendo Ze, quitterait la terre des vivants dans les prochains jours. Sa \u00ab fille \u00bb Marl\u00e8ne Patien ...\" \/>\n<meta property=\"og:url\" content=\"https:\/\/www.africa-press.net\/cameroun\/politique\/maintien-en-detention-de-mendo-ze-marlene-emvoutou-accuse-macron\" \/>\n<meta property=\"og:site_name\" content=\"Cameroun\" \/>\n<meta property=\"article:published_time\" content=\"2021-03-21T17:48:31+00:00\" \/>\n<meta property=\"article:modified_time\" content=\"2021-03-22T05:40:41+00:00\" \/>\n<meta property=\"og:image\" content=\"https:\/\/static.africa-press.net\/cameroun\/sites\/57\/2021\/03\/img-60582dc2205b5.jpg\" \/>\n\t<meta property=\"og:image:width\" content=\"1200\" \/>\n\t<meta property=\"og:image:height\" content=\"899\" \/>\n\t<meta property=\"og:image:type\" content=\"image\/jpeg\" \/>\n<meta name=\"author\" content=\"cfeditorfr\" \/>\n<meta name=\"twitter:card\" content=\"summary_large_image\" \/>\n<meta name=\"twitter:label1\" content=\"\u00c9crit par\" \/>\n\t<meta name=\"twitter:data1\" content=\"cfeditorfr\" \/>\n\t<meta name=\"twitter:label2\" content=\"Dur\u00e9e de lecture estim\u00e9e\" \/>\n\t<meta name=\"twitter:data2\" content=\"2 minutes\" \/>\n<script type=\"application\/ld+json\" class=\"yoast-schema-graph\">{\"@context\":\"https:\/\/schema.org\",\"@graph\":[{\"@type\":\"Article\",\"@id\":\"https:\/\/www.africa-press.net\/cameroun\/politique\/maintien-en-detention-de-mendo-ze-marlene-emvoutou-accuse-macron#article\",\"isPartOf\":{\"@id\":\"https:\/\/www.africa-press.net\/cameroun\/politique\/maintien-en-detention-de-mendo-ze-marlene-emvoutou-accuse-macron\"},\"author\":{\"name\":\"cfeditorfr\",\"@id\":\"https:\/\/www.africa-press.net\/cameroun\/#\/schema\/person\/2b1cf3cd81a31e3cd26889ca66d677f1\"},\"headline\":\"Maintien en d\u00e9tention de Mendo Ze : Marl\u00e8ne Emvoutou accuse Macron\",\"datePublished\":\"2021-03-21T17:48:31+00:00\",\"dateModified\":\"2021-03-22T05:40:41+00:00\",\"mainEntityOfPage\":{\"@id\":\"https:\/\/www.africa-press.net\/cameroun\/politique\/maintien-en-detention-de-mendo-ze-marlene-emvoutou-accuse-macron\"},\"wordCount\":422,\"commentCount\":0,\"image\":{\"@id\":\"https:\/\/www.africa-press.net\/cameroun\/politique\/maintien-en-detention-de-mendo-ze-marlene-emvoutou-accuse-macron#primaryimage\"},\"thumbnailUrl\":\"https:\/\/static.africa-press.net\/cameroun\/sites\/57\/2021\/03\/img-60582dc2205b5.jpg\",\"keywords\":[\"Africa Press\",\"Africa Press-Cameroun\",\"Cameroun\"],\"articleSection\":[\"homepage-french\",\"Politique\",\"Top Nouvelles\",\"Toutes les actualit\u00e9s\"],\"inLanguage\":\"fr-FR\",\"potentialAction\":[{\"@type\":\"CommentAction\",\"name\":\"Comment\",\"target\":[\"https:\/\/www.africa-press.net\/cameroun\/politique\/maintien-en-detention-de-mendo-ze-marlene-emvoutou-accuse-macron#respond\"]}]},{\"@type\":\"WebPage\",\"@id\":\"https:\/\/www.africa-press.net\/cameroun\/politique\/maintien-en-detention-de-mendo-ze-marlene-emvoutou-accuse-macron\",\"url\":\"https:\/\/www.africa-press.net\/cameroun\/politique\/maintien-en-detention-de-mendo-ze-marlene-emvoutou-accuse-macron\",\"name\":\"Maintien en d\u00e9tention de Mendo Ze : Marl\u00e8ne Emvoutou accuse Macron - Cameroun\",\"isPartOf\":{\"@id\":\"https:\/\/www.africa-press.net\/cameroun\/#website\"},\"primaryImageOfPage\":{\"@id\":\"https:\/\/www.africa-press.net\/cameroun\/politique\/maintien-en-detention-de-mendo-ze-marlene-emvoutou-accuse-macron#primaryimage\"},\"image\":{\"@id\":\"https:\/\/www.africa-press.net\/cameroun\/politique\/maintien-en-detention-de-mendo-ze-marlene-emvoutou-accuse-macron#primaryimage\"},\"thumbnailUrl\":\"https:\/\/static.africa-press.net\/cameroun\/sites\/57\/2021\/03\/img-60582dc2205b5.jpg\",\"datePublished\":\"2021-03-21T17:48:31+00:00\",\"dateModified\":\"2021-03-22T05:40:41+00:00\",\"author\":{\"@id\":\"https:\/\/www.africa-press.net\/cameroun\/#\/schema\/person\/2b1cf3cd81a31e3cd26889ca66d677f1\"},\"description\":\"Si rien n\u2019est fait le Pr Mendo Ze, quitterait la terre des vivants dans les prochains jours. Sa \u00ab fille \u00bb Marl\u00e8ne Patien ...\",\"breadcrumb\":{\"@id\":\"https:\/\/www.africa-press.net\/cameroun\/politique\/maintien-en-detention-de-mendo-ze-marlene-emvoutou-accuse-macron#breadcrumb\"},\"inLanguage\":\"fr-FR\",\"potentialAction\":[{\"@type\":\"ReadAction\",\"target\":[\"https:\/\/www.africa-press.net\/cameroun\/politique\/maintien-en-detention-de-mendo-ze-marlene-emvoutou-accuse-macron\"]}]},{\"@type\":\"ImageObject\",\"inLanguage\":\"fr-FR\",\"@id\":\"https:\/\/www.africa-press.net\/cameroun\/politique\/maintien-en-detention-de-mendo-ze-marlene-emvoutou-accuse-macron#primaryimage\",\"url\":\"https:\/\/static.africa-press.net\/cameroun\/sites\/57\/2021\/03\/img-60582dc2205b5.jpg\",\"contentUrl\":\"https:\/\/static.africa-press.net\/cameroun\/sites\/57\/2021\/03\/img-60582dc2205b5.jpg\",\"width\":1200,\"height\":899,\"caption\":\"Maintien en d\u00e9tention de Mendo Ze : Marl\u00e8ne Emvoutou accuse Macron\"},{\"@type\":\"BreadcrumbList\",\"@id\":\"https:\/\/www.africa-press.net\/cameroun\/politique\/maintien-en-detention-de-mendo-ze-marlene-emvoutou-accuse-macron#breadcrumb\",\"itemListElement\":[{\"@type\":\"ListItem\",\"position\":1,\"name\":\"Accueil\",\"item\":\"https:\/\/www.africa-press.net\/cameroun\/\"},{\"@type\":\"ListItem\",\"position\":2,\"name\":\"Maintien en d\u00e9tention de Mendo Ze : Marl\u00e8ne Emvoutou accuse Macron\"}]},{\"@type\":\"WebSite\",\"@id\":\"https:\/\/www.africa-press.net\/cameroun\/#website\",\"url\":\"https:\/\/www.africa-press.net\/cameroun\/\",\"name\":\"Cameroun\",\"description\":\"Just another Africa News Agency Sites site\",\"potentialAction\":[{\"@type\":\"SearchAction\",\"target\":{\"@type\":\"EntryPoint\",\"urlTemplate\":\"https:\/\/www.africa-press.net\/cameroun\/?s={search_term_string}\"},\"query-input\":{\"@type\":\"PropertyValueSpecification\",\"valueRequired\":true,\"valueName\":\"search_term_string\"}}],\"inLanguage\":\"fr-FR\"},{\"@type\":\"Person\",\"@id\":\"https:\/\/www.africa-press.net\/cameroun\/#\/schema\/person\/2b1cf3cd81a31e3cd26889ca66d677f1\",\"name\":\"cfeditorfr\"}]}<\/script>\n<!-- \/ Yoast SEO Premium plugin. -->","yoast_head_json":{"title":"Maintien en d\u00e9tention de Mendo Ze : Marl\u00e8ne Emvoutou accuse Macron - Cameroun","description":"Si rien n\u2019est fait le Pr Mendo Ze, quitterait la terre des vivants dans les prochains jours. Sa \u00ab fille \u00bb Marl\u00e8ne Patien ...","robots":{"index":"index","follow":"follow","max-snippet":"max-snippet:-1","max-image-preview":"max-image-preview:large","max-video-preview":"max-video-preview:-1"},"canonical":"https:\/\/www.africa-press.net\/cameroun\/politique\/maintien-en-detention-de-mendo-ze-marlene-emvoutou-accuse-macron","og_locale":"fr_FR","og_type":"article","og_title":"Maintien en d\u00e9tention de Mendo Ze : Marl\u00e8ne Emvoutou accuse Macron","og_description":"Si rien n\u2019est fait le Pr Mendo Ze, quitterait la terre des vivants dans les prochains jours. Sa \u00ab fille \u00bb Marl\u00e8ne Patien ...","og_url":"https:\/\/www.africa-press.net\/cameroun\/politique\/maintien-en-detention-de-mendo-ze-marlene-emvoutou-accuse-macron","og_site_name":"Cameroun","article_published_time":"2021-03-21T17:48:31+00:00","article_modified_time":"2021-03-22T05:40:41+00:00","og_image":[{"width":1200,"height":899,"url":"https:\/\/static.africa-press.net\/cameroun\/sites\/57\/2021\/03\/img-60582dc2205b5.jpg","type":"image\/jpeg"}],"author":"cfeditorfr","twitter_card":"summary_large_image","twitter_misc":{"\u00c9crit par":"cfeditorfr","Dur\u00e9e de lecture estim\u00e9e":"2 minutes"},"schema":{"@context":"https:\/\/schema.org","@graph":[{"@type":"Article","@id":"https:\/\/www.africa-press.net\/cameroun\/politique\/maintien-en-detention-de-mendo-ze-marlene-emvoutou-accuse-macron#article","isPartOf":{"@id":"https:\/\/www.africa-press.net\/cameroun\/politique\/maintien-en-detention-de-mendo-ze-marlene-emvoutou-accuse-macron"},"author":{"name":"cfeditorfr","@id":"https:\/\/www.africa-press.net\/cameroun\/#\/schema\/person\/2b1cf3cd81a31e3cd26889ca66d677f1"},"headline":"Maintien en d\u00e9tention de Mendo Ze : Marl\u00e8ne Emvoutou accuse Macron","datePublished":"2021-03-21T17:48:31+00:00","dateModified":"2021-03-22T05:40:41+00:00","mainEntityOfPage":{"@id":"https:\/\/www.africa-press.net\/cameroun\/politique\/maintien-en-detention-de-mendo-ze-marlene-emvoutou-accuse-macron"},"wordCount":422,"commentCount":0,"image":{"@id":"https:\/\/www.africa-press.net\/cameroun\/politique\/maintien-en-detention-de-mendo-ze-marlene-emvoutou-accuse-macron#primaryimage"},"thumbnailUrl":"https:\/\/static.africa-press.net\/cameroun\/sites\/57\/2021\/03\/img-60582dc2205b5.jpg","keywords":["Africa Press","Africa Press-Cameroun","Cameroun"],"articleSection":["homepage-french","Politique","Top Nouvelles","Toutes les actualit\u00e9s"],"inLanguage":"fr-FR","potentialAction":[{"@type":"CommentAction","name":"Comment","target":["https:\/\/www.africa-press.net\/cameroun\/politique\/maintien-en-detention-de-mendo-ze-marlene-emvoutou-accuse-macron#respond"]}]},{"@type":"WebPage","@id":"https:\/\/www.africa-press.net\/cameroun\/politique\/maintien-en-detention-de-mendo-ze-marlene-emvoutou-accuse-macron","url":"https:\/\/www.africa-press.net\/cameroun\/politique\/maintien-en-detention-de-mendo-ze-marlene-emvoutou-accuse-macron","name":"Maintien en d\u00e9tention de Mendo Ze : Marl\u00e8ne Emvoutou accuse Macron - Cameroun","isPartOf":{"@id":"https:\/\/www.africa-press.net\/cameroun\/#website"},"primaryImageOfPage":{"@id":"https:\/\/www.africa-press.net\/cameroun\/politique\/maintien-en-detention-de-mendo-ze-marlene-emvoutou-accuse-macron#primaryimage"},"image":{"@id":"https:\/\/www.africa-press.net\/cameroun\/politique\/maintien-en-detention-de-mendo-ze-marlene-emvoutou-accuse-macron#primaryimage"},"thumbnailUrl":"https:\/\/static.africa-press.net\/cameroun\/sites\/57\/2021\/03\/img-60582dc2205b5.jpg","datePublished":"2021-03-21T17:48:31+00:00","dateModified":"2021-03-22T05:40:41+00:00","author":{"@id":"https:\/\/www.africa-press.net\/cameroun\/#\/schema\/person\/2b1cf3cd81a31e3cd26889ca66d677f1"},"description":"Si rien n\u2019est fait le Pr Mendo Ze, quitterait la terre des vivants dans les prochains jours. Sa \u00ab fille \u00bb Marl\u00e8ne Patien ...","breadcrumb":{"@id":"https:\/\/www.africa-press.net\/cameroun\/politique\/maintien-en-detention-de-mendo-ze-marlene-emvoutou-accuse-macron#breadcrumb"},"inLanguage":"fr-FR","potentialAction":[{"@type":"ReadAction","target":["https:\/\/www.africa-press.net\/cameroun\/politique\/maintien-en-detention-de-mendo-ze-marlene-emvoutou-accuse-macron"]}]},{"@type":"ImageObject","inLanguage":"fr-FR","@id":"https:\/\/www.africa-press.net\/cameroun\/politique\/maintien-en-detention-de-mendo-ze-marlene-emvoutou-accuse-macron#primaryimage","url":"https:\/\/static.africa-press.net\/cameroun\/sites\/57\/2021\/03\/img-60582dc2205b5.jpg","contentUrl":"https:\/\/static.africa-press.net\/cameroun\/sites\/57\/2021\/03\/img-60582dc2205b5.jpg","width":1200,"height":899,"caption":"Maintien en d\u00e9tention de Mendo Ze : Marl\u00e8ne Emvoutou accuse Macron"},{"@type":"BreadcrumbList","@id":"https:\/\/www.africa-press.net\/cameroun\/politique\/maintien-en-detention-de-mendo-ze-marlene-emvoutou-accuse-macron#breadcrumb","itemListElement":[{"@type":"ListItem","position":1,"name":"Accueil","item":"https:\/\/www.africa-press.net\/cameroun\/"},{"@type":"ListItem","position":2,"name":"Maintien en d\u00e9tention de Mendo Ze : Marl\u00e8ne Emvoutou accuse Macron"}]},{"@type":"WebSite","@id":"https:\/\/www.africa-press.net\/cameroun\/#website","url":"https:\/\/www.africa-press.net\/cameroun\/","name":"Cameroun","description":"Just another Africa News Agency Sites site","potentialAction":[{"@type":"SearchAction","target":{"@type":"EntryPoint","urlTemplate":"https:\/\/www.africa-press.net\/cameroun\/?s={search_term_string}"},"query-input":{"@type":"PropertyValueSpecification","valueRequired":true,"valueName":"search_term_string"}}],"inLanguage":"fr-FR"},{"@type":"Person","@id":"https:\/\/www.africa-press.net\/cameroun\/#\/schema\/person\/2b1cf3cd81a31e3cd26889ca66d677f1","name":"cfeditorfr"}]}},"_links":{"self":[{"href":"https:\/\/www.africa-press.net\/cameroun\/wp-json\/wp\/v2\/posts\/1601","targetHints":{"allow":["GET"]}}],"collection":[{"href":"https:\/\/www.africa-press.net\/cameroun\/wp-json\/wp\/v2\/posts"}],"about":[{"href":"https:\/\/www.africa-press.net\/cameroun\/wp-json\/wp\/v2\/types\/post"}],"author":[{"embeddable":true,"href":"https:\/\/www.africa-press.net\/cameroun\/wp-json\/wp\/v2\/users\/82"}],"replies":[{"embeddable":true,"href":"https:\/\/www.africa-press.net\/cameroun\/wp-json\/wp\/v2\/comments?post=1601"}],"version-history":[{"count":0,"href":"https:\/\/www.africa-press.net\/cameroun\/wp-json\/wp\/v2\/posts\/1601\/revisions"}],"wp:featuredmedia":[{"embeddable":true,"href":"https:\/\/www.africa-press.net\/cameroun\/wp-json\/wp\/v2\/media\/1600"}],"wp:attachment":[{"href":"https:\/\/www.africa-press.net\/cameroun\/wp-json\/wp\/v2\/media?parent=1601"}],"wp:term":[{"taxonomy":"category","embeddable":true,"href":"https:\/\/www.africa-press.net\/cameroun\/wp-json\/wp\/v2\/categories?post=1601"},{"taxonomy":"post_tag","embeddable":true,"href":"https:\/\/www.africa-press.net\/cameroun\/wp-json\/wp\/v2\/tags?post=1601"}],"curies":[{"name":"wp","href":"https:\/\/api.w.org\/{rel}","templated":true}]}}