{"id":1622,"date":"2021-03-21T18:41:20","date_gmt":"2021-03-21T18:41:20","guid":{"rendered":"https:\/\/www.africa-press.net\/cameroun\/politique\/depravations-des-moeurs-un-activiste-pro-biya-charge-le-president-et-son-regime"},"modified":"2021-03-22T05:44:31","modified_gmt":"2021-03-22T05:44:31","slug":"depravations-des-moeurs-un-activiste-pro-biya-charge-le-president-et-son-regime","status":"publish","type":"post","link":"https:\/\/www.africa-press.net\/cameroun\/politique\/depravations-des-moeurs-un-activiste-pro-biya-charge-le-president-et-son-regime","title":{"rendered":"D\u00e9pravations des moeurs: un activiste pro-Biya charge le pr\u00e9sident et son r\u00e9gime"},"content":{"rendered":"<p><span style=\"color: #ff6600\"><strong><a href=\"https:\/\/www.africa-press.net\/\">Africa-Press<\/a> &#8211; <a href=\"https:\/\/www.africa-press.net\/cameroun\">Cameroun<\/a>. <\/strong><\/span>Junior Zogo n&rsquo;est pas rest\u00e9 impassible face au d\u00e9pravation des moeurs au Cameroun qui se transforme d&rsquo;apr\u00e8s lui Sodome et Gomorrhe. L&rsquo;activiste du mouvement des Patriotes qui soutient le r\u00e9gime Biya s&rsquo;indigne de cet \u00e9tat de chose et appelle les autorit\u00e9s du pays \u00e0 plus de responsabilit\u00e9 en sanctionnant ceux qui pervertissent la jeunesse camerounaise.<\/p>\n<p>Quand le cameroun se transforme en sodome et gomorrhe !<br \/>\nDes images virales de nos b\u00e9b\u00e9s \u00e2g\u00e9s entre 3 et 5 ans se livrant \u00e0 des orgies sexuelles forc\u00e9es et sc\u00e8nes homosexuelles , notamment des actes de fellation , circulent sur les r\u00e9seaux sociaux en ce moment.<br \/>\nIl ya quelques semaines, d&rsquo;autres images d&rsquo;orgies sexuelles de nos adolescents en tenue de college s&rsquo;envoyant en l&rsquo;air en plein lyc\u00e9e ont circul\u00e9es .<\/p>\n<p>nous avons vu des filles s&#8217;embrassant entre elles, des adolescents harnachant \u00e0 grands coups de reins des jeunes filles \u00e0 peine pub\u00e8res poussant des cris d&rsquo;extase stridents.<br \/>\nLe mouvement des patriotes par ma voix s&rsquo;indigne face \u00e0 toutes ces d\u00e9rives et sc\u00e8nes de p\u00e9d\u00e9rastie choquantes mettant en sc\u00e8ne nos enfants et adolescents, cameroun de demain.<\/p>\n<p>De tels agissements vont \u00e0 l&rsquo;encontre des conventions internationales sur les droits des enfants auxquelles notre pays le cameroun a souscrit et pris des engagements.<br \/>\nNous prions les autorit\u00e9s camerounaises \u00e0 tout mettre en oeuvre, pour retrouver les auteurs de tels crimes et \u00e0 les traduire en justice.<br \/>\nle cameroun ne peut devenir un sanctuaire et far west o\u00f9, tous les p\u00e9dophiles et pervers sexuels viennent se r\u00e9fugier pour pervertir nos enfants ainsi que notre jeunesse, fer de lance de la nation.<\/p>\n<p>Le mouvement des patriotes prie tous les camerounais \u00e9pris de justice et d&rsquo;humanisme \u00e0 s&rsquo;indigner contre de tels actes et abominations , en refusant de partager de telles images. bien plus, de communiquer \u00e0 nos autorit\u00e9s toute information susceptible de permettre la neutralisation de ces criminels cach\u00e9s.<\/p>\n","protected":false},"excerpt":{"rendered":"<p>Africa-Press &#8211; Cameroun. Junior Zogo n&rsquo;est pas rest\u00e9 impassible face au d\u00e9pravation des moeurs au Cameroun qui se transforme d&rsquo;apr\u00e8s lui Sodome et Gomorrhe. L&rsquo;activiste du mouvement des Patriotes qui soutient le r\u00e9gime Biya s&rsquo;indigne de cet \u00e9tat de chose et appelle les autorit\u00e9s du pays \u00e0 plus de responsabilit\u00e9 en sanctionnant ceux qui pervertissent [&hellip;]<\/p>\n","protected":false},"author":82,"featured_media":1621,"comment_status":"open","ping_status":"closed","sticky":false,"template":"","format":"standard","meta":{"footnotes":""},"categories":[11,2,10],"tags":[36,50,49],"class_list":["post-1622","post","type-post","status-publish","format-standard","has-post-thumbnail","hentry","category-homepage-french","category-politique","category-toutes-les-actualites","tag-africa-press","tag-africa-press-cameroun","tag-cameroun"],"yoast_head":"<!-- This site is optimized with the Yoast SEO Premium plugin v26.1 (Yoast SEO v27.0) - https:\/\/yoast.com\/product\/yoast-seo-premium-wordpress\/ -->\n<title>D\u00e9pravations des moeurs: un activiste pro-Biya charge le pr\u00e9sident et son r\u00e9gime - Cameroun<\/title>\n<meta name=\"description\" content=\"Junior Zogo n&#039;est pas rest\u00e9 impassible face au d\u00e9pravation des moeurs au Cameroun qui se transforme d&#039;apr\u00e8s lui Sodome e ...\" \/>\n<meta name=\"robots\" content=\"index, follow, max-snippet:-1, max-image-preview:large, max-video-preview:-1\" \/>\n<link rel=\"canonical\" href=\"https:\/\/www.africa-press.net\/cameroun\/politique\/depravations-des-moeurs-un-activiste-pro-biya-charge-le-president-et-son-regime\" \/>\n<meta property=\"og:locale\" content=\"fr_FR\" \/>\n<meta property=\"og:type\" content=\"article\" \/>\n<meta property=\"og:title\" content=\"D\u00e9pravations des moeurs: un activiste pro-Biya charge le pr\u00e9sident et son r\u00e9gime\" \/>\n<meta property=\"og:description\" content=\"Junior Zogo n&#039;est pas rest\u00e9 impassible face au d\u00e9pravation des moeurs au Cameroun qui se transforme d&#039;apr\u00e8s lui Sodome e ...\" \/>\n<meta property=\"og:url\" content=\"https:\/\/www.africa-press.net\/cameroun\/politique\/depravations-des-moeurs-un-activiste-pro-biya-charge-le-president-et-son-regime\" \/>\n<meta property=\"og:site_name\" content=\"Cameroun\" \/>\n<meta property=\"article:published_time\" content=\"2021-03-21T18:41:20+00:00\" \/>\n<meta property=\"article:modified_time\" content=\"2021-03-22T05:44:31+00:00\" \/>\n<meta property=\"og:image\" content=\"https:\/\/static.africa-press.net\/cameroun\/sites\/57\/2021\/03\/img-60582eaa5e7f6.jpg\" \/>\n\t<meta property=\"og:image:width\" content=\"751\" \/>\n\t<meta property=\"og:image:height\" content=\"535\" \/>\n\t<meta property=\"og:image:type\" content=\"image\/jpeg\" \/>\n<meta name=\"author\" content=\"cfeditorfr\" \/>\n<meta name=\"twitter:card\" content=\"summary_large_image\" \/>\n<meta name=\"twitter:label1\" content=\"\u00c9crit par\" \/>\n\t<meta name=\"twitter:data1\" content=\"cfeditorfr\" \/>\n\t<meta name=\"twitter:label2\" content=\"Dur\u00e9e de lecture estim\u00e9e\" \/>\n\t<meta name=\"twitter:data2\" content=\"2 minutes\" \/>\n<script type=\"application\/ld+json\" class=\"yoast-schema-graph\">{\"@context\":\"https:\/\/schema.org\",\"@graph\":[{\"@type\":\"Article\",\"@id\":\"https:\/\/www.africa-press.net\/cameroun\/politique\/depravations-des-moeurs-un-activiste-pro-biya-charge-le-president-et-son-regime#article\",\"isPartOf\":{\"@id\":\"https:\/\/www.africa-press.net\/cameroun\/politique\/depravations-des-moeurs-un-activiste-pro-biya-charge-le-president-et-son-regime\"},\"author\":{\"name\":\"cfeditorfr\",\"@id\":\"https:\/\/www.africa-press.net\/cameroun\/#\/schema\/person\/2b1cf3cd81a31e3cd26889ca66d677f1\"},\"headline\":\"D\u00e9pravations des moeurs: un activiste pro-Biya charge le pr\u00e9sident et son r\u00e9gime\",\"datePublished\":\"2021-03-21T18:41:20+00:00\",\"dateModified\":\"2021-03-22T05:44:31+00:00\",\"mainEntityOfPage\":{\"@id\":\"https:\/\/www.africa-press.net\/cameroun\/politique\/depravations-des-moeurs-un-activiste-pro-biya-charge-le-president-et-son-regime\"},\"wordCount\":348,\"commentCount\":0,\"image\":{\"@id\":\"https:\/\/www.africa-press.net\/cameroun\/politique\/depravations-des-moeurs-un-activiste-pro-biya-charge-le-president-et-son-regime#primaryimage\"},\"thumbnailUrl\":\"https:\/\/static.africa-press.net\/cameroun\/sites\/57\/2021\/03\/img-60582eaa5e7f6.jpg\",\"keywords\":[\"Africa Press\",\"Africa Press-Cameroun\",\"Cameroun\"],\"articleSection\":[\"homepage-french\",\"Politique\",\"Toutes les actualit\u00e9s\"],\"inLanguage\":\"fr-FR\",\"potentialAction\":[{\"@type\":\"CommentAction\",\"name\":\"Comment\",\"target\":[\"https:\/\/www.africa-press.net\/cameroun\/politique\/depravations-des-moeurs-un-activiste-pro-biya-charge-le-president-et-son-regime#respond\"]}]},{\"@type\":\"WebPage\",\"@id\":\"https:\/\/www.africa-press.net\/cameroun\/politique\/depravations-des-moeurs-un-activiste-pro-biya-charge-le-president-et-son-regime\",\"url\":\"https:\/\/www.africa-press.net\/cameroun\/politique\/depravations-des-moeurs-un-activiste-pro-biya-charge-le-president-et-son-regime\",\"name\":\"D\u00e9pravations des moeurs: un activiste pro-Biya charge le pr\u00e9sident et son r\u00e9gime - Cameroun\",\"isPartOf\":{\"@id\":\"https:\/\/www.africa-press.net\/cameroun\/#website\"},\"primaryImageOfPage\":{\"@id\":\"https:\/\/www.africa-press.net\/cameroun\/politique\/depravations-des-moeurs-un-activiste-pro-biya-charge-le-president-et-son-regime#primaryimage\"},\"image\":{\"@id\":\"https:\/\/www.africa-press.net\/cameroun\/politique\/depravations-des-moeurs-un-activiste-pro-biya-charge-le-president-et-son-regime#primaryimage\"},\"thumbnailUrl\":\"https:\/\/static.africa-press.net\/cameroun\/sites\/57\/2021\/03\/img-60582eaa5e7f6.jpg\",\"datePublished\":\"2021-03-21T18:41:20+00:00\",\"dateModified\":\"2021-03-22T05:44:31+00:00\",\"author\":{\"@id\":\"https:\/\/www.africa-press.net\/cameroun\/#\/schema\/person\/2b1cf3cd81a31e3cd26889ca66d677f1\"},\"description\":\"Junior Zogo n'est pas rest\u00e9 impassible face au d\u00e9pravation des moeurs au Cameroun qui se transforme d'apr\u00e8s lui Sodome e ...\",\"breadcrumb\":{\"@id\":\"https:\/\/www.africa-press.net\/cameroun\/politique\/depravations-des-moeurs-un-activiste-pro-biya-charge-le-president-et-son-regime#breadcrumb\"},\"inLanguage\":\"fr-FR\",\"potentialAction\":[{\"@type\":\"ReadAction\",\"target\":[\"https:\/\/www.africa-press.net\/cameroun\/politique\/depravations-des-moeurs-un-activiste-pro-biya-charge-le-president-et-son-regime\"]}]},{\"@type\":\"ImageObject\",\"inLanguage\":\"fr-FR\",\"@id\":\"https:\/\/www.africa-press.net\/cameroun\/politique\/depravations-des-moeurs-un-activiste-pro-biya-charge-le-president-et-son-regime#primaryimage\",\"url\":\"https:\/\/static.africa-press.net\/cameroun\/sites\/57\/2021\/03\/img-60582eaa5e7f6.jpg\",\"contentUrl\":\"https:\/\/static.africa-press.net\/cameroun\/sites\/57\/2021\/03\/img-60582eaa5e7f6.jpg\",\"width\":751,\"height\":535,\"caption\":\"D\u00e9pravations des moeurs: un activiste pro-Biya charge le pr\u00e9sident et son r\u00e9gime\"},{\"@type\":\"BreadcrumbList\",\"@id\":\"https:\/\/www.africa-press.net\/cameroun\/politique\/depravations-des-moeurs-un-activiste-pro-biya-charge-le-president-et-son-regime#breadcrumb\",\"itemListElement\":[{\"@type\":\"ListItem\",\"position\":1,\"name\":\"Accueil\",\"item\":\"https:\/\/www.africa-press.net\/cameroun\/\"},{\"@type\":\"ListItem\",\"position\":2,\"name\":\"D\u00e9pravations des moeurs: un activiste pro-Biya charge le pr\u00e9sident et son r\u00e9gime\"}]},{\"@type\":\"WebSite\",\"@id\":\"https:\/\/www.africa-press.net\/cameroun\/#website\",\"url\":\"https:\/\/www.africa-press.net\/cameroun\/\",\"name\":\"Cameroun\",\"description\":\"Just another Africa News Agency Sites site\",\"potentialAction\":[{\"@type\":\"SearchAction\",\"target\":{\"@type\":\"EntryPoint\",\"urlTemplate\":\"https:\/\/www.africa-press.net\/cameroun\/?s={search_term_string}\"},\"query-input\":{\"@type\":\"PropertyValueSpecification\",\"valueRequired\":true,\"valueName\":\"search_term_string\"}}],\"inLanguage\":\"fr-FR\"},{\"@type\":\"Person\",\"@id\":\"https:\/\/www.africa-press.net\/cameroun\/#\/schema\/person\/2b1cf3cd81a31e3cd26889ca66d677f1\",\"name\":\"cfeditorfr\"}]}<\/script>\n<!-- \/ Yoast SEO Premium plugin. -->","yoast_head_json":{"title":"D\u00e9pravations des moeurs: un activiste pro-Biya charge le pr\u00e9sident et son r\u00e9gime - Cameroun","description":"Junior Zogo n'est pas rest\u00e9 impassible face au d\u00e9pravation des moeurs au Cameroun qui se transforme d'apr\u00e8s lui Sodome e ...","robots":{"index":"index","follow":"follow","max-snippet":"max-snippet:-1","max-image-preview":"max-image-preview:large","max-video-preview":"max-video-preview:-1"},"canonical":"https:\/\/www.africa-press.net\/cameroun\/politique\/depravations-des-moeurs-un-activiste-pro-biya-charge-le-president-et-son-regime","og_locale":"fr_FR","og_type":"article","og_title":"D\u00e9pravations des moeurs: un activiste pro-Biya charge le pr\u00e9sident et son r\u00e9gime","og_description":"Junior Zogo n'est pas rest\u00e9 impassible face au d\u00e9pravation des moeurs au Cameroun qui se transforme d'apr\u00e8s lui Sodome e ...","og_url":"https:\/\/www.africa-press.net\/cameroun\/politique\/depravations-des-moeurs-un-activiste-pro-biya-charge-le-president-et-son-regime","og_site_name":"Cameroun","article_published_time":"2021-03-21T18:41:20+00:00","article_modified_time":"2021-03-22T05:44:31+00:00","og_image":[{"width":751,"height":535,"url":"https:\/\/static.africa-press.net\/cameroun\/sites\/57\/2021\/03\/img-60582eaa5e7f6.jpg","type":"image\/jpeg"}],"author":"cfeditorfr","twitter_card":"summary_large_image","twitter_misc":{"\u00c9crit par":"cfeditorfr","Dur\u00e9e de lecture estim\u00e9e":"2 minutes"},"schema":{"@context":"https:\/\/schema.org","@graph":[{"@type":"Article","@id":"https:\/\/www.africa-press.net\/cameroun\/politique\/depravations-des-moeurs-un-activiste-pro-biya-charge-le-president-et-son-regime#article","isPartOf":{"@id":"https:\/\/www.africa-press.net\/cameroun\/politique\/depravations-des-moeurs-un-activiste-pro-biya-charge-le-president-et-son-regime"},"author":{"name":"cfeditorfr","@id":"https:\/\/www.africa-press.net\/cameroun\/#\/schema\/person\/2b1cf3cd81a31e3cd26889ca66d677f1"},"headline":"D\u00e9pravations des moeurs: un activiste pro-Biya charge le pr\u00e9sident et son r\u00e9gime","datePublished":"2021-03-21T18:41:20+00:00","dateModified":"2021-03-22T05:44:31+00:00","mainEntityOfPage":{"@id":"https:\/\/www.africa-press.net\/cameroun\/politique\/depravations-des-moeurs-un-activiste-pro-biya-charge-le-president-et-son-regime"},"wordCount":348,"commentCount":0,"image":{"@id":"https:\/\/www.africa-press.net\/cameroun\/politique\/depravations-des-moeurs-un-activiste-pro-biya-charge-le-president-et-son-regime#primaryimage"},"thumbnailUrl":"https:\/\/static.africa-press.net\/cameroun\/sites\/57\/2021\/03\/img-60582eaa5e7f6.jpg","keywords":["Africa Press","Africa Press-Cameroun","Cameroun"],"articleSection":["homepage-french","Politique","Toutes les actualit\u00e9s"],"inLanguage":"fr-FR","potentialAction":[{"@type":"CommentAction","name":"Comment","target":["https:\/\/www.africa-press.net\/cameroun\/politique\/depravations-des-moeurs-un-activiste-pro-biya-charge-le-president-et-son-regime#respond"]}]},{"@type":"WebPage","@id":"https:\/\/www.africa-press.net\/cameroun\/politique\/depravations-des-moeurs-un-activiste-pro-biya-charge-le-president-et-son-regime","url":"https:\/\/www.africa-press.net\/cameroun\/politique\/depravations-des-moeurs-un-activiste-pro-biya-charge-le-president-et-son-regime","name":"D\u00e9pravations des moeurs: un activiste pro-Biya charge le pr\u00e9sident et son r\u00e9gime - Cameroun","isPartOf":{"@id":"https:\/\/www.africa-press.net\/cameroun\/#website"},"primaryImageOfPage":{"@id":"https:\/\/www.africa-press.net\/cameroun\/politique\/depravations-des-moeurs-un-activiste-pro-biya-charge-le-president-et-son-regime#primaryimage"},"image":{"@id":"https:\/\/www.africa-press.net\/cameroun\/politique\/depravations-des-moeurs-un-activiste-pro-biya-charge-le-president-et-son-regime#primaryimage"},"thumbnailUrl":"https:\/\/static.africa-press.net\/cameroun\/sites\/57\/2021\/03\/img-60582eaa5e7f6.jpg","datePublished":"2021-03-21T18:41:20+00:00","dateModified":"2021-03-22T05:44:31+00:00","author":{"@id":"https:\/\/www.africa-press.net\/cameroun\/#\/schema\/person\/2b1cf3cd81a31e3cd26889ca66d677f1"},"description":"Junior Zogo n'est pas rest\u00e9 impassible face au d\u00e9pravation des moeurs au Cameroun qui se transforme d'apr\u00e8s lui Sodome e ...","breadcrumb":{"@id":"https:\/\/www.africa-press.net\/cameroun\/politique\/depravations-des-moeurs-un-activiste-pro-biya-charge-le-president-et-son-regime#breadcrumb"},"inLanguage":"fr-FR","potentialAction":[{"@type":"ReadAction","target":["https:\/\/www.africa-press.net\/cameroun\/politique\/depravations-des-moeurs-un-activiste-pro-biya-charge-le-president-et-son-regime"]}]},{"@type":"ImageObject","inLanguage":"fr-FR","@id":"https:\/\/www.africa-press.net\/cameroun\/politique\/depravations-des-moeurs-un-activiste-pro-biya-charge-le-president-et-son-regime#primaryimage","url":"https:\/\/static.africa-press.net\/cameroun\/sites\/57\/2021\/03\/img-60582eaa5e7f6.jpg","contentUrl":"https:\/\/static.africa-press.net\/cameroun\/sites\/57\/2021\/03\/img-60582eaa5e7f6.jpg","width":751,"height":535,"caption":"D\u00e9pravations des moeurs: un activiste pro-Biya charge le pr\u00e9sident et son r\u00e9gime"},{"@type":"BreadcrumbList","@id":"https:\/\/www.africa-press.net\/cameroun\/politique\/depravations-des-moeurs-un-activiste-pro-biya-charge-le-president-et-son-regime#breadcrumb","itemListElement":[{"@type":"ListItem","position":1,"name":"Accueil","item":"https:\/\/www.africa-press.net\/cameroun\/"},{"@type":"ListItem","position":2,"name":"D\u00e9pravations des moeurs: un activiste pro-Biya charge le pr\u00e9sident et son r\u00e9gime"}]},{"@type":"WebSite","@id":"https:\/\/www.africa-press.net\/cameroun\/#website","url":"https:\/\/www.africa-press.net\/cameroun\/","name":"Cameroun","description":"Just another Africa News Agency Sites site","potentialAction":[{"@type":"SearchAction","target":{"@type":"EntryPoint","urlTemplate":"https:\/\/www.africa-press.net\/cameroun\/?s={search_term_string}"},"query-input":{"@type":"PropertyValueSpecification","valueRequired":true,"valueName":"search_term_string"}}],"inLanguage":"fr-FR"},{"@type":"Person","@id":"https:\/\/www.africa-press.net\/cameroun\/#\/schema\/person\/2b1cf3cd81a31e3cd26889ca66d677f1","name":"cfeditorfr"}]}},"_links":{"self":[{"href":"https:\/\/www.africa-press.net\/cameroun\/wp-json\/wp\/v2\/posts\/1622","targetHints":{"allow":["GET"]}}],"collection":[{"href":"https:\/\/www.africa-press.net\/cameroun\/wp-json\/wp\/v2\/posts"}],"about":[{"href":"https:\/\/www.africa-press.net\/cameroun\/wp-json\/wp\/v2\/types\/post"}],"author":[{"embeddable":true,"href":"https:\/\/www.africa-press.net\/cameroun\/wp-json\/wp\/v2\/users\/82"}],"replies":[{"embeddable":true,"href":"https:\/\/www.africa-press.net\/cameroun\/wp-json\/wp\/v2\/comments?post=1622"}],"version-history":[{"count":0,"href":"https:\/\/www.africa-press.net\/cameroun\/wp-json\/wp\/v2\/posts\/1622\/revisions"}],"wp:featuredmedia":[{"embeddable":true,"href":"https:\/\/www.africa-press.net\/cameroun\/wp-json\/wp\/v2\/media\/1621"}],"wp:attachment":[{"href":"https:\/\/www.africa-press.net\/cameroun\/wp-json\/wp\/v2\/media?parent=1622"}],"wp:term":[{"taxonomy":"category","embeddable":true,"href":"https:\/\/www.africa-press.net\/cameroun\/wp-json\/wp\/v2\/categories?post=1622"},{"taxonomy":"post_tag","embeddable":true,"href":"https:\/\/www.africa-press.net\/cameroun\/wp-json\/wp\/v2\/tags?post=1622"}],"curies":[{"name":"wp","href":"https:\/\/api.w.org\/{rel}","templated":true}]}}