{"id":1631,"date":"2021-03-21T19:07:01","date_gmt":"2021-03-21T19:07:01","guid":{"rendered":"https:\/\/www.africa-press.net\/cameroun\/politique\/derniere-minute-le-sdf-constate-lexclusion-de-joshua-osih"},"modified":"2021-03-22T06:09:53","modified_gmt":"2021-03-22T06:09:53","slug":"derniere-minute-le-sdf-constate-lexclusion-de-joshua-osih","status":"publish","type":"post","link":"https:\/\/www.africa-press.net\/cameroun\/politique\/derniere-minute-le-sdf-constate-lexclusion-de-joshua-osih","title":{"rendered":"Derni\u00e8re minute : le SDF constate l\u2019exclusion de Joshua Osih"},"content":{"rendered":"<p><span style=\"color: #ff6600\"><strong><a href=\"https:\/\/www.africa-press.net\/\">Africa-Press<\/a> &#8211; <a href=\"https:\/\/www.africa-press.net\/cameroun\">Cameroun<\/a>. <\/strong><\/span>Nouveau rebondissement dans la guerre qui oppose les d\u00e9put\u00e9s du SDF Joshua Osih et Jean Minchel Nintcheu. Aux termes d&rsquo;une r\u00e9union (en session extraordinaire) du comit\u00e9 ex\u00e9cutif r\u00e9gional du Social Democratic Front (Sdf) Littoral tenue ce 21 mars sous la pr\u00e9sidence de Jean Michel Nintcheu, plusieurs d\u00e9cisions ont \u00e9t\u00e9 prises pour d\u00e9noncer les comportements du vice-pr\u00e9sident national du parti Joshua Osih. Les \u00ab actes anti-parti \u00bb pos\u00e9s par Osih ont contribu\u00e9 \u00e0 son \u00ab auto-exclusion \u00bb du parti, a constat\u00e9 les participants \u00e0 la r\u00e9union.<\/p>\n<p>Le comit\u00e9 ex\u00e9cutif r\u00e9gional SDF Littoral :<\/p>\n<p>1 se f\u00e9licite de la participation massive des membres statutaires venues des diff\u00e9rentes coordinations d\u00e9partementales du Littoral<br \/>\n2 D\u00e9nonce la gestion calamiteuse de la campagne de l&rsquo;\u00e9lection pr\u00e9sidentielle de 2018 par l&rsquo;honorable Joshua Osih Nabangui assortie d&rsquo;une lettre de f\u00e9licitation \u00e0 son adversaire candidat du RDPC alors que le parti d\u00e9non\u00e7ait et continue de d\u00e9noncer les fraudes massives qui ont \u00e9maill\u00e9 le processus.<\/p>\n<p>3 d\u00e9nonce sa participation \u00e0 la c\u00e9r\u00e9monie de prestation de serment du candidat du RDPC<\/p>\n<p>4 d\u00e9nonce la non production par ce dernier d&rsquo;un rapport complet (d&rsquo;activit\u00e9 et financiers) de la gestion de l&rsquo;\u00e9lection pr\u00e9sidentielle de 2018 pourtant plusieurs fois exig\u00e9 par des r\u00e9solutions de differents NEC ainsi que le rapport des \u00e9lection municipales et l\u00e9gislatives de f\u00e9vrier 202 dont il s&rsquo;est appropri\u00e9 la gestion unilat\u00e9rale malgr\u00e9 la commission mise sur pied par le pr\u00e9sident national.<\/p>\n<p>5 d\u00e9nonce sa r\u00e9bellion contre les r\u00e9solutions du NEC du 13 mars 2021 \u00e0 travers l&rsquo;organisation d&rsquo;une campagne m\u00e9diatique pour d\u00e9montrer qu&rsquo;il a eu raison de signer cette p\u00e9tition en d\u00e9fiance du NEC et au grand m\u00e9pris de la base<\/p>\n<p>Par cons\u00e9quent, le comit\u00e9 ex\u00e9cutif r\u00e9gional :<\/p>\n<p>-se d\u00e9solidarise de tous les actes et comportements anti-parti ci-dessus \u00e9voqu\u00e9s pos\u00e9 par l&rsquo;honorable Joshua Osih Nabangui<br \/>\n-constate l&rsquo;auto exclusion de l&rsquo;honorable Joshua Osih Nabangui du parti conform\u00e9ment aux dispositions de l&rsquo;article 8.2 des statuts du SDF.<\/p>\n","protected":false},"excerpt":{"rendered":"<p>Africa-Press &#8211; Cameroun. Nouveau rebondissement dans la guerre qui oppose les d\u00e9put\u00e9s du SDF Joshua Osih et Jean Minchel Nintcheu. Aux termes d&rsquo;une r\u00e9union (en session extraordinaire) du comit\u00e9 ex\u00e9cutif r\u00e9gional du Social Democratic Front (Sdf) Littoral tenue ce 21 mars sous la pr\u00e9sidence de Jean Michel Nintcheu, plusieurs d\u00e9cisions ont \u00e9t\u00e9 prises pour d\u00e9noncer [&hellip;]<\/p>\n","protected":false},"author":82,"featured_media":1630,"comment_status":"open","ping_status":"closed","sticky":false,"template":"","format":"standard","meta":{"footnotes":""},"categories":[11,2,10],"tags":[36,50,49],"class_list":["post-1631","post","type-post","status-publish","format-standard","has-post-thumbnail","hentry","category-homepage-french","category-politique","category-toutes-les-actualites","tag-africa-press","tag-africa-press-cameroun","tag-cameroun"],"yoast_head":"<!-- This site is optimized with the Yoast SEO Premium plugin v26.1 (Yoast SEO v27.0) - https:\/\/yoast.com\/product\/yoast-seo-premium-wordpress\/ -->\n<title>Derni\u00e8re minute : le SDF constate l\u2019exclusion de Joshua Osih - Cameroun<\/title>\n<meta name=\"description\" content=\"Nouveau rebondissement dans la guerre qui oppose les d\u00e9put\u00e9s du SDF Joshua Osih et Jean Minchel Nintcheu. Aux termes d&#039;u ...\" \/>\n<meta name=\"robots\" content=\"index, follow, max-snippet:-1, max-image-preview:large, max-video-preview:-1\" \/>\n<link rel=\"canonical\" href=\"https:\/\/www.africa-press.net\/cameroun\/politique\/derniere-minute-le-sdf-constate-lexclusion-de-joshua-osih\" \/>\n<meta property=\"og:locale\" content=\"fr_FR\" \/>\n<meta property=\"og:type\" content=\"article\" \/>\n<meta property=\"og:title\" content=\"Derni\u00e8re minute : le SDF constate l\u2019exclusion de Joshua Osih\" \/>\n<meta property=\"og:description\" content=\"Nouveau rebondissement dans la guerre qui oppose les d\u00e9put\u00e9s du SDF Joshua Osih et Jean Minchel Nintcheu. Aux termes d&#039;u ...\" \/>\n<meta property=\"og:url\" content=\"https:\/\/www.africa-press.net\/cameroun\/politique\/derniere-minute-le-sdf-constate-lexclusion-de-joshua-osih\" \/>\n<meta property=\"og:site_name\" content=\"Cameroun\" \/>\n<meta property=\"article:published_time\" content=\"2021-03-21T19:07:01+00:00\" \/>\n<meta property=\"article:modified_time\" content=\"2021-03-22T06:09:53+00:00\" \/>\n<meta property=\"og:image\" content=\"https:\/\/static.africa-press.net\/cameroun\/sites\/57\/2021\/03\/img-60582f0c3b1ed.jpg\" \/>\n\t<meta property=\"og:image:width\" content=\"1280\" \/>\n\t<meta property=\"og:image:height\" content=\"720\" \/>\n\t<meta property=\"og:image:type\" content=\"image\/jpeg\" \/>\n<meta name=\"author\" content=\"cfeditorfr\" \/>\n<meta name=\"twitter:card\" content=\"summary_large_image\" \/>\n<meta name=\"twitter:label1\" content=\"\u00c9crit par\" \/>\n\t<meta name=\"twitter:data1\" content=\"cfeditorfr\" \/>\n\t<meta name=\"twitter:label2\" content=\"Dur\u00e9e de lecture estim\u00e9e\" \/>\n\t<meta name=\"twitter:data2\" content=\"2 minutes\" \/>\n<script type=\"application\/ld+json\" class=\"yoast-schema-graph\">{\"@context\":\"https:\/\/schema.org\",\"@graph\":[{\"@type\":\"Article\",\"@id\":\"https:\/\/www.africa-press.net\/cameroun\/politique\/derniere-minute-le-sdf-constate-lexclusion-de-joshua-osih#article\",\"isPartOf\":{\"@id\":\"https:\/\/www.africa-press.net\/cameroun\/politique\/derniere-minute-le-sdf-constate-lexclusion-de-joshua-osih\"},\"author\":{\"name\":\"cfeditorfr\",\"@id\":\"https:\/\/www.africa-press.net\/cameroun\/#\/schema\/person\/2b1cf3cd81a31e3cd26889ca66d677f1\"},\"headline\":\"Derni\u00e8re minute : le SDF constate l\u2019exclusion de Joshua Osih\",\"datePublished\":\"2021-03-21T19:07:01+00:00\",\"dateModified\":\"2021-03-22T06:09:53+00:00\",\"mainEntityOfPage\":{\"@id\":\"https:\/\/www.africa-press.net\/cameroun\/politique\/derniere-minute-le-sdf-constate-lexclusion-de-joshua-osih\"},\"wordCount\":367,\"commentCount\":0,\"image\":{\"@id\":\"https:\/\/www.africa-press.net\/cameroun\/politique\/derniere-minute-le-sdf-constate-lexclusion-de-joshua-osih#primaryimage\"},\"thumbnailUrl\":\"https:\/\/static.africa-press.net\/cameroun\/sites\/57\/2021\/03\/img-60582f0c3b1ed.jpg\",\"keywords\":[\"Africa Press\",\"Africa Press-Cameroun\",\"Cameroun\"],\"articleSection\":[\"homepage-french\",\"Politique\",\"Toutes les actualit\u00e9s\"],\"inLanguage\":\"fr-FR\",\"potentialAction\":[{\"@type\":\"CommentAction\",\"name\":\"Comment\",\"target\":[\"https:\/\/www.africa-press.net\/cameroun\/politique\/derniere-minute-le-sdf-constate-lexclusion-de-joshua-osih#respond\"]}]},{\"@type\":\"WebPage\",\"@id\":\"https:\/\/www.africa-press.net\/cameroun\/politique\/derniere-minute-le-sdf-constate-lexclusion-de-joshua-osih\",\"url\":\"https:\/\/www.africa-press.net\/cameroun\/politique\/derniere-minute-le-sdf-constate-lexclusion-de-joshua-osih\",\"name\":\"Derni\u00e8re minute : le SDF constate l\u2019exclusion de Joshua Osih - Cameroun\",\"isPartOf\":{\"@id\":\"https:\/\/www.africa-press.net\/cameroun\/#website\"},\"primaryImageOfPage\":{\"@id\":\"https:\/\/www.africa-press.net\/cameroun\/politique\/derniere-minute-le-sdf-constate-lexclusion-de-joshua-osih#primaryimage\"},\"image\":{\"@id\":\"https:\/\/www.africa-press.net\/cameroun\/politique\/derniere-minute-le-sdf-constate-lexclusion-de-joshua-osih#primaryimage\"},\"thumbnailUrl\":\"https:\/\/static.africa-press.net\/cameroun\/sites\/57\/2021\/03\/img-60582f0c3b1ed.jpg\",\"datePublished\":\"2021-03-21T19:07:01+00:00\",\"dateModified\":\"2021-03-22T06:09:53+00:00\",\"author\":{\"@id\":\"https:\/\/www.africa-press.net\/cameroun\/#\/schema\/person\/2b1cf3cd81a31e3cd26889ca66d677f1\"},\"description\":\"Nouveau rebondissement dans la guerre qui oppose les d\u00e9put\u00e9s du SDF Joshua Osih et Jean Minchel Nintcheu. Aux termes d'u ...\",\"breadcrumb\":{\"@id\":\"https:\/\/www.africa-press.net\/cameroun\/politique\/derniere-minute-le-sdf-constate-lexclusion-de-joshua-osih#breadcrumb\"},\"inLanguage\":\"fr-FR\",\"potentialAction\":[{\"@type\":\"ReadAction\",\"target\":[\"https:\/\/www.africa-press.net\/cameroun\/politique\/derniere-minute-le-sdf-constate-lexclusion-de-joshua-osih\"]}]},{\"@type\":\"ImageObject\",\"inLanguage\":\"fr-FR\",\"@id\":\"https:\/\/www.africa-press.net\/cameroun\/politique\/derniere-minute-le-sdf-constate-lexclusion-de-joshua-osih#primaryimage\",\"url\":\"https:\/\/static.africa-press.net\/cameroun\/sites\/57\/2021\/03\/img-60582f0c3b1ed.jpg\",\"contentUrl\":\"https:\/\/static.africa-press.net\/cameroun\/sites\/57\/2021\/03\/img-60582f0c3b1ed.jpg\",\"width\":1280,\"height\":720,\"caption\":\"Derni\u00e8re minute : le SDF constate l\u2019exclusion de Joshua Osih\"},{\"@type\":\"BreadcrumbList\",\"@id\":\"https:\/\/www.africa-press.net\/cameroun\/politique\/derniere-minute-le-sdf-constate-lexclusion-de-joshua-osih#breadcrumb\",\"itemListElement\":[{\"@type\":\"ListItem\",\"position\":1,\"name\":\"Accueil\",\"item\":\"https:\/\/www.africa-press.net\/cameroun\/\"},{\"@type\":\"ListItem\",\"position\":2,\"name\":\"Derni\u00e8re minute : le SDF constate l\u2019exclusion de Joshua Osih\"}]},{\"@type\":\"WebSite\",\"@id\":\"https:\/\/www.africa-press.net\/cameroun\/#website\",\"url\":\"https:\/\/www.africa-press.net\/cameroun\/\",\"name\":\"Cameroun\",\"description\":\"Just another Africa News Agency Sites site\",\"potentialAction\":[{\"@type\":\"SearchAction\",\"target\":{\"@type\":\"EntryPoint\",\"urlTemplate\":\"https:\/\/www.africa-press.net\/cameroun\/?s={search_term_string}\"},\"query-input\":{\"@type\":\"PropertyValueSpecification\",\"valueRequired\":true,\"valueName\":\"search_term_string\"}}],\"inLanguage\":\"fr-FR\"},{\"@type\":\"Person\",\"@id\":\"https:\/\/www.africa-press.net\/cameroun\/#\/schema\/person\/2b1cf3cd81a31e3cd26889ca66d677f1\",\"name\":\"cfeditorfr\"}]}<\/script>\n<!-- \/ Yoast SEO Premium plugin. -->","yoast_head_json":{"title":"Derni\u00e8re minute : le SDF constate l\u2019exclusion de Joshua Osih - Cameroun","description":"Nouveau rebondissement dans la guerre qui oppose les d\u00e9put\u00e9s du SDF Joshua Osih et Jean Minchel Nintcheu. Aux termes d'u ...","robots":{"index":"index","follow":"follow","max-snippet":"max-snippet:-1","max-image-preview":"max-image-preview:large","max-video-preview":"max-video-preview:-1"},"canonical":"https:\/\/www.africa-press.net\/cameroun\/politique\/derniere-minute-le-sdf-constate-lexclusion-de-joshua-osih","og_locale":"fr_FR","og_type":"article","og_title":"Derni\u00e8re minute : le SDF constate l\u2019exclusion de Joshua Osih","og_description":"Nouveau rebondissement dans la guerre qui oppose les d\u00e9put\u00e9s du SDF Joshua Osih et Jean Minchel Nintcheu. Aux termes d'u ...","og_url":"https:\/\/www.africa-press.net\/cameroun\/politique\/derniere-minute-le-sdf-constate-lexclusion-de-joshua-osih","og_site_name":"Cameroun","article_published_time":"2021-03-21T19:07:01+00:00","article_modified_time":"2021-03-22T06:09:53+00:00","og_image":[{"width":1280,"height":720,"url":"https:\/\/static.africa-press.net\/cameroun\/sites\/57\/2021\/03\/img-60582f0c3b1ed.jpg","type":"image\/jpeg"}],"author":"cfeditorfr","twitter_card":"summary_large_image","twitter_misc":{"\u00c9crit par":"cfeditorfr","Dur\u00e9e de lecture estim\u00e9e":"2 minutes"},"schema":{"@context":"https:\/\/schema.org","@graph":[{"@type":"Article","@id":"https:\/\/www.africa-press.net\/cameroun\/politique\/derniere-minute-le-sdf-constate-lexclusion-de-joshua-osih#article","isPartOf":{"@id":"https:\/\/www.africa-press.net\/cameroun\/politique\/derniere-minute-le-sdf-constate-lexclusion-de-joshua-osih"},"author":{"name":"cfeditorfr","@id":"https:\/\/www.africa-press.net\/cameroun\/#\/schema\/person\/2b1cf3cd81a31e3cd26889ca66d677f1"},"headline":"Derni\u00e8re minute : le SDF constate l\u2019exclusion de Joshua Osih","datePublished":"2021-03-21T19:07:01+00:00","dateModified":"2021-03-22T06:09:53+00:00","mainEntityOfPage":{"@id":"https:\/\/www.africa-press.net\/cameroun\/politique\/derniere-minute-le-sdf-constate-lexclusion-de-joshua-osih"},"wordCount":367,"commentCount":0,"image":{"@id":"https:\/\/www.africa-press.net\/cameroun\/politique\/derniere-minute-le-sdf-constate-lexclusion-de-joshua-osih#primaryimage"},"thumbnailUrl":"https:\/\/static.africa-press.net\/cameroun\/sites\/57\/2021\/03\/img-60582f0c3b1ed.jpg","keywords":["Africa Press","Africa Press-Cameroun","Cameroun"],"articleSection":["homepage-french","Politique","Toutes les actualit\u00e9s"],"inLanguage":"fr-FR","potentialAction":[{"@type":"CommentAction","name":"Comment","target":["https:\/\/www.africa-press.net\/cameroun\/politique\/derniere-minute-le-sdf-constate-lexclusion-de-joshua-osih#respond"]}]},{"@type":"WebPage","@id":"https:\/\/www.africa-press.net\/cameroun\/politique\/derniere-minute-le-sdf-constate-lexclusion-de-joshua-osih","url":"https:\/\/www.africa-press.net\/cameroun\/politique\/derniere-minute-le-sdf-constate-lexclusion-de-joshua-osih","name":"Derni\u00e8re minute : le SDF constate l\u2019exclusion de Joshua Osih - Cameroun","isPartOf":{"@id":"https:\/\/www.africa-press.net\/cameroun\/#website"},"primaryImageOfPage":{"@id":"https:\/\/www.africa-press.net\/cameroun\/politique\/derniere-minute-le-sdf-constate-lexclusion-de-joshua-osih#primaryimage"},"image":{"@id":"https:\/\/www.africa-press.net\/cameroun\/politique\/derniere-minute-le-sdf-constate-lexclusion-de-joshua-osih#primaryimage"},"thumbnailUrl":"https:\/\/static.africa-press.net\/cameroun\/sites\/57\/2021\/03\/img-60582f0c3b1ed.jpg","datePublished":"2021-03-21T19:07:01+00:00","dateModified":"2021-03-22T06:09:53+00:00","author":{"@id":"https:\/\/www.africa-press.net\/cameroun\/#\/schema\/person\/2b1cf3cd81a31e3cd26889ca66d677f1"},"description":"Nouveau rebondissement dans la guerre qui oppose les d\u00e9put\u00e9s du SDF Joshua Osih et Jean Minchel Nintcheu. Aux termes d'u ...","breadcrumb":{"@id":"https:\/\/www.africa-press.net\/cameroun\/politique\/derniere-minute-le-sdf-constate-lexclusion-de-joshua-osih#breadcrumb"},"inLanguage":"fr-FR","potentialAction":[{"@type":"ReadAction","target":["https:\/\/www.africa-press.net\/cameroun\/politique\/derniere-minute-le-sdf-constate-lexclusion-de-joshua-osih"]}]},{"@type":"ImageObject","inLanguage":"fr-FR","@id":"https:\/\/www.africa-press.net\/cameroun\/politique\/derniere-minute-le-sdf-constate-lexclusion-de-joshua-osih#primaryimage","url":"https:\/\/static.africa-press.net\/cameroun\/sites\/57\/2021\/03\/img-60582f0c3b1ed.jpg","contentUrl":"https:\/\/static.africa-press.net\/cameroun\/sites\/57\/2021\/03\/img-60582f0c3b1ed.jpg","width":1280,"height":720,"caption":"Derni\u00e8re minute : le SDF constate l\u2019exclusion de Joshua Osih"},{"@type":"BreadcrumbList","@id":"https:\/\/www.africa-press.net\/cameroun\/politique\/derniere-minute-le-sdf-constate-lexclusion-de-joshua-osih#breadcrumb","itemListElement":[{"@type":"ListItem","position":1,"name":"Accueil","item":"https:\/\/www.africa-press.net\/cameroun\/"},{"@type":"ListItem","position":2,"name":"Derni\u00e8re minute : le SDF constate l\u2019exclusion de Joshua Osih"}]},{"@type":"WebSite","@id":"https:\/\/www.africa-press.net\/cameroun\/#website","url":"https:\/\/www.africa-press.net\/cameroun\/","name":"Cameroun","description":"Just another Africa News Agency Sites site","potentialAction":[{"@type":"SearchAction","target":{"@type":"EntryPoint","urlTemplate":"https:\/\/www.africa-press.net\/cameroun\/?s={search_term_string}"},"query-input":{"@type":"PropertyValueSpecification","valueRequired":true,"valueName":"search_term_string"}}],"inLanguage":"fr-FR"},{"@type":"Person","@id":"https:\/\/www.africa-press.net\/cameroun\/#\/schema\/person\/2b1cf3cd81a31e3cd26889ca66d677f1","name":"cfeditorfr"}]}},"_links":{"self":[{"href":"https:\/\/www.africa-press.net\/cameroun\/wp-json\/wp\/v2\/posts\/1631","targetHints":{"allow":["GET"]}}],"collection":[{"href":"https:\/\/www.africa-press.net\/cameroun\/wp-json\/wp\/v2\/posts"}],"about":[{"href":"https:\/\/www.africa-press.net\/cameroun\/wp-json\/wp\/v2\/types\/post"}],"author":[{"embeddable":true,"href":"https:\/\/www.africa-press.net\/cameroun\/wp-json\/wp\/v2\/users\/82"}],"replies":[{"embeddable":true,"href":"https:\/\/www.africa-press.net\/cameroun\/wp-json\/wp\/v2\/comments?post=1631"}],"version-history":[{"count":0,"href":"https:\/\/www.africa-press.net\/cameroun\/wp-json\/wp\/v2\/posts\/1631\/revisions"}],"wp:featuredmedia":[{"embeddable":true,"href":"https:\/\/www.africa-press.net\/cameroun\/wp-json\/wp\/v2\/media\/1630"}],"wp:attachment":[{"href":"https:\/\/www.africa-press.net\/cameroun\/wp-json\/wp\/v2\/media?parent=1631"}],"wp:term":[{"taxonomy":"category","embeddable":true,"href":"https:\/\/www.africa-press.net\/cameroun\/wp-json\/wp\/v2\/categories?post=1631"},{"taxonomy":"post_tag","embeddable":true,"href":"https:\/\/www.africa-press.net\/cameroun\/wp-json\/wp\/v2\/tags?post=1631"}],"curies":[{"name":"wp","href":"https:\/\/api.w.org\/{rel}","templated":true}]}}