{"id":1634,"date":"2021-03-21T19:12:33","date_gmt":"2021-03-21T19:12:33","guid":{"rendered":"https:\/\/www.africa-press.net\/cameroun\/politique\/kumba-des-soldats-font-defiler-le-cadavre-dun-general-ambazonien-dans-les-rues"},"modified":"2021-03-22T05:46:48","modified_gmt":"2021-03-22T05:46:48","slug":"kumba-des-soldats-font-defiler-le-cadavre-dun-general-ambazonien-dans-les-rues","status":"publish","type":"post","link":"https:\/\/www.africa-press.net\/cameroun\/politique\/kumba-des-soldats-font-defiler-le-cadavre-dun-general-ambazonien-dans-les-rues","title":{"rendered":"Kumba: des soldats font d\u00e9filer le cadavre d&rsquo;un &lsquo; g\u00e9n\u00e9ral ambazonien&rsquo; dans les rues"},"content":{"rendered":"<p><span style=\"color: #ff6600\"><strong><a href=\"https:\/\/www.africa-press.net\/\">Africa-Press<\/a> &#8211; <a href=\"https:\/\/www.africa-press.net\/cameroun\">Cameroun<\/a>. <\/strong><\/span>Les troupes gouvernementales au Cameroun ont tu\u00e9 six s\u00e9paratistes arm\u00e9s dans la r\u00e9gion troubl\u00e9e du Sud-Ouest du pays.<br \/>\nDes soldats ont tu\u00e9 Akuro Kandel alias le g\u00e9n\u00e9ral Spirito et cinq autres combattants lors d&rsquo;une op\u00e9ration \u00e0 Foe Bakundu, subdivision de Mbonge dans la division Meme, le jeudi 18 mars 2021.<\/p>\n<p>Des sources proches de l&rsquo;histoire disent que les forces de l&rsquo;\u00c9tat, avec le soutien de certains citoyens de bonne volont\u00e9, ont tendu une embuscade aux combattants s\u00e9paratistes \u00e0 l&rsquo;aube.<\/p>\n<p>Le g\u00e9n\u00e9ral Spirito a op\u00e9r\u00e9 \u00e0 Bole Bakundu, subdivision de Mbonge sous la banni\u00e8re des Forces de d\u00e9fense d&rsquo;Ambazonie, ADF, de Lucas Ayaba Cho.<\/p>\n<p>Il se d\u00e9signait comme le feld-mar\u00e9chal de Mbonge. Il y a quelques jours, il a lanc\u00e9 une guerre contre les civils \u00e0 Bole Bakundu apr\u00e8s avoir protest\u00e9 contre les atrocit\u00e9s d&rsquo;Ambazonie dans la r\u00e9gion. Le g\u00e9n\u00e9ral autoproclam\u00e9 a emmen\u00e9 des civils en captivit\u00e9 au motif qu&rsquo;ils s&rsquo;\u00e9taient rang\u00e9s du c\u00f4t\u00e9 des forces de l&rsquo;\u00c9tat.<\/p>\n<p>Son assassinat serait une victoire pour les relations civilo-militaires.<\/p>\n<p>Les forces de l\u2019\u00c9tat ont transport\u00e9 par avion le cadavre du g\u00e9n\u00e9ral Spirito et celui de son commandant en second au 6 e secteur du bataillon d\u2019intervention rapide (BIR) \u00e0 Mabanda, Kumba. Les cadavres des deux ont ensuite \u00e9t\u00e9 d\u00e9pos\u00e9s \u00e0 BICEC Junction \u00e0 Kumba pour \u00eatre visionn\u00e9s.<\/p>\n<p>\u00c0 c\u00f4t\u00e9 des d\u00e9pouilles mortelles des combattants s\u00e9paratistes, se trouvaient leurs armes, balles, uniformes et divers accessoires r\u00e9cup\u00e9r\u00e9s au cours de l&rsquo;op\u00e9ration.<\/p>\n<p>L&rsquo;officier divisionnaire principal de Meme, le chambellan Ntou&rsquo;ou Ndong, et son \u00e9tat-major se sont joints \u00e0 la foule \u00e9paisse qui s&rsquo;est rendue sur les lieux pour voir la \u00abr\u00e9colte\u00bb des militaires.<\/p>\n<p>Trois civils bless\u00e9s au cours de l&rsquo;op\u00e9ration ont \u00e9t\u00e9 transport\u00e9s pour se faire soigner \u00e0 Limb\u00e9 \u00e0 bord d&rsquo;un h\u00e9licopt\u00e8re militaire, ont indiqu\u00e9 des responsables.<\/p>\n<p>Les forces de l&rsquo;\u00c9tat camerounais se battent pour d\u00e9loger les s\u00e9paratistes arm\u00e9s qui ont dress\u00e9 leurs tentes dans les r\u00e9gions du Nord-Ouest et du Sud-Ouest depuis que les manifestations anglophones se sont transform\u00e9es en conflit arm\u00e9 en 2017.<\/p>\n<p>Les demandes des entreprises par les avocats de la common law et les enseignants anglophones ont conduit \u00e0 des manifestations en novembre 2016. Les manifestations de rue se sont ensuite transform\u00e9es en batailles \u00e0 coups de feu entre les forces de l&rsquo;\u00c9tat et les combattants s\u00e9paratistes arm\u00e9s dans les r\u00e9gions \u00e0 pr\u00e9dominance anglophone, entra\u00eenant une destruction incalculable de vies humaines, leur les habitats et les moyens de subsistance.<\/p>\n<p>Les meurtres, les enl\u00e8vements, les incendies criminels, les mutilations et la terreur pure et simple font d\u00e9sormais partie de la vie quotidienne dans certaines parties des r\u00e9gions anglophones.<\/p>\n","protected":false},"excerpt":{"rendered":"<p>Africa-Press &#8211; Cameroun. Les troupes gouvernementales au Cameroun ont tu\u00e9 six s\u00e9paratistes arm\u00e9s dans la r\u00e9gion troubl\u00e9e du Sud-Ouest du pays. Des soldats ont tu\u00e9 Akuro Kandel alias le g\u00e9n\u00e9ral Spirito et cinq autres combattants lors d&rsquo;une op\u00e9ration \u00e0 Foe Bakundu, subdivision de Mbonge dans la division Meme, le jeudi 18 mars 2021. Des sources [&hellip;]<\/p>\n","protected":false},"author":82,"featured_media":1633,"comment_status":"open","ping_status":"closed","sticky":false,"template":"","format":"standard","meta":{"footnotes":""},"categories":[11,2,10],"tags":[36,50,49],"class_list":["post-1634","post","type-post","status-publish","format-standard","has-post-thumbnail","hentry","category-homepage-french","category-politique","category-toutes-les-actualites","tag-africa-press","tag-africa-press-cameroun","tag-cameroun"],"yoast_head":"<!-- This site is optimized with the Yoast SEO Premium plugin v26.1 (Yoast SEO v27.0) - https:\/\/yoast.com\/product\/yoast-seo-premium-wordpress\/ -->\n<title>Kumba: des soldats font d\u00e9filer le cadavre d&#039;un &#039; g\u00e9n\u00e9ral ambazonien&#039; dans les rues - Cameroun<\/title>\n<meta name=\"description\" content=\"Les troupes gouvernementales au Cameroun ont tu\u00e9 six s\u00e9paratistes arm\u00e9s dans la r\u00e9gion troubl\u00e9e du Sud-Ouest du pays.\" \/>\n<meta name=\"robots\" content=\"index, follow, max-snippet:-1, max-image-preview:large, max-video-preview:-1\" \/>\n<link rel=\"canonical\" href=\"https:\/\/www.africa-press.net\/cameroun\/politique\/kumba-des-soldats-font-defiler-le-cadavre-dun-general-ambazonien-dans-les-rues\" \/>\n<meta property=\"og:locale\" content=\"fr_FR\" \/>\n<meta property=\"og:type\" content=\"article\" \/>\n<meta property=\"og:title\" content=\"Kumba: des soldats font d\u00e9filer le cadavre d&#039;un &#039; g\u00e9n\u00e9ral ambazonien&#039; dans les rues\" \/>\n<meta property=\"og:description\" content=\"Les troupes gouvernementales au Cameroun ont tu\u00e9 six s\u00e9paratistes arm\u00e9s dans la r\u00e9gion troubl\u00e9e du Sud-Ouest du pays.\" \/>\n<meta property=\"og:url\" content=\"https:\/\/www.africa-press.net\/cameroun\/politique\/kumba-des-soldats-font-defiler-le-cadavre-dun-general-ambazonien-dans-les-rues\" \/>\n<meta property=\"og:site_name\" content=\"Cameroun\" \/>\n<meta property=\"article:published_time\" content=\"2021-03-21T19:12:33+00:00\" \/>\n<meta property=\"article:modified_time\" content=\"2021-03-22T05:46:48+00:00\" \/>\n<meta property=\"og:image\" content=\"https:\/\/static.africa-press.net\/cameroun\/sites\/57\/2021\/03\/img-60582f2dd0db2.jpg\" \/>\n\t<meta property=\"og:image:width\" content=\"762\" \/>\n\t<meta property=\"og:image:height\" content=\"410\" \/>\n\t<meta property=\"og:image:type\" content=\"image\/jpeg\" \/>\n<meta name=\"author\" content=\"cfeditorfr\" \/>\n<meta name=\"twitter:card\" content=\"summary_large_image\" \/>\n<meta name=\"twitter:label1\" content=\"\u00c9crit par\" \/>\n\t<meta name=\"twitter:data1\" content=\"cfeditorfr\" \/>\n\t<meta name=\"twitter:label2\" content=\"Dur\u00e9e de lecture estim\u00e9e\" \/>\n\t<meta name=\"twitter:data2\" content=\"2 minutes\" \/>\n<script type=\"application\/ld+json\" class=\"yoast-schema-graph\">{\"@context\":\"https:\/\/schema.org\",\"@graph\":[{\"@type\":\"Article\",\"@id\":\"https:\/\/www.africa-press.net\/cameroun\/politique\/kumba-des-soldats-font-defiler-le-cadavre-dun-general-ambazonien-dans-les-rues#article\",\"isPartOf\":{\"@id\":\"https:\/\/www.africa-press.net\/cameroun\/politique\/kumba-des-soldats-font-defiler-le-cadavre-dun-general-ambazonien-dans-les-rues\"},\"author\":{\"name\":\"cfeditorfr\",\"@id\":\"https:\/\/www.africa-press.net\/cameroun\/#\/schema\/person\/2b1cf3cd81a31e3cd26889ca66d677f1\"},\"headline\":\"Kumba: des soldats font d\u00e9filer le cadavre d&rsquo;un &lsquo; g\u00e9n\u00e9ral ambazonien&rsquo; dans les rues\",\"datePublished\":\"2021-03-21T19:12:33+00:00\",\"dateModified\":\"2021-03-22T05:46:48+00:00\",\"mainEntityOfPage\":{\"@id\":\"https:\/\/www.africa-press.net\/cameroun\/politique\/kumba-des-soldats-font-defiler-le-cadavre-dun-general-ambazonien-dans-les-rues\"},\"wordCount\":500,\"commentCount\":0,\"image\":{\"@id\":\"https:\/\/www.africa-press.net\/cameroun\/politique\/kumba-des-soldats-font-defiler-le-cadavre-dun-general-ambazonien-dans-les-rues#primaryimage\"},\"thumbnailUrl\":\"https:\/\/static.africa-press.net\/cameroun\/sites\/57\/2021\/03\/img-60582f2dd0db2.jpg\",\"keywords\":[\"Africa Press\",\"Africa Press-Cameroun\",\"Cameroun\"],\"articleSection\":[\"homepage-french\",\"Politique\",\"Toutes les actualit\u00e9s\"],\"inLanguage\":\"fr-FR\",\"potentialAction\":[{\"@type\":\"CommentAction\",\"name\":\"Comment\",\"target\":[\"https:\/\/www.africa-press.net\/cameroun\/politique\/kumba-des-soldats-font-defiler-le-cadavre-dun-general-ambazonien-dans-les-rues#respond\"]}]},{\"@type\":\"WebPage\",\"@id\":\"https:\/\/www.africa-press.net\/cameroun\/politique\/kumba-des-soldats-font-defiler-le-cadavre-dun-general-ambazonien-dans-les-rues\",\"url\":\"https:\/\/www.africa-press.net\/cameroun\/politique\/kumba-des-soldats-font-defiler-le-cadavre-dun-general-ambazonien-dans-les-rues\",\"name\":\"Kumba: des soldats font d\u00e9filer le cadavre d'un ' g\u00e9n\u00e9ral ambazonien' dans les rues - Cameroun\",\"isPartOf\":{\"@id\":\"https:\/\/www.africa-press.net\/cameroun\/#website\"},\"primaryImageOfPage\":{\"@id\":\"https:\/\/www.africa-press.net\/cameroun\/politique\/kumba-des-soldats-font-defiler-le-cadavre-dun-general-ambazonien-dans-les-rues#primaryimage\"},\"image\":{\"@id\":\"https:\/\/www.africa-press.net\/cameroun\/politique\/kumba-des-soldats-font-defiler-le-cadavre-dun-general-ambazonien-dans-les-rues#primaryimage\"},\"thumbnailUrl\":\"https:\/\/static.africa-press.net\/cameroun\/sites\/57\/2021\/03\/img-60582f2dd0db2.jpg\",\"datePublished\":\"2021-03-21T19:12:33+00:00\",\"dateModified\":\"2021-03-22T05:46:48+00:00\",\"author\":{\"@id\":\"https:\/\/www.africa-press.net\/cameroun\/#\/schema\/person\/2b1cf3cd81a31e3cd26889ca66d677f1\"},\"description\":\"Les troupes gouvernementales au Cameroun ont tu\u00e9 six s\u00e9paratistes arm\u00e9s dans la r\u00e9gion troubl\u00e9e du Sud-Ouest du pays.\",\"breadcrumb\":{\"@id\":\"https:\/\/www.africa-press.net\/cameroun\/politique\/kumba-des-soldats-font-defiler-le-cadavre-dun-general-ambazonien-dans-les-rues#breadcrumb\"},\"inLanguage\":\"fr-FR\",\"potentialAction\":[{\"@type\":\"ReadAction\",\"target\":[\"https:\/\/www.africa-press.net\/cameroun\/politique\/kumba-des-soldats-font-defiler-le-cadavre-dun-general-ambazonien-dans-les-rues\"]}]},{\"@type\":\"ImageObject\",\"inLanguage\":\"fr-FR\",\"@id\":\"https:\/\/www.africa-press.net\/cameroun\/politique\/kumba-des-soldats-font-defiler-le-cadavre-dun-general-ambazonien-dans-les-rues#primaryimage\",\"url\":\"https:\/\/static.africa-press.net\/cameroun\/sites\/57\/2021\/03\/img-60582f2dd0db2.jpg\",\"contentUrl\":\"https:\/\/static.africa-press.net\/cameroun\/sites\/57\/2021\/03\/img-60582f2dd0db2.jpg\",\"width\":762,\"height\":410,\"caption\":\"Kumba: des soldats font d\u00e9filer le cadavre d'un ' g\u00e9n\u00e9ral ambazonien' dans les rues\"},{\"@type\":\"BreadcrumbList\",\"@id\":\"https:\/\/www.africa-press.net\/cameroun\/politique\/kumba-des-soldats-font-defiler-le-cadavre-dun-general-ambazonien-dans-les-rues#breadcrumb\",\"itemListElement\":[{\"@type\":\"ListItem\",\"position\":1,\"name\":\"Accueil\",\"item\":\"https:\/\/www.africa-press.net\/cameroun\/\"},{\"@type\":\"ListItem\",\"position\":2,\"name\":\"Kumba: des soldats font d\u00e9filer le cadavre d&#8217;un &#8216; g\u00e9n\u00e9ral ambazonien&#8217; dans les rues\"}]},{\"@type\":\"WebSite\",\"@id\":\"https:\/\/www.africa-press.net\/cameroun\/#website\",\"url\":\"https:\/\/www.africa-press.net\/cameroun\/\",\"name\":\"Cameroun\",\"description\":\"Just another Africa News Agency Sites site\",\"potentialAction\":[{\"@type\":\"SearchAction\",\"target\":{\"@type\":\"EntryPoint\",\"urlTemplate\":\"https:\/\/www.africa-press.net\/cameroun\/?s={search_term_string}\"},\"query-input\":{\"@type\":\"PropertyValueSpecification\",\"valueRequired\":true,\"valueName\":\"search_term_string\"}}],\"inLanguage\":\"fr-FR\"},{\"@type\":\"Person\",\"@id\":\"https:\/\/www.africa-press.net\/cameroun\/#\/schema\/person\/2b1cf3cd81a31e3cd26889ca66d677f1\",\"name\":\"cfeditorfr\"}]}<\/script>\n<!-- \/ Yoast SEO Premium plugin. -->","yoast_head_json":{"title":"Kumba: des soldats font d\u00e9filer le cadavre d'un ' g\u00e9n\u00e9ral ambazonien' dans les rues - Cameroun","description":"Les troupes gouvernementales au Cameroun ont tu\u00e9 six s\u00e9paratistes arm\u00e9s dans la r\u00e9gion troubl\u00e9e du Sud-Ouest du pays.","robots":{"index":"index","follow":"follow","max-snippet":"max-snippet:-1","max-image-preview":"max-image-preview:large","max-video-preview":"max-video-preview:-1"},"canonical":"https:\/\/www.africa-press.net\/cameroun\/politique\/kumba-des-soldats-font-defiler-le-cadavre-dun-general-ambazonien-dans-les-rues","og_locale":"fr_FR","og_type":"article","og_title":"Kumba: des soldats font d\u00e9filer le cadavre d'un ' g\u00e9n\u00e9ral ambazonien' dans les rues","og_description":"Les troupes gouvernementales au Cameroun ont tu\u00e9 six s\u00e9paratistes arm\u00e9s dans la r\u00e9gion troubl\u00e9e du Sud-Ouest du pays.","og_url":"https:\/\/www.africa-press.net\/cameroun\/politique\/kumba-des-soldats-font-defiler-le-cadavre-dun-general-ambazonien-dans-les-rues","og_site_name":"Cameroun","article_published_time":"2021-03-21T19:12:33+00:00","article_modified_time":"2021-03-22T05:46:48+00:00","og_image":[{"width":762,"height":410,"url":"https:\/\/static.africa-press.net\/cameroun\/sites\/57\/2021\/03\/img-60582f2dd0db2.jpg","type":"image\/jpeg"}],"author":"cfeditorfr","twitter_card":"summary_large_image","twitter_misc":{"\u00c9crit par":"cfeditorfr","Dur\u00e9e de lecture estim\u00e9e":"2 minutes"},"schema":{"@context":"https:\/\/schema.org","@graph":[{"@type":"Article","@id":"https:\/\/www.africa-press.net\/cameroun\/politique\/kumba-des-soldats-font-defiler-le-cadavre-dun-general-ambazonien-dans-les-rues#article","isPartOf":{"@id":"https:\/\/www.africa-press.net\/cameroun\/politique\/kumba-des-soldats-font-defiler-le-cadavre-dun-general-ambazonien-dans-les-rues"},"author":{"name":"cfeditorfr","@id":"https:\/\/www.africa-press.net\/cameroun\/#\/schema\/person\/2b1cf3cd81a31e3cd26889ca66d677f1"},"headline":"Kumba: des soldats font d\u00e9filer le cadavre d&rsquo;un &lsquo; g\u00e9n\u00e9ral ambazonien&rsquo; dans les rues","datePublished":"2021-03-21T19:12:33+00:00","dateModified":"2021-03-22T05:46:48+00:00","mainEntityOfPage":{"@id":"https:\/\/www.africa-press.net\/cameroun\/politique\/kumba-des-soldats-font-defiler-le-cadavre-dun-general-ambazonien-dans-les-rues"},"wordCount":500,"commentCount":0,"image":{"@id":"https:\/\/www.africa-press.net\/cameroun\/politique\/kumba-des-soldats-font-defiler-le-cadavre-dun-general-ambazonien-dans-les-rues#primaryimage"},"thumbnailUrl":"https:\/\/static.africa-press.net\/cameroun\/sites\/57\/2021\/03\/img-60582f2dd0db2.jpg","keywords":["Africa Press","Africa Press-Cameroun","Cameroun"],"articleSection":["homepage-french","Politique","Toutes les actualit\u00e9s"],"inLanguage":"fr-FR","potentialAction":[{"@type":"CommentAction","name":"Comment","target":["https:\/\/www.africa-press.net\/cameroun\/politique\/kumba-des-soldats-font-defiler-le-cadavre-dun-general-ambazonien-dans-les-rues#respond"]}]},{"@type":"WebPage","@id":"https:\/\/www.africa-press.net\/cameroun\/politique\/kumba-des-soldats-font-defiler-le-cadavre-dun-general-ambazonien-dans-les-rues","url":"https:\/\/www.africa-press.net\/cameroun\/politique\/kumba-des-soldats-font-defiler-le-cadavre-dun-general-ambazonien-dans-les-rues","name":"Kumba: des soldats font d\u00e9filer le cadavre d'un ' g\u00e9n\u00e9ral ambazonien' dans les rues - Cameroun","isPartOf":{"@id":"https:\/\/www.africa-press.net\/cameroun\/#website"},"primaryImageOfPage":{"@id":"https:\/\/www.africa-press.net\/cameroun\/politique\/kumba-des-soldats-font-defiler-le-cadavre-dun-general-ambazonien-dans-les-rues#primaryimage"},"image":{"@id":"https:\/\/www.africa-press.net\/cameroun\/politique\/kumba-des-soldats-font-defiler-le-cadavre-dun-general-ambazonien-dans-les-rues#primaryimage"},"thumbnailUrl":"https:\/\/static.africa-press.net\/cameroun\/sites\/57\/2021\/03\/img-60582f2dd0db2.jpg","datePublished":"2021-03-21T19:12:33+00:00","dateModified":"2021-03-22T05:46:48+00:00","author":{"@id":"https:\/\/www.africa-press.net\/cameroun\/#\/schema\/person\/2b1cf3cd81a31e3cd26889ca66d677f1"},"description":"Les troupes gouvernementales au Cameroun ont tu\u00e9 six s\u00e9paratistes arm\u00e9s dans la r\u00e9gion troubl\u00e9e du Sud-Ouest du pays.","breadcrumb":{"@id":"https:\/\/www.africa-press.net\/cameroun\/politique\/kumba-des-soldats-font-defiler-le-cadavre-dun-general-ambazonien-dans-les-rues#breadcrumb"},"inLanguage":"fr-FR","potentialAction":[{"@type":"ReadAction","target":["https:\/\/www.africa-press.net\/cameroun\/politique\/kumba-des-soldats-font-defiler-le-cadavre-dun-general-ambazonien-dans-les-rues"]}]},{"@type":"ImageObject","inLanguage":"fr-FR","@id":"https:\/\/www.africa-press.net\/cameroun\/politique\/kumba-des-soldats-font-defiler-le-cadavre-dun-general-ambazonien-dans-les-rues#primaryimage","url":"https:\/\/static.africa-press.net\/cameroun\/sites\/57\/2021\/03\/img-60582f2dd0db2.jpg","contentUrl":"https:\/\/static.africa-press.net\/cameroun\/sites\/57\/2021\/03\/img-60582f2dd0db2.jpg","width":762,"height":410,"caption":"Kumba: des soldats font d\u00e9filer le cadavre d'un ' g\u00e9n\u00e9ral ambazonien' dans les rues"},{"@type":"BreadcrumbList","@id":"https:\/\/www.africa-press.net\/cameroun\/politique\/kumba-des-soldats-font-defiler-le-cadavre-dun-general-ambazonien-dans-les-rues#breadcrumb","itemListElement":[{"@type":"ListItem","position":1,"name":"Accueil","item":"https:\/\/www.africa-press.net\/cameroun\/"},{"@type":"ListItem","position":2,"name":"Kumba: des soldats font d\u00e9filer le cadavre d&#8217;un &#8216; g\u00e9n\u00e9ral ambazonien&#8217; dans les rues"}]},{"@type":"WebSite","@id":"https:\/\/www.africa-press.net\/cameroun\/#website","url":"https:\/\/www.africa-press.net\/cameroun\/","name":"Cameroun","description":"Just another Africa News Agency Sites site","potentialAction":[{"@type":"SearchAction","target":{"@type":"EntryPoint","urlTemplate":"https:\/\/www.africa-press.net\/cameroun\/?s={search_term_string}"},"query-input":{"@type":"PropertyValueSpecification","valueRequired":true,"valueName":"search_term_string"}}],"inLanguage":"fr-FR"},{"@type":"Person","@id":"https:\/\/www.africa-press.net\/cameroun\/#\/schema\/person\/2b1cf3cd81a31e3cd26889ca66d677f1","name":"cfeditorfr"}]}},"_links":{"self":[{"href":"https:\/\/www.africa-press.net\/cameroun\/wp-json\/wp\/v2\/posts\/1634","targetHints":{"allow":["GET"]}}],"collection":[{"href":"https:\/\/www.africa-press.net\/cameroun\/wp-json\/wp\/v2\/posts"}],"about":[{"href":"https:\/\/www.africa-press.net\/cameroun\/wp-json\/wp\/v2\/types\/post"}],"author":[{"embeddable":true,"href":"https:\/\/www.africa-press.net\/cameroun\/wp-json\/wp\/v2\/users\/82"}],"replies":[{"embeddable":true,"href":"https:\/\/www.africa-press.net\/cameroun\/wp-json\/wp\/v2\/comments?post=1634"}],"version-history":[{"count":0,"href":"https:\/\/www.africa-press.net\/cameroun\/wp-json\/wp\/v2\/posts\/1634\/revisions"}],"wp:featuredmedia":[{"embeddable":true,"href":"https:\/\/www.africa-press.net\/cameroun\/wp-json\/wp\/v2\/media\/1633"}],"wp:attachment":[{"href":"https:\/\/www.africa-press.net\/cameroun\/wp-json\/wp\/v2\/media?parent=1634"}],"wp:term":[{"taxonomy":"category","embeddable":true,"href":"https:\/\/www.africa-press.net\/cameroun\/wp-json\/wp\/v2\/categories?post=1634"},{"taxonomy":"post_tag","embeddable":true,"href":"https:\/\/www.africa-press.net\/cameroun\/wp-json\/wp\/v2\/tags?post=1634"}],"curies":[{"name":"wp","href":"https:\/\/api.w.org\/{rel}","templated":true}]}}