{"id":1663,"date":"2021-03-24T11:29:17","date_gmt":"2021-03-24T11:29:17","guid":{"rendered":"https:\/\/www.africa-press.net\/cameroun\/politique\/covid-19-le-tristement-celebre-district-de-sante-de-ngaoundere-urbain"},"modified":"2021-03-24T13:07:30","modified_gmt":"2021-03-24T13:07:30","slug":"covid-19-le-tristement-celebre-district-de-sante-de-ngaoundere-urbain","status":"publish","type":"post","link":"https:\/\/www.africa-press.net\/cameroun\/toutes-les-actualites\/covid-19-le-tristement-celebre-district-de-sante-de-ngaoundere-urbain","title":{"rendered":"Covid-19 : le tristement c\u00e9l\u00e8bre district de sant\u00e9 de Ngaound\u00e9r\u00e9 urbain"},"content":{"rendered":"<p><span style=\"color: #ff6600\"><strong><a href=\"https:\/\/www.africa-press.net\/\">Africa-Press<\/a> &#8211; <a href=\"https:\/\/www.africa-press.net\/cameroun\">Cameroun<\/a>. <\/strong><\/span>Ce district de sant\u00e9 de la r\u00e9gion occupe le haut du tableau de la contamination. Une situation qui inqui\u00e8te les responsables sanitaires de la r\u00e9gion.<\/p>\n<p>Apr\u00e8s avoir \u00e9t\u00e9 class\u00e9e la r\u00e9gion la moins touch\u00e9e l\u2019ann\u00e9e derni\u00e8re, l\u2019Adamaoua vient de d\u00e9fier les pronostics en devenant l\u2019une des r\u00e9gions les plus infect\u00e9es au Covid-19. Pour les trois premiers de l\u2019ann\u00e9e 2021, elle enregistre un taux de contamination record. A la date du 15 mars, le ch\u00e2teau comptait 1892 cas positifs dont 815 actifs et 05 sous assistance respiratoire. Des chiffres qui font perdre le sommeil au personnel m\u00e9dical qui font malheureusement face \u00e0 l\u2019insouciance des populations.<\/p>\n<p>Dans ces chiffres, le district de sant\u00e9 de Ngaound\u00e9r\u00e9 urbain qui couvre le centre-ville de la cit\u00e9 capitale de l\u2019Adamaoua occupe la moins envi\u00e9e position de premi\u00e8re en termes de contamination. Dans ce district, les gens vont et viennent, vivant . dans l\u2019insouciance totale de la pand\u00e9mie qui f\u00ffit d\u00e9j\u00e0 des d\u00e9c\u00e8s communautaires. Dans cette atmosph\u00e8re, les d\u00e9bits de boisson, les march\u00e9s, les transports publics ont rel\u00e9gu\u00e9 aux calendres grecques les mesures barri\u00e8res.<\/p>\n<p>\u00ab C\u2019est dommage. Les gens ne portent plus de masque, ne font plus usage des solutions et gels hydro alcooliques pour leur protection. A notre niveau, nous faisons des efforts en disponibilisant le n\u00e9cessaire pour la d\u00e9sinfection des mains. Les week-ends, nous essayons d\u2019augmenter le nombre de chaises pour mieux respecter la distanciation sociale \u00bb, souligne Maurice, g\u00e9rant d\u2019un snack \u00e0 Ngaound\u00e9r\u00e9 avant d\u2019ajouter, \u00ab les m\u00e9dias et les autorit\u00e9s publiques parlent d\u2019une nouvelle variante tr\u00e8s dangereuse, mais certains font comme s\u2019ils ont gagn\u00e9 leur vie au loto. Ils exposent aussi les autres \u00bb, conclue-t-il.<\/p>\n<p>A la d\u00e9l\u00e9gation r\u00e9gionale de la sant\u00e9 et au district de sant\u00e9 de Ngaound\u00e9r\u00e9 urbain, le discours ne change pas, sauf que ceux-ci font face \u00e0 la d\u00e9sinvolture des populations. \u00ab Il y a aussi les march\u00e9s o\u00f9 les gens vont et viennent sans se soucier. Il y a \u00e9galement la remise en cause de l\u2019existence de la maladie par certaines populations de la pand\u00e9mie \u00bb, rel\u00e8ve Alain Michel Etoa, chef de district de sant\u00e9 de Ngaound\u00e9r\u00e9 urbain.<\/p>\n<p>Au sein des populations, la vigilance prescrite semble ne pas trouver un \u00e9cho favorable. Certains pr\u00e9textent qu\u2019il s\u2019agit simplement d\u2019une vue de l\u2019esprit, d\u2019une utopie. \u00ab De nos jours, aller \u00e0 l\u2019h\u00f4pital, c\u2019est comme aller chercher \u00e0 \u00eatre garde comme malade de corona virus. Il y a la grippe dehors, mais quand tu vas \u00e0 l\u2019h\u00f4pital on va te dire que c\u2019est le Covid-19, voil\u00e0 pourquoi si ce n\u2019est pas un cas grave, je ne pars m\u00eame dans un centre de sant\u00e9, surtout l\u2019h\u00f4pital r\u00e9gional ou l\u2019h\u00f4pital protestant. Je pr\u00e9f\u00e8re les cliniques priv\u00e9es. D\u2019ailleurs, je ne conseille \u00e0 personne de le faire, puis que tu risques d\u2019\u00eatre tax\u00e9 de malade de Covid-19\u2033, d\u00e9clare inconsciente une bayam-sellam.<\/p>\n<p>Au-del\u00e0 de la phase p\u00e9dagogique, l\u2019interpellation des personnes ne portant pas de masque dans les espaces publics \u00e0 Ngaound\u00e9r\u00e9 urbain comme c\u2019est le cas \u00e0 Meiganga pourrait \u00eatre un d\u00e9but de solution pour \u00e9viter l\u2019h\u00e9catombe.<\/p>\n","protected":false},"excerpt":{"rendered":"<p>Africa-Press &#8211; Cameroun. Ce district de sant\u00e9 de la r\u00e9gion occupe le haut du tableau de la contamination. Une situation qui inqui\u00e8te les responsables sanitaires de la r\u00e9gion. Apr\u00e8s avoir \u00e9t\u00e9 class\u00e9e la r\u00e9gion la moins touch\u00e9e l\u2019ann\u00e9e derni\u00e8re, l\u2019Adamaoua vient de d\u00e9fier les pronostics en devenant l\u2019une des r\u00e9gions les plus infect\u00e9es au Covid-19. [&hellip;]<\/p>\n","protected":false},"author":82,"featured_media":1662,"comment_status":"open","ping_status":"closed","sticky":false,"template":"","format":"standard","meta":{"footnotes":""},"categories":[21,11,10],"tags":[36,50,49],"class_list":["post-1663","post","type-post","status-publish","format-standard","has-post-thumbnail","hentry","category-communaute","category-homepage-french","category-toutes-les-actualites","tag-africa-press","tag-africa-press-cameroun","tag-cameroun"],"yoast_head":"<!-- This site is optimized with the Yoast SEO Premium plugin v26.1 (Yoast SEO v27.0) - https:\/\/yoast.com\/product\/yoast-seo-premium-wordpress\/ -->\n<title>Covid-19 : le tristement c\u00e9l\u00e8bre district de sant\u00e9 de Ngaound\u00e9r\u00e9 urbain - Cameroun<\/title>\n<meta name=\"description\" content=\"Ce district de sant\u00e9 de la r\u00e9gion occupe le haut du tableau de la contamination. Une situation qui inqui\u00e8te les responsa ...\" \/>\n<meta name=\"robots\" content=\"index, follow, max-snippet:-1, max-image-preview:large, max-video-preview:-1\" \/>\n<link rel=\"canonical\" href=\"https:\/\/www.africa-press.net\/cameroun\/toutes-les-actualites\/covid-19-le-tristement-celebre-district-de-sante-de-ngaoundere-urbain\" \/>\n<meta property=\"og:locale\" content=\"fr_FR\" \/>\n<meta property=\"og:type\" content=\"article\" \/>\n<meta property=\"og:title\" content=\"Covid-19 : le tristement c\u00e9l\u00e8bre district de sant\u00e9 de Ngaound\u00e9r\u00e9 urbain\" \/>\n<meta property=\"og:description\" content=\"Ce district de sant\u00e9 de la r\u00e9gion occupe le haut du tableau de la contamination. Une situation qui inqui\u00e8te les responsa ...\" \/>\n<meta property=\"og:url\" content=\"https:\/\/www.africa-press.net\/cameroun\/toutes-les-actualites\/covid-19-le-tristement-celebre-district-de-sante-de-ngaoundere-urbain\" \/>\n<meta property=\"og:site_name\" content=\"Cameroun\" \/>\n<meta property=\"article:published_time\" content=\"2021-03-24T11:29:17+00:00\" \/>\n<meta property=\"article:modified_time\" content=\"2021-03-24T13:07:30+00:00\" \/>\n<meta property=\"og:image\" content=\"https:\/\/static.africa-press.net\/cameroun\/sites\/57\/2021\/03\/img-605b397a4ab67.jpg\" \/>\n\t<meta property=\"og:image:width\" content=\"1280\" \/>\n\t<meta property=\"og:image:height\" content=\"720\" \/>\n\t<meta property=\"og:image:type\" content=\"image\/jpeg\" \/>\n<meta name=\"author\" content=\"cfeditorfr\" \/>\n<meta name=\"twitter:card\" content=\"summary_large_image\" \/>\n<meta name=\"twitter:label1\" content=\"\u00c9crit par\" \/>\n\t<meta name=\"twitter:data1\" content=\"cfeditorfr\" \/>\n\t<meta name=\"twitter:label2\" content=\"Dur\u00e9e de lecture estim\u00e9e\" \/>\n\t<meta name=\"twitter:data2\" content=\"3 minutes\" \/>\n<script type=\"application\/ld+json\" class=\"yoast-schema-graph\">{\"@context\":\"https:\/\/schema.org\",\"@graph\":[{\"@type\":\"Article\",\"@id\":\"https:\/\/www.africa-press.net\/cameroun\/toutes-les-actualites\/covid-19-le-tristement-celebre-district-de-sante-de-ngaoundere-urbain#article\",\"isPartOf\":{\"@id\":\"https:\/\/www.africa-press.net\/cameroun\/toutes-les-actualites\/covid-19-le-tristement-celebre-district-de-sante-de-ngaoundere-urbain\"},\"author\":{\"name\":\"cfeditorfr\",\"@id\":\"https:\/\/www.africa-press.net\/cameroun\/#\/schema\/person\/2b1cf3cd81a31e3cd26889ca66d677f1\"},\"headline\":\"Covid-19 : le tristement c\u00e9l\u00e8bre district de sant\u00e9 de Ngaound\u00e9r\u00e9 urbain\",\"datePublished\":\"2021-03-24T11:29:17+00:00\",\"dateModified\":\"2021-03-24T13:07:30+00:00\",\"mainEntityOfPage\":{\"@id\":\"https:\/\/www.africa-press.net\/cameroun\/toutes-les-actualites\/covid-19-le-tristement-celebre-district-de-sante-de-ngaoundere-urbain\"},\"wordCount\":585,\"commentCount\":0,\"image\":{\"@id\":\"https:\/\/www.africa-press.net\/cameroun\/toutes-les-actualites\/covid-19-le-tristement-celebre-district-de-sante-de-ngaoundere-urbain#primaryimage\"},\"thumbnailUrl\":\"https:\/\/static.africa-press.net\/cameroun\/sites\/57\/2021\/03\/img-605b397a4ab67.jpg\",\"keywords\":[\"Africa Press\",\"Africa Press-Cameroun\",\"Cameroun\"],\"articleSection\":[\"Communaut\u00e9\",\"homepage-french\",\"Toutes les actualit\u00e9s\"],\"inLanguage\":\"fr-FR\",\"potentialAction\":[{\"@type\":\"CommentAction\",\"name\":\"Comment\",\"target\":[\"https:\/\/www.africa-press.net\/cameroun\/toutes-les-actualites\/covid-19-le-tristement-celebre-district-de-sante-de-ngaoundere-urbain#respond\"]}]},{\"@type\":\"WebPage\",\"@id\":\"https:\/\/www.africa-press.net\/cameroun\/toutes-les-actualites\/covid-19-le-tristement-celebre-district-de-sante-de-ngaoundere-urbain\",\"url\":\"https:\/\/www.africa-press.net\/cameroun\/toutes-les-actualites\/covid-19-le-tristement-celebre-district-de-sante-de-ngaoundere-urbain\",\"name\":\"Covid-19 : le tristement c\u00e9l\u00e8bre district de sant\u00e9 de Ngaound\u00e9r\u00e9 urbain - Cameroun\",\"isPartOf\":{\"@id\":\"https:\/\/www.africa-press.net\/cameroun\/#website\"},\"primaryImageOfPage\":{\"@id\":\"https:\/\/www.africa-press.net\/cameroun\/toutes-les-actualites\/covid-19-le-tristement-celebre-district-de-sante-de-ngaoundere-urbain#primaryimage\"},\"image\":{\"@id\":\"https:\/\/www.africa-press.net\/cameroun\/toutes-les-actualites\/covid-19-le-tristement-celebre-district-de-sante-de-ngaoundere-urbain#primaryimage\"},\"thumbnailUrl\":\"https:\/\/static.africa-press.net\/cameroun\/sites\/57\/2021\/03\/img-605b397a4ab67.jpg\",\"datePublished\":\"2021-03-24T11:29:17+00:00\",\"dateModified\":\"2021-03-24T13:07:30+00:00\",\"author\":{\"@id\":\"https:\/\/www.africa-press.net\/cameroun\/#\/schema\/person\/2b1cf3cd81a31e3cd26889ca66d677f1\"},\"description\":\"Ce district de sant\u00e9 de la r\u00e9gion occupe le haut du tableau de la contamination. Une situation qui inqui\u00e8te les responsa ...\",\"breadcrumb\":{\"@id\":\"https:\/\/www.africa-press.net\/cameroun\/toutes-les-actualites\/covid-19-le-tristement-celebre-district-de-sante-de-ngaoundere-urbain#breadcrumb\"},\"inLanguage\":\"fr-FR\",\"potentialAction\":[{\"@type\":\"ReadAction\",\"target\":[\"https:\/\/www.africa-press.net\/cameroun\/toutes-les-actualites\/covid-19-le-tristement-celebre-district-de-sante-de-ngaoundere-urbain\"]}]},{\"@type\":\"ImageObject\",\"inLanguage\":\"fr-FR\",\"@id\":\"https:\/\/www.africa-press.net\/cameroun\/toutes-les-actualites\/covid-19-le-tristement-celebre-district-de-sante-de-ngaoundere-urbain#primaryimage\",\"url\":\"https:\/\/static.africa-press.net\/cameroun\/sites\/57\/2021\/03\/img-605b397a4ab67.jpg\",\"contentUrl\":\"https:\/\/static.africa-press.net\/cameroun\/sites\/57\/2021\/03\/img-605b397a4ab67.jpg\",\"width\":1280,\"height\":720,\"caption\":\"Covid-19 : le tristement c\u00e9l\u00e8bre district de sant\u00e9 de Ngaound\u00e9r\u00e9 urbain\"},{\"@type\":\"BreadcrumbList\",\"@id\":\"https:\/\/www.africa-press.net\/cameroun\/toutes-les-actualites\/covid-19-le-tristement-celebre-district-de-sante-de-ngaoundere-urbain#breadcrumb\",\"itemListElement\":[{\"@type\":\"ListItem\",\"position\":1,\"name\":\"Accueil\",\"item\":\"https:\/\/www.africa-press.net\/cameroun\/\"},{\"@type\":\"ListItem\",\"position\":2,\"name\":\"Covid-19 : le tristement c\u00e9l\u00e8bre district de sant\u00e9 de Ngaound\u00e9r\u00e9 urbain\"}]},{\"@type\":\"WebSite\",\"@id\":\"https:\/\/www.africa-press.net\/cameroun\/#website\",\"url\":\"https:\/\/www.africa-press.net\/cameroun\/\",\"name\":\"Cameroun\",\"description\":\"Just another Africa News Agency Sites site\",\"potentialAction\":[{\"@type\":\"SearchAction\",\"target\":{\"@type\":\"EntryPoint\",\"urlTemplate\":\"https:\/\/www.africa-press.net\/cameroun\/?s={search_term_string}\"},\"query-input\":{\"@type\":\"PropertyValueSpecification\",\"valueRequired\":true,\"valueName\":\"search_term_string\"}}],\"inLanguage\":\"fr-FR\"},{\"@type\":\"Person\",\"@id\":\"https:\/\/www.africa-press.net\/cameroun\/#\/schema\/person\/2b1cf3cd81a31e3cd26889ca66d677f1\",\"name\":\"cfeditorfr\"}]}<\/script>\n<!-- \/ Yoast SEO Premium plugin. -->","yoast_head_json":{"title":"Covid-19 : le tristement c\u00e9l\u00e8bre district de sant\u00e9 de Ngaound\u00e9r\u00e9 urbain - Cameroun","description":"Ce district de sant\u00e9 de la r\u00e9gion occupe le haut du tableau de la contamination. Une situation qui inqui\u00e8te les responsa ...","robots":{"index":"index","follow":"follow","max-snippet":"max-snippet:-1","max-image-preview":"max-image-preview:large","max-video-preview":"max-video-preview:-1"},"canonical":"https:\/\/www.africa-press.net\/cameroun\/toutes-les-actualites\/covid-19-le-tristement-celebre-district-de-sante-de-ngaoundere-urbain","og_locale":"fr_FR","og_type":"article","og_title":"Covid-19 : le tristement c\u00e9l\u00e8bre district de sant\u00e9 de Ngaound\u00e9r\u00e9 urbain","og_description":"Ce district de sant\u00e9 de la r\u00e9gion occupe le haut du tableau de la contamination. Une situation qui inqui\u00e8te les responsa ...","og_url":"https:\/\/www.africa-press.net\/cameroun\/toutes-les-actualites\/covid-19-le-tristement-celebre-district-de-sante-de-ngaoundere-urbain","og_site_name":"Cameroun","article_published_time":"2021-03-24T11:29:17+00:00","article_modified_time":"2021-03-24T13:07:30+00:00","og_image":[{"width":1280,"height":720,"url":"https:\/\/static.africa-press.net\/cameroun\/sites\/57\/2021\/03\/img-605b397a4ab67.jpg","type":"image\/jpeg"}],"author":"cfeditorfr","twitter_card":"summary_large_image","twitter_misc":{"\u00c9crit par":"cfeditorfr","Dur\u00e9e de lecture estim\u00e9e":"3 minutes"},"schema":{"@context":"https:\/\/schema.org","@graph":[{"@type":"Article","@id":"https:\/\/www.africa-press.net\/cameroun\/toutes-les-actualites\/covid-19-le-tristement-celebre-district-de-sante-de-ngaoundere-urbain#article","isPartOf":{"@id":"https:\/\/www.africa-press.net\/cameroun\/toutes-les-actualites\/covid-19-le-tristement-celebre-district-de-sante-de-ngaoundere-urbain"},"author":{"name":"cfeditorfr","@id":"https:\/\/www.africa-press.net\/cameroun\/#\/schema\/person\/2b1cf3cd81a31e3cd26889ca66d677f1"},"headline":"Covid-19 : le tristement c\u00e9l\u00e8bre district de sant\u00e9 de Ngaound\u00e9r\u00e9 urbain","datePublished":"2021-03-24T11:29:17+00:00","dateModified":"2021-03-24T13:07:30+00:00","mainEntityOfPage":{"@id":"https:\/\/www.africa-press.net\/cameroun\/toutes-les-actualites\/covid-19-le-tristement-celebre-district-de-sante-de-ngaoundere-urbain"},"wordCount":585,"commentCount":0,"image":{"@id":"https:\/\/www.africa-press.net\/cameroun\/toutes-les-actualites\/covid-19-le-tristement-celebre-district-de-sante-de-ngaoundere-urbain#primaryimage"},"thumbnailUrl":"https:\/\/static.africa-press.net\/cameroun\/sites\/57\/2021\/03\/img-605b397a4ab67.jpg","keywords":["Africa Press","Africa Press-Cameroun","Cameroun"],"articleSection":["Communaut\u00e9","homepage-french","Toutes les actualit\u00e9s"],"inLanguage":"fr-FR","potentialAction":[{"@type":"CommentAction","name":"Comment","target":["https:\/\/www.africa-press.net\/cameroun\/toutes-les-actualites\/covid-19-le-tristement-celebre-district-de-sante-de-ngaoundere-urbain#respond"]}]},{"@type":"WebPage","@id":"https:\/\/www.africa-press.net\/cameroun\/toutes-les-actualites\/covid-19-le-tristement-celebre-district-de-sante-de-ngaoundere-urbain","url":"https:\/\/www.africa-press.net\/cameroun\/toutes-les-actualites\/covid-19-le-tristement-celebre-district-de-sante-de-ngaoundere-urbain","name":"Covid-19 : le tristement c\u00e9l\u00e8bre district de sant\u00e9 de Ngaound\u00e9r\u00e9 urbain - Cameroun","isPartOf":{"@id":"https:\/\/www.africa-press.net\/cameroun\/#website"},"primaryImageOfPage":{"@id":"https:\/\/www.africa-press.net\/cameroun\/toutes-les-actualites\/covid-19-le-tristement-celebre-district-de-sante-de-ngaoundere-urbain#primaryimage"},"image":{"@id":"https:\/\/www.africa-press.net\/cameroun\/toutes-les-actualites\/covid-19-le-tristement-celebre-district-de-sante-de-ngaoundere-urbain#primaryimage"},"thumbnailUrl":"https:\/\/static.africa-press.net\/cameroun\/sites\/57\/2021\/03\/img-605b397a4ab67.jpg","datePublished":"2021-03-24T11:29:17+00:00","dateModified":"2021-03-24T13:07:30+00:00","author":{"@id":"https:\/\/www.africa-press.net\/cameroun\/#\/schema\/person\/2b1cf3cd81a31e3cd26889ca66d677f1"},"description":"Ce district de sant\u00e9 de la r\u00e9gion occupe le haut du tableau de la contamination. Une situation qui inqui\u00e8te les responsa ...","breadcrumb":{"@id":"https:\/\/www.africa-press.net\/cameroun\/toutes-les-actualites\/covid-19-le-tristement-celebre-district-de-sante-de-ngaoundere-urbain#breadcrumb"},"inLanguage":"fr-FR","potentialAction":[{"@type":"ReadAction","target":["https:\/\/www.africa-press.net\/cameroun\/toutes-les-actualites\/covid-19-le-tristement-celebre-district-de-sante-de-ngaoundere-urbain"]}]},{"@type":"ImageObject","inLanguage":"fr-FR","@id":"https:\/\/www.africa-press.net\/cameroun\/toutes-les-actualites\/covid-19-le-tristement-celebre-district-de-sante-de-ngaoundere-urbain#primaryimage","url":"https:\/\/static.africa-press.net\/cameroun\/sites\/57\/2021\/03\/img-605b397a4ab67.jpg","contentUrl":"https:\/\/static.africa-press.net\/cameroun\/sites\/57\/2021\/03\/img-605b397a4ab67.jpg","width":1280,"height":720,"caption":"Covid-19 : le tristement c\u00e9l\u00e8bre district de sant\u00e9 de Ngaound\u00e9r\u00e9 urbain"},{"@type":"BreadcrumbList","@id":"https:\/\/www.africa-press.net\/cameroun\/toutes-les-actualites\/covid-19-le-tristement-celebre-district-de-sante-de-ngaoundere-urbain#breadcrumb","itemListElement":[{"@type":"ListItem","position":1,"name":"Accueil","item":"https:\/\/www.africa-press.net\/cameroun\/"},{"@type":"ListItem","position":2,"name":"Covid-19 : le tristement c\u00e9l\u00e8bre district de sant\u00e9 de Ngaound\u00e9r\u00e9 urbain"}]},{"@type":"WebSite","@id":"https:\/\/www.africa-press.net\/cameroun\/#website","url":"https:\/\/www.africa-press.net\/cameroun\/","name":"Cameroun","description":"Just another Africa News Agency Sites site","potentialAction":[{"@type":"SearchAction","target":{"@type":"EntryPoint","urlTemplate":"https:\/\/www.africa-press.net\/cameroun\/?s={search_term_string}"},"query-input":{"@type":"PropertyValueSpecification","valueRequired":true,"valueName":"search_term_string"}}],"inLanguage":"fr-FR"},{"@type":"Person","@id":"https:\/\/www.africa-press.net\/cameroun\/#\/schema\/person\/2b1cf3cd81a31e3cd26889ca66d677f1","name":"cfeditorfr"}]}},"_links":{"self":[{"href":"https:\/\/www.africa-press.net\/cameroun\/wp-json\/wp\/v2\/posts\/1663","targetHints":{"allow":["GET"]}}],"collection":[{"href":"https:\/\/www.africa-press.net\/cameroun\/wp-json\/wp\/v2\/posts"}],"about":[{"href":"https:\/\/www.africa-press.net\/cameroun\/wp-json\/wp\/v2\/types\/post"}],"author":[{"embeddable":true,"href":"https:\/\/www.africa-press.net\/cameroun\/wp-json\/wp\/v2\/users\/82"}],"replies":[{"embeddable":true,"href":"https:\/\/www.africa-press.net\/cameroun\/wp-json\/wp\/v2\/comments?post=1663"}],"version-history":[{"count":0,"href":"https:\/\/www.africa-press.net\/cameroun\/wp-json\/wp\/v2\/posts\/1663\/revisions"}],"wp:featuredmedia":[{"embeddable":true,"href":"https:\/\/www.africa-press.net\/cameroun\/wp-json\/wp\/v2\/media\/1662"}],"wp:attachment":[{"href":"https:\/\/www.africa-press.net\/cameroun\/wp-json\/wp\/v2\/media?parent=1663"}],"wp:term":[{"taxonomy":"category","embeddable":true,"href":"https:\/\/www.africa-press.net\/cameroun\/wp-json\/wp\/v2\/categories?post=1663"},{"taxonomy":"post_tag","embeddable":true,"href":"https:\/\/www.africa-press.net\/cameroun\/wp-json\/wp\/v2\/tags?post=1663"}],"curies":[{"name":"wp","href":"https:\/\/api.w.org\/{rel}","templated":true}]}}