{"id":1666,"date":"2021-03-24T11:36:51","date_gmt":"2021-03-24T11:36:51","guid":{"rendered":"https:\/\/www.africa-press.net\/cameroun\/politique\/vie-des-partis-le-rdpc-celebre-son-36eme-anniversaire-sous-lombre-du-coronavirus"},"modified":"2021-03-24T13:08:04","modified_gmt":"2021-03-24T13:08:04","slug":"vie-des-partis-le-rdpc-celebre-son-36eme-anniversaire-sous-lombre-du-coronavirus","status":"publish","type":"post","link":"https:\/\/www.africa-press.net\/cameroun\/politique\/vie-des-partis-le-rdpc-celebre-son-36eme-anniversaire-sous-lombre-du-coronavirus","title":{"rendered":"Vie des partis: le RDPC c\u00e9l\u00e8bre son 36eme anniversaire sous l\u2019ombre du coronavirus"},"content":{"rendered":"<p><span style=\"color: #ff6600\"><strong><a href=\"https:\/\/www.africa-press.net\/\">Africa-Press<\/a> &#8211; <a href=\"https:\/\/www.africa-press.net\/cameroun\">Cameroun<\/a>. <\/strong><\/span>Le Rassemblement d\u00e9mocratique du peuple camerounais, le parti au pouvoir, souffle la 36eme bougie de sa cr\u00e9ation ce mercredi 24 mars 2021.<\/p>\n<p>Auparavant, \u00ab Axe Lourd Bepanda \u00bb, une voie importante du populeux arrondissement de Douala 5eme, \u00e9tait en partie barricad\u00e9e tous les 24 mars pour la c\u00e9l\u00e9bration en grande pompe de l\u2019anniversaire du RDPC. \u00c7a ne sera pas le cas cette ann\u00e9e. Ici comme ailleurs, les meetings populaires et les regroupements de masse pour des r\u00e9jouissances sont proscrits en raison des mesures prises par le gouvernement pour \u00e9viter la propagation de la pand\u00e9mie du coronavirus.<\/p>\n<p>Cette interdiction de manifester est contenue dans un message de Jean NKuete, le Secr\u00e9taire g\u00e9n\u00e9ral du Comit\u00e9 central du RDPC, adress\u00e9 aux militants du parti au pouvoir. Cependant, ils ne resteront pas les bras crois\u00e9s pendant cette 36eme \u00e9dition plac\u00e9e sous le th\u00e8me \u00abMobilisons-nous sans r\u00e9serve derri\u00e8re le gouvernement pour la r\u00e9ussite de la bataille nationale contre la pand\u00e9mie de covid-19 \u00bb. Le patron de l\u2019administration du RDPC invite ses camarades \u00e0 la cogitation dans le cadre de la lutte contre la crise sanitaire qui fait depuis un peu plus d\u2019un an, des ravages au Cameroun.<\/p>\n<p>\u00ab En attendant le retour des temps radieux, et en souhaitant un bon anniversaire \u00e0 toutes et \u00e0 tous, le Secr\u00e9taire g\u00e9n\u00e9ral du Comit\u00e9 central exhorte les militantes, le militants et tous nos compatriotes de bonne volont\u00e9, \u00e0 rester mobilis\u00e9s derri\u00e8re le Pr\u00e9sident national, Son Excellence Paul Biya, comme des sentinelles inlassables et imparables qui combattent contre les ennemis de la coh\u00e9sion nationale et de notre vivre-ensemble, et qui \u0153uvrent sans rel\u00e2ches pour un d\u00e9veloppement harmonieux et int\u00e9gr\u00e9 de notre Nation une, unie et indivisible\u00bb a exhort\u00e9 Jean Nkuete.<\/p>\n","protected":false},"excerpt":{"rendered":"<p>Africa-Press &#8211; Cameroun. Le Rassemblement d\u00e9mocratique du peuple camerounais, le parti au pouvoir, souffle la 36eme bougie de sa cr\u00e9ation ce mercredi 24 mars 2021. Auparavant, \u00ab Axe Lourd Bepanda \u00bb, une voie importante du populeux arrondissement de Douala 5eme, \u00e9tait en partie barricad\u00e9e tous les 24 mars pour la c\u00e9l\u00e9bration en grande pompe de [&hellip;]<\/p>\n","protected":false},"author":82,"featured_media":1665,"comment_status":"open","ping_status":"closed","sticky":false,"template":"","format":"standard","meta":{"footnotes":""},"categories":[11,2,10],"tags":[36,50,49],"class_list":["post-1666","post","type-post","status-publish","format-standard","has-post-thumbnail","hentry","category-homepage-french","category-politique","category-toutes-les-actualites","tag-africa-press","tag-africa-press-cameroun","tag-cameroun"],"yoast_head":"<!-- This site is optimized with the Yoast SEO Premium plugin v26.1 (Yoast SEO v27.0) - https:\/\/yoast.com\/product\/yoast-seo-premium-wordpress\/ -->\n<title>Vie des partis: le RDPC c\u00e9l\u00e8bre son 36eme anniversaire sous l\u2019ombre du coronavirus - Cameroun<\/title>\n<meta name=\"description\" content=\"Le Rassemblement d\u00e9mocratique du peuple camerounais, le parti au pouvoir, souffle la 36eme bougie de sa cr\u00e9ation ce merc ...\" \/>\n<meta name=\"robots\" content=\"index, follow, max-snippet:-1, max-image-preview:large, max-video-preview:-1\" \/>\n<link rel=\"canonical\" href=\"https:\/\/www.africa-press.net\/cameroun\/politique\/vie-des-partis-le-rdpc-celebre-son-36eme-anniversaire-sous-lombre-du-coronavirus\" \/>\n<meta property=\"og:locale\" content=\"fr_FR\" \/>\n<meta property=\"og:type\" content=\"article\" \/>\n<meta property=\"og:title\" content=\"Vie des partis: le RDPC c\u00e9l\u00e8bre son 36eme anniversaire sous l\u2019ombre du coronavirus\" \/>\n<meta property=\"og:description\" content=\"Le Rassemblement d\u00e9mocratique du peuple camerounais, le parti au pouvoir, souffle la 36eme bougie de sa cr\u00e9ation ce merc ...\" \/>\n<meta property=\"og:url\" content=\"https:\/\/www.africa-press.net\/cameroun\/politique\/vie-des-partis-le-rdpc-celebre-son-36eme-anniversaire-sous-lombre-du-coronavirus\" \/>\n<meta property=\"og:site_name\" content=\"Cameroun\" \/>\n<meta property=\"article:published_time\" content=\"2021-03-24T11:36:51+00:00\" \/>\n<meta property=\"article:modified_time\" content=\"2021-03-24T13:08:04+00:00\" \/>\n<meta property=\"og:image\" content=\"https:\/\/static.africa-press.net\/cameroun\/sites\/57\/2021\/03\/img-605b399d9a746.jpg\" \/>\n\t<meta property=\"og:image:width\" content=\"800\" \/>\n\t<meta property=\"og:image:height\" content=\"480\" \/>\n\t<meta property=\"og:image:type\" content=\"image\/jpeg\" \/>\n<meta name=\"author\" content=\"cfeditorfr\" \/>\n<meta name=\"twitter:card\" content=\"summary_large_image\" \/>\n<meta name=\"twitter:label1\" content=\"\u00c9crit par\" \/>\n\t<meta name=\"twitter:data1\" content=\"cfeditorfr\" \/>\n\t<meta name=\"twitter:label2\" content=\"Dur\u00e9e de lecture estim\u00e9e\" \/>\n\t<meta name=\"twitter:data2\" content=\"2 minutes\" \/>\n<script type=\"application\/ld+json\" class=\"yoast-schema-graph\">{\"@context\":\"https:\/\/schema.org\",\"@graph\":[{\"@type\":\"Article\",\"@id\":\"https:\/\/www.africa-press.net\/cameroun\/politique\/vie-des-partis-le-rdpc-celebre-son-36eme-anniversaire-sous-lombre-du-coronavirus#article\",\"isPartOf\":{\"@id\":\"https:\/\/www.africa-press.net\/cameroun\/politique\/vie-des-partis-le-rdpc-celebre-son-36eme-anniversaire-sous-lombre-du-coronavirus\"},\"author\":{\"name\":\"cfeditorfr\",\"@id\":\"https:\/\/www.africa-press.net\/cameroun\/#\/schema\/person\/2b1cf3cd81a31e3cd26889ca66d677f1\"},\"headline\":\"Vie des partis: le RDPC c\u00e9l\u00e8bre son 36eme anniversaire sous l\u2019ombre du coronavirus\",\"datePublished\":\"2021-03-24T11:36:51+00:00\",\"dateModified\":\"2021-03-24T13:08:04+00:00\",\"mainEntityOfPage\":{\"@id\":\"https:\/\/www.africa-press.net\/cameroun\/politique\/vie-des-partis-le-rdpc-celebre-son-36eme-anniversaire-sous-lombre-du-coronavirus\"},\"wordCount\":320,\"commentCount\":0,\"image\":{\"@id\":\"https:\/\/www.africa-press.net\/cameroun\/politique\/vie-des-partis-le-rdpc-celebre-son-36eme-anniversaire-sous-lombre-du-coronavirus#primaryimage\"},\"thumbnailUrl\":\"https:\/\/static.africa-press.net\/cameroun\/sites\/57\/2021\/03\/img-605b399d9a746.jpg\",\"keywords\":[\"Africa Press\",\"Africa Press-Cameroun\",\"Cameroun\"],\"articleSection\":[\"homepage-french\",\"Politique\",\"Toutes les actualit\u00e9s\"],\"inLanguage\":\"fr-FR\",\"potentialAction\":[{\"@type\":\"CommentAction\",\"name\":\"Comment\",\"target\":[\"https:\/\/www.africa-press.net\/cameroun\/politique\/vie-des-partis-le-rdpc-celebre-son-36eme-anniversaire-sous-lombre-du-coronavirus#respond\"]}]},{\"@type\":\"WebPage\",\"@id\":\"https:\/\/www.africa-press.net\/cameroun\/politique\/vie-des-partis-le-rdpc-celebre-son-36eme-anniversaire-sous-lombre-du-coronavirus\",\"url\":\"https:\/\/www.africa-press.net\/cameroun\/politique\/vie-des-partis-le-rdpc-celebre-son-36eme-anniversaire-sous-lombre-du-coronavirus\",\"name\":\"Vie des partis: le RDPC c\u00e9l\u00e8bre son 36eme anniversaire sous l\u2019ombre du coronavirus - Cameroun\",\"isPartOf\":{\"@id\":\"https:\/\/www.africa-press.net\/cameroun\/#website\"},\"primaryImageOfPage\":{\"@id\":\"https:\/\/www.africa-press.net\/cameroun\/politique\/vie-des-partis-le-rdpc-celebre-son-36eme-anniversaire-sous-lombre-du-coronavirus#primaryimage\"},\"image\":{\"@id\":\"https:\/\/www.africa-press.net\/cameroun\/politique\/vie-des-partis-le-rdpc-celebre-son-36eme-anniversaire-sous-lombre-du-coronavirus#primaryimage\"},\"thumbnailUrl\":\"https:\/\/static.africa-press.net\/cameroun\/sites\/57\/2021\/03\/img-605b399d9a746.jpg\",\"datePublished\":\"2021-03-24T11:36:51+00:00\",\"dateModified\":\"2021-03-24T13:08:04+00:00\",\"author\":{\"@id\":\"https:\/\/www.africa-press.net\/cameroun\/#\/schema\/person\/2b1cf3cd81a31e3cd26889ca66d677f1\"},\"description\":\"Le Rassemblement d\u00e9mocratique du peuple camerounais, le parti au pouvoir, souffle la 36eme bougie de sa cr\u00e9ation ce merc ...\",\"breadcrumb\":{\"@id\":\"https:\/\/www.africa-press.net\/cameroun\/politique\/vie-des-partis-le-rdpc-celebre-son-36eme-anniversaire-sous-lombre-du-coronavirus#breadcrumb\"},\"inLanguage\":\"fr-FR\",\"potentialAction\":[{\"@type\":\"ReadAction\",\"target\":[\"https:\/\/www.africa-press.net\/cameroun\/politique\/vie-des-partis-le-rdpc-celebre-son-36eme-anniversaire-sous-lombre-du-coronavirus\"]}]},{\"@type\":\"ImageObject\",\"inLanguage\":\"fr-FR\",\"@id\":\"https:\/\/www.africa-press.net\/cameroun\/politique\/vie-des-partis-le-rdpc-celebre-son-36eme-anniversaire-sous-lombre-du-coronavirus#primaryimage\",\"url\":\"https:\/\/static.africa-press.net\/cameroun\/sites\/57\/2021\/03\/img-605b399d9a746.jpg\",\"contentUrl\":\"https:\/\/static.africa-press.net\/cameroun\/sites\/57\/2021\/03\/img-605b399d9a746.jpg\",\"width\":800,\"height\":480,\"caption\":\"Vie des partis: le RDPC c\u00e9l\u00e8bre son 36eme anniversaire sous l\u2019ombre du coronavirus\"},{\"@type\":\"BreadcrumbList\",\"@id\":\"https:\/\/www.africa-press.net\/cameroun\/politique\/vie-des-partis-le-rdpc-celebre-son-36eme-anniversaire-sous-lombre-du-coronavirus#breadcrumb\",\"itemListElement\":[{\"@type\":\"ListItem\",\"position\":1,\"name\":\"Accueil\",\"item\":\"https:\/\/www.africa-press.net\/cameroun\/\"},{\"@type\":\"ListItem\",\"position\":2,\"name\":\"Vie des partis: le RDPC c\u00e9l\u00e8bre son 36eme anniversaire sous l\u2019ombre du coronavirus\"}]},{\"@type\":\"WebSite\",\"@id\":\"https:\/\/www.africa-press.net\/cameroun\/#website\",\"url\":\"https:\/\/www.africa-press.net\/cameroun\/\",\"name\":\"Cameroun\",\"description\":\"Just another Africa News Agency Sites site\",\"potentialAction\":[{\"@type\":\"SearchAction\",\"target\":{\"@type\":\"EntryPoint\",\"urlTemplate\":\"https:\/\/www.africa-press.net\/cameroun\/?s={search_term_string}\"},\"query-input\":{\"@type\":\"PropertyValueSpecification\",\"valueRequired\":true,\"valueName\":\"search_term_string\"}}],\"inLanguage\":\"fr-FR\"},{\"@type\":\"Person\",\"@id\":\"https:\/\/www.africa-press.net\/cameroun\/#\/schema\/person\/2b1cf3cd81a31e3cd26889ca66d677f1\",\"name\":\"cfeditorfr\"}]}<\/script>\n<!-- \/ Yoast SEO Premium plugin. -->","yoast_head_json":{"title":"Vie des partis: le RDPC c\u00e9l\u00e8bre son 36eme anniversaire sous l\u2019ombre du coronavirus - Cameroun","description":"Le Rassemblement d\u00e9mocratique du peuple camerounais, le parti au pouvoir, souffle la 36eme bougie de sa cr\u00e9ation ce merc ...","robots":{"index":"index","follow":"follow","max-snippet":"max-snippet:-1","max-image-preview":"max-image-preview:large","max-video-preview":"max-video-preview:-1"},"canonical":"https:\/\/www.africa-press.net\/cameroun\/politique\/vie-des-partis-le-rdpc-celebre-son-36eme-anniversaire-sous-lombre-du-coronavirus","og_locale":"fr_FR","og_type":"article","og_title":"Vie des partis: le RDPC c\u00e9l\u00e8bre son 36eme anniversaire sous l\u2019ombre du coronavirus","og_description":"Le Rassemblement d\u00e9mocratique du peuple camerounais, le parti au pouvoir, souffle la 36eme bougie de sa cr\u00e9ation ce merc ...","og_url":"https:\/\/www.africa-press.net\/cameroun\/politique\/vie-des-partis-le-rdpc-celebre-son-36eme-anniversaire-sous-lombre-du-coronavirus","og_site_name":"Cameroun","article_published_time":"2021-03-24T11:36:51+00:00","article_modified_time":"2021-03-24T13:08:04+00:00","og_image":[{"width":800,"height":480,"url":"https:\/\/static.africa-press.net\/cameroun\/sites\/57\/2021\/03\/img-605b399d9a746.jpg","type":"image\/jpeg"}],"author":"cfeditorfr","twitter_card":"summary_large_image","twitter_misc":{"\u00c9crit par":"cfeditorfr","Dur\u00e9e de lecture estim\u00e9e":"2 minutes"},"schema":{"@context":"https:\/\/schema.org","@graph":[{"@type":"Article","@id":"https:\/\/www.africa-press.net\/cameroun\/politique\/vie-des-partis-le-rdpc-celebre-son-36eme-anniversaire-sous-lombre-du-coronavirus#article","isPartOf":{"@id":"https:\/\/www.africa-press.net\/cameroun\/politique\/vie-des-partis-le-rdpc-celebre-son-36eme-anniversaire-sous-lombre-du-coronavirus"},"author":{"name":"cfeditorfr","@id":"https:\/\/www.africa-press.net\/cameroun\/#\/schema\/person\/2b1cf3cd81a31e3cd26889ca66d677f1"},"headline":"Vie des partis: le RDPC c\u00e9l\u00e8bre son 36eme anniversaire sous l\u2019ombre du coronavirus","datePublished":"2021-03-24T11:36:51+00:00","dateModified":"2021-03-24T13:08:04+00:00","mainEntityOfPage":{"@id":"https:\/\/www.africa-press.net\/cameroun\/politique\/vie-des-partis-le-rdpc-celebre-son-36eme-anniversaire-sous-lombre-du-coronavirus"},"wordCount":320,"commentCount":0,"image":{"@id":"https:\/\/www.africa-press.net\/cameroun\/politique\/vie-des-partis-le-rdpc-celebre-son-36eme-anniversaire-sous-lombre-du-coronavirus#primaryimage"},"thumbnailUrl":"https:\/\/static.africa-press.net\/cameroun\/sites\/57\/2021\/03\/img-605b399d9a746.jpg","keywords":["Africa Press","Africa Press-Cameroun","Cameroun"],"articleSection":["homepage-french","Politique","Toutes les actualit\u00e9s"],"inLanguage":"fr-FR","potentialAction":[{"@type":"CommentAction","name":"Comment","target":["https:\/\/www.africa-press.net\/cameroun\/politique\/vie-des-partis-le-rdpc-celebre-son-36eme-anniversaire-sous-lombre-du-coronavirus#respond"]}]},{"@type":"WebPage","@id":"https:\/\/www.africa-press.net\/cameroun\/politique\/vie-des-partis-le-rdpc-celebre-son-36eme-anniversaire-sous-lombre-du-coronavirus","url":"https:\/\/www.africa-press.net\/cameroun\/politique\/vie-des-partis-le-rdpc-celebre-son-36eme-anniversaire-sous-lombre-du-coronavirus","name":"Vie des partis: le RDPC c\u00e9l\u00e8bre son 36eme anniversaire sous l\u2019ombre du coronavirus - Cameroun","isPartOf":{"@id":"https:\/\/www.africa-press.net\/cameroun\/#website"},"primaryImageOfPage":{"@id":"https:\/\/www.africa-press.net\/cameroun\/politique\/vie-des-partis-le-rdpc-celebre-son-36eme-anniversaire-sous-lombre-du-coronavirus#primaryimage"},"image":{"@id":"https:\/\/www.africa-press.net\/cameroun\/politique\/vie-des-partis-le-rdpc-celebre-son-36eme-anniversaire-sous-lombre-du-coronavirus#primaryimage"},"thumbnailUrl":"https:\/\/static.africa-press.net\/cameroun\/sites\/57\/2021\/03\/img-605b399d9a746.jpg","datePublished":"2021-03-24T11:36:51+00:00","dateModified":"2021-03-24T13:08:04+00:00","author":{"@id":"https:\/\/www.africa-press.net\/cameroun\/#\/schema\/person\/2b1cf3cd81a31e3cd26889ca66d677f1"},"description":"Le Rassemblement d\u00e9mocratique du peuple camerounais, le parti au pouvoir, souffle la 36eme bougie de sa cr\u00e9ation ce merc ...","breadcrumb":{"@id":"https:\/\/www.africa-press.net\/cameroun\/politique\/vie-des-partis-le-rdpc-celebre-son-36eme-anniversaire-sous-lombre-du-coronavirus#breadcrumb"},"inLanguage":"fr-FR","potentialAction":[{"@type":"ReadAction","target":["https:\/\/www.africa-press.net\/cameroun\/politique\/vie-des-partis-le-rdpc-celebre-son-36eme-anniversaire-sous-lombre-du-coronavirus"]}]},{"@type":"ImageObject","inLanguage":"fr-FR","@id":"https:\/\/www.africa-press.net\/cameroun\/politique\/vie-des-partis-le-rdpc-celebre-son-36eme-anniversaire-sous-lombre-du-coronavirus#primaryimage","url":"https:\/\/static.africa-press.net\/cameroun\/sites\/57\/2021\/03\/img-605b399d9a746.jpg","contentUrl":"https:\/\/static.africa-press.net\/cameroun\/sites\/57\/2021\/03\/img-605b399d9a746.jpg","width":800,"height":480,"caption":"Vie des partis: le RDPC c\u00e9l\u00e8bre son 36eme anniversaire sous l\u2019ombre du coronavirus"},{"@type":"BreadcrumbList","@id":"https:\/\/www.africa-press.net\/cameroun\/politique\/vie-des-partis-le-rdpc-celebre-son-36eme-anniversaire-sous-lombre-du-coronavirus#breadcrumb","itemListElement":[{"@type":"ListItem","position":1,"name":"Accueil","item":"https:\/\/www.africa-press.net\/cameroun\/"},{"@type":"ListItem","position":2,"name":"Vie des partis: le RDPC c\u00e9l\u00e8bre son 36eme anniversaire sous l\u2019ombre du coronavirus"}]},{"@type":"WebSite","@id":"https:\/\/www.africa-press.net\/cameroun\/#website","url":"https:\/\/www.africa-press.net\/cameroun\/","name":"Cameroun","description":"Just another Africa News Agency Sites site","potentialAction":[{"@type":"SearchAction","target":{"@type":"EntryPoint","urlTemplate":"https:\/\/www.africa-press.net\/cameroun\/?s={search_term_string}"},"query-input":{"@type":"PropertyValueSpecification","valueRequired":true,"valueName":"search_term_string"}}],"inLanguage":"fr-FR"},{"@type":"Person","@id":"https:\/\/www.africa-press.net\/cameroun\/#\/schema\/person\/2b1cf3cd81a31e3cd26889ca66d677f1","name":"cfeditorfr"}]}},"_links":{"self":[{"href":"https:\/\/www.africa-press.net\/cameroun\/wp-json\/wp\/v2\/posts\/1666","targetHints":{"allow":["GET"]}}],"collection":[{"href":"https:\/\/www.africa-press.net\/cameroun\/wp-json\/wp\/v2\/posts"}],"about":[{"href":"https:\/\/www.africa-press.net\/cameroun\/wp-json\/wp\/v2\/types\/post"}],"author":[{"embeddable":true,"href":"https:\/\/www.africa-press.net\/cameroun\/wp-json\/wp\/v2\/users\/82"}],"replies":[{"embeddable":true,"href":"https:\/\/www.africa-press.net\/cameroun\/wp-json\/wp\/v2\/comments?post=1666"}],"version-history":[{"count":0,"href":"https:\/\/www.africa-press.net\/cameroun\/wp-json\/wp\/v2\/posts\/1666\/revisions"}],"wp:featuredmedia":[{"embeddable":true,"href":"https:\/\/www.africa-press.net\/cameroun\/wp-json\/wp\/v2\/media\/1665"}],"wp:attachment":[{"href":"https:\/\/www.africa-press.net\/cameroun\/wp-json\/wp\/v2\/media?parent=1666"}],"wp:term":[{"taxonomy":"category","embeddable":true,"href":"https:\/\/www.africa-press.net\/cameroun\/wp-json\/wp\/v2\/categories?post=1666"},{"taxonomy":"post_tag","embeddable":true,"href":"https:\/\/www.africa-press.net\/cameroun\/wp-json\/wp\/v2\/tags?post=1666"}],"curies":[{"name":"wp","href":"https:\/\/api.w.org\/{rel}","templated":true}]}}