{"id":1672,"date":"2021-03-24T11:55:03","date_gmt":"2021-03-24T11:55:03","guid":{"rendered":"https:\/\/www.africa-press.net\/cameroun\/politique\/politique-kand-owaski-recadre-sechement-christian-ntimbane-bomo"},"modified":"2021-03-24T13:09:16","modified_gmt":"2021-03-24T13:09:16","slug":"politique-kand-owaski-recadre-sechement-christian-ntimbane-bomo","status":"publish","type":"post","link":"https:\/\/www.africa-press.net\/cameroun\/politique\/politique-kand-owaski-recadre-sechement-christian-ntimbane-bomo","title":{"rendered":"Politique: Kand Owaski recadre s\u00e8chement Christian Ntimbane Bomo"},"content":{"rendered":"<p><span style=\"color: #ff6600\"><strong><a href=\"https:\/\/www.africa-press.net\/\">Africa-Press<\/a> &#8211; <a href=\"https:\/\/www.africa-press.net\/cameroun\">Cameroun<\/a>. <\/strong><\/span>Faisant suite \u00e0 la correspondance publique \u00e0 lui adresser par l&rsquo;avocat Christian NTIMBANE BOMO o\u00f9 il le qualifie de tribaliste, l&rsquo;activiste Kand Owaski a r\u00e9agi pour recadrer l&rsquo;avocat.<\/p>\n<p>Lisons l&rsquo;int\u00e9gralit\u00e9<\/p>\n<p>Bonjour Me Ntimbane Bomo,<\/p>\n<p>J\u2019ai bien re\u00e7u votre lettre. Et je vous remercie pour cette marque d\u2019attention. On dit que quand un homme de Dieu parle de vous, votre \u00e2me se rapproche du paradis. Peut-\u00eatre que j\u2019aurais simplement d\u00fb dire \u00ab amen \u00bb \u00e0 votre adresse comme il m\u2019a \u00e9t\u00e9 demand\u00e9; mais si je l\u2019avais fait, les Camerounais aurait laiss\u00e9 passer quelque chose dans votre lettre qui est tr\u00e8s grave mais qui, pour ce que je sais de vous, est \u00e0 l\u2019image de votre esprit et de l\u2019esprit que vous avez sur le MRC.<\/p>\n<p>A mon sujet, ou plut\u00f4t au sujet du Professeur Alain Fogue que vous n\u2019avez pas eu le cran de citer formellement, vous dites : \u00ab PIETRE STRAT\u00c8GE POLITIQUE, vous avez cru devoir penser, en jouant sur les \u00e9motions et frustrations historiques du peuple bamileke, \u00e0 L\u2019\u00c9MERGENCE D\u2019UN REGROUPEMENT POLITIQUE TRIBAL, en r\u00e9alit\u00e9 pour cr\u00e9er un instrument vous permettant de sucer les \u00e9conomies de VOS FR\u00c8RES, comme vous le faites au vu de vos multiples r\u00e9alisations immobili\u00e8res dont JE ME R\u00c9SERVE LE DROIT DE PUBLIER SI VOUS INSITEZ \u00bb.<\/p>\n<p>Pour vous le Professeur Fogue est un pi\u00e8tre strat\u00e8ge politique et le MRC, un regroupement politique tribal \u00e0 travers lequel il suce l\u2019argent de ses fr\u00e8res. Chassez le naturel, il revient toujours au galop, Me&#8230;afin&#8230;m\u00eame si&#8230;le votre&#8230;il n\u2019est jamais parti. Depuis 2016 vous avez travaill\u00e9 \u00e0 imposer dans l\u2019imaginaire populaire l\u2019image d\u2019un MRC tribal. En 2018 tous ceux qui suivaient l\u2019actualit\u00e9 dans le forum du trio Engelbert-Mathieu-Albert, vous ont vu \u00e0 l\u2019\u0153uvre avec une d\u00e9termination extraordinaire pour d\u00e9montrer que le candidat Kamto \u00e9tait le candidat de \u00ab l\u2019h\u00e9g\u00e9monie bamileke \u00bb et qu\u2019il \u00ab serait dangereux de voter pour lui \u00bb. Ils ont tous lu \u00e0 l\u2019\u00e9poque les commentaires de votre actuelle concubine qui s\u2019attaquait aux bamileke lorsque nous parlions du bilan de Paul Biya. A l\u2019\u00e9poque elle n\u2019\u00e9tait pas encore tr\u00e8s volubile : elle se contentait de dire \u00ab sales bamileke, porcs \u00bb comme aiment \u00e0 le dire les militants du parti dont elle est le porte-parole aujourd\u2019hui et dont vous avez \u00e9t\u00e9 l\u2019avocat hier.<\/p>\n<p>Donc en qualifiant aujourd\u2019hui le MRC de \u00ab regroupement politique tribal \u00bb vous \u00eates dans la continuit\u00e9. M\u00eame si, comme un d\u00e9mon qui use de la duplicit\u00e9 pour \u00e9chapper \u00e0 la foudre de l\u2019exorciste afin de maintenir sa possession, vous avez sans trop de conviction essay\u00e9 plus tard de masquer cet esprit pendant quelques mois en vous pr\u00e9sentant comme \u00e9tant le nouveau d\u00e9fenseur du MRC, ce parti, disiez-vous, qui \u00ab est le seul capable de mobiliser les Camerounais \u00bb. Et c\u2019est \u00e0 ce moment pr\u00e9cis de ma r\u00e9ponse que les Camerounais doivent se demander comment vous avez pu dire une telle chose d\u2019un \u00ab Regroupement Politique tribal \u00bb.<\/p>\n<p>Le Docteur Mono disait il y\u2019a quelques semaines que le plus grand mal que le RDPC ait r\u00e9ussi \u00e0 infliger au MRC \u00e9tait de l\u2019avoir fait passer pour un parti tribal. Vous \u00eates l\u2019un des principaux acteurs de ce mal et c\u2019est pourquoi j\u2019ai ri aux sanglots lorsque vous avez dit que vous vouliez combattre le tribalisme sur les r\u00e9seaux sociaux..un peu comme le diable qui annonce qu\u2019il va d\u00e9truire son biotope en \u00e9teignant les flammes qui donnent un sens \u00e0 sa vie.<\/p>\n<p>Contrairement \u00e0 ce que vous dites, je n\u2019ai jamais combattu cette initiative; je l\u2019ai m\u00eame soutenue ici publiquement. Mais vous ne pouviez pas le voir n\u2019est-ce pas? C\u2019est aussi pourquoi je ne suis pas surpris que vous m\u2019accusiez de tribalisme lorsque je d\u00e9fends le contribuable camerounais. Le rdpc a cette f\u00e2cheuse tendance \u00e0 opposer le tribalisme au d\u00e9bat de fond en effet; mais comme d\u2019habitude, je r\u00e9ponds que ma page est ouverte au public et que mes publications peuvent \u00eatre remont\u00e9es jusqu\u2019\u00e0 sa naissance. J\u2019attends donc de vous et des autres que vous m\u2019apportiez des preuves documentaires de ce dont vous m\u2019accusez pour masquer les probl\u00e8mes de fond. Tout le monde a aujourd\u2019hui la preuve dans l\u2019extrait de votre lettre que c\u2019est vous le tribaliste; et vous l\u2019\u00eates d\u2019autant plus que vous avez d\u00fb supprimer votre compte de 2018 comme Owona Nguini et votre concubine l\u2019ont fait avec les leurs, pour \u00e9viter que l\u2019on remette en exergue la laideur de votre \u00e2me qui a trouv\u00e9 dans la religion ce que l\u2019on trouve \u00e0 Halloween.<\/p>\n<p>Pour revenir sur le cas du Professeur Mendo Ze qui a \u00e9t\u00e9 mon enseignant \u00e0 l\u2019universit\u00e9 de Yaound\u00e9 1, je voudrai vous rassurer que je comprends votre propension \u00e0 d\u00e9fendre les voleurs de fonds publics. En le faisant, c\u2019est vous que vous d\u00e9fendez. Si vous estimez que je vous accuse faussement de d\u00e9tournement, dites aux Camerounais \u00e0 quoi ont servi les milliards de la CNPS que vous avez re\u00e7u du Ministre Motaze \u00e0 travers Akam. Vous \u00eates un malhonn\u00eate chevronn\u00e9 comme tous les faux pasteurs qui polluent le monde de leur charlatanisme. Sinon comment pouvez-vous \u00e0 la fois pr\u00e9tendre que Mendo Ze n\u2019a pas vol\u00e9 et estimer \u00e0 des milliers le nombre de personnes qu\u2019il a aid\u00e9es ? Avec quel argent ce fonctionnaire le faisait-il ?<\/p>\n<p>Vous revendiquez \u00ab son droit \u00e0 l\u2019\u00e9vacuation sanitaire \u00bb????. De quel droit s\u2019agit-il encore Me? Voil\u00e0 qui est bien nouveau. Comme \u00e7a il existe un droit des personnes ou de certaines personnes \u00e0 b\u00e9n\u00e9ficier d\u2019une \u00e9vacuation \u00e0 l\u2019\u00e9tranger ?! Je l\u2019ignorais. Par contre je sais que tout prisonnier a droit \u00e0 la sant\u00e9 et \u00e0 des soins de sant\u00e9. Ce dont vous avez omis de dire est en effet que le Professeur Mendo Ze b\u00e9n\u00e9ficie d\u00e9j\u00e0 de ce droit dans l\u2019un des h\u00f4pitaux de r\u00e9f\u00e9rence de notre pays. Ces droits en la mati\u00e8re n\u2019ont donc pas \u00e9t\u00e9 viol\u00e9. Le contribuable lui paie ces soins et personne ne l\u2019a vu ligot\u00e9 \u00e0 son lit d\u2019h\u00f4pital comme ce d\u00e9funt pasteur que vous n\u2019avez jamais \u00e9voqu\u00e9 dans vos sorties.<\/p>\n<p>Le Professeur Mendo Ze a servi son pays, pay\u00e9 \u00e0 chaque fois par le contribuable camerounais, qui lui n\u2019a pas la chance de b\u00e9n\u00e9ficier de soins m\u00e9dicaux gratuits dans les h\u00f4pitaux publics de r\u00e9f\u00e9rence. Vous comprenez ce que je dis? Vous n\u2019avez jamais eu de probl\u00e8me lorsque je le disais pour Yves Michel Fotso.<\/p>\n<p>Monsieur Bomo, je voudrai terminer en vous appelant \u00e0 plus de conviction. Arr\u00eatez d\u2019\u00eatre derviche et ayez des convictions profondes. Parce que vous n\u2019en avez pas. Du moins pas sur le plan politique. Et \u00e7a fait ridicule d\u2019\u00eatre \u00e0 ce point d\u00e9pendant du sens du vent, comme si vous n\u2019aviez plus d\u2019ailes pour voler dans une direction en laquelle vous croyez. Lorsque vous publierez mes biens immobiliers je dirai aux Camerounais comment cette instabilit\u00e9 a \u00e9loign\u00e9 de vous votre premi\u00e8re \u00e9pouse, madame le Commissaire que je salue affectueusement&#8230;non, je ne le ferai pas. Je ne vais pas remuer le couteau dans la plaie de cette femme. \u00c0 la place, j\u2019opte pour votre isolement et demande aux Camerounais qui croient au MRC que vous avez insult\u00e9 et catalogu\u00e9 \u00e0 un \u00ab regroupement politique tribal \u00bb de vous isoler en se d\u00e9sabonnant de votre page. Ceux qui ne pourront pas le faire peuvent se contenter d\u2019\u00e9crire sous chacun de vos posts : VRAI PROFIL MISSIONN\u00c9 PAR LE CABINET CIVIL POUR DISTILLER LA HAINE CONTRE LE MRC.<\/p>\n<p>Sinon en passant, les Camerounais attendent toujours votre participation au projet d\u2019un syst\u00e8me \u00e9lectoral consensuel. Le Dr Fridolin Nke y a d\u00e9j\u00e0 contribu\u00e9<\/p>\n<p>Kand Owalski<\/p>\n","protected":false},"excerpt":{"rendered":"<p>Africa-Press &#8211; Cameroun. Faisant suite \u00e0 la correspondance publique \u00e0 lui adresser par l&rsquo;avocat Christian NTIMBANE BOMO o\u00f9 il le qualifie de tribaliste, l&rsquo;activiste Kand Owaski a r\u00e9agi pour recadrer l&rsquo;avocat. Lisons l&rsquo;int\u00e9gralit\u00e9 Bonjour Me Ntimbane Bomo, J\u2019ai bien re\u00e7u votre lettre. Et je vous remercie pour cette marque d\u2019attention. On dit que quand un [&hellip;]<\/p>\n","protected":false},"author":82,"featured_media":1671,"comment_status":"open","ping_status":"closed","sticky":false,"template":"","format":"standard","meta":{"footnotes":""},"categories":[11,2,10],"tags":[36,50,49],"class_list":["post-1672","post","type-post","status-publish","format-standard","has-post-thumbnail","hentry","category-homepage-french","category-politique","category-toutes-les-actualites","tag-africa-press","tag-africa-press-cameroun","tag-cameroun"],"yoast_head":"<!-- This site is optimized with the Yoast SEO Premium plugin v26.1 (Yoast SEO v27.0) - https:\/\/yoast.com\/product\/yoast-seo-premium-wordpress\/ -->\n<title>Politique: Kand Owaski recadre s\u00e8chement Christian Ntimbane Bomo - Cameroun<\/title>\n<meta name=\"description\" content=\"Faisant suite \u00e0 la correspondance publique \u00e0 lui adresser par l&#039;avocat Christian NTIMBANE BOMO o\u00f9 il le qualifie de trib ...\" \/>\n<meta name=\"robots\" content=\"index, follow, max-snippet:-1, max-image-preview:large, max-video-preview:-1\" \/>\n<link rel=\"canonical\" href=\"https:\/\/www.africa-press.net\/cameroun\/politique\/politique-kand-owaski-recadre-sechement-christian-ntimbane-bomo\" \/>\n<meta property=\"og:locale\" content=\"fr_FR\" \/>\n<meta property=\"og:type\" content=\"article\" \/>\n<meta property=\"og:title\" content=\"Politique: Kand Owaski recadre s\u00e8chement Christian Ntimbane Bomo\" \/>\n<meta property=\"og:description\" content=\"Faisant suite \u00e0 la correspondance publique \u00e0 lui adresser par l&#039;avocat Christian NTIMBANE BOMO o\u00f9 il le qualifie de trib ...\" \/>\n<meta property=\"og:url\" content=\"https:\/\/www.africa-press.net\/cameroun\/politique\/politique-kand-owaski-recadre-sechement-christian-ntimbane-bomo\" \/>\n<meta property=\"og:site_name\" content=\"Cameroun\" \/>\n<meta property=\"article:published_time\" content=\"2021-03-24T11:55:03+00:00\" \/>\n<meta property=\"article:modified_time\" content=\"2021-03-24T13:09:16+00:00\" \/>\n<meta property=\"og:image\" content=\"https:\/\/static.africa-press.net\/cameroun\/sites\/57\/2021\/03\/img-605b39e6bd24c.jpg\" \/>\n\t<meta property=\"og:image:width\" content=\"766\" \/>\n\t<meta property=\"og:image:height\" content=\"491\" \/>\n\t<meta property=\"og:image:type\" content=\"image\/jpeg\" \/>\n<meta name=\"author\" content=\"cfeditorfr\" \/>\n<meta name=\"twitter:card\" content=\"summary_large_image\" \/>\n<meta name=\"twitter:label1\" content=\"\u00c9crit par\" \/>\n\t<meta name=\"twitter:data1\" content=\"cfeditorfr\" \/>\n\t<meta name=\"twitter:label2\" content=\"Dur\u00e9e de lecture estim\u00e9e\" \/>\n\t<meta name=\"twitter:data2\" content=\"7 minutes\" \/>\n<script type=\"application\/ld+json\" class=\"yoast-schema-graph\">{\"@context\":\"https:\/\/schema.org\",\"@graph\":[{\"@type\":\"Article\",\"@id\":\"https:\/\/www.africa-press.net\/cameroun\/politique\/politique-kand-owaski-recadre-sechement-christian-ntimbane-bomo#article\",\"isPartOf\":{\"@id\":\"https:\/\/www.africa-press.net\/cameroun\/politique\/politique-kand-owaski-recadre-sechement-christian-ntimbane-bomo\"},\"author\":{\"name\":\"cfeditorfr\",\"@id\":\"https:\/\/www.africa-press.net\/cameroun\/#\/schema\/person\/2b1cf3cd81a31e3cd26889ca66d677f1\"},\"headline\":\"Politique: Kand Owaski recadre s\u00e8chement Christian Ntimbane Bomo\",\"datePublished\":\"2021-03-24T11:55:03+00:00\",\"dateModified\":\"2021-03-24T13:09:16+00:00\",\"mainEntityOfPage\":{\"@id\":\"https:\/\/www.africa-press.net\/cameroun\/politique\/politique-kand-owaski-recadre-sechement-christian-ntimbane-bomo\"},\"wordCount\":1350,\"commentCount\":0,\"image\":{\"@id\":\"https:\/\/www.africa-press.net\/cameroun\/politique\/politique-kand-owaski-recadre-sechement-christian-ntimbane-bomo#primaryimage\"},\"thumbnailUrl\":\"https:\/\/static.africa-press.net\/cameroun\/sites\/57\/2021\/03\/img-605b39e6bd24c.jpg\",\"keywords\":[\"Africa Press\",\"Africa Press-Cameroun\",\"Cameroun\"],\"articleSection\":[\"homepage-french\",\"Politique\",\"Toutes les actualit\u00e9s\"],\"inLanguage\":\"fr-FR\",\"potentialAction\":[{\"@type\":\"CommentAction\",\"name\":\"Comment\",\"target\":[\"https:\/\/www.africa-press.net\/cameroun\/politique\/politique-kand-owaski-recadre-sechement-christian-ntimbane-bomo#respond\"]}]},{\"@type\":\"WebPage\",\"@id\":\"https:\/\/www.africa-press.net\/cameroun\/politique\/politique-kand-owaski-recadre-sechement-christian-ntimbane-bomo\",\"url\":\"https:\/\/www.africa-press.net\/cameroun\/politique\/politique-kand-owaski-recadre-sechement-christian-ntimbane-bomo\",\"name\":\"Politique: Kand Owaski recadre s\u00e8chement Christian Ntimbane Bomo - Cameroun\",\"isPartOf\":{\"@id\":\"https:\/\/www.africa-press.net\/cameroun\/#website\"},\"primaryImageOfPage\":{\"@id\":\"https:\/\/www.africa-press.net\/cameroun\/politique\/politique-kand-owaski-recadre-sechement-christian-ntimbane-bomo#primaryimage\"},\"image\":{\"@id\":\"https:\/\/www.africa-press.net\/cameroun\/politique\/politique-kand-owaski-recadre-sechement-christian-ntimbane-bomo#primaryimage\"},\"thumbnailUrl\":\"https:\/\/static.africa-press.net\/cameroun\/sites\/57\/2021\/03\/img-605b39e6bd24c.jpg\",\"datePublished\":\"2021-03-24T11:55:03+00:00\",\"dateModified\":\"2021-03-24T13:09:16+00:00\",\"author\":{\"@id\":\"https:\/\/www.africa-press.net\/cameroun\/#\/schema\/person\/2b1cf3cd81a31e3cd26889ca66d677f1\"},\"description\":\"Faisant suite \u00e0 la correspondance publique \u00e0 lui adresser par l'avocat Christian NTIMBANE BOMO o\u00f9 il le qualifie de trib ...\",\"breadcrumb\":{\"@id\":\"https:\/\/www.africa-press.net\/cameroun\/politique\/politique-kand-owaski-recadre-sechement-christian-ntimbane-bomo#breadcrumb\"},\"inLanguage\":\"fr-FR\",\"potentialAction\":[{\"@type\":\"ReadAction\",\"target\":[\"https:\/\/www.africa-press.net\/cameroun\/politique\/politique-kand-owaski-recadre-sechement-christian-ntimbane-bomo\"]}]},{\"@type\":\"ImageObject\",\"inLanguage\":\"fr-FR\",\"@id\":\"https:\/\/www.africa-press.net\/cameroun\/politique\/politique-kand-owaski-recadre-sechement-christian-ntimbane-bomo#primaryimage\",\"url\":\"https:\/\/static.africa-press.net\/cameroun\/sites\/57\/2021\/03\/img-605b39e6bd24c.jpg\",\"contentUrl\":\"https:\/\/static.africa-press.net\/cameroun\/sites\/57\/2021\/03\/img-605b39e6bd24c.jpg\",\"width\":766,\"height\":491,\"caption\":\"Politique: Kand Owaski recadre s\u00e8chement Christian Ntimbane Bomo\"},{\"@type\":\"BreadcrumbList\",\"@id\":\"https:\/\/www.africa-press.net\/cameroun\/politique\/politique-kand-owaski-recadre-sechement-christian-ntimbane-bomo#breadcrumb\",\"itemListElement\":[{\"@type\":\"ListItem\",\"position\":1,\"name\":\"Accueil\",\"item\":\"https:\/\/www.africa-press.net\/cameroun\/\"},{\"@type\":\"ListItem\",\"position\":2,\"name\":\"Politique: Kand Owaski recadre s\u00e8chement Christian Ntimbane Bomo\"}]},{\"@type\":\"WebSite\",\"@id\":\"https:\/\/www.africa-press.net\/cameroun\/#website\",\"url\":\"https:\/\/www.africa-press.net\/cameroun\/\",\"name\":\"Cameroun\",\"description\":\"Just another Africa News Agency Sites site\",\"potentialAction\":[{\"@type\":\"SearchAction\",\"target\":{\"@type\":\"EntryPoint\",\"urlTemplate\":\"https:\/\/www.africa-press.net\/cameroun\/?s={search_term_string}\"},\"query-input\":{\"@type\":\"PropertyValueSpecification\",\"valueRequired\":true,\"valueName\":\"search_term_string\"}}],\"inLanguage\":\"fr-FR\"},{\"@type\":\"Person\",\"@id\":\"https:\/\/www.africa-press.net\/cameroun\/#\/schema\/person\/2b1cf3cd81a31e3cd26889ca66d677f1\",\"name\":\"cfeditorfr\"}]}<\/script>\n<!-- \/ Yoast SEO Premium plugin. -->","yoast_head_json":{"title":"Politique: Kand Owaski recadre s\u00e8chement Christian Ntimbane Bomo - Cameroun","description":"Faisant suite \u00e0 la correspondance publique \u00e0 lui adresser par l'avocat Christian NTIMBANE BOMO o\u00f9 il le qualifie de trib ...","robots":{"index":"index","follow":"follow","max-snippet":"max-snippet:-1","max-image-preview":"max-image-preview:large","max-video-preview":"max-video-preview:-1"},"canonical":"https:\/\/www.africa-press.net\/cameroun\/politique\/politique-kand-owaski-recadre-sechement-christian-ntimbane-bomo","og_locale":"fr_FR","og_type":"article","og_title":"Politique: Kand Owaski recadre s\u00e8chement Christian Ntimbane Bomo","og_description":"Faisant suite \u00e0 la correspondance publique \u00e0 lui adresser par l'avocat Christian NTIMBANE BOMO o\u00f9 il le qualifie de trib ...","og_url":"https:\/\/www.africa-press.net\/cameroun\/politique\/politique-kand-owaski-recadre-sechement-christian-ntimbane-bomo","og_site_name":"Cameroun","article_published_time":"2021-03-24T11:55:03+00:00","article_modified_time":"2021-03-24T13:09:16+00:00","og_image":[{"width":766,"height":491,"url":"https:\/\/static.africa-press.net\/cameroun\/sites\/57\/2021\/03\/img-605b39e6bd24c.jpg","type":"image\/jpeg"}],"author":"cfeditorfr","twitter_card":"summary_large_image","twitter_misc":{"\u00c9crit par":"cfeditorfr","Dur\u00e9e de lecture estim\u00e9e":"7 minutes"},"schema":{"@context":"https:\/\/schema.org","@graph":[{"@type":"Article","@id":"https:\/\/www.africa-press.net\/cameroun\/politique\/politique-kand-owaski-recadre-sechement-christian-ntimbane-bomo#article","isPartOf":{"@id":"https:\/\/www.africa-press.net\/cameroun\/politique\/politique-kand-owaski-recadre-sechement-christian-ntimbane-bomo"},"author":{"name":"cfeditorfr","@id":"https:\/\/www.africa-press.net\/cameroun\/#\/schema\/person\/2b1cf3cd81a31e3cd26889ca66d677f1"},"headline":"Politique: Kand Owaski recadre s\u00e8chement Christian Ntimbane Bomo","datePublished":"2021-03-24T11:55:03+00:00","dateModified":"2021-03-24T13:09:16+00:00","mainEntityOfPage":{"@id":"https:\/\/www.africa-press.net\/cameroun\/politique\/politique-kand-owaski-recadre-sechement-christian-ntimbane-bomo"},"wordCount":1350,"commentCount":0,"image":{"@id":"https:\/\/www.africa-press.net\/cameroun\/politique\/politique-kand-owaski-recadre-sechement-christian-ntimbane-bomo#primaryimage"},"thumbnailUrl":"https:\/\/static.africa-press.net\/cameroun\/sites\/57\/2021\/03\/img-605b39e6bd24c.jpg","keywords":["Africa Press","Africa Press-Cameroun","Cameroun"],"articleSection":["homepage-french","Politique","Toutes les actualit\u00e9s"],"inLanguage":"fr-FR","potentialAction":[{"@type":"CommentAction","name":"Comment","target":["https:\/\/www.africa-press.net\/cameroun\/politique\/politique-kand-owaski-recadre-sechement-christian-ntimbane-bomo#respond"]}]},{"@type":"WebPage","@id":"https:\/\/www.africa-press.net\/cameroun\/politique\/politique-kand-owaski-recadre-sechement-christian-ntimbane-bomo","url":"https:\/\/www.africa-press.net\/cameroun\/politique\/politique-kand-owaski-recadre-sechement-christian-ntimbane-bomo","name":"Politique: Kand Owaski recadre s\u00e8chement Christian Ntimbane Bomo - Cameroun","isPartOf":{"@id":"https:\/\/www.africa-press.net\/cameroun\/#website"},"primaryImageOfPage":{"@id":"https:\/\/www.africa-press.net\/cameroun\/politique\/politique-kand-owaski-recadre-sechement-christian-ntimbane-bomo#primaryimage"},"image":{"@id":"https:\/\/www.africa-press.net\/cameroun\/politique\/politique-kand-owaski-recadre-sechement-christian-ntimbane-bomo#primaryimage"},"thumbnailUrl":"https:\/\/static.africa-press.net\/cameroun\/sites\/57\/2021\/03\/img-605b39e6bd24c.jpg","datePublished":"2021-03-24T11:55:03+00:00","dateModified":"2021-03-24T13:09:16+00:00","author":{"@id":"https:\/\/www.africa-press.net\/cameroun\/#\/schema\/person\/2b1cf3cd81a31e3cd26889ca66d677f1"},"description":"Faisant suite \u00e0 la correspondance publique \u00e0 lui adresser par l'avocat Christian NTIMBANE BOMO o\u00f9 il le qualifie de trib ...","breadcrumb":{"@id":"https:\/\/www.africa-press.net\/cameroun\/politique\/politique-kand-owaski-recadre-sechement-christian-ntimbane-bomo#breadcrumb"},"inLanguage":"fr-FR","potentialAction":[{"@type":"ReadAction","target":["https:\/\/www.africa-press.net\/cameroun\/politique\/politique-kand-owaski-recadre-sechement-christian-ntimbane-bomo"]}]},{"@type":"ImageObject","inLanguage":"fr-FR","@id":"https:\/\/www.africa-press.net\/cameroun\/politique\/politique-kand-owaski-recadre-sechement-christian-ntimbane-bomo#primaryimage","url":"https:\/\/static.africa-press.net\/cameroun\/sites\/57\/2021\/03\/img-605b39e6bd24c.jpg","contentUrl":"https:\/\/static.africa-press.net\/cameroun\/sites\/57\/2021\/03\/img-605b39e6bd24c.jpg","width":766,"height":491,"caption":"Politique: Kand Owaski recadre s\u00e8chement Christian Ntimbane Bomo"},{"@type":"BreadcrumbList","@id":"https:\/\/www.africa-press.net\/cameroun\/politique\/politique-kand-owaski-recadre-sechement-christian-ntimbane-bomo#breadcrumb","itemListElement":[{"@type":"ListItem","position":1,"name":"Accueil","item":"https:\/\/www.africa-press.net\/cameroun\/"},{"@type":"ListItem","position":2,"name":"Politique: Kand Owaski recadre s\u00e8chement Christian Ntimbane Bomo"}]},{"@type":"WebSite","@id":"https:\/\/www.africa-press.net\/cameroun\/#website","url":"https:\/\/www.africa-press.net\/cameroun\/","name":"Cameroun","description":"Just another Africa News Agency Sites site","potentialAction":[{"@type":"SearchAction","target":{"@type":"EntryPoint","urlTemplate":"https:\/\/www.africa-press.net\/cameroun\/?s={search_term_string}"},"query-input":{"@type":"PropertyValueSpecification","valueRequired":true,"valueName":"search_term_string"}}],"inLanguage":"fr-FR"},{"@type":"Person","@id":"https:\/\/www.africa-press.net\/cameroun\/#\/schema\/person\/2b1cf3cd81a31e3cd26889ca66d677f1","name":"cfeditorfr"}]}},"_links":{"self":[{"href":"https:\/\/www.africa-press.net\/cameroun\/wp-json\/wp\/v2\/posts\/1672","targetHints":{"allow":["GET"]}}],"collection":[{"href":"https:\/\/www.africa-press.net\/cameroun\/wp-json\/wp\/v2\/posts"}],"about":[{"href":"https:\/\/www.africa-press.net\/cameroun\/wp-json\/wp\/v2\/types\/post"}],"author":[{"embeddable":true,"href":"https:\/\/www.africa-press.net\/cameroun\/wp-json\/wp\/v2\/users\/82"}],"replies":[{"embeddable":true,"href":"https:\/\/www.africa-press.net\/cameroun\/wp-json\/wp\/v2\/comments?post=1672"}],"version-history":[{"count":0,"href":"https:\/\/www.africa-press.net\/cameroun\/wp-json\/wp\/v2\/posts\/1672\/revisions"}],"wp:featuredmedia":[{"embeddable":true,"href":"https:\/\/www.africa-press.net\/cameroun\/wp-json\/wp\/v2\/media\/1671"}],"wp:attachment":[{"href":"https:\/\/www.africa-press.net\/cameroun\/wp-json\/wp\/v2\/media?parent=1672"}],"wp:term":[{"taxonomy":"category","embeddable":true,"href":"https:\/\/www.africa-press.net\/cameroun\/wp-json\/wp\/v2\/categories?post=1672"},{"taxonomy":"post_tag","embeddable":true,"href":"https:\/\/www.africa-press.net\/cameroun\/wp-json\/wp\/v2\/tags?post=1672"}],"curies":[{"name":"wp","href":"https:\/\/api.w.org\/{rel}","templated":true}]}}