{"id":1678,"date":"2021-03-24T12:10:12","date_gmt":"2021-03-24T12:10:12","guid":{"rendered":"https:\/\/www.africa-press.net\/cameroun\/politique\/sebastien-nadot-est-linvite-unique-de-la-matinale-sur-equinoxe-radio-ce-mercredi"},"modified":"2021-03-24T13:10:25","modified_gmt":"2021-03-24T13:10:25","slug":"sebastien-nadot-est-linvite-unique-de-la-matinale-sur-equinoxe-radio-ce-mercredi","status":"publish","type":"post","link":"https:\/\/www.africa-press.net\/cameroun\/politique\/sebastien-nadot-est-linvite-unique-de-la-matinale-sur-equinoxe-radio-ce-mercredi","title":{"rendered":"S\u00e9bastien Nadot est l&rsquo;invit\u00e9 unique de la matinale sur \u00c9quinoxe Radio ce mercredi"},"content":{"rendered":"<p><span style=\"color: #ff6600\"><strong><a href=\"https:\/\/www.africa-press.net\/\">Africa-Press<\/a> &#8211; <a href=\"https:\/\/www.africa-press.net\/cameroun\">Cameroun<\/a>. <\/strong><\/span>Le d\u00e9put\u00e9 fran\u00e7ais de la 10\u00e8me circonscription de la Haute-Garonne et membre de la commission des affaires \u00e9trang\u00e8res de l&rsquo;assembl\u00e9e nationale fran\u00e7aise au Palais Bourbon va \u00e9voquer sur la matinale d\u2019Equinoxe, la situation de la crise anglophone et la responsabilit\u00e9 de son pays dans cette crise.<\/p>\n<p>S\u00e9bastien Nadot a plusieurs fois fait les choux gras de la presse au Cameroun, notamment quand il a interrog\u00e9 le ministre des affaires \u00e9trang\u00e8res Jean-Yves Le Drian sur la situation au Cameroun. Il lui demandait : \u00ab Je veux savoir ce que fait la France pour que la situation humanitaire d\u00e9plorable et la guerre qui se d\u00e9roulent en zone anglophone au Cameroun ne se transforment pas en v\u00e9ritable g\u00e9nocide d\u2019ici quelques mois \u00bb. M\u00eame si les r\u00e9ponses des autorit\u00e9s fran\u00e7aises n\u2019\u00e9taient pas claires d\u00e8s le d\u00e9part, on s\u2019est rendu compte qu\u2019avec le temps, la France commence \u00e0 corriger son tir.<\/p>\n<p>Il y\u2019a quelques jours, le ministre fran\u00e7ais des affaires \u00e9trang\u00e8res Jean-Yves Le Drian avait indiqu\u00e9 dans une lettre que le grand dialogue national a \u00e9t\u00e9 un \u00e9chec. Un changement de position qui a surpris tout le monde et qui laisse penser que le travail de S\u00e9bastien Nadot commence \u00e0 donner des fruits.<\/p>\n","protected":false},"excerpt":{"rendered":"<p>Africa-Press &#8211; Cameroun. Le d\u00e9put\u00e9 fran\u00e7ais de la 10\u00e8me circonscription de la Haute-Garonne et membre de la commission des affaires \u00e9trang\u00e8res de l&rsquo;assembl\u00e9e nationale fran\u00e7aise au Palais Bourbon va \u00e9voquer sur la matinale d\u2019Equinoxe, la situation de la crise anglophone et la responsabilit\u00e9 de son pays dans cette crise. S\u00e9bastien Nadot a plusieurs fois fait [&hellip;]<\/p>\n","protected":false},"author":82,"featured_media":1677,"comment_status":"open","ping_status":"closed","sticky":false,"template":"","format":"standard","meta":{"footnotes":""},"categories":[11,2,10],"tags":[36,50,49],"class_list":["post-1678","post","type-post","status-publish","format-standard","has-post-thumbnail","hentry","category-homepage-french","category-politique","category-toutes-les-actualites","tag-africa-press","tag-africa-press-cameroun","tag-cameroun"],"yoast_head":"<!-- This site is optimized with the Yoast SEO Premium plugin v26.1 (Yoast SEO v27.0) - https:\/\/yoast.com\/product\/yoast-seo-premium-wordpress\/ -->\n<title>S\u00e9bastien Nadot est l&#039;invit\u00e9 unique de la matinale sur \u00c9quinoxe Radio ce mercredi - Cameroun<\/title>\n<meta name=\"description\" content=\"Le d\u00e9put\u00e9 fran\u00e7ais de la 10\u00e8me circonscription de la Haute-Garonne et membre de la commission des affaires \u00e9trang\u00e8res de ...\" \/>\n<meta name=\"robots\" content=\"index, follow, max-snippet:-1, max-image-preview:large, max-video-preview:-1\" \/>\n<link rel=\"canonical\" href=\"https:\/\/www.africa-press.net\/cameroun\/politique\/sebastien-nadot-est-linvite-unique-de-la-matinale-sur-equinoxe-radio-ce-mercredi\" \/>\n<meta property=\"og:locale\" content=\"fr_FR\" \/>\n<meta property=\"og:type\" content=\"article\" \/>\n<meta property=\"og:title\" content=\"S\u00e9bastien Nadot est l&#039;invit\u00e9 unique de la matinale sur \u00c9quinoxe Radio ce mercredi\" \/>\n<meta property=\"og:description\" content=\"Le d\u00e9put\u00e9 fran\u00e7ais de la 10\u00e8me circonscription de la Haute-Garonne et membre de la commission des affaires \u00e9trang\u00e8res de ...\" \/>\n<meta property=\"og:url\" content=\"https:\/\/www.africa-press.net\/cameroun\/politique\/sebastien-nadot-est-linvite-unique-de-la-matinale-sur-equinoxe-radio-ce-mercredi\" \/>\n<meta property=\"og:site_name\" content=\"Cameroun\" \/>\n<meta property=\"article:published_time\" content=\"2021-03-24T12:10:12+00:00\" \/>\n<meta property=\"article:modified_time\" content=\"2021-03-24T13:10:25+00:00\" \/>\n<meta property=\"og:image\" content=\"https:\/\/static.africa-press.net\/cameroun\/sites\/57\/2021\/03\/img-605b3a2b9d5a3.jpg\" \/>\n\t<meta property=\"og:image:width\" content=\"885\" \/>\n\t<meta property=\"og:image:height\" content=\"480\" \/>\n\t<meta property=\"og:image:type\" content=\"image\/jpeg\" \/>\n<meta name=\"author\" content=\"cfeditorfr\" \/>\n<meta name=\"twitter:card\" content=\"summary_large_image\" \/>\n<meta name=\"twitter:label1\" content=\"\u00c9crit par\" \/>\n\t<meta name=\"twitter:data1\" content=\"cfeditorfr\" \/>\n\t<meta name=\"twitter:label2\" content=\"Dur\u00e9e de lecture estim\u00e9e\" \/>\n\t<meta name=\"twitter:data2\" content=\"1 minute\" \/>\n<script type=\"application\/ld+json\" class=\"yoast-schema-graph\">{\"@context\":\"https:\/\/schema.org\",\"@graph\":[{\"@type\":\"Article\",\"@id\":\"https:\/\/www.africa-press.net\/cameroun\/politique\/sebastien-nadot-est-linvite-unique-de-la-matinale-sur-equinoxe-radio-ce-mercredi#article\",\"isPartOf\":{\"@id\":\"https:\/\/www.africa-press.net\/cameroun\/politique\/sebastien-nadot-est-linvite-unique-de-la-matinale-sur-equinoxe-radio-ce-mercredi\"},\"author\":{\"name\":\"cfeditorfr\",\"@id\":\"https:\/\/www.africa-press.net\/cameroun\/#\/schema\/person\/2b1cf3cd81a31e3cd26889ca66d677f1\"},\"headline\":\"S\u00e9bastien Nadot est l&rsquo;invit\u00e9 unique de la matinale sur \u00c9quinoxe Radio ce mercredi\",\"datePublished\":\"2021-03-24T12:10:12+00:00\",\"dateModified\":\"2021-03-24T13:10:25+00:00\",\"mainEntityOfPage\":{\"@id\":\"https:\/\/www.africa-press.net\/cameroun\/politique\/sebastien-nadot-est-linvite-unique-de-la-matinale-sur-equinoxe-radio-ce-mercredi\"},\"wordCount\":238,\"commentCount\":0,\"image\":{\"@id\":\"https:\/\/www.africa-press.net\/cameroun\/politique\/sebastien-nadot-est-linvite-unique-de-la-matinale-sur-equinoxe-radio-ce-mercredi#primaryimage\"},\"thumbnailUrl\":\"https:\/\/static.africa-press.net\/cameroun\/sites\/57\/2021\/03\/img-605b3a2b9d5a3.jpg\",\"keywords\":[\"Africa Press\",\"Africa Press-Cameroun\",\"Cameroun\"],\"articleSection\":[\"homepage-french\",\"Politique\",\"Toutes les actualit\u00e9s\"],\"inLanguage\":\"fr-FR\",\"potentialAction\":[{\"@type\":\"CommentAction\",\"name\":\"Comment\",\"target\":[\"https:\/\/www.africa-press.net\/cameroun\/politique\/sebastien-nadot-est-linvite-unique-de-la-matinale-sur-equinoxe-radio-ce-mercredi#respond\"]}]},{\"@type\":\"WebPage\",\"@id\":\"https:\/\/www.africa-press.net\/cameroun\/politique\/sebastien-nadot-est-linvite-unique-de-la-matinale-sur-equinoxe-radio-ce-mercredi\",\"url\":\"https:\/\/www.africa-press.net\/cameroun\/politique\/sebastien-nadot-est-linvite-unique-de-la-matinale-sur-equinoxe-radio-ce-mercredi\",\"name\":\"S\u00e9bastien Nadot est l'invit\u00e9 unique de la matinale sur \u00c9quinoxe Radio ce mercredi - Cameroun\",\"isPartOf\":{\"@id\":\"https:\/\/www.africa-press.net\/cameroun\/#website\"},\"primaryImageOfPage\":{\"@id\":\"https:\/\/www.africa-press.net\/cameroun\/politique\/sebastien-nadot-est-linvite-unique-de-la-matinale-sur-equinoxe-radio-ce-mercredi#primaryimage\"},\"image\":{\"@id\":\"https:\/\/www.africa-press.net\/cameroun\/politique\/sebastien-nadot-est-linvite-unique-de-la-matinale-sur-equinoxe-radio-ce-mercredi#primaryimage\"},\"thumbnailUrl\":\"https:\/\/static.africa-press.net\/cameroun\/sites\/57\/2021\/03\/img-605b3a2b9d5a3.jpg\",\"datePublished\":\"2021-03-24T12:10:12+00:00\",\"dateModified\":\"2021-03-24T13:10:25+00:00\",\"author\":{\"@id\":\"https:\/\/www.africa-press.net\/cameroun\/#\/schema\/person\/2b1cf3cd81a31e3cd26889ca66d677f1\"},\"description\":\"Le d\u00e9put\u00e9 fran\u00e7ais de la 10\u00e8me circonscription de la Haute-Garonne et membre de la commission des affaires \u00e9trang\u00e8res de ...\",\"breadcrumb\":{\"@id\":\"https:\/\/www.africa-press.net\/cameroun\/politique\/sebastien-nadot-est-linvite-unique-de-la-matinale-sur-equinoxe-radio-ce-mercredi#breadcrumb\"},\"inLanguage\":\"fr-FR\",\"potentialAction\":[{\"@type\":\"ReadAction\",\"target\":[\"https:\/\/www.africa-press.net\/cameroun\/politique\/sebastien-nadot-est-linvite-unique-de-la-matinale-sur-equinoxe-radio-ce-mercredi\"]}]},{\"@type\":\"ImageObject\",\"inLanguage\":\"fr-FR\",\"@id\":\"https:\/\/www.africa-press.net\/cameroun\/politique\/sebastien-nadot-est-linvite-unique-de-la-matinale-sur-equinoxe-radio-ce-mercredi#primaryimage\",\"url\":\"https:\/\/static.africa-press.net\/cameroun\/sites\/57\/2021\/03\/img-605b3a2b9d5a3.jpg\",\"contentUrl\":\"https:\/\/static.africa-press.net\/cameroun\/sites\/57\/2021\/03\/img-605b3a2b9d5a3.jpg\",\"width\":885,\"height\":480,\"caption\":\"S\u00e9bastien Nadot est l'invit\u00e9 unique de la matinale sur \u00c9quinoxe Radio ce mercredi\"},{\"@type\":\"BreadcrumbList\",\"@id\":\"https:\/\/www.africa-press.net\/cameroun\/politique\/sebastien-nadot-est-linvite-unique-de-la-matinale-sur-equinoxe-radio-ce-mercredi#breadcrumb\",\"itemListElement\":[{\"@type\":\"ListItem\",\"position\":1,\"name\":\"Accueil\",\"item\":\"https:\/\/www.africa-press.net\/cameroun\/\"},{\"@type\":\"ListItem\",\"position\":2,\"name\":\"S\u00e9bastien Nadot est l&#8217;invit\u00e9 unique de la matinale sur \u00c9quinoxe Radio ce mercredi\"}]},{\"@type\":\"WebSite\",\"@id\":\"https:\/\/www.africa-press.net\/cameroun\/#website\",\"url\":\"https:\/\/www.africa-press.net\/cameroun\/\",\"name\":\"Cameroun\",\"description\":\"Just another Africa News Agency Sites site\",\"potentialAction\":[{\"@type\":\"SearchAction\",\"target\":{\"@type\":\"EntryPoint\",\"urlTemplate\":\"https:\/\/www.africa-press.net\/cameroun\/?s={search_term_string}\"},\"query-input\":{\"@type\":\"PropertyValueSpecification\",\"valueRequired\":true,\"valueName\":\"search_term_string\"}}],\"inLanguage\":\"fr-FR\"},{\"@type\":\"Person\",\"@id\":\"https:\/\/www.africa-press.net\/cameroun\/#\/schema\/person\/2b1cf3cd81a31e3cd26889ca66d677f1\",\"name\":\"cfeditorfr\"}]}<\/script>\n<!-- \/ Yoast SEO Premium plugin. -->","yoast_head_json":{"title":"S\u00e9bastien Nadot est l'invit\u00e9 unique de la matinale sur \u00c9quinoxe Radio ce mercredi - Cameroun","description":"Le d\u00e9put\u00e9 fran\u00e7ais de la 10\u00e8me circonscription de la Haute-Garonne et membre de la commission des affaires \u00e9trang\u00e8res de ...","robots":{"index":"index","follow":"follow","max-snippet":"max-snippet:-1","max-image-preview":"max-image-preview:large","max-video-preview":"max-video-preview:-1"},"canonical":"https:\/\/www.africa-press.net\/cameroun\/politique\/sebastien-nadot-est-linvite-unique-de-la-matinale-sur-equinoxe-radio-ce-mercredi","og_locale":"fr_FR","og_type":"article","og_title":"S\u00e9bastien Nadot est l'invit\u00e9 unique de la matinale sur \u00c9quinoxe Radio ce mercredi","og_description":"Le d\u00e9put\u00e9 fran\u00e7ais de la 10\u00e8me circonscription de la Haute-Garonne et membre de la commission des affaires \u00e9trang\u00e8res de ...","og_url":"https:\/\/www.africa-press.net\/cameroun\/politique\/sebastien-nadot-est-linvite-unique-de-la-matinale-sur-equinoxe-radio-ce-mercredi","og_site_name":"Cameroun","article_published_time":"2021-03-24T12:10:12+00:00","article_modified_time":"2021-03-24T13:10:25+00:00","og_image":[{"width":885,"height":480,"url":"https:\/\/static.africa-press.net\/cameroun\/sites\/57\/2021\/03\/img-605b3a2b9d5a3.jpg","type":"image\/jpeg"}],"author":"cfeditorfr","twitter_card":"summary_large_image","twitter_misc":{"\u00c9crit par":"cfeditorfr","Dur\u00e9e de lecture estim\u00e9e":"1 minute"},"schema":{"@context":"https:\/\/schema.org","@graph":[{"@type":"Article","@id":"https:\/\/www.africa-press.net\/cameroun\/politique\/sebastien-nadot-est-linvite-unique-de-la-matinale-sur-equinoxe-radio-ce-mercredi#article","isPartOf":{"@id":"https:\/\/www.africa-press.net\/cameroun\/politique\/sebastien-nadot-est-linvite-unique-de-la-matinale-sur-equinoxe-radio-ce-mercredi"},"author":{"name":"cfeditorfr","@id":"https:\/\/www.africa-press.net\/cameroun\/#\/schema\/person\/2b1cf3cd81a31e3cd26889ca66d677f1"},"headline":"S\u00e9bastien Nadot est l&rsquo;invit\u00e9 unique de la matinale sur \u00c9quinoxe Radio ce mercredi","datePublished":"2021-03-24T12:10:12+00:00","dateModified":"2021-03-24T13:10:25+00:00","mainEntityOfPage":{"@id":"https:\/\/www.africa-press.net\/cameroun\/politique\/sebastien-nadot-est-linvite-unique-de-la-matinale-sur-equinoxe-radio-ce-mercredi"},"wordCount":238,"commentCount":0,"image":{"@id":"https:\/\/www.africa-press.net\/cameroun\/politique\/sebastien-nadot-est-linvite-unique-de-la-matinale-sur-equinoxe-radio-ce-mercredi#primaryimage"},"thumbnailUrl":"https:\/\/static.africa-press.net\/cameroun\/sites\/57\/2021\/03\/img-605b3a2b9d5a3.jpg","keywords":["Africa Press","Africa Press-Cameroun","Cameroun"],"articleSection":["homepage-french","Politique","Toutes les actualit\u00e9s"],"inLanguage":"fr-FR","potentialAction":[{"@type":"CommentAction","name":"Comment","target":["https:\/\/www.africa-press.net\/cameroun\/politique\/sebastien-nadot-est-linvite-unique-de-la-matinale-sur-equinoxe-radio-ce-mercredi#respond"]}]},{"@type":"WebPage","@id":"https:\/\/www.africa-press.net\/cameroun\/politique\/sebastien-nadot-est-linvite-unique-de-la-matinale-sur-equinoxe-radio-ce-mercredi","url":"https:\/\/www.africa-press.net\/cameroun\/politique\/sebastien-nadot-est-linvite-unique-de-la-matinale-sur-equinoxe-radio-ce-mercredi","name":"S\u00e9bastien Nadot est l'invit\u00e9 unique de la matinale sur \u00c9quinoxe Radio ce mercredi - Cameroun","isPartOf":{"@id":"https:\/\/www.africa-press.net\/cameroun\/#website"},"primaryImageOfPage":{"@id":"https:\/\/www.africa-press.net\/cameroun\/politique\/sebastien-nadot-est-linvite-unique-de-la-matinale-sur-equinoxe-radio-ce-mercredi#primaryimage"},"image":{"@id":"https:\/\/www.africa-press.net\/cameroun\/politique\/sebastien-nadot-est-linvite-unique-de-la-matinale-sur-equinoxe-radio-ce-mercredi#primaryimage"},"thumbnailUrl":"https:\/\/static.africa-press.net\/cameroun\/sites\/57\/2021\/03\/img-605b3a2b9d5a3.jpg","datePublished":"2021-03-24T12:10:12+00:00","dateModified":"2021-03-24T13:10:25+00:00","author":{"@id":"https:\/\/www.africa-press.net\/cameroun\/#\/schema\/person\/2b1cf3cd81a31e3cd26889ca66d677f1"},"description":"Le d\u00e9put\u00e9 fran\u00e7ais de la 10\u00e8me circonscription de la Haute-Garonne et membre de la commission des affaires \u00e9trang\u00e8res de ...","breadcrumb":{"@id":"https:\/\/www.africa-press.net\/cameroun\/politique\/sebastien-nadot-est-linvite-unique-de-la-matinale-sur-equinoxe-radio-ce-mercredi#breadcrumb"},"inLanguage":"fr-FR","potentialAction":[{"@type":"ReadAction","target":["https:\/\/www.africa-press.net\/cameroun\/politique\/sebastien-nadot-est-linvite-unique-de-la-matinale-sur-equinoxe-radio-ce-mercredi"]}]},{"@type":"ImageObject","inLanguage":"fr-FR","@id":"https:\/\/www.africa-press.net\/cameroun\/politique\/sebastien-nadot-est-linvite-unique-de-la-matinale-sur-equinoxe-radio-ce-mercredi#primaryimage","url":"https:\/\/static.africa-press.net\/cameroun\/sites\/57\/2021\/03\/img-605b3a2b9d5a3.jpg","contentUrl":"https:\/\/static.africa-press.net\/cameroun\/sites\/57\/2021\/03\/img-605b3a2b9d5a3.jpg","width":885,"height":480,"caption":"S\u00e9bastien Nadot est l'invit\u00e9 unique de la matinale sur \u00c9quinoxe Radio ce mercredi"},{"@type":"BreadcrumbList","@id":"https:\/\/www.africa-press.net\/cameroun\/politique\/sebastien-nadot-est-linvite-unique-de-la-matinale-sur-equinoxe-radio-ce-mercredi#breadcrumb","itemListElement":[{"@type":"ListItem","position":1,"name":"Accueil","item":"https:\/\/www.africa-press.net\/cameroun\/"},{"@type":"ListItem","position":2,"name":"S\u00e9bastien Nadot est l&#8217;invit\u00e9 unique de la matinale sur \u00c9quinoxe Radio ce mercredi"}]},{"@type":"WebSite","@id":"https:\/\/www.africa-press.net\/cameroun\/#website","url":"https:\/\/www.africa-press.net\/cameroun\/","name":"Cameroun","description":"Just another Africa News Agency Sites site","potentialAction":[{"@type":"SearchAction","target":{"@type":"EntryPoint","urlTemplate":"https:\/\/www.africa-press.net\/cameroun\/?s={search_term_string}"},"query-input":{"@type":"PropertyValueSpecification","valueRequired":true,"valueName":"search_term_string"}}],"inLanguage":"fr-FR"},{"@type":"Person","@id":"https:\/\/www.africa-press.net\/cameroun\/#\/schema\/person\/2b1cf3cd81a31e3cd26889ca66d677f1","name":"cfeditorfr"}]}},"_links":{"self":[{"href":"https:\/\/www.africa-press.net\/cameroun\/wp-json\/wp\/v2\/posts\/1678","targetHints":{"allow":["GET"]}}],"collection":[{"href":"https:\/\/www.africa-press.net\/cameroun\/wp-json\/wp\/v2\/posts"}],"about":[{"href":"https:\/\/www.africa-press.net\/cameroun\/wp-json\/wp\/v2\/types\/post"}],"author":[{"embeddable":true,"href":"https:\/\/www.africa-press.net\/cameroun\/wp-json\/wp\/v2\/users\/82"}],"replies":[{"embeddable":true,"href":"https:\/\/www.africa-press.net\/cameroun\/wp-json\/wp\/v2\/comments?post=1678"}],"version-history":[{"count":0,"href":"https:\/\/www.africa-press.net\/cameroun\/wp-json\/wp\/v2\/posts\/1678\/revisions"}],"wp:featuredmedia":[{"embeddable":true,"href":"https:\/\/www.africa-press.net\/cameroun\/wp-json\/wp\/v2\/media\/1677"}],"wp:attachment":[{"href":"https:\/\/www.africa-press.net\/cameroun\/wp-json\/wp\/v2\/media?parent=1678"}],"wp:term":[{"taxonomy":"category","embeddable":true,"href":"https:\/\/www.africa-press.net\/cameroun\/wp-json\/wp\/v2\/categories?post=1678"},{"taxonomy":"post_tag","embeddable":true,"href":"https:\/\/www.africa-press.net\/cameroun\/wp-json\/wp\/v2\/tags?post=1678"}],"curies":[{"name":"wp","href":"https:\/\/api.w.org\/{rel}","templated":true}]}}