{"id":1690,"date":"2021-03-24T12:40:34","date_gmt":"2021-03-24T12:40:34","guid":{"rendered":"https:\/\/www.africa-press.net\/cameroun\/politique\/un-homme-abattu-a-buea-par-les-separatistes"},"modified":"2021-03-24T13:12:48","modified_gmt":"2021-03-24T13:12:48","slug":"un-homme-abattu-a-buea-par-les-separatistes","status":"publish","type":"post","link":"https:\/\/www.africa-press.net\/cameroun\/toutes-les-actualites\/un-homme-abattu-a-buea-par-les-separatistes","title":{"rendered":"Un homme abattu \u00e0 Buea par les s\u00e9paratistes"},"content":{"rendered":"<p><span style=\"color: #ff6600\"><strong><a href=\"https:\/\/www.africa-press.net\/\">Africa-Press<\/a> &#8211; <a href=\"https:\/\/www.africa-press.net\/cameroun\">Cameroun<\/a>. <\/strong><\/span>L\u2019homme populairement appel\u00e9 Mallam a succomb\u00e9 \u00e0 ses blessures malgr\u00e9 les efforts des m\u00e9decins.<\/p>\n<p>On l&rsquo;appelait Mallam et il \u00e9tait tr\u00e8s connu de la population. Il a \u00e9t\u00e9 abattu il y a quelques jours par des combattants s\u00e9paratistes pr\u00e9sum\u00e9s. Tous les efforts des m\u00e9decins pour le sauver se sont av\u00e9r\u00e9s vains.<br \/>\nUn t\u00e9moin oculaire a d\u00e9clar\u00e9 que Mallam se trouvait dans un bar de Muea avec un ami lorsque des combattants s\u00e9paratistes arm\u00e9s ont pris d&rsquo;assaut les lieux et ont commenc\u00e9 \u00e0 harceler le barman.<br \/>\nL\u2019on soup\u00e7onne le barman d\u2019avoir enfreint une r\u00e8gle \u00e9dict\u00e9e par les s\u00e9paratistes. \u00abPeut-\u00eatre que l&rsquo;homme du bar vendait de la bi\u00e8re qu&rsquo;ils avaient demand\u00e9 de ne plus ou il avait enfreint leurs r\u00e8gles\u00bb, suppute une source.<\/p>\n<p>L&rsquo;ami de Mallam aurait tent\u00e9 d&rsquo;intervenir, mais aurait \u00e9t\u00e9 abattu par les hommes arm\u00e9s qui se sont ensuite retourn\u00e9s contre lui. Mais a surv\u00e9cu et a \u00e9t\u00e9 transport\u00e9 d&rsquo;urgence \u00e0 l&rsquo;h\u00f4pital \u00bb, raconte notre source. \u00ab Il devait \u00eatre op\u00e9r\u00e9 dans une semaine, mais malheureusement il est d\u00e9c\u00e9d\u00e9 hier mercredi\u00a0\u00bb.<\/p>\n","protected":false},"excerpt":{"rendered":"<p>Africa-Press &#8211; Cameroun. L\u2019homme populairement appel\u00e9 Mallam a succomb\u00e9 \u00e0 ses blessures malgr\u00e9 les efforts des m\u00e9decins. On l&rsquo;appelait Mallam et il \u00e9tait tr\u00e8s connu de la population. Il a \u00e9t\u00e9 abattu il y a quelques jours par des combattants s\u00e9paratistes pr\u00e9sum\u00e9s. Tous les efforts des m\u00e9decins pour le sauver se sont av\u00e9r\u00e9s vains. Un [&hellip;]<\/p>\n","protected":false},"author":82,"featured_media":1689,"comment_status":"open","ping_status":"closed","sticky":false,"template":"","format":"standard","meta":{"footnotes":""},"categories":[21,11,10],"tags":[36,50,49],"class_list":["post-1690","post","type-post","status-publish","format-standard","has-post-thumbnail","hentry","category-communaute","category-homepage-french","category-toutes-les-actualites","tag-africa-press","tag-africa-press-cameroun","tag-cameroun"],"yoast_head":"<!-- This site is optimized with the Yoast SEO Premium plugin v26.1 (Yoast SEO v27.0) - https:\/\/yoast.com\/product\/yoast-seo-premium-wordpress\/ -->\n<title>Un homme abattu \u00e0 Buea par les s\u00e9paratistes - Cameroun<\/title>\n<meta name=\"description\" content=\"L\u2019homme populairement appel\u00e9 Mallam a succomb\u00e9 \u00e0 ses blessures malgr\u00e9 les efforts des m\u00e9decins. On l&#039;appelait Mallam et ...\" \/>\n<meta name=\"robots\" content=\"index, follow, max-snippet:-1, max-image-preview:large, max-video-preview:-1\" \/>\n<link rel=\"canonical\" href=\"https:\/\/www.africa-press.net\/cameroun\/toutes-les-actualites\/un-homme-abattu-a-buea-par-les-separatistes\" \/>\n<meta property=\"og:locale\" content=\"fr_FR\" \/>\n<meta property=\"og:type\" content=\"article\" \/>\n<meta property=\"og:title\" content=\"Un homme abattu \u00e0 Buea par les s\u00e9paratistes\" \/>\n<meta property=\"og:description\" content=\"L\u2019homme populairement appel\u00e9 Mallam a succomb\u00e9 \u00e0 ses blessures malgr\u00e9 les efforts des m\u00e9decins. On l&#039;appelait Mallam et ...\" \/>\n<meta property=\"og:url\" content=\"https:\/\/www.africa-press.net\/cameroun\/toutes-les-actualites\/un-homme-abattu-a-buea-par-les-separatistes\" \/>\n<meta property=\"og:site_name\" content=\"Cameroun\" \/>\n<meta property=\"article:published_time\" content=\"2021-03-24T12:40:34+00:00\" \/>\n<meta property=\"article:modified_time\" content=\"2021-03-24T13:12:48+00:00\" \/>\n<meta property=\"og:image\" content=\"https:\/\/static.africa-press.net\/cameroun\/sites\/57\/2021\/03\/img-605b3ab85f1cf.jpg\" \/>\n\t<meta property=\"og:image:width\" content=\"870\" \/>\n\t<meta property=\"og:image:height\" content=\"476\" \/>\n\t<meta property=\"og:image:type\" content=\"image\/jpeg\" \/>\n<meta name=\"author\" content=\"cfeditorfr\" \/>\n<meta name=\"twitter:card\" content=\"summary_large_image\" \/>\n<meta name=\"twitter:label1\" content=\"\u00c9crit par\" \/>\n\t<meta name=\"twitter:data1\" content=\"cfeditorfr\" \/>\n\t<meta name=\"twitter:label2\" content=\"Dur\u00e9e de lecture estim\u00e9e\" \/>\n\t<meta name=\"twitter:data2\" content=\"1 minute\" \/>\n<script type=\"application\/ld+json\" class=\"yoast-schema-graph\">{\"@context\":\"https:\/\/schema.org\",\"@graph\":[{\"@type\":\"Article\",\"@id\":\"https:\/\/www.africa-press.net\/cameroun\/toutes-les-actualites\/un-homme-abattu-a-buea-par-les-separatistes#article\",\"isPartOf\":{\"@id\":\"https:\/\/www.africa-press.net\/cameroun\/toutes-les-actualites\/un-homme-abattu-a-buea-par-les-separatistes\"},\"author\":{\"name\":\"cfeditorfr\",\"@id\":\"https:\/\/www.africa-press.net\/cameroun\/#\/schema\/person\/2b1cf3cd81a31e3cd26889ca66d677f1\"},\"headline\":\"Un homme abattu \u00e0 Buea par les s\u00e9paratistes\",\"datePublished\":\"2021-03-24T12:40:34+00:00\",\"dateModified\":\"2021-03-24T13:12:48+00:00\",\"mainEntityOfPage\":{\"@id\":\"https:\/\/www.africa-press.net\/cameroun\/toutes-les-actualites\/un-homme-abattu-a-buea-par-les-separatistes\"},\"wordCount\":214,\"commentCount\":0,\"image\":{\"@id\":\"https:\/\/www.africa-press.net\/cameroun\/toutes-les-actualites\/un-homme-abattu-a-buea-par-les-separatistes#primaryimage\"},\"thumbnailUrl\":\"https:\/\/static.africa-press.net\/cameroun\/sites\/57\/2021\/03\/img-605b3ab85f1cf.jpg\",\"keywords\":[\"Africa Press\",\"Africa Press-Cameroun\",\"Cameroun\"],\"articleSection\":[\"Communaut\u00e9\",\"homepage-french\",\"Toutes les actualit\u00e9s\"],\"inLanguage\":\"fr-FR\",\"potentialAction\":[{\"@type\":\"CommentAction\",\"name\":\"Comment\",\"target\":[\"https:\/\/www.africa-press.net\/cameroun\/toutes-les-actualites\/un-homme-abattu-a-buea-par-les-separatistes#respond\"]}]},{\"@type\":\"WebPage\",\"@id\":\"https:\/\/www.africa-press.net\/cameroun\/toutes-les-actualites\/un-homme-abattu-a-buea-par-les-separatistes\",\"url\":\"https:\/\/www.africa-press.net\/cameroun\/toutes-les-actualites\/un-homme-abattu-a-buea-par-les-separatistes\",\"name\":\"Un homme abattu \u00e0 Buea par les s\u00e9paratistes - Cameroun\",\"isPartOf\":{\"@id\":\"https:\/\/www.africa-press.net\/cameroun\/#website\"},\"primaryImageOfPage\":{\"@id\":\"https:\/\/www.africa-press.net\/cameroun\/toutes-les-actualites\/un-homme-abattu-a-buea-par-les-separatistes#primaryimage\"},\"image\":{\"@id\":\"https:\/\/www.africa-press.net\/cameroun\/toutes-les-actualites\/un-homme-abattu-a-buea-par-les-separatistes#primaryimage\"},\"thumbnailUrl\":\"https:\/\/static.africa-press.net\/cameroun\/sites\/57\/2021\/03\/img-605b3ab85f1cf.jpg\",\"datePublished\":\"2021-03-24T12:40:34+00:00\",\"dateModified\":\"2021-03-24T13:12:48+00:00\",\"author\":{\"@id\":\"https:\/\/www.africa-press.net\/cameroun\/#\/schema\/person\/2b1cf3cd81a31e3cd26889ca66d677f1\"},\"description\":\"L\u2019homme populairement appel\u00e9 Mallam a succomb\u00e9 \u00e0 ses blessures malgr\u00e9 les efforts des m\u00e9decins. On l'appelait Mallam et ...\",\"breadcrumb\":{\"@id\":\"https:\/\/www.africa-press.net\/cameroun\/toutes-les-actualites\/un-homme-abattu-a-buea-par-les-separatistes#breadcrumb\"},\"inLanguage\":\"fr-FR\",\"potentialAction\":[{\"@type\":\"ReadAction\",\"target\":[\"https:\/\/www.africa-press.net\/cameroun\/toutes-les-actualites\/un-homme-abattu-a-buea-par-les-separatistes\"]}]},{\"@type\":\"ImageObject\",\"inLanguage\":\"fr-FR\",\"@id\":\"https:\/\/www.africa-press.net\/cameroun\/toutes-les-actualites\/un-homme-abattu-a-buea-par-les-separatistes#primaryimage\",\"url\":\"https:\/\/static.africa-press.net\/cameroun\/sites\/57\/2021\/03\/img-605b3ab85f1cf.jpg\",\"contentUrl\":\"https:\/\/static.africa-press.net\/cameroun\/sites\/57\/2021\/03\/img-605b3ab85f1cf.jpg\",\"width\":870,\"height\":476,\"caption\":\"Un homme abattu \u00e0 Buea par les s\u00e9paratistes\"},{\"@type\":\"BreadcrumbList\",\"@id\":\"https:\/\/www.africa-press.net\/cameroun\/toutes-les-actualites\/un-homme-abattu-a-buea-par-les-separatistes#breadcrumb\",\"itemListElement\":[{\"@type\":\"ListItem\",\"position\":1,\"name\":\"Accueil\",\"item\":\"https:\/\/www.africa-press.net\/cameroun\/\"},{\"@type\":\"ListItem\",\"position\":2,\"name\":\"Un homme abattu \u00e0 Buea par les s\u00e9paratistes\"}]},{\"@type\":\"WebSite\",\"@id\":\"https:\/\/www.africa-press.net\/cameroun\/#website\",\"url\":\"https:\/\/www.africa-press.net\/cameroun\/\",\"name\":\"Cameroun\",\"description\":\"Just another Africa News Agency Sites site\",\"potentialAction\":[{\"@type\":\"SearchAction\",\"target\":{\"@type\":\"EntryPoint\",\"urlTemplate\":\"https:\/\/www.africa-press.net\/cameroun\/?s={search_term_string}\"},\"query-input\":{\"@type\":\"PropertyValueSpecification\",\"valueRequired\":true,\"valueName\":\"search_term_string\"}}],\"inLanguage\":\"fr-FR\"},{\"@type\":\"Person\",\"@id\":\"https:\/\/www.africa-press.net\/cameroun\/#\/schema\/person\/2b1cf3cd81a31e3cd26889ca66d677f1\",\"name\":\"cfeditorfr\"}]}<\/script>\n<!-- \/ Yoast SEO Premium plugin. -->","yoast_head_json":{"title":"Un homme abattu \u00e0 Buea par les s\u00e9paratistes - Cameroun","description":"L\u2019homme populairement appel\u00e9 Mallam a succomb\u00e9 \u00e0 ses blessures malgr\u00e9 les efforts des m\u00e9decins. On l'appelait Mallam et ...","robots":{"index":"index","follow":"follow","max-snippet":"max-snippet:-1","max-image-preview":"max-image-preview:large","max-video-preview":"max-video-preview:-1"},"canonical":"https:\/\/www.africa-press.net\/cameroun\/toutes-les-actualites\/un-homme-abattu-a-buea-par-les-separatistes","og_locale":"fr_FR","og_type":"article","og_title":"Un homme abattu \u00e0 Buea par les s\u00e9paratistes","og_description":"L\u2019homme populairement appel\u00e9 Mallam a succomb\u00e9 \u00e0 ses blessures malgr\u00e9 les efforts des m\u00e9decins. On l'appelait Mallam et ...","og_url":"https:\/\/www.africa-press.net\/cameroun\/toutes-les-actualites\/un-homme-abattu-a-buea-par-les-separatistes","og_site_name":"Cameroun","article_published_time":"2021-03-24T12:40:34+00:00","article_modified_time":"2021-03-24T13:12:48+00:00","og_image":[{"width":870,"height":476,"url":"https:\/\/static.africa-press.net\/cameroun\/sites\/57\/2021\/03\/img-605b3ab85f1cf.jpg","type":"image\/jpeg"}],"author":"cfeditorfr","twitter_card":"summary_large_image","twitter_misc":{"\u00c9crit par":"cfeditorfr","Dur\u00e9e de lecture estim\u00e9e":"1 minute"},"schema":{"@context":"https:\/\/schema.org","@graph":[{"@type":"Article","@id":"https:\/\/www.africa-press.net\/cameroun\/toutes-les-actualites\/un-homme-abattu-a-buea-par-les-separatistes#article","isPartOf":{"@id":"https:\/\/www.africa-press.net\/cameroun\/toutes-les-actualites\/un-homme-abattu-a-buea-par-les-separatistes"},"author":{"name":"cfeditorfr","@id":"https:\/\/www.africa-press.net\/cameroun\/#\/schema\/person\/2b1cf3cd81a31e3cd26889ca66d677f1"},"headline":"Un homme abattu \u00e0 Buea par les s\u00e9paratistes","datePublished":"2021-03-24T12:40:34+00:00","dateModified":"2021-03-24T13:12:48+00:00","mainEntityOfPage":{"@id":"https:\/\/www.africa-press.net\/cameroun\/toutes-les-actualites\/un-homme-abattu-a-buea-par-les-separatistes"},"wordCount":214,"commentCount":0,"image":{"@id":"https:\/\/www.africa-press.net\/cameroun\/toutes-les-actualites\/un-homme-abattu-a-buea-par-les-separatistes#primaryimage"},"thumbnailUrl":"https:\/\/static.africa-press.net\/cameroun\/sites\/57\/2021\/03\/img-605b3ab85f1cf.jpg","keywords":["Africa Press","Africa Press-Cameroun","Cameroun"],"articleSection":["Communaut\u00e9","homepage-french","Toutes les actualit\u00e9s"],"inLanguage":"fr-FR","potentialAction":[{"@type":"CommentAction","name":"Comment","target":["https:\/\/www.africa-press.net\/cameroun\/toutes-les-actualites\/un-homme-abattu-a-buea-par-les-separatistes#respond"]}]},{"@type":"WebPage","@id":"https:\/\/www.africa-press.net\/cameroun\/toutes-les-actualites\/un-homme-abattu-a-buea-par-les-separatistes","url":"https:\/\/www.africa-press.net\/cameroun\/toutes-les-actualites\/un-homme-abattu-a-buea-par-les-separatistes","name":"Un homme abattu \u00e0 Buea par les s\u00e9paratistes - Cameroun","isPartOf":{"@id":"https:\/\/www.africa-press.net\/cameroun\/#website"},"primaryImageOfPage":{"@id":"https:\/\/www.africa-press.net\/cameroun\/toutes-les-actualites\/un-homme-abattu-a-buea-par-les-separatistes#primaryimage"},"image":{"@id":"https:\/\/www.africa-press.net\/cameroun\/toutes-les-actualites\/un-homme-abattu-a-buea-par-les-separatistes#primaryimage"},"thumbnailUrl":"https:\/\/static.africa-press.net\/cameroun\/sites\/57\/2021\/03\/img-605b3ab85f1cf.jpg","datePublished":"2021-03-24T12:40:34+00:00","dateModified":"2021-03-24T13:12:48+00:00","author":{"@id":"https:\/\/www.africa-press.net\/cameroun\/#\/schema\/person\/2b1cf3cd81a31e3cd26889ca66d677f1"},"description":"L\u2019homme populairement appel\u00e9 Mallam a succomb\u00e9 \u00e0 ses blessures malgr\u00e9 les efforts des m\u00e9decins. On l'appelait Mallam et ...","breadcrumb":{"@id":"https:\/\/www.africa-press.net\/cameroun\/toutes-les-actualites\/un-homme-abattu-a-buea-par-les-separatistes#breadcrumb"},"inLanguage":"fr-FR","potentialAction":[{"@type":"ReadAction","target":["https:\/\/www.africa-press.net\/cameroun\/toutes-les-actualites\/un-homme-abattu-a-buea-par-les-separatistes"]}]},{"@type":"ImageObject","inLanguage":"fr-FR","@id":"https:\/\/www.africa-press.net\/cameroun\/toutes-les-actualites\/un-homme-abattu-a-buea-par-les-separatistes#primaryimage","url":"https:\/\/static.africa-press.net\/cameroun\/sites\/57\/2021\/03\/img-605b3ab85f1cf.jpg","contentUrl":"https:\/\/static.africa-press.net\/cameroun\/sites\/57\/2021\/03\/img-605b3ab85f1cf.jpg","width":870,"height":476,"caption":"Un homme abattu \u00e0 Buea par les s\u00e9paratistes"},{"@type":"BreadcrumbList","@id":"https:\/\/www.africa-press.net\/cameroun\/toutes-les-actualites\/un-homme-abattu-a-buea-par-les-separatistes#breadcrumb","itemListElement":[{"@type":"ListItem","position":1,"name":"Accueil","item":"https:\/\/www.africa-press.net\/cameroun\/"},{"@type":"ListItem","position":2,"name":"Un homme abattu \u00e0 Buea par les s\u00e9paratistes"}]},{"@type":"WebSite","@id":"https:\/\/www.africa-press.net\/cameroun\/#website","url":"https:\/\/www.africa-press.net\/cameroun\/","name":"Cameroun","description":"Just another Africa News Agency Sites site","potentialAction":[{"@type":"SearchAction","target":{"@type":"EntryPoint","urlTemplate":"https:\/\/www.africa-press.net\/cameroun\/?s={search_term_string}"},"query-input":{"@type":"PropertyValueSpecification","valueRequired":true,"valueName":"search_term_string"}}],"inLanguage":"fr-FR"},{"@type":"Person","@id":"https:\/\/www.africa-press.net\/cameroun\/#\/schema\/person\/2b1cf3cd81a31e3cd26889ca66d677f1","name":"cfeditorfr"}]}},"_links":{"self":[{"href":"https:\/\/www.africa-press.net\/cameroun\/wp-json\/wp\/v2\/posts\/1690","targetHints":{"allow":["GET"]}}],"collection":[{"href":"https:\/\/www.africa-press.net\/cameroun\/wp-json\/wp\/v2\/posts"}],"about":[{"href":"https:\/\/www.africa-press.net\/cameroun\/wp-json\/wp\/v2\/types\/post"}],"author":[{"embeddable":true,"href":"https:\/\/www.africa-press.net\/cameroun\/wp-json\/wp\/v2\/users\/82"}],"replies":[{"embeddable":true,"href":"https:\/\/www.africa-press.net\/cameroun\/wp-json\/wp\/v2\/comments?post=1690"}],"version-history":[{"count":0,"href":"https:\/\/www.africa-press.net\/cameroun\/wp-json\/wp\/v2\/posts\/1690\/revisions"}],"wp:featuredmedia":[{"embeddable":true,"href":"https:\/\/www.africa-press.net\/cameroun\/wp-json\/wp\/v2\/media\/1689"}],"wp:attachment":[{"href":"https:\/\/www.africa-press.net\/cameroun\/wp-json\/wp\/v2\/media?parent=1690"}],"wp:term":[{"taxonomy":"category","embeddable":true,"href":"https:\/\/www.africa-press.net\/cameroun\/wp-json\/wp\/v2\/categories?post=1690"},{"taxonomy":"post_tag","embeddable":true,"href":"https:\/\/www.africa-press.net\/cameroun\/wp-json\/wp\/v2\/tags?post=1690"}],"curies":[{"name":"wp","href":"https:\/\/api.w.org\/{rel}","templated":true}]}}