{"id":1693,"date":"2021-03-24T12:47:11","date_gmt":"2021-03-24T12:47:11","guid":{"rendered":"https:\/\/www.africa-press.net\/cameroun\/politique\/joshua-oshi-veut-signer-une-nouvelle-petition-avec-des-deputes-interview"},"modified":"2021-03-24T13:13:25","modified_gmt":"2021-03-24T13:13:25","slug":"joshua-oshi-veut-signer-une-nouvelle-petition-avec-des-deputes-interview","status":"publish","type":"post","link":"https:\/\/www.africa-press.net\/cameroun\/politique\/joshua-oshi-veut-signer-une-nouvelle-petition-avec-des-deputes-interview","title":{"rendered":"Joshua Oshi veut signer une nouvelle p\u00e9tition avec des d\u00e9put\u00e9s [INTERVIEW]"},"content":{"rendered":"<p><span style=\"color: #ff6600\"><strong><a href=\"https:\/\/www.africa-press.net\/\">Africa-Press<\/a> &#8211; <a href=\"https:\/\/www.africa-press.net\/cameroun\">Cameroun<\/a>. <\/strong><\/span>Contest\u00e9 par l\u2019aile dure du Social Democratic Front (SDF), qui r\u00e9clame une strat\u00e9gie plus offensive vis-\u00e0-vis du pouvoir, Joshua Osih se d\u00e9fend et insiste sur la n\u00e9cessit\u00e9 de jouer le jeu d\u00e9mocratique pour peser face au chef de l\u2019\u00c9tat. Pour Joshua Osih, le r\u00e9pit aura \u00e9t\u00e9 de tr\u00e8s courte dur\u00e9e. Il a certes \u00e9t\u00e9 reconduit au poste de questeur du bureau de l\u2019Assembl\u00e9e nationale le 18 mars. Mais trois jours plus tard, les tensions qui secouent son parti, le Social Democratic Front (SDF), ont \u00e9t\u00e9 raviv\u00e9es par des militants, r\u00e9unis au sein du comit\u00e9 ex\u00e9cutif r\u00e9gional du Littoral. Parmi eux : le d\u00e9put\u00e9 de Douala, l\u2019influent Jean-Michel Nintcheu, qui ne fait pas myst\u00e8re de ses ambitions.<\/p>\n<p>D\u00e9termin\u00e9 \u00e0 succ\u00e9der \u00e0 John Fru Ndi, l\u2019embl\u00e9matique chairman, Nintcheu conteste depuis des mois le leadership d\u2019Osih, qui avait \u00e9t\u00e9 choisi pour porter les couleurs du SDF lors de la derni\u00e8re \u00e9lection pr\u00e9sidentielle. Au cours d\u2019une assembl\u00e9e extraordinaire tenue au domicile de Nintcheu, et \u00e0 laquelle Osih n\u2019a pas pris part, les militants du SDF ont condamn\u00e9 le fait que ce dernier a sign\u00e9 une p\u00e9tition adress\u00e9e aux parlementaires am\u00e9ricains au sujet de l\u2019expulsion des Camerounais pr\u00e9sents ill\u00e9galement aux \u00c9tats-Unis \u2013 texte par ailleurs majoritairement endoss\u00e9 par des \u00e9lus du Rassemblement d\u00e9mocratique du peuple camerounais (RDPC, au pouvoir). \u00ab Le comit\u00e9 ex\u00e9cutif r\u00e9gional constate l\u2019autoexclusion [de Joshua Osih] conform\u00e9ment aux statuts du parti \u00bb, en ont conclu les participants \u00e0 cette r\u00e9union.<\/p>\n<p>Cette d\u00e9cision n\u2019a aucune valeur contraignante, jusqu\u2019\u00e0 son \u00e9ventuel examen par le Comit\u00e9 ex\u00e9cutif national (NEC), mais elle est hautement symbolique dans la bataille pour la direction du parti. Qu\u2019en pense Joshua Osih ? Regrette-t-il d\u2019avoir sign\u00e9 cette p\u00e9tition qui a d\u00e9fray\u00e9 la chronique ? Se sent-il menac\u00e9 par les frondeurs ? Pourrait-il collaborer avec Paul Biya ? Interview.<\/p>\n<p>\u00c9tait-il opportun, pour les parlementaires du SDF, de s\u2019associer \u00e0 cette lettre adress\u00e9e \u00e0 leurs homologues am\u00e9ricains au sujet du rapatriement des demandeurs d\u2019asile camerounais ?<\/p>\n<p>Cette lettre a \u00e9t\u00e9 initi\u00e9e par l\u2019Assembl\u00e9e nationale, sous la coordination de l\u2019un de ses vice-pr\u00e9sidents [Hilarion Etong]. C\u2019est lui qui a mobilis\u00e9 les d\u00e9put\u00e9s qui \u00e9taient pr\u00e9sents \u00e0 Yaound\u00e9 durant l\u2019intersession et qui les a consult\u00e9s. Ce document \u00e9tait n\u00e9cessaire parce que, depuis quatre ans, nous interpelons l\u2019administration am\u00e9ricaine sur le fait qu\u2019il y a beaucoup trop de personnes qui, depuis les \u00c9tats-Unis, alimentent la guerre dans les r\u00e9gions anglophones du Cameroun, que ce soit par le biais de financements ou via des activit\u00e9s de propagande. Nous pensions que les d\u00e9put\u00e9s am\u00e9ricains devaient faire tout leur possible pour convaincre l\u2019administration Biden d\u2019emp\u00eacher ces individus d\u2019alimenter l\u2019extr\u00eame violence dans les r\u00e9gions anglophones. Nous leur avons rappel\u00e9 que les \u00c9tats-Unis ont le devoir de respecter les textes internationaux qui r\u00e9gissent la lutte contre la criminalit\u00e9 transfrontali\u00e8re et dont ils sont signataires. Ces instruments doivent aider \u00e0 faire en sorte que la guerre s\u2019arr\u00eate. En tant que parlementaire repr\u00e9sentant la nation camerounaise, il va de soi que je soutiens cette approche.<\/p>\n<p>Le Mouvement pour la renaissance du Cameroun (MRC, de Maurice Kamto) voit dans ce courrier une \u00ab trahison du peuple \u00bb. Au sein du SDF, Jean-Michel Nintcheu a estim\u00e9 que votre d\u00e9marche \u00e9tait motiv\u00e9e par des \u00ab int\u00e9r\u00eats personnels, \u00e9go\u00efstes et \u00e9gocentriques au d\u00e9triment des populations \u00bb. Que leur r\u00e9pondez-vous ?<\/p>\n<p>On n\u2019utilise pas un instrument de diplomatie parlementaire pour r\u00e9gler des probl\u00e8mes au sein d\u2019un parti. Des individus mal intentionn\u00e9s ont voulu faire croire que la signature de d\u00e9put\u00e9s du SDF sur un document approuv\u00e9 par des d\u00e9put\u00e9s du RDPC \u00e9tait une trahison. \u00c7a n\u2019est pas le cas. Ce courrier d\u00e9fend la R\u00e9publique. Le Parlement d\u00e9fend la R\u00e9publique. Le SDF d\u00e9fend la R\u00e9publique. Moi, j\u2019appartiens \u00e0 ce SDF-l\u00e0. Ceux qui veulent faire croire le contraire, ceux qui assimilent le r\u00e9gime de Paul Biya \u00e0 la patrie, se trompent d\u2019adversaire.<\/p>\n<p>Compte tenu de la pol\u00e9mique, ne regrettez-vous pas d\u2019avoir sign\u00e9 ce courrier ?<\/p>\n<p>Si vous me le redonniez demain, je le signerai \u00e0 nouveau. Ceux qui jouent avec la vie des gens en alimentant cette guerre \u00e0 des fins politiques doivent \u00eatre stopp\u00e9s. C\u2019est dangereux et naus\u00e9abond.<\/p>\n<p>La lettre que vous avez sign\u00e9e ne mentionne pas les conditions de d\u00e9tention de ces demandeurs d\u2019asile, qui sont jug\u00e9es tr\u00e8s pr\u00e9occupantes par plusieurs ONG\u2026<br \/>\nNous ne sommes pas une caisse de r\u00e9sonance des ONG, mais les repr\u00e9sentants l\u00e9gitimes et l\u00e9gaux du peuple camerounais. Et c\u2019est \u00e0 ce titre que nous souhaitons que les \u00e9lus am\u00e9ricains poussent l\u2019administration Biden \u00e0 se rendre compte que les \u00c9tats-Unis abritent des gens qui alimentent la guerre.<\/p>\n<p>Une frange du SDF milite pour un retour \u00e0 une opposition plus frontale au pr\u00e9sident Paul Biya. Qu\u2019en pensez-vous ?<\/p>\n<p>On ne peut pas \u00eatre plus frontal qu\u2019on ne l\u2019est aujourd\u2019hui. Les nostalgiques de l\u2019\u00e9lection de 1992 [que le SDF pr\u00e9tend avoir remport\u00e9 avec Fru Ndi comme candidat] doivent bien comprendre que la plupart de ceux qui avaient vot\u00e9 \u00e0 l\u2019\u00e9poque ont d\u00e9sormais pass\u00e9 l\u2019\u00e2ge de la retraite. Et que les \u00e9lecteurs d\u2019aujourd\u2019hui n\u2019\u00e9taient m\u00eame pas n\u00e9s au d\u00e9but des ann\u00e9es 1990. Un parti politique doit se situer dans son temps. Nous avons une ligne id\u00e9ologique et politique, qui a \u00e9t\u00e9 d\u00e9finie lors d\u2019un congr\u00e8s, et nous devons nous y tenir. Cela ne nous avance \u00e0 rien d\u2019essayer de faire croire aux gens que c\u2019est la radicalisation de notre mouvement qui va am\u00e9liorer le Cameroun. Veulent-ils que l\u2019on sorte des institutions ? Ce n\u2019est pas l\u2019option retenue par le SDF. Nous devons \u00eatre en capacit\u00e9 de travailler sur le terrain. Nous devons pr\u00e9senter des candidats \u00e0 tous les scrutins, ou en tout cas \u00e0 chaque fois que cela est possible. Si nous n\u2019avons pas particip\u00e9 aux \u00e9lections r\u00e9gionales, c\u2019est parce qu\u2019elles ont \u00e9t\u00e9 convoqu\u00e9es avant la fin du processus des municipales. Mais c\u2019est le seul scrutin auquel nous n\u2019avons pas pris part. Il nous faut avancer et prendre part au jeu politique pour apporter le changement, pour pouvoir un jour diriger ce pays et corriger les soixante derni\u00e8res ann\u00e9es. Les Camerounais doivent avoir le pays qu\u2019ils m\u00e9ritent.<\/p>\n<p>Et diriez-vous que cela passe par une collaboration avec le RDPC ?<\/p>\n<p>En aucun cas. Le SDF ne collabore pas avec le r\u00e9gime de Paul Biya : nous ne sommes pas dans le gouvernement, nous ne sommes que dans les institutions, au m\u00eame titre que le RDPC. Quand nous avons des conseillers municipaux dans une mairie qui est g\u00e9r\u00e9e par le RDPC, nous leur demandons de travailler pour les populations. C\u2019est ce que nous faisons depuis 1996 et cela nous a permis d\u2019obtenir beaucoup d\u2019avanc\u00e9es. C\u2019est ce que l\u2019on attend de nos militants et de nos cadres : qu\u2019ils soient sur le front de la bataille politique et qu\u2019ils r\u00e9pondent aux attentes des populations. Il faut que l\u2019on arr\u00eate avec ces guerres de positionnement. Je suis favorable \u00e0 ce que notre parti se pr\u00e9pare \u00e0 gouverner. Nous devons d\u00e9montrer aux Camerounais et aux Camerounaises que, demain, lorsque nous arriverons au pouvoir, nous serons aptes. Cessons de faire croire \u00e0 nos concitoyens qu\u2019il faut tout d\u00e9truire pour reconstruire.<\/p>\n<p>Souhaitez-vous succ\u00e9der \u00e0 John Fru Ndi \u00e0 la t\u00eate du parti ?<\/p>\n<p>Nous avons encore deux ans avant le prochain congr\u00e8s \u00e9lectif du SDF. Il y a beaucoup de travail \u00e0 faire d\u2019ici l\u00e0. Ceux qui veulent nous emmener dans ces querelles se trompent d\u2019\u00e9poque et d\u2019organisation. Dieu seul sait si nous serons encore l\u00e0 dans deux ans pour pr\u00e9tendre \u00e0 quoi que ce soit. Les Camerounais nous attendent ailleurs que dans les guerres de chiffonniers. Ce n\u2019est pas en s\u2019affrontant que l\u2019on sera plus forts. Ceux qui le pensent ont tort.<\/p>\n","protected":false},"excerpt":{"rendered":"<p>Africa-Press &#8211; Cameroun. Contest\u00e9 par l\u2019aile dure du Social Democratic Front (SDF), qui r\u00e9clame une strat\u00e9gie plus offensive vis-\u00e0-vis du pouvoir, Joshua Osih se d\u00e9fend et insiste sur la n\u00e9cessit\u00e9 de jouer le jeu d\u00e9mocratique pour peser face au chef de l\u2019\u00c9tat. Pour Joshua Osih, le r\u00e9pit aura \u00e9t\u00e9 de tr\u00e8s courte dur\u00e9e. Il a [&hellip;]<\/p>\n","protected":false},"author":82,"featured_media":1692,"comment_status":"open","ping_status":"closed","sticky":false,"template":"","format":"standard","meta":{"footnotes":""},"categories":[11,2,10],"tags":[36,50,49],"class_list":["post-1693","post","type-post","status-publish","format-standard","has-post-thumbnail","hentry","category-homepage-french","category-politique","category-toutes-les-actualites","tag-africa-press","tag-africa-press-cameroun","tag-cameroun"],"yoast_head":"<!-- This site is optimized with the Yoast SEO Premium plugin v26.1 (Yoast SEO v27.0) - https:\/\/yoast.com\/product\/yoast-seo-premium-wordpress\/ -->\n<title>Joshua Oshi veut signer une nouvelle p\u00e9tition avec des d\u00e9put\u00e9s [INTERVIEW] - Cameroun<\/title>\n<meta name=\"description\" content=\"Contest\u00e9 par l\u2019aile dure du Social Democratic Front (SDF), qui r\u00e9clame une strat\u00e9gie plus offensive vis-\u00e0-vis du pouvoir ...\" \/>\n<meta name=\"robots\" content=\"index, follow, max-snippet:-1, max-image-preview:large, max-video-preview:-1\" \/>\n<link rel=\"canonical\" href=\"https:\/\/www.africa-press.net\/cameroun\/politique\/joshua-oshi-veut-signer-une-nouvelle-petition-avec-des-deputes-interview\" \/>\n<meta property=\"og:locale\" content=\"fr_FR\" \/>\n<meta property=\"og:type\" content=\"article\" \/>\n<meta property=\"og:title\" content=\"Joshua Oshi veut signer une nouvelle p\u00e9tition avec des d\u00e9put\u00e9s [INTERVIEW]\" \/>\n<meta property=\"og:description\" content=\"Contest\u00e9 par l\u2019aile dure du Social Democratic Front (SDF), qui r\u00e9clame une strat\u00e9gie plus offensive vis-\u00e0-vis du pouvoir ...\" \/>\n<meta property=\"og:url\" content=\"https:\/\/www.africa-press.net\/cameroun\/politique\/joshua-oshi-veut-signer-une-nouvelle-petition-avec-des-deputes-interview\" \/>\n<meta property=\"og:site_name\" content=\"Cameroun\" \/>\n<meta property=\"article:published_time\" content=\"2021-03-24T12:47:11+00:00\" \/>\n<meta property=\"article:modified_time\" content=\"2021-03-24T13:13:25+00:00\" \/>\n<meta property=\"og:image\" content=\"https:\/\/static.africa-press.net\/cameroun\/sites\/57\/2021\/03\/img-605b3adc794df.jpg\" \/>\n\t<meta property=\"og:image:width\" content=\"1200\" \/>\n\t<meta property=\"og:image:height\" content=\"701\" \/>\n\t<meta property=\"og:image:type\" content=\"image\/jpeg\" \/>\n<meta name=\"author\" content=\"cfeditorfr\" \/>\n<meta name=\"twitter:card\" content=\"summary_large_image\" \/>\n<meta name=\"twitter:label1\" content=\"\u00c9crit par\" \/>\n\t<meta name=\"twitter:data1\" content=\"cfeditorfr\" \/>\n\t<meta name=\"twitter:label2\" content=\"Dur\u00e9e de lecture estim\u00e9e\" \/>\n\t<meta name=\"twitter:data2\" content=\"7 minutes\" \/>\n<script type=\"application\/ld+json\" class=\"yoast-schema-graph\">{\"@context\":\"https:\/\/schema.org\",\"@graph\":[{\"@type\":\"Article\",\"@id\":\"https:\/\/www.africa-press.net\/cameroun\/politique\/joshua-oshi-veut-signer-une-nouvelle-petition-avec-des-deputes-interview#article\",\"isPartOf\":{\"@id\":\"https:\/\/www.africa-press.net\/cameroun\/politique\/joshua-oshi-veut-signer-une-nouvelle-petition-avec-des-deputes-interview\"},\"author\":{\"name\":\"cfeditorfr\",\"@id\":\"https:\/\/www.africa-press.net\/cameroun\/#\/schema\/person\/2b1cf3cd81a31e3cd26889ca66d677f1\"},\"headline\":\"Joshua Oshi veut signer une nouvelle p\u00e9tition avec des d\u00e9put\u00e9s [INTERVIEW]\",\"datePublished\":\"2021-03-24T12:47:11+00:00\",\"dateModified\":\"2021-03-24T13:13:25+00:00\",\"mainEntityOfPage\":{\"@id\":\"https:\/\/www.africa-press.net\/cameroun\/politique\/joshua-oshi-veut-signer-une-nouvelle-petition-avec-des-deputes-interview\"},\"wordCount\":1421,\"commentCount\":0,\"image\":{\"@id\":\"https:\/\/www.africa-press.net\/cameroun\/politique\/joshua-oshi-veut-signer-une-nouvelle-petition-avec-des-deputes-interview#primaryimage\"},\"thumbnailUrl\":\"https:\/\/static.africa-press.net\/cameroun\/sites\/57\/2021\/03\/img-605b3adc794df.jpg\",\"keywords\":[\"Africa Press\",\"Africa Press-Cameroun\",\"Cameroun\"],\"articleSection\":[\"homepage-french\",\"Politique\",\"Toutes les actualit\u00e9s\"],\"inLanguage\":\"fr-FR\",\"potentialAction\":[{\"@type\":\"CommentAction\",\"name\":\"Comment\",\"target\":[\"https:\/\/www.africa-press.net\/cameroun\/politique\/joshua-oshi-veut-signer-une-nouvelle-petition-avec-des-deputes-interview#respond\"]}]},{\"@type\":\"WebPage\",\"@id\":\"https:\/\/www.africa-press.net\/cameroun\/politique\/joshua-oshi-veut-signer-une-nouvelle-petition-avec-des-deputes-interview\",\"url\":\"https:\/\/www.africa-press.net\/cameroun\/politique\/joshua-oshi-veut-signer-une-nouvelle-petition-avec-des-deputes-interview\",\"name\":\"Joshua Oshi veut signer une nouvelle p\u00e9tition avec des d\u00e9put\u00e9s [INTERVIEW] - Cameroun\",\"isPartOf\":{\"@id\":\"https:\/\/www.africa-press.net\/cameroun\/#website\"},\"primaryImageOfPage\":{\"@id\":\"https:\/\/www.africa-press.net\/cameroun\/politique\/joshua-oshi-veut-signer-une-nouvelle-petition-avec-des-deputes-interview#primaryimage\"},\"image\":{\"@id\":\"https:\/\/www.africa-press.net\/cameroun\/politique\/joshua-oshi-veut-signer-une-nouvelle-petition-avec-des-deputes-interview#primaryimage\"},\"thumbnailUrl\":\"https:\/\/static.africa-press.net\/cameroun\/sites\/57\/2021\/03\/img-605b3adc794df.jpg\",\"datePublished\":\"2021-03-24T12:47:11+00:00\",\"dateModified\":\"2021-03-24T13:13:25+00:00\",\"author\":{\"@id\":\"https:\/\/www.africa-press.net\/cameroun\/#\/schema\/person\/2b1cf3cd81a31e3cd26889ca66d677f1\"},\"description\":\"Contest\u00e9 par l\u2019aile dure du Social Democratic Front (SDF), qui r\u00e9clame une strat\u00e9gie plus offensive vis-\u00e0-vis du pouvoir ...\",\"breadcrumb\":{\"@id\":\"https:\/\/www.africa-press.net\/cameroun\/politique\/joshua-oshi-veut-signer-une-nouvelle-petition-avec-des-deputes-interview#breadcrumb\"},\"inLanguage\":\"fr-FR\",\"potentialAction\":[{\"@type\":\"ReadAction\",\"target\":[\"https:\/\/www.africa-press.net\/cameroun\/politique\/joshua-oshi-veut-signer-une-nouvelle-petition-avec-des-deputes-interview\"]}]},{\"@type\":\"ImageObject\",\"inLanguage\":\"fr-FR\",\"@id\":\"https:\/\/www.africa-press.net\/cameroun\/politique\/joshua-oshi-veut-signer-une-nouvelle-petition-avec-des-deputes-interview#primaryimage\",\"url\":\"https:\/\/static.africa-press.net\/cameroun\/sites\/57\/2021\/03\/img-605b3adc794df.jpg\",\"contentUrl\":\"https:\/\/static.africa-press.net\/cameroun\/sites\/57\/2021\/03\/img-605b3adc794df.jpg\",\"width\":1200,\"height\":701,\"caption\":\"Joshua Oshi veut signer une nouvelle p\u00e9tition avec des d\u00e9put\u00e9s [INTERVIEW]\"},{\"@type\":\"BreadcrumbList\",\"@id\":\"https:\/\/www.africa-press.net\/cameroun\/politique\/joshua-oshi-veut-signer-une-nouvelle-petition-avec-des-deputes-interview#breadcrumb\",\"itemListElement\":[{\"@type\":\"ListItem\",\"position\":1,\"name\":\"Accueil\",\"item\":\"https:\/\/www.africa-press.net\/cameroun\/\"},{\"@type\":\"ListItem\",\"position\":2,\"name\":\"Joshua Oshi veut signer une nouvelle p\u00e9tition avec des d\u00e9put\u00e9s [INTERVIEW]\"}]},{\"@type\":\"WebSite\",\"@id\":\"https:\/\/www.africa-press.net\/cameroun\/#website\",\"url\":\"https:\/\/www.africa-press.net\/cameroun\/\",\"name\":\"Cameroun\",\"description\":\"Just another Africa News Agency Sites site\",\"potentialAction\":[{\"@type\":\"SearchAction\",\"target\":{\"@type\":\"EntryPoint\",\"urlTemplate\":\"https:\/\/www.africa-press.net\/cameroun\/?s={search_term_string}\"},\"query-input\":{\"@type\":\"PropertyValueSpecification\",\"valueRequired\":true,\"valueName\":\"search_term_string\"}}],\"inLanguage\":\"fr-FR\"},{\"@type\":\"Person\",\"@id\":\"https:\/\/www.africa-press.net\/cameroun\/#\/schema\/person\/2b1cf3cd81a31e3cd26889ca66d677f1\",\"name\":\"cfeditorfr\"}]}<\/script>\n<!-- \/ Yoast SEO Premium plugin. -->","yoast_head_json":{"title":"Joshua Oshi veut signer une nouvelle p\u00e9tition avec des d\u00e9put\u00e9s [INTERVIEW] - Cameroun","description":"Contest\u00e9 par l\u2019aile dure du Social Democratic Front (SDF), qui r\u00e9clame une strat\u00e9gie plus offensive vis-\u00e0-vis du pouvoir ...","robots":{"index":"index","follow":"follow","max-snippet":"max-snippet:-1","max-image-preview":"max-image-preview:large","max-video-preview":"max-video-preview:-1"},"canonical":"https:\/\/www.africa-press.net\/cameroun\/politique\/joshua-oshi-veut-signer-une-nouvelle-petition-avec-des-deputes-interview","og_locale":"fr_FR","og_type":"article","og_title":"Joshua Oshi veut signer une nouvelle p\u00e9tition avec des d\u00e9put\u00e9s [INTERVIEW]","og_description":"Contest\u00e9 par l\u2019aile dure du Social Democratic Front (SDF), qui r\u00e9clame une strat\u00e9gie plus offensive vis-\u00e0-vis du pouvoir ...","og_url":"https:\/\/www.africa-press.net\/cameroun\/politique\/joshua-oshi-veut-signer-une-nouvelle-petition-avec-des-deputes-interview","og_site_name":"Cameroun","article_published_time":"2021-03-24T12:47:11+00:00","article_modified_time":"2021-03-24T13:13:25+00:00","og_image":[{"width":1200,"height":701,"url":"https:\/\/static.africa-press.net\/cameroun\/sites\/57\/2021\/03\/img-605b3adc794df.jpg","type":"image\/jpeg"}],"author":"cfeditorfr","twitter_card":"summary_large_image","twitter_misc":{"\u00c9crit par":"cfeditorfr","Dur\u00e9e de lecture estim\u00e9e":"7 minutes"},"schema":{"@context":"https:\/\/schema.org","@graph":[{"@type":"Article","@id":"https:\/\/www.africa-press.net\/cameroun\/politique\/joshua-oshi-veut-signer-une-nouvelle-petition-avec-des-deputes-interview#article","isPartOf":{"@id":"https:\/\/www.africa-press.net\/cameroun\/politique\/joshua-oshi-veut-signer-une-nouvelle-petition-avec-des-deputes-interview"},"author":{"name":"cfeditorfr","@id":"https:\/\/www.africa-press.net\/cameroun\/#\/schema\/person\/2b1cf3cd81a31e3cd26889ca66d677f1"},"headline":"Joshua Oshi veut signer une nouvelle p\u00e9tition avec des d\u00e9put\u00e9s [INTERVIEW]","datePublished":"2021-03-24T12:47:11+00:00","dateModified":"2021-03-24T13:13:25+00:00","mainEntityOfPage":{"@id":"https:\/\/www.africa-press.net\/cameroun\/politique\/joshua-oshi-veut-signer-une-nouvelle-petition-avec-des-deputes-interview"},"wordCount":1421,"commentCount":0,"image":{"@id":"https:\/\/www.africa-press.net\/cameroun\/politique\/joshua-oshi-veut-signer-une-nouvelle-petition-avec-des-deputes-interview#primaryimage"},"thumbnailUrl":"https:\/\/static.africa-press.net\/cameroun\/sites\/57\/2021\/03\/img-605b3adc794df.jpg","keywords":["Africa Press","Africa Press-Cameroun","Cameroun"],"articleSection":["homepage-french","Politique","Toutes les actualit\u00e9s"],"inLanguage":"fr-FR","potentialAction":[{"@type":"CommentAction","name":"Comment","target":["https:\/\/www.africa-press.net\/cameroun\/politique\/joshua-oshi-veut-signer-une-nouvelle-petition-avec-des-deputes-interview#respond"]}]},{"@type":"WebPage","@id":"https:\/\/www.africa-press.net\/cameroun\/politique\/joshua-oshi-veut-signer-une-nouvelle-petition-avec-des-deputes-interview","url":"https:\/\/www.africa-press.net\/cameroun\/politique\/joshua-oshi-veut-signer-une-nouvelle-petition-avec-des-deputes-interview","name":"Joshua Oshi veut signer une nouvelle p\u00e9tition avec des d\u00e9put\u00e9s [INTERVIEW] - Cameroun","isPartOf":{"@id":"https:\/\/www.africa-press.net\/cameroun\/#website"},"primaryImageOfPage":{"@id":"https:\/\/www.africa-press.net\/cameroun\/politique\/joshua-oshi-veut-signer-une-nouvelle-petition-avec-des-deputes-interview#primaryimage"},"image":{"@id":"https:\/\/www.africa-press.net\/cameroun\/politique\/joshua-oshi-veut-signer-une-nouvelle-petition-avec-des-deputes-interview#primaryimage"},"thumbnailUrl":"https:\/\/static.africa-press.net\/cameroun\/sites\/57\/2021\/03\/img-605b3adc794df.jpg","datePublished":"2021-03-24T12:47:11+00:00","dateModified":"2021-03-24T13:13:25+00:00","author":{"@id":"https:\/\/www.africa-press.net\/cameroun\/#\/schema\/person\/2b1cf3cd81a31e3cd26889ca66d677f1"},"description":"Contest\u00e9 par l\u2019aile dure du Social Democratic Front (SDF), qui r\u00e9clame une strat\u00e9gie plus offensive vis-\u00e0-vis du pouvoir ...","breadcrumb":{"@id":"https:\/\/www.africa-press.net\/cameroun\/politique\/joshua-oshi-veut-signer-une-nouvelle-petition-avec-des-deputes-interview#breadcrumb"},"inLanguage":"fr-FR","potentialAction":[{"@type":"ReadAction","target":["https:\/\/www.africa-press.net\/cameroun\/politique\/joshua-oshi-veut-signer-une-nouvelle-petition-avec-des-deputes-interview"]}]},{"@type":"ImageObject","inLanguage":"fr-FR","@id":"https:\/\/www.africa-press.net\/cameroun\/politique\/joshua-oshi-veut-signer-une-nouvelle-petition-avec-des-deputes-interview#primaryimage","url":"https:\/\/static.africa-press.net\/cameroun\/sites\/57\/2021\/03\/img-605b3adc794df.jpg","contentUrl":"https:\/\/static.africa-press.net\/cameroun\/sites\/57\/2021\/03\/img-605b3adc794df.jpg","width":1200,"height":701,"caption":"Joshua Oshi veut signer une nouvelle p\u00e9tition avec des d\u00e9put\u00e9s [INTERVIEW]"},{"@type":"BreadcrumbList","@id":"https:\/\/www.africa-press.net\/cameroun\/politique\/joshua-oshi-veut-signer-une-nouvelle-petition-avec-des-deputes-interview#breadcrumb","itemListElement":[{"@type":"ListItem","position":1,"name":"Accueil","item":"https:\/\/www.africa-press.net\/cameroun\/"},{"@type":"ListItem","position":2,"name":"Joshua Oshi veut signer une nouvelle p\u00e9tition avec des d\u00e9put\u00e9s [INTERVIEW]"}]},{"@type":"WebSite","@id":"https:\/\/www.africa-press.net\/cameroun\/#website","url":"https:\/\/www.africa-press.net\/cameroun\/","name":"Cameroun","description":"Just another Africa News Agency Sites site","potentialAction":[{"@type":"SearchAction","target":{"@type":"EntryPoint","urlTemplate":"https:\/\/www.africa-press.net\/cameroun\/?s={search_term_string}"},"query-input":{"@type":"PropertyValueSpecification","valueRequired":true,"valueName":"search_term_string"}}],"inLanguage":"fr-FR"},{"@type":"Person","@id":"https:\/\/www.africa-press.net\/cameroun\/#\/schema\/person\/2b1cf3cd81a31e3cd26889ca66d677f1","name":"cfeditorfr"}]}},"_links":{"self":[{"href":"https:\/\/www.africa-press.net\/cameroun\/wp-json\/wp\/v2\/posts\/1693","targetHints":{"allow":["GET"]}}],"collection":[{"href":"https:\/\/www.africa-press.net\/cameroun\/wp-json\/wp\/v2\/posts"}],"about":[{"href":"https:\/\/www.africa-press.net\/cameroun\/wp-json\/wp\/v2\/types\/post"}],"author":[{"embeddable":true,"href":"https:\/\/www.africa-press.net\/cameroun\/wp-json\/wp\/v2\/users\/82"}],"replies":[{"embeddable":true,"href":"https:\/\/www.africa-press.net\/cameroun\/wp-json\/wp\/v2\/comments?post=1693"}],"version-history":[{"count":0,"href":"https:\/\/www.africa-press.net\/cameroun\/wp-json\/wp\/v2\/posts\/1693\/revisions"}],"wp:featuredmedia":[{"embeddable":true,"href":"https:\/\/www.africa-press.net\/cameroun\/wp-json\/wp\/v2\/media\/1692"}],"wp:attachment":[{"href":"https:\/\/www.africa-press.net\/cameroun\/wp-json\/wp\/v2\/media?parent=1693"}],"wp:term":[{"taxonomy":"category","embeddable":true,"href":"https:\/\/www.africa-press.net\/cameroun\/wp-json\/wp\/v2\/categories?post=1693"},{"taxonomy":"post_tag","embeddable":true,"href":"https:\/\/www.africa-press.net\/cameroun\/wp-json\/wp\/v2\/tags?post=1693"}],"curies":[{"name":"wp","href":"https:\/\/api.w.org\/{rel}","templated":true}]}}