{"id":1699,"date":"2021-03-24T13:02:18","date_gmt":"2021-03-24T13:02:18","guid":{"rendered":"https:\/\/www.africa-press.net\/cameroun\/politique\/grace-presidentielle-a-mendo-ze-christophe-bobiokono-refroidit-tout-le-monde"},"modified":"2021-03-24T13:14:31","modified_gmt":"2021-03-24T13:14:31","slug":"grace-presidentielle-a-mendo-ze-christophe-bobiokono-refroidit-tout-le-monde","status":"publish","type":"post","link":"https:\/\/www.africa-press.net\/cameroun\/politique\/grace-presidentielle-a-mendo-ze-christophe-bobiokono-refroidit-tout-le-monde","title":{"rendered":"Gr\u00e2ce pr\u00e9sidentielle \u00e0 Mendo Ze: Christophe Bobiokono refroidit tout le monde"},"content":{"rendered":"<p><span style=\"color: #ff6600\"><strong><a href=\"https:\/\/www.africa-press.net\/\">Africa-Press<\/a> &#8211; <a href=\"https:\/\/www.africa-press.net\/cameroun\">Cameroun<\/a>. <\/strong><\/span>Pour le Directeur de publication du journal Kalara, la remise en libert\u00e9 de l\u2019ancien directeur g\u00e9n\u00e9ral de la CRTV reste une rumeur.<\/p>\n<p>Pr Gervais Mendo Ze, l\u2019ancien directeur g\u00e9n\u00e9ral de la Cameroon Radio and Television (CRTV), est d\u00e9sormais un homme libre. Selon plusieurs sources, le Pr\u00e9sident de la R\u00e9publique Paul Biya, aurait accord\u00e9 la gr\u00e2ce pr\u00e9sidentielle au fondateur de la chorale \u00ab La Voix du c\u00e9nacle \u00bb.<\/p>\n<p>Alors que de nombreux Camerounais se r\u00e9jouissent de cette nouvelle, le journaliste Christophe Bobiokono ne partage pas cet enthousiasme : \u00ab Le texte accordant la gr\u00e2ce au Professeur Gervais Mendo Ze s\u2019il existe, n\u2019est pas encore rendu public \u00bb, temp\u00e8re-t-il sur les ondes d\u2019ABK radio ce mercredi 24 mars 2021.<\/p>\n<p>Pour le Directeur de publication du journal Kalara, la gr\u00e2ce pr\u00e9sidentielle accord\u00e9e \u00e0 l\u2019ancien directeur g\u00e9n\u00e9ral de la CRTV: \u00ab Pour nous, \u00e7a reste encore une rumeur. Les dispositions sont en train d\u2019\u00eatre prises, la proc\u00e9dure est en cours. Il semble que ce soit difficile qu\u2019il obtienne une gr\u00e2ce pr\u00e9sidentielle, probablement une r\u00e9duction de peine. On attend que le texte soit sign\u00e9 et on en parlera. \u00bb<\/p>\n<p>\u00ab Le Pr Mendo Ze n\u2019a pas remis le corps du d\u00e9lit \u00bb<\/p>\n<p>Condamn\u00e9 \u00e0 20 ans de prison en 2019 pour d\u00e9tournement de la somme de 18 milliards de FCFA entre 2004 et 2005, \u00ab Le Pr Mendo Ze n\u2019a pas remis le corps du d\u00e9lit \u00bb, rappelle Christophe Bobiokono.<\/p>\n<p>\u00ab Les sommes pour lesquelles il est poursuivi sont colossales. Car \u00e0 l\u2019\u00e9poque o\u00f9 il \u00e9tait Directeur G\u00e9n\u00e9ral de la CRTV, il avait tendance \u00e0 partager ce qui ne lui appartenait pas \u00bb, conclut-il.<\/p>\n<p>L\u2019\u00e9tat de sant\u00e9 de Gervais Mendo Ze est fragile depuis plusieurs semaines. Mardi, une nouvelle vid\u00e9o de l\u2019ancien directeur de la CRTV a suscit\u00e9 l\u2019\u00e9moi sur les r\u00e9seaux sociaux. On y voit un Gervais Mendo Ze au corps d\u00e9charn\u00e9. Il est assis sur son lit d\u2019h\u00f4pital, la main rattach\u00e9e \u00e0 une perfusion qui s\u2019\u00e9coule lentement dans son corps.<\/p>\n","protected":false},"excerpt":{"rendered":"<p>Africa-Press &#8211; Cameroun. Pour le Directeur de publication du journal Kalara, la remise en libert\u00e9 de l\u2019ancien directeur g\u00e9n\u00e9ral de la CRTV reste une rumeur. Pr Gervais Mendo Ze, l\u2019ancien directeur g\u00e9n\u00e9ral de la Cameroon Radio and Television (CRTV), est d\u00e9sormais un homme libre. Selon plusieurs sources, le Pr\u00e9sident de la R\u00e9publique Paul Biya, aurait [&hellip;]<\/p>\n","protected":false},"author":82,"featured_media":1698,"comment_status":"open","ping_status":"closed","sticky":false,"template":"","format":"standard","meta":{"footnotes":""},"categories":[11,2,10],"tags":[36,50,49],"class_list":["post-1699","post","type-post","status-publish","format-standard","has-post-thumbnail","hentry","category-homepage-french","category-politique","category-toutes-les-actualites","tag-africa-press","tag-africa-press-cameroun","tag-cameroun"],"yoast_head":"<!-- This site is optimized with the Yoast SEO Premium plugin v26.1 (Yoast SEO v27.0) - https:\/\/yoast.com\/product\/yoast-seo-premium-wordpress\/ -->\n<title>Gr\u00e2ce pr\u00e9sidentielle \u00e0 Mendo Ze: Christophe Bobiokono refroidit tout le monde - Cameroun<\/title>\n<meta name=\"description\" content=\"Pour le Directeur de publication du journal Kalara, la remise en libert\u00e9 de l\u2019ancien directeur g\u00e9n\u00e9ral de la CRTV reste ...\" \/>\n<meta name=\"robots\" content=\"index, follow, max-snippet:-1, max-image-preview:large, max-video-preview:-1\" \/>\n<link rel=\"canonical\" href=\"https:\/\/www.africa-press.net\/cameroun\/politique\/grace-presidentielle-a-mendo-ze-christophe-bobiokono-refroidit-tout-le-monde\" \/>\n<meta property=\"og:locale\" content=\"fr_FR\" \/>\n<meta property=\"og:type\" content=\"article\" \/>\n<meta property=\"og:title\" content=\"Gr\u00e2ce pr\u00e9sidentielle \u00e0 Mendo Ze: Christophe Bobiokono refroidit tout le monde\" \/>\n<meta property=\"og:description\" content=\"Pour le Directeur de publication du journal Kalara, la remise en libert\u00e9 de l\u2019ancien directeur g\u00e9n\u00e9ral de la CRTV reste ...\" \/>\n<meta property=\"og:url\" content=\"https:\/\/www.africa-press.net\/cameroun\/politique\/grace-presidentielle-a-mendo-ze-christophe-bobiokono-refroidit-tout-le-monde\" \/>\n<meta property=\"og:site_name\" content=\"Cameroun\" \/>\n<meta property=\"article:published_time\" content=\"2021-03-24T13:02:18+00:00\" \/>\n<meta property=\"article:modified_time\" content=\"2021-03-24T13:14:31+00:00\" \/>\n<meta property=\"og:image\" content=\"https:\/\/static.africa-press.net\/cameroun\/sites\/57\/2021\/03\/img-605b3b211fa3a.jpg\" \/>\n\t<meta property=\"og:image:width\" content=\"800\" \/>\n\t<meta property=\"og:image:height\" content=\"533\" \/>\n\t<meta property=\"og:image:type\" content=\"image\/jpeg\" \/>\n<meta name=\"author\" content=\"cfeditorfr\" \/>\n<meta name=\"twitter:card\" content=\"summary_large_image\" \/>\n<meta name=\"twitter:label1\" content=\"\u00c9crit par\" \/>\n\t<meta name=\"twitter:data1\" content=\"cfeditorfr\" \/>\n\t<meta name=\"twitter:label2\" content=\"Dur\u00e9e de lecture estim\u00e9e\" \/>\n\t<meta name=\"twitter:data2\" content=\"2 minutes\" \/>\n<script type=\"application\/ld+json\" class=\"yoast-schema-graph\">{\"@context\":\"https:\/\/schema.org\",\"@graph\":[{\"@type\":\"Article\",\"@id\":\"https:\/\/www.africa-press.net\/cameroun\/politique\/grace-presidentielle-a-mendo-ze-christophe-bobiokono-refroidit-tout-le-monde#article\",\"isPartOf\":{\"@id\":\"https:\/\/www.africa-press.net\/cameroun\/politique\/grace-presidentielle-a-mendo-ze-christophe-bobiokono-refroidit-tout-le-monde\"},\"author\":{\"name\":\"cfeditorfr\",\"@id\":\"https:\/\/www.africa-press.net\/cameroun\/#\/schema\/person\/2b1cf3cd81a31e3cd26889ca66d677f1\"},\"headline\":\"Gr\u00e2ce pr\u00e9sidentielle \u00e0 Mendo Ze: Christophe Bobiokono refroidit tout le monde\",\"datePublished\":\"2021-03-24T13:02:18+00:00\",\"dateModified\":\"2021-03-24T13:14:31+00:00\",\"mainEntityOfPage\":{\"@id\":\"https:\/\/www.africa-press.net\/cameroun\/politique\/grace-presidentielle-a-mendo-ze-christophe-bobiokono-refroidit-tout-le-monde\"},\"wordCount\":365,\"commentCount\":0,\"image\":{\"@id\":\"https:\/\/www.africa-press.net\/cameroun\/politique\/grace-presidentielle-a-mendo-ze-christophe-bobiokono-refroidit-tout-le-monde#primaryimage\"},\"thumbnailUrl\":\"https:\/\/static.africa-press.net\/cameroun\/sites\/57\/2021\/03\/img-605b3b211fa3a.jpg\",\"keywords\":[\"Africa Press\",\"Africa Press-Cameroun\",\"Cameroun\"],\"articleSection\":[\"homepage-french\",\"Politique\",\"Toutes les actualit\u00e9s\"],\"inLanguage\":\"fr-FR\",\"potentialAction\":[{\"@type\":\"CommentAction\",\"name\":\"Comment\",\"target\":[\"https:\/\/www.africa-press.net\/cameroun\/politique\/grace-presidentielle-a-mendo-ze-christophe-bobiokono-refroidit-tout-le-monde#respond\"]}]},{\"@type\":\"WebPage\",\"@id\":\"https:\/\/www.africa-press.net\/cameroun\/politique\/grace-presidentielle-a-mendo-ze-christophe-bobiokono-refroidit-tout-le-monde\",\"url\":\"https:\/\/www.africa-press.net\/cameroun\/politique\/grace-presidentielle-a-mendo-ze-christophe-bobiokono-refroidit-tout-le-monde\",\"name\":\"Gr\u00e2ce pr\u00e9sidentielle \u00e0 Mendo Ze: Christophe Bobiokono refroidit tout le monde - Cameroun\",\"isPartOf\":{\"@id\":\"https:\/\/www.africa-press.net\/cameroun\/#website\"},\"primaryImageOfPage\":{\"@id\":\"https:\/\/www.africa-press.net\/cameroun\/politique\/grace-presidentielle-a-mendo-ze-christophe-bobiokono-refroidit-tout-le-monde#primaryimage\"},\"image\":{\"@id\":\"https:\/\/www.africa-press.net\/cameroun\/politique\/grace-presidentielle-a-mendo-ze-christophe-bobiokono-refroidit-tout-le-monde#primaryimage\"},\"thumbnailUrl\":\"https:\/\/static.africa-press.net\/cameroun\/sites\/57\/2021\/03\/img-605b3b211fa3a.jpg\",\"datePublished\":\"2021-03-24T13:02:18+00:00\",\"dateModified\":\"2021-03-24T13:14:31+00:00\",\"author\":{\"@id\":\"https:\/\/www.africa-press.net\/cameroun\/#\/schema\/person\/2b1cf3cd81a31e3cd26889ca66d677f1\"},\"description\":\"Pour le Directeur de publication du journal Kalara, la remise en libert\u00e9 de l\u2019ancien directeur g\u00e9n\u00e9ral de la CRTV reste ...\",\"breadcrumb\":{\"@id\":\"https:\/\/www.africa-press.net\/cameroun\/politique\/grace-presidentielle-a-mendo-ze-christophe-bobiokono-refroidit-tout-le-monde#breadcrumb\"},\"inLanguage\":\"fr-FR\",\"potentialAction\":[{\"@type\":\"ReadAction\",\"target\":[\"https:\/\/www.africa-press.net\/cameroun\/politique\/grace-presidentielle-a-mendo-ze-christophe-bobiokono-refroidit-tout-le-monde\"]}]},{\"@type\":\"ImageObject\",\"inLanguage\":\"fr-FR\",\"@id\":\"https:\/\/www.africa-press.net\/cameroun\/politique\/grace-presidentielle-a-mendo-ze-christophe-bobiokono-refroidit-tout-le-monde#primaryimage\",\"url\":\"https:\/\/static.africa-press.net\/cameroun\/sites\/57\/2021\/03\/img-605b3b211fa3a.jpg\",\"contentUrl\":\"https:\/\/static.africa-press.net\/cameroun\/sites\/57\/2021\/03\/img-605b3b211fa3a.jpg\",\"width\":800,\"height\":533,\"caption\":\"Gr\u00e2ce pr\u00e9sidentielle \u00e0 Mendo Ze: Christophe Bobiokono refroidit tout le monde\"},{\"@type\":\"BreadcrumbList\",\"@id\":\"https:\/\/www.africa-press.net\/cameroun\/politique\/grace-presidentielle-a-mendo-ze-christophe-bobiokono-refroidit-tout-le-monde#breadcrumb\",\"itemListElement\":[{\"@type\":\"ListItem\",\"position\":1,\"name\":\"Accueil\",\"item\":\"https:\/\/www.africa-press.net\/cameroun\/\"},{\"@type\":\"ListItem\",\"position\":2,\"name\":\"Gr\u00e2ce pr\u00e9sidentielle \u00e0 Mendo Ze: Christophe Bobiokono refroidit tout le monde\"}]},{\"@type\":\"WebSite\",\"@id\":\"https:\/\/www.africa-press.net\/cameroun\/#website\",\"url\":\"https:\/\/www.africa-press.net\/cameroun\/\",\"name\":\"Cameroun\",\"description\":\"Just another Africa News Agency Sites site\",\"potentialAction\":[{\"@type\":\"SearchAction\",\"target\":{\"@type\":\"EntryPoint\",\"urlTemplate\":\"https:\/\/www.africa-press.net\/cameroun\/?s={search_term_string}\"},\"query-input\":{\"@type\":\"PropertyValueSpecification\",\"valueRequired\":true,\"valueName\":\"search_term_string\"}}],\"inLanguage\":\"fr-FR\"},{\"@type\":\"Person\",\"@id\":\"https:\/\/www.africa-press.net\/cameroun\/#\/schema\/person\/2b1cf3cd81a31e3cd26889ca66d677f1\",\"name\":\"cfeditorfr\"}]}<\/script>\n<!-- \/ Yoast SEO Premium plugin. -->","yoast_head_json":{"title":"Gr\u00e2ce pr\u00e9sidentielle \u00e0 Mendo Ze: Christophe Bobiokono refroidit tout le monde - Cameroun","description":"Pour le Directeur de publication du journal Kalara, la remise en libert\u00e9 de l\u2019ancien directeur g\u00e9n\u00e9ral de la CRTV reste ...","robots":{"index":"index","follow":"follow","max-snippet":"max-snippet:-1","max-image-preview":"max-image-preview:large","max-video-preview":"max-video-preview:-1"},"canonical":"https:\/\/www.africa-press.net\/cameroun\/politique\/grace-presidentielle-a-mendo-ze-christophe-bobiokono-refroidit-tout-le-monde","og_locale":"fr_FR","og_type":"article","og_title":"Gr\u00e2ce pr\u00e9sidentielle \u00e0 Mendo Ze: Christophe Bobiokono refroidit tout le monde","og_description":"Pour le Directeur de publication du journal Kalara, la remise en libert\u00e9 de l\u2019ancien directeur g\u00e9n\u00e9ral de la CRTV reste ...","og_url":"https:\/\/www.africa-press.net\/cameroun\/politique\/grace-presidentielle-a-mendo-ze-christophe-bobiokono-refroidit-tout-le-monde","og_site_name":"Cameroun","article_published_time":"2021-03-24T13:02:18+00:00","article_modified_time":"2021-03-24T13:14:31+00:00","og_image":[{"width":800,"height":533,"url":"https:\/\/static.africa-press.net\/cameroun\/sites\/57\/2021\/03\/img-605b3b211fa3a.jpg","type":"image\/jpeg"}],"author":"cfeditorfr","twitter_card":"summary_large_image","twitter_misc":{"\u00c9crit par":"cfeditorfr","Dur\u00e9e de lecture estim\u00e9e":"2 minutes"},"schema":{"@context":"https:\/\/schema.org","@graph":[{"@type":"Article","@id":"https:\/\/www.africa-press.net\/cameroun\/politique\/grace-presidentielle-a-mendo-ze-christophe-bobiokono-refroidit-tout-le-monde#article","isPartOf":{"@id":"https:\/\/www.africa-press.net\/cameroun\/politique\/grace-presidentielle-a-mendo-ze-christophe-bobiokono-refroidit-tout-le-monde"},"author":{"name":"cfeditorfr","@id":"https:\/\/www.africa-press.net\/cameroun\/#\/schema\/person\/2b1cf3cd81a31e3cd26889ca66d677f1"},"headline":"Gr\u00e2ce pr\u00e9sidentielle \u00e0 Mendo Ze: Christophe Bobiokono refroidit tout le monde","datePublished":"2021-03-24T13:02:18+00:00","dateModified":"2021-03-24T13:14:31+00:00","mainEntityOfPage":{"@id":"https:\/\/www.africa-press.net\/cameroun\/politique\/grace-presidentielle-a-mendo-ze-christophe-bobiokono-refroidit-tout-le-monde"},"wordCount":365,"commentCount":0,"image":{"@id":"https:\/\/www.africa-press.net\/cameroun\/politique\/grace-presidentielle-a-mendo-ze-christophe-bobiokono-refroidit-tout-le-monde#primaryimage"},"thumbnailUrl":"https:\/\/static.africa-press.net\/cameroun\/sites\/57\/2021\/03\/img-605b3b211fa3a.jpg","keywords":["Africa Press","Africa Press-Cameroun","Cameroun"],"articleSection":["homepage-french","Politique","Toutes les actualit\u00e9s"],"inLanguage":"fr-FR","potentialAction":[{"@type":"CommentAction","name":"Comment","target":["https:\/\/www.africa-press.net\/cameroun\/politique\/grace-presidentielle-a-mendo-ze-christophe-bobiokono-refroidit-tout-le-monde#respond"]}]},{"@type":"WebPage","@id":"https:\/\/www.africa-press.net\/cameroun\/politique\/grace-presidentielle-a-mendo-ze-christophe-bobiokono-refroidit-tout-le-monde","url":"https:\/\/www.africa-press.net\/cameroun\/politique\/grace-presidentielle-a-mendo-ze-christophe-bobiokono-refroidit-tout-le-monde","name":"Gr\u00e2ce pr\u00e9sidentielle \u00e0 Mendo Ze: Christophe Bobiokono refroidit tout le monde - Cameroun","isPartOf":{"@id":"https:\/\/www.africa-press.net\/cameroun\/#website"},"primaryImageOfPage":{"@id":"https:\/\/www.africa-press.net\/cameroun\/politique\/grace-presidentielle-a-mendo-ze-christophe-bobiokono-refroidit-tout-le-monde#primaryimage"},"image":{"@id":"https:\/\/www.africa-press.net\/cameroun\/politique\/grace-presidentielle-a-mendo-ze-christophe-bobiokono-refroidit-tout-le-monde#primaryimage"},"thumbnailUrl":"https:\/\/static.africa-press.net\/cameroun\/sites\/57\/2021\/03\/img-605b3b211fa3a.jpg","datePublished":"2021-03-24T13:02:18+00:00","dateModified":"2021-03-24T13:14:31+00:00","author":{"@id":"https:\/\/www.africa-press.net\/cameroun\/#\/schema\/person\/2b1cf3cd81a31e3cd26889ca66d677f1"},"description":"Pour le Directeur de publication du journal Kalara, la remise en libert\u00e9 de l\u2019ancien directeur g\u00e9n\u00e9ral de la CRTV reste ...","breadcrumb":{"@id":"https:\/\/www.africa-press.net\/cameroun\/politique\/grace-presidentielle-a-mendo-ze-christophe-bobiokono-refroidit-tout-le-monde#breadcrumb"},"inLanguage":"fr-FR","potentialAction":[{"@type":"ReadAction","target":["https:\/\/www.africa-press.net\/cameroun\/politique\/grace-presidentielle-a-mendo-ze-christophe-bobiokono-refroidit-tout-le-monde"]}]},{"@type":"ImageObject","inLanguage":"fr-FR","@id":"https:\/\/www.africa-press.net\/cameroun\/politique\/grace-presidentielle-a-mendo-ze-christophe-bobiokono-refroidit-tout-le-monde#primaryimage","url":"https:\/\/static.africa-press.net\/cameroun\/sites\/57\/2021\/03\/img-605b3b211fa3a.jpg","contentUrl":"https:\/\/static.africa-press.net\/cameroun\/sites\/57\/2021\/03\/img-605b3b211fa3a.jpg","width":800,"height":533,"caption":"Gr\u00e2ce pr\u00e9sidentielle \u00e0 Mendo Ze: Christophe Bobiokono refroidit tout le monde"},{"@type":"BreadcrumbList","@id":"https:\/\/www.africa-press.net\/cameroun\/politique\/grace-presidentielle-a-mendo-ze-christophe-bobiokono-refroidit-tout-le-monde#breadcrumb","itemListElement":[{"@type":"ListItem","position":1,"name":"Accueil","item":"https:\/\/www.africa-press.net\/cameroun\/"},{"@type":"ListItem","position":2,"name":"Gr\u00e2ce pr\u00e9sidentielle \u00e0 Mendo Ze: Christophe Bobiokono refroidit tout le monde"}]},{"@type":"WebSite","@id":"https:\/\/www.africa-press.net\/cameroun\/#website","url":"https:\/\/www.africa-press.net\/cameroun\/","name":"Cameroun","description":"Just another Africa News Agency Sites site","potentialAction":[{"@type":"SearchAction","target":{"@type":"EntryPoint","urlTemplate":"https:\/\/www.africa-press.net\/cameroun\/?s={search_term_string}"},"query-input":{"@type":"PropertyValueSpecification","valueRequired":true,"valueName":"search_term_string"}}],"inLanguage":"fr-FR"},{"@type":"Person","@id":"https:\/\/www.africa-press.net\/cameroun\/#\/schema\/person\/2b1cf3cd81a31e3cd26889ca66d677f1","name":"cfeditorfr"}]}},"_links":{"self":[{"href":"https:\/\/www.africa-press.net\/cameroun\/wp-json\/wp\/v2\/posts\/1699","targetHints":{"allow":["GET"]}}],"collection":[{"href":"https:\/\/www.africa-press.net\/cameroun\/wp-json\/wp\/v2\/posts"}],"about":[{"href":"https:\/\/www.africa-press.net\/cameroun\/wp-json\/wp\/v2\/types\/post"}],"author":[{"embeddable":true,"href":"https:\/\/www.africa-press.net\/cameroun\/wp-json\/wp\/v2\/users\/82"}],"replies":[{"embeddable":true,"href":"https:\/\/www.africa-press.net\/cameroun\/wp-json\/wp\/v2\/comments?post=1699"}],"version-history":[{"count":0,"href":"https:\/\/www.africa-press.net\/cameroun\/wp-json\/wp\/v2\/posts\/1699\/revisions"}],"wp:featuredmedia":[{"embeddable":true,"href":"https:\/\/www.africa-press.net\/cameroun\/wp-json\/wp\/v2\/media\/1698"}],"wp:attachment":[{"href":"https:\/\/www.africa-press.net\/cameroun\/wp-json\/wp\/v2\/media?parent=1699"}],"wp:term":[{"taxonomy":"category","embeddable":true,"href":"https:\/\/www.africa-press.net\/cameroun\/wp-json\/wp\/v2\/categories?post=1699"},{"taxonomy":"post_tag","embeddable":true,"href":"https:\/\/www.africa-press.net\/cameroun\/wp-json\/wp\/v2\/tags?post=1699"}],"curies":[{"name":"wp","href":"https:\/\/api.w.org\/{rel}","templated":true}]}}