{"id":1702,"date":"2021-03-24T13:09:50","date_gmt":"2021-03-24T13:09:50","guid":{"rendered":"https:\/\/www.africa-press.net\/cameroun\/politique\/urgent-affrontement-en-cours-en-policiers-et-commercants-au-marche-centrale-de-douala"},"modified":"2021-03-24T13:15:03","modified_gmt":"2021-03-24T13:15:03","slug":"urgent-affrontement-en-cours-en-policiers-et-commercants-au-marche-centrale-de-douala","status":"publish","type":"post","link":"https:\/\/www.africa-press.net\/cameroun\/toutes-les-actualites\/urgent-affrontement-en-cours-en-policiers-et-commercants-au-marche-centrale-de-douala","title":{"rendered":"Urgent: affrontement en cours en policiers et commer\u00e7ants au march\u00e9 centrale de Douala"},"content":{"rendered":"<p><span style=\"color: #ff6600\"><strong><a href=\"https:\/\/www.africa-press.net\/\">Africa-Press<\/a> &#8211; <a href=\"https:\/\/www.africa-press.net\/cameroun\">Cameroun<\/a>. <\/strong><\/span>Le march\u00e9 central de Douala ressemble en ce moment \u00e0 une sc\u00e8ne de guerre entre policiers qui tirent des gaz lacrymog\u00e8nes et des commer\u00e7ants arm\u00e9s de cailloux qui courent dans tous les sens.<\/p>\n<p>Le maire de la ville a d\u00e9cid\u00e9 de d\u00e9guerpir tous les commer\u00e7ants qui occupent les trottoirs et certaines emprises du march\u00e9 donc les bouches \u00e0 incendie.<\/p>\n<p>Du c\u00f4t\u00e9 des commer\u00e7ants, l&rsquo;on reproche plut\u00f4t \u00e0 la mairie d&rsquo;avoir fix\u00e9 des prix de boutique hors de port\u00e9 de leurs bourses. Ce qui explique leur installation sur les trottoirs.<\/p>\n<p>Au moment o\u00f9 nous mettons sous presse, le calme n&rsquo;\u00e9tait pas encore revenu et les affrontements se poursuivaient. L&rsquo;on d\u00e9plore d\u00e9j\u00e0 plusieurs bless\u00e9s grave dans les rangs des commer\u00e7ants.<\/p>\n","protected":false},"excerpt":{"rendered":"<p>Africa-Press &#8211; Cameroun. Le march\u00e9 central de Douala ressemble en ce moment \u00e0 une sc\u00e8ne de guerre entre policiers qui tirent des gaz lacrymog\u00e8nes et des commer\u00e7ants arm\u00e9s de cailloux qui courent dans tous les sens. Le maire de la ville a d\u00e9cid\u00e9 de d\u00e9guerpir tous les commer\u00e7ants qui occupent les trottoirs et certaines emprises [&hellip;]<\/p>\n","protected":false},"author":82,"featured_media":1701,"comment_status":"open","ping_status":"closed","sticky":false,"template":"","format":"standard","meta":{"footnotes":""},"categories":[21,11,10],"tags":[36,50,49],"class_list":["post-1702","post","type-post","status-publish","format-standard","has-post-thumbnail","hentry","category-communaute","category-homepage-french","category-toutes-les-actualites","tag-africa-press","tag-africa-press-cameroun","tag-cameroun"],"yoast_head":"<!-- This site is optimized with the Yoast SEO Premium plugin v26.1 (Yoast SEO v27.0) - https:\/\/yoast.com\/product\/yoast-seo-premium-wordpress\/ -->\n<title>Urgent: affrontement en cours en policiers et commer\u00e7ants au march\u00e9 centrale de Douala - Cameroun<\/title>\n<meta name=\"description\" content=\"Le march\u00e9 central de Douala ressemble en ce moment \u00e0 une sc\u00e8ne de guerre entre policiers qui tirent des gaz lacrymog\u00e8nes ...\" \/>\n<meta name=\"robots\" content=\"index, follow, max-snippet:-1, max-image-preview:large, max-video-preview:-1\" \/>\n<link rel=\"canonical\" href=\"https:\/\/www.africa-press.net\/cameroun\/toutes-les-actualites\/urgent-affrontement-en-cours-en-policiers-et-commercants-au-marche-centrale-de-douala\" \/>\n<meta property=\"og:locale\" content=\"fr_FR\" \/>\n<meta property=\"og:type\" content=\"article\" \/>\n<meta property=\"og:title\" content=\"Urgent: affrontement en cours en policiers et commer\u00e7ants au march\u00e9 centrale de Douala\" \/>\n<meta property=\"og:description\" content=\"Le march\u00e9 central de Douala ressemble en ce moment \u00e0 une sc\u00e8ne de guerre entre policiers qui tirent des gaz lacrymog\u00e8nes ...\" \/>\n<meta property=\"og:url\" content=\"https:\/\/www.africa-press.net\/cameroun\/toutes-les-actualites\/urgent-affrontement-en-cours-en-policiers-et-commercants-au-marche-centrale-de-douala\" \/>\n<meta property=\"og:site_name\" content=\"Cameroun\" \/>\n<meta property=\"article:published_time\" content=\"2021-03-24T13:09:50+00:00\" \/>\n<meta property=\"article:modified_time\" content=\"2021-03-24T13:15:03+00:00\" \/>\n<meta property=\"og:image\" content=\"https:\/\/static.africa-press.net\/cameroun\/sites\/57\/2021\/03\/img-605b3b427a388.jpg\" \/>\n\t<meta property=\"og:image:width\" content=\"720\" \/>\n\t<meta property=\"og:image:height\" content=\"419\" \/>\n\t<meta property=\"og:image:type\" content=\"image\/jpeg\" \/>\n<meta name=\"author\" content=\"cfeditorfr\" \/>\n<meta name=\"twitter:card\" content=\"summary_large_image\" \/>\n<meta name=\"twitter:label1\" content=\"\u00c9crit par\" \/>\n\t<meta name=\"twitter:data1\" content=\"cfeditorfr\" \/>\n\t<meta name=\"twitter:label2\" content=\"Dur\u00e9e de lecture estim\u00e9e\" \/>\n\t<meta name=\"twitter:data2\" content=\"1 minute\" \/>\n<script type=\"application\/ld+json\" class=\"yoast-schema-graph\">{\"@context\":\"https:\/\/schema.org\",\"@graph\":[{\"@type\":\"Article\",\"@id\":\"https:\/\/www.africa-press.net\/cameroun\/toutes-les-actualites\/urgent-affrontement-en-cours-en-policiers-et-commercants-au-marche-centrale-de-douala#article\",\"isPartOf\":{\"@id\":\"https:\/\/www.africa-press.net\/cameroun\/toutes-les-actualites\/urgent-affrontement-en-cours-en-policiers-et-commercants-au-marche-centrale-de-douala\"},\"author\":{\"name\":\"cfeditorfr\",\"@id\":\"https:\/\/www.africa-press.net\/cameroun\/#\/schema\/person\/2b1cf3cd81a31e3cd26889ca66d677f1\"},\"headline\":\"Urgent: affrontement en cours en policiers et commer\u00e7ants au march\u00e9 centrale de Douala\",\"datePublished\":\"2021-03-24T13:09:50+00:00\",\"dateModified\":\"2021-03-24T13:15:03+00:00\",\"mainEntityOfPage\":{\"@id\":\"https:\/\/www.africa-press.net\/cameroun\/toutes-les-actualites\/urgent-affrontement-en-cours-en-policiers-et-commercants-au-marche-centrale-de-douala\"},\"wordCount\":150,\"commentCount\":0,\"image\":{\"@id\":\"https:\/\/www.africa-press.net\/cameroun\/toutes-les-actualites\/urgent-affrontement-en-cours-en-policiers-et-commercants-au-marche-centrale-de-douala#primaryimage\"},\"thumbnailUrl\":\"https:\/\/static.africa-press.net\/cameroun\/sites\/57\/2021\/03\/img-605b3b427a388.jpg\",\"keywords\":[\"Africa Press\",\"Africa Press-Cameroun\",\"Cameroun\"],\"articleSection\":[\"Communaut\u00e9\",\"homepage-french\",\"Toutes les actualit\u00e9s\"],\"inLanguage\":\"fr-FR\",\"potentialAction\":[{\"@type\":\"CommentAction\",\"name\":\"Comment\",\"target\":[\"https:\/\/www.africa-press.net\/cameroun\/toutes-les-actualites\/urgent-affrontement-en-cours-en-policiers-et-commercants-au-marche-centrale-de-douala#respond\"]}]},{\"@type\":\"WebPage\",\"@id\":\"https:\/\/www.africa-press.net\/cameroun\/toutes-les-actualites\/urgent-affrontement-en-cours-en-policiers-et-commercants-au-marche-centrale-de-douala\",\"url\":\"https:\/\/www.africa-press.net\/cameroun\/toutes-les-actualites\/urgent-affrontement-en-cours-en-policiers-et-commercants-au-marche-centrale-de-douala\",\"name\":\"Urgent: affrontement en cours en policiers et commer\u00e7ants au march\u00e9 centrale de Douala - Cameroun\",\"isPartOf\":{\"@id\":\"https:\/\/www.africa-press.net\/cameroun\/#website\"},\"primaryImageOfPage\":{\"@id\":\"https:\/\/www.africa-press.net\/cameroun\/toutes-les-actualites\/urgent-affrontement-en-cours-en-policiers-et-commercants-au-marche-centrale-de-douala#primaryimage\"},\"image\":{\"@id\":\"https:\/\/www.africa-press.net\/cameroun\/toutes-les-actualites\/urgent-affrontement-en-cours-en-policiers-et-commercants-au-marche-centrale-de-douala#primaryimage\"},\"thumbnailUrl\":\"https:\/\/static.africa-press.net\/cameroun\/sites\/57\/2021\/03\/img-605b3b427a388.jpg\",\"datePublished\":\"2021-03-24T13:09:50+00:00\",\"dateModified\":\"2021-03-24T13:15:03+00:00\",\"author\":{\"@id\":\"https:\/\/www.africa-press.net\/cameroun\/#\/schema\/person\/2b1cf3cd81a31e3cd26889ca66d677f1\"},\"description\":\"Le march\u00e9 central de Douala ressemble en ce moment \u00e0 une sc\u00e8ne de guerre entre policiers qui tirent des gaz lacrymog\u00e8nes ...\",\"breadcrumb\":{\"@id\":\"https:\/\/www.africa-press.net\/cameroun\/toutes-les-actualites\/urgent-affrontement-en-cours-en-policiers-et-commercants-au-marche-centrale-de-douala#breadcrumb\"},\"inLanguage\":\"fr-FR\",\"potentialAction\":[{\"@type\":\"ReadAction\",\"target\":[\"https:\/\/www.africa-press.net\/cameroun\/toutes-les-actualites\/urgent-affrontement-en-cours-en-policiers-et-commercants-au-marche-centrale-de-douala\"]}]},{\"@type\":\"ImageObject\",\"inLanguage\":\"fr-FR\",\"@id\":\"https:\/\/www.africa-press.net\/cameroun\/toutes-les-actualites\/urgent-affrontement-en-cours-en-policiers-et-commercants-au-marche-centrale-de-douala#primaryimage\",\"url\":\"https:\/\/static.africa-press.net\/cameroun\/sites\/57\/2021\/03\/img-605b3b427a388.jpg\",\"contentUrl\":\"https:\/\/static.africa-press.net\/cameroun\/sites\/57\/2021\/03\/img-605b3b427a388.jpg\",\"width\":720,\"height\":419,\"caption\":\"Urgent: affrontement en cours en policiers et commer\u00e7ants au march\u00e9 centrale de Douala\"},{\"@type\":\"BreadcrumbList\",\"@id\":\"https:\/\/www.africa-press.net\/cameroun\/toutes-les-actualites\/urgent-affrontement-en-cours-en-policiers-et-commercants-au-marche-centrale-de-douala#breadcrumb\",\"itemListElement\":[{\"@type\":\"ListItem\",\"position\":1,\"name\":\"Accueil\",\"item\":\"https:\/\/www.africa-press.net\/cameroun\/\"},{\"@type\":\"ListItem\",\"position\":2,\"name\":\"Urgent: affrontement en cours en policiers et commer\u00e7ants au march\u00e9 centrale de Douala\"}]},{\"@type\":\"WebSite\",\"@id\":\"https:\/\/www.africa-press.net\/cameroun\/#website\",\"url\":\"https:\/\/www.africa-press.net\/cameroun\/\",\"name\":\"Cameroun\",\"description\":\"Just another Africa News Agency Sites site\",\"potentialAction\":[{\"@type\":\"SearchAction\",\"target\":{\"@type\":\"EntryPoint\",\"urlTemplate\":\"https:\/\/www.africa-press.net\/cameroun\/?s={search_term_string}\"},\"query-input\":{\"@type\":\"PropertyValueSpecification\",\"valueRequired\":true,\"valueName\":\"search_term_string\"}}],\"inLanguage\":\"fr-FR\"},{\"@type\":\"Person\",\"@id\":\"https:\/\/www.africa-press.net\/cameroun\/#\/schema\/person\/2b1cf3cd81a31e3cd26889ca66d677f1\",\"name\":\"cfeditorfr\"}]}<\/script>\n<!-- \/ Yoast SEO Premium plugin. -->","yoast_head_json":{"title":"Urgent: affrontement en cours en policiers et commer\u00e7ants au march\u00e9 centrale de Douala - Cameroun","description":"Le march\u00e9 central de Douala ressemble en ce moment \u00e0 une sc\u00e8ne de guerre entre policiers qui tirent des gaz lacrymog\u00e8nes ...","robots":{"index":"index","follow":"follow","max-snippet":"max-snippet:-1","max-image-preview":"max-image-preview:large","max-video-preview":"max-video-preview:-1"},"canonical":"https:\/\/www.africa-press.net\/cameroun\/toutes-les-actualites\/urgent-affrontement-en-cours-en-policiers-et-commercants-au-marche-centrale-de-douala","og_locale":"fr_FR","og_type":"article","og_title":"Urgent: affrontement en cours en policiers et commer\u00e7ants au march\u00e9 centrale de Douala","og_description":"Le march\u00e9 central de Douala ressemble en ce moment \u00e0 une sc\u00e8ne de guerre entre policiers qui tirent des gaz lacrymog\u00e8nes ...","og_url":"https:\/\/www.africa-press.net\/cameroun\/toutes-les-actualites\/urgent-affrontement-en-cours-en-policiers-et-commercants-au-marche-centrale-de-douala","og_site_name":"Cameroun","article_published_time":"2021-03-24T13:09:50+00:00","article_modified_time":"2021-03-24T13:15:03+00:00","og_image":[{"width":720,"height":419,"url":"https:\/\/static.africa-press.net\/cameroun\/sites\/57\/2021\/03\/img-605b3b427a388.jpg","type":"image\/jpeg"}],"author":"cfeditorfr","twitter_card":"summary_large_image","twitter_misc":{"\u00c9crit par":"cfeditorfr","Dur\u00e9e de lecture estim\u00e9e":"1 minute"},"schema":{"@context":"https:\/\/schema.org","@graph":[{"@type":"Article","@id":"https:\/\/www.africa-press.net\/cameroun\/toutes-les-actualites\/urgent-affrontement-en-cours-en-policiers-et-commercants-au-marche-centrale-de-douala#article","isPartOf":{"@id":"https:\/\/www.africa-press.net\/cameroun\/toutes-les-actualites\/urgent-affrontement-en-cours-en-policiers-et-commercants-au-marche-centrale-de-douala"},"author":{"name":"cfeditorfr","@id":"https:\/\/www.africa-press.net\/cameroun\/#\/schema\/person\/2b1cf3cd81a31e3cd26889ca66d677f1"},"headline":"Urgent: affrontement en cours en policiers et commer\u00e7ants au march\u00e9 centrale de Douala","datePublished":"2021-03-24T13:09:50+00:00","dateModified":"2021-03-24T13:15:03+00:00","mainEntityOfPage":{"@id":"https:\/\/www.africa-press.net\/cameroun\/toutes-les-actualites\/urgent-affrontement-en-cours-en-policiers-et-commercants-au-marche-centrale-de-douala"},"wordCount":150,"commentCount":0,"image":{"@id":"https:\/\/www.africa-press.net\/cameroun\/toutes-les-actualites\/urgent-affrontement-en-cours-en-policiers-et-commercants-au-marche-centrale-de-douala#primaryimage"},"thumbnailUrl":"https:\/\/static.africa-press.net\/cameroun\/sites\/57\/2021\/03\/img-605b3b427a388.jpg","keywords":["Africa Press","Africa Press-Cameroun","Cameroun"],"articleSection":["Communaut\u00e9","homepage-french","Toutes les actualit\u00e9s"],"inLanguage":"fr-FR","potentialAction":[{"@type":"CommentAction","name":"Comment","target":["https:\/\/www.africa-press.net\/cameroun\/toutes-les-actualites\/urgent-affrontement-en-cours-en-policiers-et-commercants-au-marche-centrale-de-douala#respond"]}]},{"@type":"WebPage","@id":"https:\/\/www.africa-press.net\/cameroun\/toutes-les-actualites\/urgent-affrontement-en-cours-en-policiers-et-commercants-au-marche-centrale-de-douala","url":"https:\/\/www.africa-press.net\/cameroun\/toutes-les-actualites\/urgent-affrontement-en-cours-en-policiers-et-commercants-au-marche-centrale-de-douala","name":"Urgent: affrontement en cours en policiers et commer\u00e7ants au march\u00e9 centrale de Douala - Cameroun","isPartOf":{"@id":"https:\/\/www.africa-press.net\/cameroun\/#website"},"primaryImageOfPage":{"@id":"https:\/\/www.africa-press.net\/cameroun\/toutes-les-actualites\/urgent-affrontement-en-cours-en-policiers-et-commercants-au-marche-centrale-de-douala#primaryimage"},"image":{"@id":"https:\/\/www.africa-press.net\/cameroun\/toutes-les-actualites\/urgent-affrontement-en-cours-en-policiers-et-commercants-au-marche-centrale-de-douala#primaryimage"},"thumbnailUrl":"https:\/\/static.africa-press.net\/cameroun\/sites\/57\/2021\/03\/img-605b3b427a388.jpg","datePublished":"2021-03-24T13:09:50+00:00","dateModified":"2021-03-24T13:15:03+00:00","author":{"@id":"https:\/\/www.africa-press.net\/cameroun\/#\/schema\/person\/2b1cf3cd81a31e3cd26889ca66d677f1"},"description":"Le march\u00e9 central de Douala ressemble en ce moment \u00e0 une sc\u00e8ne de guerre entre policiers qui tirent des gaz lacrymog\u00e8nes ...","breadcrumb":{"@id":"https:\/\/www.africa-press.net\/cameroun\/toutes-les-actualites\/urgent-affrontement-en-cours-en-policiers-et-commercants-au-marche-centrale-de-douala#breadcrumb"},"inLanguage":"fr-FR","potentialAction":[{"@type":"ReadAction","target":["https:\/\/www.africa-press.net\/cameroun\/toutes-les-actualites\/urgent-affrontement-en-cours-en-policiers-et-commercants-au-marche-centrale-de-douala"]}]},{"@type":"ImageObject","inLanguage":"fr-FR","@id":"https:\/\/www.africa-press.net\/cameroun\/toutes-les-actualites\/urgent-affrontement-en-cours-en-policiers-et-commercants-au-marche-centrale-de-douala#primaryimage","url":"https:\/\/static.africa-press.net\/cameroun\/sites\/57\/2021\/03\/img-605b3b427a388.jpg","contentUrl":"https:\/\/static.africa-press.net\/cameroun\/sites\/57\/2021\/03\/img-605b3b427a388.jpg","width":720,"height":419,"caption":"Urgent: affrontement en cours en policiers et commer\u00e7ants au march\u00e9 centrale de Douala"},{"@type":"BreadcrumbList","@id":"https:\/\/www.africa-press.net\/cameroun\/toutes-les-actualites\/urgent-affrontement-en-cours-en-policiers-et-commercants-au-marche-centrale-de-douala#breadcrumb","itemListElement":[{"@type":"ListItem","position":1,"name":"Accueil","item":"https:\/\/www.africa-press.net\/cameroun\/"},{"@type":"ListItem","position":2,"name":"Urgent: affrontement en cours en policiers et commer\u00e7ants au march\u00e9 centrale de Douala"}]},{"@type":"WebSite","@id":"https:\/\/www.africa-press.net\/cameroun\/#website","url":"https:\/\/www.africa-press.net\/cameroun\/","name":"Cameroun","description":"Just another Africa News Agency Sites site","potentialAction":[{"@type":"SearchAction","target":{"@type":"EntryPoint","urlTemplate":"https:\/\/www.africa-press.net\/cameroun\/?s={search_term_string}"},"query-input":{"@type":"PropertyValueSpecification","valueRequired":true,"valueName":"search_term_string"}}],"inLanguage":"fr-FR"},{"@type":"Person","@id":"https:\/\/www.africa-press.net\/cameroun\/#\/schema\/person\/2b1cf3cd81a31e3cd26889ca66d677f1","name":"cfeditorfr"}]}},"_links":{"self":[{"href":"https:\/\/www.africa-press.net\/cameroun\/wp-json\/wp\/v2\/posts\/1702","targetHints":{"allow":["GET"]}}],"collection":[{"href":"https:\/\/www.africa-press.net\/cameroun\/wp-json\/wp\/v2\/posts"}],"about":[{"href":"https:\/\/www.africa-press.net\/cameroun\/wp-json\/wp\/v2\/types\/post"}],"author":[{"embeddable":true,"href":"https:\/\/www.africa-press.net\/cameroun\/wp-json\/wp\/v2\/users\/82"}],"replies":[{"embeddable":true,"href":"https:\/\/www.africa-press.net\/cameroun\/wp-json\/wp\/v2\/comments?post=1702"}],"version-history":[{"count":0,"href":"https:\/\/www.africa-press.net\/cameroun\/wp-json\/wp\/v2\/posts\/1702\/revisions"}],"wp:featuredmedia":[{"embeddable":true,"href":"https:\/\/www.africa-press.net\/cameroun\/wp-json\/wp\/v2\/media\/1701"}],"wp:attachment":[{"href":"https:\/\/www.africa-press.net\/cameroun\/wp-json\/wp\/v2\/media?parent=1702"}],"wp:term":[{"taxonomy":"category","embeddable":true,"href":"https:\/\/www.africa-press.net\/cameroun\/wp-json\/wp\/v2\/categories?post=1702"},{"taxonomy":"post_tag","embeddable":true,"href":"https:\/\/www.africa-press.net\/cameroun\/wp-json\/wp\/v2\/tags?post=1702"}],"curies":[{"name":"wp","href":"https:\/\/api.w.org\/{rel}","templated":true}]}}