{"id":1715,"date":"2021-03-23T11:25:51","date_gmt":"2021-03-23T11:25:51","guid":{"rendered":"https:\/\/www.africa-press.net\/cameroun\/politique\/cameroun-can-2021-la-confederation-africaine-de-football-disqualifie-le-tchad-des-eliminatoires"},"modified":"2021-03-24T13:26:11","modified_gmt":"2021-03-24T13:26:11","slug":"cameroun-can-2021-la-confederation-africaine-de-football-disqualifie-le-tchad-des-eliminatoires","status":"publish","type":"post","link":"https:\/\/www.africa-press.net\/cameroun\/sports\/cameroun-can-2021-la-confederation-africaine-de-football-disqualifie-le-tchad-des-eliminatoires","title":{"rendered":"Cameroun &#8211; CAN 2021: La Conf\u00e9d\u00e9ration Africaine de Football disqualifie le Tchad des \u00e9liminatoires"},"content":{"rendered":"<p><span style=\"color: #ff6600\"><strong><a href=\"https:\/\/www.africa-press.net\/\">Africa-Press<\/a> &#8211; <a href=\"https:\/\/www.africa-press.net\/cameroun\">Cameroun<\/a>. <\/strong><\/span>La premi\u00e8re d\u00e9cision d\u2019envergure de la Conf\u00e9d\u00e9ration Africaine de Football (CAF) version Patrice Motsepe est une sanction. Le nouvel ex\u00e9cutif de l\u2019institution panafricaine \u00e0 la t\u00eate duquel tr\u00f4ne d\u00e9sormais le milliardaire sud-africain a, comme premi\u00e8re initiative, d\u00e9cid\u00e9 d\u2019exclure le Tchad des \u00e9liminatoires de la CAN 2021 \u00e0 24 heures de son match contre la Namibie. Ladite d\u00e9cision, qui a \u00e9t\u00e9 officialis\u00e9e le lundi 22 mars 2021, est subs\u00e9quente \u00e0 une ing\u00e9rence manifeste du politique dans la gestion du football tchadien, illustr\u00e9e par la suspension de la F\u00e9d\u00e9ration tchadienne de football par le minist\u00e8re de la Jeunesse et des Sports.<\/p>\n<p>Si cette r\u00e9solution ne vient pas priver les Sao, d\u00e9j\u00e0 \u00e9limin\u00e9s d\u2019une place en phase finale de la CAN 2021 qui aura lieu au Cameroun l\u2019ann\u00e9e prochaine, elle entraine tout de m\u00eame un chamboulement dans la hi\u00e9rarchie du groupe.<\/p>\n<p>\u00abElle a un impact pour la Guin\u00e9e et la Namibie, qui sont \u00e0 la lutte pour accompagner le Mali, d\u00e9j\u00e0 qualifi\u00e9 en phase finale. En effet, d\u2019apr\u00e8s l\u2019article 61 du r\u00e8glement de la CAN, \u00absi une \u00e9quipe se retire apr\u00e8s avoir particip\u00e9 \u00e0 l\u2019ensemble de la premi\u00e8re moiti\u00e9 des matchs de groupes. Les matchs restant \u00e0 jouer dans ledit groupe sont perdus par p\u00e9nalit\u00e9 trois buts \u00e0 z\u00e9ro\u00bb. Autrement dit, les r\u00e9sultats des matchs du Tchad lors des 4 premi\u00e8res journ\u00e9es restent pris en compte et la Namibe et le Mali r\u00e9cup\u00e8rent 3 points sur tapis vert, ce qui permet \u00e0 la Namibie de revenir \u00e0 seulement deux unit\u00e9s de la Guin\u00e9e. Pour se qualifier, le Syli National devra donc s\u2019imposer mercredi face au Mali ou ne pas perdre lors du choc de la derni\u00e8re journ\u00e9e contre la Namibie (un nul face au Mali suivi d\u2019une d\u00e9faite face \u00e0 la Namibie avec un but d\u2019\u00e9cart ou avec deux buts d\u2019\u00e9cart mais au moins un but marqu\u00e9 peuvent aussi convenir \u00e0 la Guin\u00e9e)\u00bb, expliquent nos confr\u00e8res d\u2019Afrik Foot.<\/p>\n","protected":false},"excerpt":{"rendered":"<p>Africa-Press &#8211; Cameroun. La premi\u00e8re d\u00e9cision d\u2019envergure de la Conf\u00e9d\u00e9ration Africaine de Football (CAF) version Patrice Motsepe est une sanction. Le nouvel ex\u00e9cutif de l\u2019institution panafricaine \u00e0 la t\u00eate duquel tr\u00f4ne d\u00e9sormais le milliardaire sud-africain a, comme premi\u00e8re initiative, d\u00e9cid\u00e9 d\u2019exclure le Tchad des \u00e9liminatoires de la CAN 2021 \u00e0 24 heures de son match [&hellip;]<\/p>\n","protected":false},"author":82,"featured_media":1713,"comment_status":"open","ping_status":"closed","sticky":false,"template":"","format":"standard","meta":{"footnotes":""},"categories":[11,6,10],"tags":[36,50,49],"class_list":["post-1715","post","type-post","status-publish","format-standard","has-post-thumbnail","hentry","category-homepage-french","category-sports","category-toutes-les-actualites","tag-africa-press","tag-africa-press-cameroun","tag-cameroun"],"yoast_head":"<!-- This site is optimized with the Yoast SEO Premium plugin v26.1 (Yoast SEO v27.0) - https:\/\/yoast.com\/product\/yoast-seo-premium-wordpress\/ -->\n<title>Cameroun - CAN 2021: La Conf\u00e9d\u00e9ration Africaine de Football disqualifie le Tchad des \u00e9liminatoires - Cameroun<\/title>\n<meta name=\"description\" content=\"La premi\u00e8re d\u00e9cision d\u2019envergure de la Conf\u00e9d\u00e9ration Africaine de Football (CAF) version Patrice Motsepe est une sanctio ...\" \/>\n<meta name=\"robots\" content=\"index, follow, max-snippet:-1, max-image-preview:large, max-video-preview:-1\" \/>\n<link rel=\"canonical\" href=\"https:\/\/www.africa-press.net\/cameroun\/sports\/cameroun-can-2021-la-confederation-africaine-de-football-disqualifie-le-tchad-des-eliminatoires\" \/>\n<meta property=\"og:locale\" content=\"fr_FR\" \/>\n<meta property=\"og:type\" content=\"article\" \/>\n<meta property=\"og:title\" content=\"Cameroun - CAN 2021: La Conf\u00e9d\u00e9ration Africaine de Football disqualifie le Tchad des \u00e9liminatoires\" \/>\n<meta property=\"og:description\" content=\"La premi\u00e8re d\u00e9cision d\u2019envergure de la Conf\u00e9d\u00e9ration Africaine de Football (CAF) version Patrice Motsepe est une sanctio ...\" \/>\n<meta property=\"og:url\" content=\"https:\/\/www.africa-press.net\/cameroun\/sports\/cameroun-can-2021-la-confederation-africaine-de-football-disqualifie-le-tchad-des-eliminatoires\" \/>\n<meta property=\"og:site_name\" content=\"Cameroun\" \/>\n<meta property=\"article:published_time\" content=\"2021-03-23T11:25:51+00:00\" \/>\n<meta property=\"article:modified_time\" content=\"2021-03-24T13:26:11+00:00\" \/>\n<meta property=\"og:image\" content=\"https:\/\/static.africa-press.net\/cameroun\/sites\/57\/2021\/03\/img-605b3dd60cafb.jpg\" \/>\n\t<meta property=\"og:image:width\" content=\"800\" \/>\n\t<meta property=\"og:image:height\" content=\"745\" \/>\n\t<meta property=\"og:image:type\" content=\"image\/jpeg\" \/>\n<meta name=\"author\" content=\"cfeditorfr\" \/>\n<meta name=\"twitter:card\" content=\"summary_large_image\" \/>\n<meta name=\"twitter:label1\" content=\"\u00c9crit par\" \/>\n\t<meta name=\"twitter:data1\" content=\"cfeditorfr\" \/>\n\t<meta name=\"twitter:label2\" content=\"Dur\u00e9e de lecture estim\u00e9e\" \/>\n\t<meta name=\"twitter:data2\" content=\"2 minutes\" \/>\n<script type=\"application\/ld+json\" class=\"yoast-schema-graph\">{\"@context\":\"https:\/\/schema.org\",\"@graph\":[{\"@type\":\"Article\",\"@id\":\"https:\/\/www.africa-press.net\/cameroun\/sports\/cameroun-can-2021-la-confederation-africaine-de-football-disqualifie-le-tchad-des-eliminatoires#article\",\"isPartOf\":{\"@id\":\"https:\/\/www.africa-press.net\/cameroun\/sports\/cameroun-can-2021-la-confederation-africaine-de-football-disqualifie-le-tchad-des-eliminatoires\"},\"author\":{\"name\":\"cfeditorfr\",\"@id\":\"https:\/\/www.africa-press.net\/cameroun\/#\/schema\/person\/2b1cf3cd81a31e3cd26889ca66d677f1\"},\"headline\":\"Cameroun &#8211; CAN 2021: La Conf\u00e9d\u00e9ration Africaine de Football disqualifie le Tchad des \u00e9liminatoires\",\"datePublished\":\"2021-03-23T11:25:51+00:00\",\"dateModified\":\"2021-03-24T13:26:11+00:00\",\"mainEntityOfPage\":{\"@id\":\"https:\/\/www.africa-press.net\/cameroun\/sports\/cameroun-can-2021-la-confederation-africaine-de-football-disqualifie-le-tchad-des-eliminatoires\"},\"wordCount\":371,\"commentCount\":0,\"image\":{\"@id\":\"https:\/\/www.africa-press.net\/cameroun\/sports\/cameroun-can-2021-la-confederation-africaine-de-football-disqualifie-le-tchad-des-eliminatoires#primaryimage\"},\"thumbnailUrl\":\"https:\/\/static.africa-press.net\/cameroun\/sites\/57\/2021\/03\/img-605b3dd60cafb.jpg\",\"keywords\":[\"Africa Press\",\"Africa Press-Cameroun\",\"Cameroun\"],\"articleSection\":[\"homepage-french\",\"Sports\",\"Toutes les actualit\u00e9s\"],\"inLanguage\":\"fr-FR\",\"potentialAction\":[{\"@type\":\"CommentAction\",\"name\":\"Comment\",\"target\":[\"https:\/\/www.africa-press.net\/cameroun\/sports\/cameroun-can-2021-la-confederation-africaine-de-football-disqualifie-le-tchad-des-eliminatoires#respond\"]}]},{\"@type\":\"WebPage\",\"@id\":\"https:\/\/www.africa-press.net\/cameroun\/sports\/cameroun-can-2021-la-confederation-africaine-de-football-disqualifie-le-tchad-des-eliminatoires\",\"url\":\"https:\/\/www.africa-press.net\/cameroun\/sports\/cameroun-can-2021-la-confederation-africaine-de-football-disqualifie-le-tchad-des-eliminatoires\",\"name\":\"Cameroun - CAN 2021: La Conf\u00e9d\u00e9ration Africaine de Football disqualifie le Tchad des \u00e9liminatoires - Cameroun\",\"isPartOf\":{\"@id\":\"https:\/\/www.africa-press.net\/cameroun\/#website\"},\"primaryImageOfPage\":{\"@id\":\"https:\/\/www.africa-press.net\/cameroun\/sports\/cameroun-can-2021-la-confederation-africaine-de-football-disqualifie-le-tchad-des-eliminatoires#primaryimage\"},\"image\":{\"@id\":\"https:\/\/www.africa-press.net\/cameroun\/sports\/cameroun-can-2021-la-confederation-africaine-de-football-disqualifie-le-tchad-des-eliminatoires#primaryimage\"},\"thumbnailUrl\":\"https:\/\/static.africa-press.net\/cameroun\/sites\/57\/2021\/03\/img-605b3dd60cafb.jpg\",\"datePublished\":\"2021-03-23T11:25:51+00:00\",\"dateModified\":\"2021-03-24T13:26:11+00:00\",\"author\":{\"@id\":\"https:\/\/www.africa-press.net\/cameroun\/#\/schema\/person\/2b1cf3cd81a31e3cd26889ca66d677f1\"},\"description\":\"La premi\u00e8re d\u00e9cision d\u2019envergure de la Conf\u00e9d\u00e9ration Africaine de Football (CAF) version Patrice Motsepe est une sanctio ...\",\"breadcrumb\":{\"@id\":\"https:\/\/www.africa-press.net\/cameroun\/sports\/cameroun-can-2021-la-confederation-africaine-de-football-disqualifie-le-tchad-des-eliminatoires#breadcrumb\"},\"inLanguage\":\"fr-FR\",\"potentialAction\":[{\"@type\":\"ReadAction\",\"target\":[\"https:\/\/www.africa-press.net\/cameroun\/sports\/cameroun-can-2021-la-confederation-africaine-de-football-disqualifie-le-tchad-des-eliminatoires\"]}]},{\"@type\":\"ImageObject\",\"inLanguage\":\"fr-FR\",\"@id\":\"https:\/\/www.africa-press.net\/cameroun\/sports\/cameroun-can-2021-la-confederation-africaine-de-football-disqualifie-le-tchad-des-eliminatoires#primaryimage\",\"url\":\"https:\/\/static.africa-press.net\/cameroun\/sites\/57\/2021\/03\/img-605b3dd60cafb.jpg\",\"contentUrl\":\"https:\/\/static.africa-press.net\/cameroun\/sites\/57\/2021\/03\/img-605b3dd60cafb.jpg\",\"width\":800,\"height\":745,\"caption\":\"Cameroun - CAN 2021: La Conf\u00e9d\u00e9ration Africaine de Football disqualifie le Tchad des \u00e9liminatoires\"},{\"@type\":\"BreadcrumbList\",\"@id\":\"https:\/\/www.africa-press.net\/cameroun\/sports\/cameroun-can-2021-la-confederation-africaine-de-football-disqualifie-le-tchad-des-eliminatoires#breadcrumb\",\"itemListElement\":[{\"@type\":\"ListItem\",\"position\":1,\"name\":\"Accueil\",\"item\":\"https:\/\/www.africa-press.net\/cameroun\/\"},{\"@type\":\"ListItem\",\"position\":2,\"name\":\"Cameroun &#8211; CAN 2021: La Conf\u00e9d\u00e9ration Africaine de Football disqualifie le Tchad des \u00e9liminatoires\"}]},{\"@type\":\"WebSite\",\"@id\":\"https:\/\/www.africa-press.net\/cameroun\/#website\",\"url\":\"https:\/\/www.africa-press.net\/cameroun\/\",\"name\":\"Cameroun\",\"description\":\"Just another Africa News Agency Sites site\",\"potentialAction\":[{\"@type\":\"SearchAction\",\"target\":{\"@type\":\"EntryPoint\",\"urlTemplate\":\"https:\/\/www.africa-press.net\/cameroun\/?s={search_term_string}\"},\"query-input\":{\"@type\":\"PropertyValueSpecification\",\"valueRequired\":true,\"valueName\":\"search_term_string\"}}],\"inLanguage\":\"fr-FR\"},{\"@type\":\"Person\",\"@id\":\"https:\/\/www.africa-press.net\/cameroun\/#\/schema\/person\/2b1cf3cd81a31e3cd26889ca66d677f1\",\"name\":\"cfeditorfr\"}]}<\/script>\n<!-- \/ Yoast SEO Premium plugin. -->","yoast_head_json":{"title":"Cameroun - CAN 2021: La Conf\u00e9d\u00e9ration Africaine de Football disqualifie le Tchad des \u00e9liminatoires - Cameroun","description":"La premi\u00e8re d\u00e9cision d\u2019envergure de la Conf\u00e9d\u00e9ration Africaine de Football (CAF) version Patrice Motsepe est une sanctio ...","robots":{"index":"index","follow":"follow","max-snippet":"max-snippet:-1","max-image-preview":"max-image-preview:large","max-video-preview":"max-video-preview:-1"},"canonical":"https:\/\/www.africa-press.net\/cameroun\/sports\/cameroun-can-2021-la-confederation-africaine-de-football-disqualifie-le-tchad-des-eliminatoires","og_locale":"fr_FR","og_type":"article","og_title":"Cameroun - CAN 2021: La Conf\u00e9d\u00e9ration Africaine de Football disqualifie le Tchad des \u00e9liminatoires","og_description":"La premi\u00e8re d\u00e9cision d\u2019envergure de la Conf\u00e9d\u00e9ration Africaine de Football (CAF) version Patrice Motsepe est une sanctio ...","og_url":"https:\/\/www.africa-press.net\/cameroun\/sports\/cameroun-can-2021-la-confederation-africaine-de-football-disqualifie-le-tchad-des-eliminatoires","og_site_name":"Cameroun","article_published_time":"2021-03-23T11:25:51+00:00","article_modified_time":"2021-03-24T13:26:11+00:00","og_image":[{"width":800,"height":745,"url":"https:\/\/static.africa-press.net\/cameroun\/sites\/57\/2021\/03\/img-605b3dd60cafb.jpg","type":"image\/jpeg"}],"author":"cfeditorfr","twitter_card":"summary_large_image","twitter_misc":{"\u00c9crit par":"cfeditorfr","Dur\u00e9e de lecture estim\u00e9e":"2 minutes"},"schema":{"@context":"https:\/\/schema.org","@graph":[{"@type":"Article","@id":"https:\/\/www.africa-press.net\/cameroun\/sports\/cameroun-can-2021-la-confederation-africaine-de-football-disqualifie-le-tchad-des-eliminatoires#article","isPartOf":{"@id":"https:\/\/www.africa-press.net\/cameroun\/sports\/cameroun-can-2021-la-confederation-africaine-de-football-disqualifie-le-tchad-des-eliminatoires"},"author":{"name":"cfeditorfr","@id":"https:\/\/www.africa-press.net\/cameroun\/#\/schema\/person\/2b1cf3cd81a31e3cd26889ca66d677f1"},"headline":"Cameroun &#8211; CAN 2021: La Conf\u00e9d\u00e9ration Africaine de Football disqualifie le Tchad des \u00e9liminatoires","datePublished":"2021-03-23T11:25:51+00:00","dateModified":"2021-03-24T13:26:11+00:00","mainEntityOfPage":{"@id":"https:\/\/www.africa-press.net\/cameroun\/sports\/cameroun-can-2021-la-confederation-africaine-de-football-disqualifie-le-tchad-des-eliminatoires"},"wordCount":371,"commentCount":0,"image":{"@id":"https:\/\/www.africa-press.net\/cameroun\/sports\/cameroun-can-2021-la-confederation-africaine-de-football-disqualifie-le-tchad-des-eliminatoires#primaryimage"},"thumbnailUrl":"https:\/\/static.africa-press.net\/cameroun\/sites\/57\/2021\/03\/img-605b3dd60cafb.jpg","keywords":["Africa Press","Africa Press-Cameroun","Cameroun"],"articleSection":["homepage-french","Sports","Toutes les actualit\u00e9s"],"inLanguage":"fr-FR","potentialAction":[{"@type":"CommentAction","name":"Comment","target":["https:\/\/www.africa-press.net\/cameroun\/sports\/cameroun-can-2021-la-confederation-africaine-de-football-disqualifie-le-tchad-des-eliminatoires#respond"]}]},{"@type":"WebPage","@id":"https:\/\/www.africa-press.net\/cameroun\/sports\/cameroun-can-2021-la-confederation-africaine-de-football-disqualifie-le-tchad-des-eliminatoires","url":"https:\/\/www.africa-press.net\/cameroun\/sports\/cameroun-can-2021-la-confederation-africaine-de-football-disqualifie-le-tchad-des-eliminatoires","name":"Cameroun - CAN 2021: La Conf\u00e9d\u00e9ration Africaine de Football disqualifie le Tchad des \u00e9liminatoires - Cameroun","isPartOf":{"@id":"https:\/\/www.africa-press.net\/cameroun\/#website"},"primaryImageOfPage":{"@id":"https:\/\/www.africa-press.net\/cameroun\/sports\/cameroun-can-2021-la-confederation-africaine-de-football-disqualifie-le-tchad-des-eliminatoires#primaryimage"},"image":{"@id":"https:\/\/www.africa-press.net\/cameroun\/sports\/cameroun-can-2021-la-confederation-africaine-de-football-disqualifie-le-tchad-des-eliminatoires#primaryimage"},"thumbnailUrl":"https:\/\/static.africa-press.net\/cameroun\/sites\/57\/2021\/03\/img-605b3dd60cafb.jpg","datePublished":"2021-03-23T11:25:51+00:00","dateModified":"2021-03-24T13:26:11+00:00","author":{"@id":"https:\/\/www.africa-press.net\/cameroun\/#\/schema\/person\/2b1cf3cd81a31e3cd26889ca66d677f1"},"description":"La premi\u00e8re d\u00e9cision d\u2019envergure de la Conf\u00e9d\u00e9ration Africaine de Football (CAF) version Patrice Motsepe est une sanctio ...","breadcrumb":{"@id":"https:\/\/www.africa-press.net\/cameroun\/sports\/cameroun-can-2021-la-confederation-africaine-de-football-disqualifie-le-tchad-des-eliminatoires#breadcrumb"},"inLanguage":"fr-FR","potentialAction":[{"@type":"ReadAction","target":["https:\/\/www.africa-press.net\/cameroun\/sports\/cameroun-can-2021-la-confederation-africaine-de-football-disqualifie-le-tchad-des-eliminatoires"]}]},{"@type":"ImageObject","inLanguage":"fr-FR","@id":"https:\/\/www.africa-press.net\/cameroun\/sports\/cameroun-can-2021-la-confederation-africaine-de-football-disqualifie-le-tchad-des-eliminatoires#primaryimage","url":"https:\/\/static.africa-press.net\/cameroun\/sites\/57\/2021\/03\/img-605b3dd60cafb.jpg","contentUrl":"https:\/\/static.africa-press.net\/cameroun\/sites\/57\/2021\/03\/img-605b3dd60cafb.jpg","width":800,"height":745,"caption":"Cameroun - CAN 2021: La Conf\u00e9d\u00e9ration Africaine de Football disqualifie le Tchad des \u00e9liminatoires"},{"@type":"BreadcrumbList","@id":"https:\/\/www.africa-press.net\/cameroun\/sports\/cameroun-can-2021-la-confederation-africaine-de-football-disqualifie-le-tchad-des-eliminatoires#breadcrumb","itemListElement":[{"@type":"ListItem","position":1,"name":"Accueil","item":"https:\/\/www.africa-press.net\/cameroun\/"},{"@type":"ListItem","position":2,"name":"Cameroun &#8211; CAN 2021: La Conf\u00e9d\u00e9ration Africaine de Football disqualifie le Tchad des \u00e9liminatoires"}]},{"@type":"WebSite","@id":"https:\/\/www.africa-press.net\/cameroun\/#website","url":"https:\/\/www.africa-press.net\/cameroun\/","name":"Cameroun","description":"Just another Africa News Agency Sites site","potentialAction":[{"@type":"SearchAction","target":{"@type":"EntryPoint","urlTemplate":"https:\/\/www.africa-press.net\/cameroun\/?s={search_term_string}"},"query-input":{"@type":"PropertyValueSpecification","valueRequired":true,"valueName":"search_term_string"}}],"inLanguage":"fr-FR"},{"@type":"Person","@id":"https:\/\/www.africa-press.net\/cameroun\/#\/schema\/person\/2b1cf3cd81a31e3cd26889ca66d677f1","name":"cfeditorfr"}]}},"_links":{"self":[{"href":"https:\/\/www.africa-press.net\/cameroun\/wp-json\/wp\/v2\/posts\/1715","targetHints":{"allow":["GET"]}}],"collection":[{"href":"https:\/\/www.africa-press.net\/cameroun\/wp-json\/wp\/v2\/posts"}],"about":[{"href":"https:\/\/www.africa-press.net\/cameroun\/wp-json\/wp\/v2\/types\/post"}],"author":[{"embeddable":true,"href":"https:\/\/www.africa-press.net\/cameroun\/wp-json\/wp\/v2\/users\/82"}],"replies":[{"embeddable":true,"href":"https:\/\/www.africa-press.net\/cameroun\/wp-json\/wp\/v2\/comments?post=1715"}],"version-history":[{"count":0,"href":"https:\/\/www.africa-press.net\/cameroun\/wp-json\/wp\/v2\/posts\/1715\/revisions"}],"wp:featuredmedia":[{"embeddable":true,"href":"https:\/\/www.africa-press.net\/cameroun\/wp-json\/wp\/v2\/media\/1713"}],"wp:attachment":[{"href":"https:\/\/www.africa-press.net\/cameroun\/wp-json\/wp\/v2\/media?parent=1715"}],"wp:term":[{"taxonomy":"category","embeddable":true,"href":"https:\/\/www.africa-press.net\/cameroun\/wp-json\/wp\/v2\/categories?post=1715"},{"taxonomy":"post_tag","embeddable":true,"href":"https:\/\/www.africa-press.net\/cameroun\/wp-json\/wp\/v2\/tags?post=1715"}],"curies":[{"name":"wp","href":"https:\/\/api.w.org\/{rel}","templated":true}]}}