{"id":1724,"date":"2021-03-23T11:52:52","date_gmt":"2021-03-23T11:52:52","guid":{"rendered":"https:\/\/www.africa-press.net\/cameroun\/politique\/cameroun-eliminatoires-can-2021-la-fecafoot-raillee-par-les-medias-francais-suite-a-la-bourde-qui-a-prive-choupo-moting-de-la-treve-internationale"},"modified":"2021-03-24T13:28:05","modified_gmt":"2021-03-24T13:28:05","slug":"cameroun-eliminatoires-can-2021-la-fecafoot-raillee-par-les-medias-francais-suite-a-la-bourde-qui-a-prive-choupo-moting-de-la-treve-internationale","status":"publish","type":"post","link":"https:\/\/www.africa-press.net\/cameroun\/sports\/cameroun-eliminatoires-can-2021-la-fecafoot-raillee-par-les-medias-francais-suite-a-la-bourde-qui-a-prive-choupo-moting-de-la-treve-internationale","title":{"rendered":"Cameroun &#8211; Eliminatoires CAN 2021: La FECAFOOT raill\u00e9e par les m\u00e9dias fran\u00e7ais suite \u00e0 la bourde qui a priv\u00e9 Choupo Moting de la tr\u00eave internationale"},"content":{"rendered":"<p><span style=\"color: #ff6600\"><strong><a href=\"https:\/\/www.africa-press.net\/\">Africa-Press<\/a> &#8211; <a href=\"https:\/\/www.africa-press.net\/cameroun\">Cameroun<\/a>. <\/strong><\/span><b>\u00abChoupo Moting non convoqu\u00e9 en raison d\u2019une erreur de mail\u00bb.<\/b><\/p>\n<p>C\u2019est le titre qu\u2019ont choisi nos confr\u00e8res de RMC Sport pour l\u2019article qu\u2019ils ont consacr\u00e9 \u00e0 la non convocation d\u2019Eric Maxim Choupo Moting en s\u00e9lection nationale dans le cadre des \u00e9liminatoires de la CAN 2021. D\u2019autres magazines fran\u00e7ais de r\u00e9f\u00e9rence tels que Onze Mondial, Goal France, So Foot, Eurosport ont \u00e9galement opt\u00e9 pour la m\u00eame formule, certains y ajoutant m\u00eame une pointe d\u2019ironie et de sarcasme. C\u2019est notamment le cas du magazine Foot 305 qui a titr\u00e9: \u00abQuand la F\u00e9d\u00e9ration Camerounaise s\u2019\u00abemmail\u00bb les pinceaux\u00bb.<\/p>\n<p>Ce d\u00e9ferlement d\u2019articles de presse est \u00e0 la hauteur de l\u2019\u00e9norme bourde qu\u2019a commise la F\u00e9d\u00e9ration Camerounaise de Football. L\u2019instance faiti\u00e8re du football camerounais a reconnu avoir involontairement priv\u00e9 Choupo Moting des deux matchs contre le Cap-Vert et le Rwanda pr\u00e9vus ce Week-end et comptant pour les cinqui\u00e8me et sixi\u00e8me journ\u00e9es des \u00e9liminatoires de la CAN 2021. Pour \u00eatre plus pr\u00e9cis, l\u2019institution s\u2019est tromp\u00e9e de destinataire au moment d\u2019envoyer la convocation \u00e0 l\u2019attaquant du Bayern de Munich.<\/p>\n<p>\u00abLe club (Bayern de Munich) n\u2019a pas re\u00e7u de correspondance. J\u2019ai \u00e9t\u00e9 contact\u00e9 par la FECAFOOT, pour savoir ce qui se passait. J\u2019ai contact\u00e9 le club, et il m\u2019a confirm\u00e9 n\u2019avoir pas re\u00e7u la convocation. Par la suite, ayant suivi les explications du coach dans sa conf\u00e9rence de presse d\u2019hier, je profite de l\u2019occasion pour d\u00e9mentir le fait que Choupo Moting n\u2019a pas r\u00e9pondu \u00e0 la FECAFOOT. Il l\u2019a fait dimanche dernier avant 18h. Avant 18h moi-m\u00eame j\u2019ai essay\u00e9 d\u2019appeler le team manager, monsieur Olembe et j\u2019ai \u00e9galement parl\u00e9 avec Bill Tchato pour leur confirmer que la r\u00e9ponse de Maxime est l\u00e0.<\/p>\n<p><b>Par la suite, j\u2019ai suivi que la FECAFOOT s\u2019est excus\u00e9e aupr\u00e8s du club pour n\u2019avoir pas envoy\u00e9 l\u2019invitation. Il semblerait qu\u2019elle l\u2019ait plut\u00f4t envoy\u00e9 \u00e0 une fausse adresse Email. Pour moi, \u00e7a c\u2019est un manque de professionnalisme. Si Vous envoyez des convocations, il faut envoyer \u00e0 l\u2019adresse qu\u2019il faut. Si \u00e7a n\u2019arrive pas, je ne vois pas pourquoi c\u2019est la faute du club, ni celle de Maxime\u00bb,<\/b><\/p>\n<p>a d\u00e9clar\u00e9 Camille Just Choupo Moting, le p\u00e8re de Choupo Moting, lors d\u2019une interview accord\u00e9e \u00e0 Naja Tv.<\/p>\n","protected":false},"excerpt":{"rendered":"<p>Africa-Press &#8211; Cameroun. \u00abChoupo Moting non convoqu\u00e9 en raison d\u2019une erreur de mail\u00bb. C\u2019est le titre qu\u2019ont choisi nos confr\u00e8res de RMC Sport pour l\u2019article qu\u2019ils ont consacr\u00e9 \u00e0 la non convocation d\u2019Eric Maxim Choupo Moting en s\u00e9lection nationale dans le cadre des \u00e9liminatoires de la CAN 2021. D\u2019autres magazines fran\u00e7ais de r\u00e9f\u00e9rence tels que [&hellip;]<\/p>\n","protected":false},"author":82,"featured_media":1723,"comment_status":"open","ping_status":"closed","sticky":false,"template":"","format":"standard","meta":{"footnotes":""},"categories":[11,6,10],"tags":[36,50,49],"class_list":["post-1724","post","type-post","status-publish","format-standard","has-post-thumbnail","hentry","category-homepage-french","category-sports","category-toutes-les-actualites","tag-africa-press","tag-africa-press-cameroun","tag-cameroun"],"yoast_head":"<!-- This site is optimized with the Yoast SEO Premium plugin v26.1 (Yoast SEO v27.0) - https:\/\/yoast.com\/product\/yoast-seo-premium-wordpress\/ -->\n<title>Cameroun - Eliminatoires CAN 2021: La FECAFOOT raill\u00e9e par les m\u00e9dias fran\u00e7ais suite \u00e0 la bourde qui a priv\u00e9 Choupo Moting de la tr\u00eave internationale - Cameroun<\/title>\n<meta name=\"description\" content=\"\u00abChoupo Moting non convoqu\u00e9 en raison d\u2019une erreur de mail\u00bb. C\u2019est le titre qu\u2019ont choisi nos confr\u00e8res de RMC S ...\" \/>\n<meta name=\"robots\" content=\"index, follow, max-snippet:-1, max-image-preview:large, max-video-preview:-1\" \/>\n<link rel=\"canonical\" href=\"https:\/\/www.africa-press.net\/cameroun\/sports\/cameroun-eliminatoires-can-2021-la-fecafoot-raillee-par-les-medias-francais-suite-a-la-bourde-qui-a-prive-choupo-moting-de-la-treve-internationale\" \/>\n<meta property=\"og:locale\" content=\"fr_FR\" \/>\n<meta property=\"og:type\" content=\"article\" \/>\n<meta property=\"og:title\" content=\"Cameroun - Eliminatoires CAN 2021: La FECAFOOT raill\u00e9e par les m\u00e9dias fran\u00e7ais suite \u00e0 la bourde qui a priv\u00e9 Choupo Moting de la tr\u00eave internationale\" \/>\n<meta property=\"og:description\" content=\"\u00abChoupo Moting non convoqu\u00e9 en raison d\u2019une erreur de mail\u00bb. C\u2019est le titre qu\u2019ont choisi nos confr\u00e8res de RMC S ...\" \/>\n<meta property=\"og:url\" content=\"https:\/\/www.africa-press.net\/cameroun\/sports\/cameroun-eliminatoires-can-2021-la-fecafoot-raillee-par-les-medias-francais-suite-a-la-bourde-qui-a-prive-choupo-moting-de-la-treve-internationale\" \/>\n<meta property=\"og:site_name\" content=\"Cameroun\" \/>\n<meta property=\"article:published_time\" content=\"2021-03-23T11:52:52+00:00\" \/>\n<meta property=\"article:modified_time\" content=\"2021-03-24T13:28:05+00:00\" \/>\n<meta property=\"og:image\" content=\"https:\/\/static.africa-press.net\/cameroun\/sites\/57\/2021\/03\/img-605b3e4e397d1.jpg\" \/>\n\t<meta property=\"og:image:width\" content=\"800\" \/>\n\t<meta property=\"og:image:height\" content=\"495\" \/>\n\t<meta property=\"og:image:type\" content=\"image\/jpeg\" \/>\n<meta name=\"author\" content=\"cfeditorfr\" \/>\n<meta name=\"twitter:card\" content=\"summary_large_image\" \/>\n<meta name=\"twitter:label1\" content=\"\u00c9crit par\" \/>\n\t<meta name=\"twitter:data1\" content=\"cfeditorfr\" \/>\n\t<meta name=\"twitter:label2\" content=\"Dur\u00e9e de lecture estim\u00e9e\" \/>\n\t<meta name=\"twitter:data2\" content=\"2 minutes\" \/>\n<script type=\"application\/ld+json\" class=\"yoast-schema-graph\">{\"@context\":\"https:\/\/schema.org\",\"@graph\":[{\"@type\":\"Article\",\"@id\":\"https:\/\/www.africa-press.net\/cameroun\/sports\/cameroun-eliminatoires-can-2021-la-fecafoot-raillee-par-les-medias-francais-suite-a-la-bourde-qui-a-prive-choupo-moting-de-la-treve-internationale#article\",\"isPartOf\":{\"@id\":\"https:\/\/www.africa-press.net\/cameroun\/sports\/cameroun-eliminatoires-can-2021-la-fecafoot-raillee-par-les-medias-francais-suite-a-la-bourde-qui-a-prive-choupo-moting-de-la-treve-internationale\"},\"author\":{\"name\":\"cfeditorfr\",\"@id\":\"https:\/\/www.africa-press.net\/cameroun\/#\/schema\/person\/2b1cf3cd81a31e3cd26889ca66d677f1\"},\"headline\":\"Cameroun &#8211; Eliminatoires CAN 2021: La FECAFOOT raill\u00e9e par les m\u00e9dias fran\u00e7ais suite \u00e0 la bourde qui a priv\u00e9 Choupo Moting de la tr\u00eave internationale\",\"datePublished\":\"2021-03-23T11:52:52+00:00\",\"dateModified\":\"2021-03-24T13:28:05+00:00\",\"mainEntityOfPage\":{\"@id\":\"https:\/\/www.africa-press.net\/cameroun\/sports\/cameroun-eliminatoires-can-2021-la-fecafoot-raillee-par-les-medias-francais-suite-a-la-bourde-qui-a-prive-choupo-moting-de-la-treve-internationale\"},\"wordCount\":452,\"commentCount\":0,\"image\":{\"@id\":\"https:\/\/www.africa-press.net\/cameroun\/sports\/cameroun-eliminatoires-can-2021-la-fecafoot-raillee-par-les-medias-francais-suite-a-la-bourde-qui-a-prive-choupo-moting-de-la-treve-internationale#primaryimage\"},\"thumbnailUrl\":\"https:\/\/static.africa-press.net\/cameroun\/sites\/57\/2021\/03\/img-605b3e4e397d1.jpg\",\"keywords\":[\"Africa Press\",\"Africa Press-Cameroun\",\"Cameroun\"],\"articleSection\":[\"homepage-french\",\"Sports\",\"Toutes les actualit\u00e9s\"],\"inLanguage\":\"fr-FR\",\"potentialAction\":[{\"@type\":\"CommentAction\",\"name\":\"Comment\",\"target\":[\"https:\/\/www.africa-press.net\/cameroun\/sports\/cameroun-eliminatoires-can-2021-la-fecafoot-raillee-par-les-medias-francais-suite-a-la-bourde-qui-a-prive-choupo-moting-de-la-treve-internationale#respond\"]}]},{\"@type\":\"WebPage\",\"@id\":\"https:\/\/www.africa-press.net\/cameroun\/sports\/cameroun-eliminatoires-can-2021-la-fecafoot-raillee-par-les-medias-francais-suite-a-la-bourde-qui-a-prive-choupo-moting-de-la-treve-internationale\",\"url\":\"https:\/\/www.africa-press.net\/cameroun\/sports\/cameroun-eliminatoires-can-2021-la-fecafoot-raillee-par-les-medias-francais-suite-a-la-bourde-qui-a-prive-choupo-moting-de-la-treve-internationale\",\"name\":\"Cameroun - Eliminatoires CAN 2021: La FECAFOOT raill\u00e9e par les m\u00e9dias fran\u00e7ais suite \u00e0 la bourde qui a priv\u00e9 Choupo Moting de la tr\u00eave internationale - Cameroun\",\"isPartOf\":{\"@id\":\"https:\/\/www.africa-press.net\/cameroun\/#website\"},\"primaryImageOfPage\":{\"@id\":\"https:\/\/www.africa-press.net\/cameroun\/sports\/cameroun-eliminatoires-can-2021-la-fecafoot-raillee-par-les-medias-francais-suite-a-la-bourde-qui-a-prive-choupo-moting-de-la-treve-internationale#primaryimage\"},\"image\":{\"@id\":\"https:\/\/www.africa-press.net\/cameroun\/sports\/cameroun-eliminatoires-can-2021-la-fecafoot-raillee-par-les-medias-francais-suite-a-la-bourde-qui-a-prive-choupo-moting-de-la-treve-internationale#primaryimage\"},\"thumbnailUrl\":\"https:\/\/static.africa-press.net\/cameroun\/sites\/57\/2021\/03\/img-605b3e4e397d1.jpg\",\"datePublished\":\"2021-03-23T11:52:52+00:00\",\"dateModified\":\"2021-03-24T13:28:05+00:00\",\"author\":{\"@id\":\"https:\/\/www.africa-press.net\/cameroun\/#\/schema\/person\/2b1cf3cd81a31e3cd26889ca66d677f1\"},\"description\":\"\u00abChoupo Moting non convoqu\u00e9 en raison d\u2019une erreur de mail\u00bb. C\u2019est le titre qu\u2019ont choisi nos confr\u00e8res de RMC S ...\",\"breadcrumb\":{\"@id\":\"https:\/\/www.africa-press.net\/cameroun\/sports\/cameroun-eliminatoires-can-2021-la-fecafoot-raillee-par-les-medias-francais-suite-a-la-bourde-qui-a-prive-choupo-moting-de-la-treve-internationale#breadcrumb\"},\"inLanguage\":\"fr-FR\",\"potentialAction\":[{\"@type\":\"ReadAction\",\"target\":[\"https:\/\/www.africa-press.net\/cameroun\/sports\/cameroun-eliminatoires-can-2021-la-fecafoot-raillee-par-les-medias-francais-suite-a-la-bourde-qui-a-prive-choupo-moting-de-la-treve-internationale\"]}]},{\"@type\":\"ImageObject\",\"inLanguage\":\"fr-FR\",\"@id\":\"https:\/\/www.africa-press.net\/cameroun\/sports\/cameroun-eliminatoires-can-2021-la-fecafoot-raillee-par-les-medias-francais-suite-a-la-bourde-qui-a-prive-choupo-moting-de-la-treve-internationale#primaryimage\",\"url\":\"https:\/\/static.africa-press.net\/cameroun\/sites\/57\/2021\/03\/img-605b3e4e397d1.jpg\",\"contentUrl\":\"https:\/\/static.africa-press.net\/cameroun\/sites\/57\/2021\/03\/img-605b3e4e397d1.jpg\",\"width\":800,\"height\":495,\"caption\":\"Cameroun - Eliminatoires CAN 2021: La FECAFOOT raill\u00e9e par les m\u00e9dias fran\u00e7ais suite \u00e0 la bourde qui a priv\u00e9 Choupo Moting de la tr\u00eave internationale\"},{\"@type\":\"BreadcrumbList\",\"@id\":\"https:\/\/www.africa-press.net\/cameroun\/sports\/cameroun-eliminatoires-can-2021-la-fecafoot-raillee-par-les-medias-francais-suite-a-la-bourde-qui-a-prive-choupo-moting-de-la-treve-internationale#breadcrumb\",\"itemListElement\":[{\"@type\":\"ListItem\",\"position\":1,\"name\":\"Accueil\",\"item\":\"https:\/\/www.africa-press.net\/cameroun\/\"},{\"@type\":\"ListItem\",\"position\":2,\"name\":\"Cameroun &#8211; Eliminatoires CAN 2021: La FECAFOOT raill\u00e9e par les m\u00e9dias fran\u00e7ais suite \u00e0 la bourde qui a priv\u00e9 Choupo Moting de la tr\u00eave internationale\"}]},{\"@type\":\"WebSite\",\"@id\":\"https:\/\/www.africa-press.net\/cameroun\/#website\",\"url\":\"https:\/\/www.africa-press.net\/cameroun\/\",\"name\":\"Cameroun\",\"description\":\"Just another Africa News Agency Sites site\",\"potentialAction\":[{\"@type\":\"SearchAction\",\"target\":{\"@type\":\"EntryPoint\",\"urlTemplate\":\"https:\/\/www.africa-press.net\/cameroun\/?s={search_term_string}\"},\"query-input\":{\"@type\":\"PropertyValueSpecification\",\"valueRequired\":true,\"valueName\":\"search_term_string\"}}],\"inLanguage\":\"fr-FR\"},{\"@type\":\"Person\",\"@id\":\"https:\/\/www.africa-press.net\/cameroun\/#\/schema\/person\/2b1cf3cd81a31e3cd26889ca66d677f1\",\"name\":\"cfeditorfr\"}]}<\/script>\n<!-- \/ Yoast SEO Premium plugin. -->","yoast_head_json":{"title":"Cameroun - Eliminatoires CAN 2021: La FECAFOOT raill\u00e9e par les m\u00e9dias fran\u00e7ais suite \u00e0 la bourde qui a priv\u00e9 Choupo Moting de la tr\u00eave internationale - Cameroun","description":"\u00abChoupo Moting non convoqu\u00e9 en raison d\u2019une erreur de mail\u00bb. C\u2019est le titre qu\u2019ont choisi nos confr\u00e8res de RMC S ...","robots":{"index":"index","follow":"follow","max-snippet":"max-snippet:-1","max-image-preview":"max-image-preview:large","max-video-preview":"max-video-preview:-1"},"canonical":"https:\/\/www.africa-press.net\/cameroun\/sports\/cameroun-eliminatoires-can-2021-la-fecafoot-raillee-par-les-medias-francais-suite-a-la-bourde-qui-a-prive-choupo-moting-de-la-treve-internationale","og_locale":"fr_FR","og_type":"article","og_title":"Cameroun - Eliminatoires CAN 2021: La FECAFOOT raill\u00e9e par les m\u00e9dias fran\u00e7ais suite \u00e0 la bourde qui a priv\u00e9 Choupo Moting de la tr\u00eave internationale","og_description":"\u00abChoupo Moting non convoqu\u00e9 en raison d\u2019une erreur de mail\u00bb. C\u2019est le titre qu\u2019ont choisi nos confr\u00e8res de RMC S ...","og_url":"https:\/\/www.africa-press.net\/cameroun\/sports\/cameroun-eliminatoires-can-2021-la-fecafoot-raillee-par-les-medias-francais-suite-a-la-bourde-qui-a-prive-choupo-moting-de-la-treve-internationale","og_site_name":"Cameroun","article_published_time":"2021-03-23T11:52:52+00:00","article_modified_time":"2021-03-24T13:28:05+00:00","og_image":[{"width":800,"height":495,"url":"https:\/\/static.africa-press.net\/cameroun\/sites\/57\/2021\/03\/img-605b3e4e397d1.jpg","type":"image\/jpeg"}],"author":"cfeditorfr","twitter_card":"summary_large_image","twitter_misc":{"\u00c9crit par":"cfeditorfr","Dur\u00e9e de lecture estim\u00e9e":"2 minutes"},"schema":{"@context":"https:\/\/schema.org","@graph":[{"@type":"Article","@id":"https:\/\/www.africa-press.net\/cameroun\/sports\/cameroun-eliminatoires-can-2021-la-fecafoot-raillee-par-les-medias-francais-suite-a-la-bourde-qui-a-prive-choupo-moting-de-la-treve-internationale#article","isPartOf":{"@id":"https:\/\/www.africa-press.net\/cameroun\/sports\/cameroun-eliminatoires-can-2021-la-fecafoot-raillee-par-les-medias-francais-suite-a-la-bourde-qui-a-prive-choupo-moting-de-la-treve-internationale"},"author":{"name":"cfeditorfr","@id":"https:\/\/www.africa-press.net\/cameroun\/#\/schema\/person\/2b1cf3cd81a31e3cd26889ca66d677f1"},"headline":"Cameroun &#8211; Eliminatoires CAN 2021: La FECAFOOT raill\u00e9e par les m\u00e9dias fran\u00e7ais suite \u00e0 la bourde qui a priv\u00e9 Choupo Moting de la tr\u00eave internationale","datePublished":"2021-03-23T11:52:52+00:00","dateModified":"2021-03-24T13:28:05+00:00","mainEntityOfPage":{"@id":"https:\/\/www.africa-press.net\/cameroun\/sports\/cameroun-eliminatoires-can-2021-la-fecafoot-raillee-par-les-medias-francais-suite-a-la-bourde-qui-a-prive-choupo-moting-de-la-treve-internationale"},"wordCount":452,"commentCount":0,"image":{"@id":"https:\/\/www.africa-press.net\/cameroun\/sports\/cameroun-eliminatoires-can-2021-la-fecafoot-raillee-par-les-medias-francais-suite-a-la-bourde-qui-a-prive-choupo-moting-de-la-treve-internationale#primaryimage"},"thumbnailUrl":"https:\/\/static.africa-press.net\/cameroun\/sites\/57\/2021\/03\/img-605b3e4e397d1.jpg","keywords":["Africa Press","Africa Press-Cameroun","Cameroun"],"articleSection":["homepage-french","Sports","Toutes les actualit\u00e9s"],"inLanguage":"fr-FR","potentialAction":[{"@type":"CommentAction","name":"Comment","target":["https:\/\/www.africa-press.net\/cameroun\/sports\/cameroun-eliminatoires-can-2021-la-fecafoot-raillee-par-les-medias-francais-suite-a-la-bourde-qui-a-prive-choupo-moting-de-la-treve-internationale#respond"]}]},{"@type":"WebPage","@id":"https:\/\/www.africa-press.net\/cameroun\/sports\/cameroun-eliminatoires-can-2021-la-fecafoot-raillee-par-les-medias-francais-suite-a-la-bourde-qui-a-prive-choupo-moting-de-la-treve-internationale","url":"https:\/\/www.africa-press.net\/cameroun\/sports\/cameroun-eliminatoires-can-2021-la-fecafoot-raillee-par-les-medias-francais-suite-a-la-bourde-qui-a-prive-choupo-moting-de-la-treve-internationale","name":"Cameroun - Eliminatoires CAN 2021: La FECAFOOT raill\u00e9e par les m\u00e9dias fran\u00e7ais suite \u00e0 la bourde qui a priv\u00e9 Choupo Moting de la tr\u00eave internationale - Cameroun","isPartOf":{"@id":"https:\/\/www.africa-press.net\/cameroun\/#website"},"primaryImageOfPage":{"@id":"https:\/\/www.africa-press.net\/cameroun\/sports\/cameroun-eliminatoires-can-2021-la-fecafoot-raillee-par-les-medias-francais-suite-a-la-bourde-qui-a-prive-choupo-moting-de-la-treve-internationale#primaryimage"},"image":{"@id":"https:\/\/www.africa-press.net\/cameroun\/sports\/cameroun-eliminatoires-can-2021-la-fecafoot-raillee-par-les-medias-francais-suite-a-la-bourde-qui-a-prive-choupo-moting-de-la-treve-internationale#primaryimage"},"thumbnailUrl":"https:\/\/static.africa-press.net\/cameroun\/sites\/57\/2021\/03\/img-605b3e4e397d1.jpg","datePublished":"2021-03-23T11:52:52+00:00","dateModified":"2021-03-24T13:28:05+00:00","author":{"@id":"https:\/\/www.africa-press.net\/cameroun\/#\/schema\/person\/2b1cf3cd81a31e3cd26889ca66d677f1"},"description":"\u00abChoupo Moting non convoqu\u00e9 en raison d\u2019une erreur de mail\u00bb. C\u2019est le titre qu\u2019ont choisi nos confr\u00e8res de RMC S ...","breadcrumb":{"@id":"https:\/\/www.africa-press.net\/cameroun\/sports\/cameroun-eliminatoires-can-2021-la-fecafoot-raillee-par-les-medias-francais-suite-a-la-bourde-qui-a-prive-choupo-moting-de-la-treve-internationale#breadcrumb"},"inLanguage":"fr-FR","potentialAction":[{"@type":"ReadAction","target":["https:\/\/www.africa-press.net\/cameroun\/sports\/cameroun-eliminatoires-can-2021-la-fecafoot-raillee-par-les-medias-francais-suite-a-la-bourde-qui-a-prive-choupo-moting-de-la-treve-internationale"]}]},{"@type":"ImageObject","inLanguage":"fr-FR","@id":"https:\/\/www.africa-press.net\/cameroun\/sports\/cameroun-eliminatoires-can-2021-la-fecafoot-raillee-par-les-medias-francais-suite-a-la-bourde-qui-a-prive-choupo-moting-de-la-treve-internationale#primaryimage","url":"https:\/\/static.africa-press.net\/cameroun\/sites\/57\/2021\/03\/img-605b3e4e397d1.jpg","contentUrl":"https:\/\/static.africa-press.net\/cameroun\/sites\/57\/2021\/03\/img-605b3e4e397d1.jpg","width":800,"height":495,"caption":"Cameroun - Eliminatoires CAN 2021: La FECAFOOT raill\u00e9e par les m\u00e9dias fran\u00e7ais suite \u00e0 la bourde qui a priv\u00e9 Choupo Moting de la tr\u00eave internationale"},{"@type":"BreadcrumbList","@id":"https:\/\/www.africa-press.net\/cameroun\/sports\/cameroun-eliminatoires-can-2021-la-fecafoot-raillee-par-les-medias-francais-suite-a-la-bourde-qui-a-prive-choupo-moting-de-la-treve-internationale#breadcrumb","itemListElement":[{"@type":"ListItem","position":1,"name":"Accueil","item":"https:\/\/www.africa-press.net\/cameroun\/"},{"@type":"ListItem","position":2,"name":"Cameroun &#8211; Eliminatoires CAN 2021: La FECAFOOT raill\u00e9e par les m\u00e9dias fran\u00e7ais suite \u00e0 la bourde qui a priv\u00e9 Choupo Moting de la tr\u00eave internationale"}]},{"@type":"WebSite","@id":"https:\/\/www.africa-press.net\/cameroun\/#website","url":"https:\/\/www.africa-press.net\/cameroun\/","name":"Cameroun","description":"Just another Africa News Agency Sites site","potentialAction":[{"@type":"SearchAction","target":{"@type":"EntryPoint","urlTemplate":"https:\/\/www.africa-press.net\/cameroun\/?s={search_term_string}"},"query-input":{"@type":"PropertyValueSpecification","valueRequired":true,"valueName":"search_term_string"}}],"inLanguage":"fr-FR"},{"@type":"Person","@id":"https:\/\/www.africa-press.net\/cameroun\/#\/schema\/person\/2b1cf3cd81a31e3cd26889ca66d677f1","name":"cfeditorfr"}]}},"_links":{"self":[{"href":"https:\/\/www.africa-press.net\/cameroun\/wp-json\/wp\/v2\/posts\/1724","targetHints":{"allow":["GET"]}}],"collection":[{"href":"https:\/\/www.africa-press.net\/cameroun\/wp-json\/wp\/v2\/posts"}],"about":[{"href":"https:\/\/www.africa-press.net\/cameroun\/wp-json\/wp\/v2\/types\/post"}],"author":[{"embeddable":true,"href":"https:\/\/www.africa-press.net\/cameroun\/wp-json\/wp\/v2\/users\/82"}],"replies":[{"embeddable":true,"href":"https:\/\/www.africa-press.net\/cameroun\/wp-json\/wp\/v2\/comments?post=1724"}],"version-history":[{"count":0,"href":"https:\/\/www.africa-press.net\/cameroun\/wp-json\/wp\/v2\/posts\/1724\/revisions"}],"wp:featuredmedia":[{"embeddable":true,"href":"https:\/\/www.africa-press.net\/cameroun\/wp-json\/wp\/v2\/media\/1723"}],"wp:attachment":[{"href":"https:\/\/www.africa-press.net\/cameroun\/wp-json\/wp\/v2\/media?parent=1724"}],"wp:term":[{"taxonomy":"category","embeddable":true,"href":"https:\/\/www.africa-press.net\/cameroun\/wp-json\/wp\/v2\/categories?post=1724"},{"taxonomy":"post_tag","embeddable":true,"href":"https:\/\/www.africa-press.net\/cameroun\/wp-json\/wp\/v2\/tags?post=1724"}],"curies":[{"name":"wp","href":"https:\/\/api.w.org\/{rel}","templated":true}]}}