{"id":1727,"date":"2021-03-23T12:00:30","date_gmt":"2021-03-23T12:00:30","guid":{"rendered":"https:\/\/www.africa-press.net\/cameroun\/politique\/cameroun-football-la-fifa-va-trancher-definitivement-le-25-mars-2021-au-sujet-des-arrieres-de-sven-vandenbroeck-lex-adjoint-dhugo-broos-qui-reclame-encore-plus-de-13-millions-de"},"modified":"2021-03-24T13:28:43","modified_gmt":"2021-03-24T13:28:43","slug":"cameroun-football-la-fifa-va-trancher-definitivement-le-25-mars-2021-au-sujet-des-arrieres-de-sven-vandenbroeck-lex-adjoint-dhugo-broos-qui-reclame-encore-plus-de-13-millions-de","status":"publish","type":"post","link":"https:\/\/www.africa-press.net\/cameroun\/sports\/cameroun-football-la-fifa-va-trancher-definitivement-le-25-mars-2021-au-sujet-des-arrieres-de-sven-vandenbroeck-lex-adjoint-dhugo-broos-qui-reclame-encore-plus-de-13-millions-de","title":{"rendered":"Cameroun &#8211; Football: La FIFA va trancher d\u00e9finitivement le 25 mars 2021 au sujet des arri\u00e9r\u00e9s de Sven Vandenbroeck, l\u2019ex-adjoint d\u2019Hugo Broos, qui r\u00e9clame encore plus de 13 millions de FCFA au Cameroun"},"content":{"rendered":"<p><span style=\"color: #ff6600\"><strong><a href=\"https:\/\/www.africa-press.net\/\">Africa-Press<\/a> &#8211; <a href=\"https:\/\/www.africa-press.net\/cameroun\">Cameroun<\/a>. <\/strong><\/span>Le Cameroun demeure toujours insolvable \u00e0 l\u2019\u00e9gard de Sven Vandenbroeck, l\u2019ex-adjoint Hugo Broos, s\u00e9lectionneur du Cameroun entre 2015 et 2017. Le technicien belge, actuel entraineur de l\u2019AS FAR, une \u00e9quipe de premi\u00e8re division au Maroc, est encore en attente de paiement d\u2019un reliquat d\u00fb \u00e0 ses arri\u00e9r\u00e9s en tant qu\u2019entraineur second des Lions durant son passage au Cameroun. Ledit reliquat s\u2019\u00e9l\u00e8ve \u00e0 plus de 13 millions de FCFA, et le deadline de 60 jours donn\u00e9 \u00e0 la F\u00e9d\u00e9ration Camerounaise de Football (FECAFOOT) \u00e0 compter du 3 d\u00e9cembre 2020 pour \u00e9ponger cette dette a d\u00e9j\u00e0 expir\u00e9.<\/p>\n<p>La Commission de discipline de la F\u00e9d\u00e9ration Internationale de Football Association (FIFA) va de nouveau se prononcer sur cette affaire le jeudi 25 mars 2021, apr\u00e8s moult avertissements \u00e0 la FECAFOOT. Elle devra d\u00e9finitivement trancher sur le cas Sven Vandenbroeck, apr\u00e8s avoir \u00e9tabli que la partie camerounaise n\u2019a pas \u00e9t\u00e9 en mesure de tenir ses engagements.<\/p>\n<p><b>Gen\u00e8se de l\u2019affaire<\/b><\/p>\n<p>Au lendemain d\u2019une participation des plus d\u00e9sastreuses \u00e0 la Coupe des conf\u00e9d\u00e9rations 2017 en Russie (deux d\u00e9faites et un nul), le tandem Broos- Vandenbroeck, n\u2019est pas reconduit par le comit\u00e9 de normalisation de la FECAFOOT alors dirig\u00e9 par Me Dieudonn\u00e9 Happi. Hugo Broos crie \u00e0 une rupture abusive de contrat, pr\u00e9textant que le ministre des Sports de l\u2019\u00e9poque, Pierre Isma\u00ebl Bidoung Mpkatt, leur avait d\u00e9j\u00e0 garanti une prolongation sur le banc de touche camerounais.<\/p>\n<p>Il saisit la FIFA d\u2019une plainte le 21 d\u00e9cembre 2017, dans laquelle il exige du Cameroun le paiement d\u2019un peu plus d\u2019un milliard de FCFA, repr\u00e9sentant \u00e0 la fois leurs arri\u00e9r\u00e9s de salaire, outre des dommages et int\u00e9r\u00eats. La FIFA commence \u00e0 statuer sur cette affaire le 2 octobre 2018, et au bout de quinze mois, elle rend une d\u00e9cision pour laquelle les pr\u00e9tentions de Hugo Broos et son adjoint sont consid\u00e9rablement revues \u00e0 la baisse. Le 28 janvier 2020, l\u2019instance rejette l\u2019argument de la rupture abusive de contrat, mais enjoint la FECAFOOT de r\u00e9gler leurs arri\u00e9r\u00e9s aux deux techniciens, major\u00e9s de 5% d\u2019int\u00e9r\u00eat par mois, avant le 28 f\u00e9vrier 2020.<\/p>\n<p><b>Proc\u00e9dure inextricable<\/b><\/p>\n<p>Au 11 mai 2020, les paiements ne sont toujours pas effectu\u00e9s dans les comptes des deux entraineurs. La FIFA fixe de nouveau un d\u00e9lai de 30 jours au Cameroun pour s\u2019ex\u00e9cuter. Le 15 juin 2020, le ministre des Finances Louis Paul Motaze autorise le mandement de 33,6 millions de FCFA en faveur de Sven Vandenbroeck, et de 114 millions FCFA pour Hugo Broos.<\/p>\n<p>Le 18 juin, la totalit\u00e9 des 147,8 millions FCFA est transf\u00e9r\u00e9e dans le compte de Broos, qui doit proc\u00e9der au partage. Mais son adjoint ne veut pas que ses \u00e9moluments transitent par un autre compte. L\u2019ex-s\u00e9lectionneur des Lions retourne la quote-part de Sven Vandenbroeck dans les comptes de la FECAFOOT. Le temps passe, les int\u00e9r\u00eats sont compt\u00e9s, et l\u2019ardoise s\u2019\u00e9l\u00e8ve d\u00e9sormais \u00e0 pr\u00e8s de 65 000 euros, soit environ 43 millions de FCFA au 12 novembre 2020. Une partie lui est r\u00e9gl\u00e9e, soit 44.631 euros, correspondant \u00e0 29,2 millions de FCFA. Il reste un reliquat de 20.353 euros, soit plus de 13 millions de F CFA major\u00e9s d\u2019int\u00e9r\u00eats de 5% \u00e0 compter du 2 octobre 2018 et des p\u00e9nalit\u00e9s \u00e0 lui reverser. Ce qui aurait d\u00fb \u00eatre fait depuis le 3 f\u00e9vrier 2021.<\/p>\n<p>Du c\u00f4t\u00e9 de la FECAFOOT, l\u2019on a toujours clam\u00e9 pour s\u2019en d\u00e9douaner que la gestion des entraineurs des Lions Indomptables est un volet qui incombe exclusivement au gouvernement \u00e0 travers le minist\u00e8re des Sports. Par ricochet, il revient \u00e0 l\u2019Etat de solder ce passif. Il n\u2019est pas superflu de subodorer sur d\u2019\u00e9ventuelles sanctions sportives auxquelles le Cameroun s\u2019expose dans cette affaire sur laquelle va d\u00e9finitivement trancher la commission de discipline de la FIFA le 25 mars prochain. La sanction la plus probable \u00e9tant le retrait des points aux Lions Indomptables engag\u00e9s dans les \u00e9liminatoires de la Coupe du monde \u00abQatar 2022\u00bb.<\/p>\n","protected":false},"excerpt":{"rendered":"<p>Africa-Press &#8211; Cameroun. Le Cameroun demeure toujours insolvable \u00e0 l\u2019\u00e9gard de Sven Vandenbroeck, l\u2019ex-adjoint Hugo Broos, s\u00e9lectionneur du Cameroun entre 2015 et 2017. Le technicien belge, actuel entraineur de l\u2019AS FAR, une \u00e9quipe de premi\u00e8re division au Maroc, est encore en attente de paiement d\u2019un reliquat d\u00fb \u00e0 ses arri\u00e9r\u00e9s en tant qu\u2019entraineur second des [&hellip;]<\/p>\n","protected":false},"author":82,"featured_media":1726,"comment_status":"open","ping_status":"closed","sticky":false,"template":"","format":"standard","meta":{"footnotes":""},"categories":[11,6,10],"tags":[36,50,49],"class_list":["post-1727","post","type-post","status-publish","format-standard","has-post-thumbnail","hentry","category-homepage-french","category-sports","category-toutes-les-actualites","tag-africa-press","tag-africa-press-cameroun","tag-cameroun"],"yoast_head":"<!-- This site is optimized with the Yoast SEO Premium plugin v26.1 (Yoast SEO v27.0) - https:\/\/yoast.com\/product\/yoast-seo-premium-wordpress\/ -->\n<title>Cameroun - Football: La FIFA va trancher d\u00e9finitivement le 25 mars 2021 au sujet des arri\u00e9r\u00e9s de Sven Vandenbroeck, l\u2019ex-adjoint d\u2019Hugo Broos, qui r\u00e9clame encore plus de 13 millions de FCFA au Cameroun - Cameroun<\/title>\n<meta name=\"description\" content=\"Le Cameroun demeure toujours insolvable \u00e0 l\u2019\u00e9gard de Sven Vandenbroeck, l\u2019ex-adjoint Hugo Broos, s\u00e9lectionneur du Camero ...\" \/>\n<meta name=\"robots\" content=\"index, follow, max-snippet:-1, max-image-preview:large, max-video-preview:-1\" \/>\n<link rel=\"canonical\" href=\"https:\/\/www.africa-press.net\/cameroun\/sports\/cameroun-football-la-fifa-va-trancher-definitivement-le-25-mars-2021-au-sujet-des-arrieres-de-sven-vandenbroeck-lex-adjoint-dhugo-broos-qui-reclame-encore-plus-de-13-millions-de\" \/>\n<meta property=\"og:locale\" content=\"fr_FR\" \/>\n<meta property=\"og:type\" content=\"article\" \/>\n<meta property=\"og:title\" content=\"Cameroun - Football: La FIFA va trancher d\u00e9finitivement le 25 mars 2021 au sujet des arri\u00e9r\u00e9s de Sven Vandenbroeck, l\u2019ex-adjoint d\u2019Hugo Broos, qui r\u00e9clame encore plus de 13 millions de FCFA au Cameroun\" \/>\n<meta property=\"og:description\" content=\"Le Cameroun demeure toujours insolvable \u00e0 l\u2019\u00e9gard de Sven Vandenbroeck, l\u2019ex-adjoint Hugo Broos, s\u00e9lectionneur du Camero ...\" \/>\n<meta property=\"og:url\" content=\"https:\/\/www.africa-press.net\/cameroun\/sports\/cameroun-football-la-fifa-va-trancher-definitivement-le-25-mars-2021-au-sujet-des-arrieres-de-sven-vandenbroeck-lex-adjoint-dhugo-broos-qui-reclame-encore-plus-de-13-millions-de\" \/>\n<meta property=\"og:site_name\" content=\"Cameroun\" \/>\n<meta property=\"article:published_time\" content=\"2021-03-23T12:00:30+00:00\" \/>\n<meta property=\"article:modified_time\" content=\"2021-03-24T13:28:43+00:00\" \/>\n<meta property=\"og:image\" content=\"https:\/\/static.africa-press.net\/cameroun\/sites\/57\/2021\/03\/img-605b3e73ee3a9.jpg\" \/>\n\t<meta property=\"og:image:width\" content=\"800\" \/>\n\t<meta property=\"og:image:height\" content=\"449\" \/>\n\t<meta property=\"og:image:type\" content=\"image\/jpeg\" \/>\n<meta name=\"author\" content=\"cfeditorfr\" \/>\n<meta name=\"twitter:card\" content=\"summary_large_image\" \/>\n<meta name=\"twitter:label1\" content=\"\u00c9crit par\" \/>\n\t<meta name=\"twitter:data1\" content=\"cfeditorfr\" \/>\n\t<meta name=\"twitter:label2\" content=\"Dur\u00e9e de lecture estim\u00e9e\" \/>\n\t<meta name=\"twitter:data2\" content=\"3 minutes\" \/>\n<script type=\"application\/ld+json\" class=\"yoast-schema-graph\">{\"@context\":\"https:\/\/schema.org\",\"@graph\":[{\"@type\":\"Article\",\"@id\":\"https:\/\/www.africa-press.net\/cameroun\/sports\/cameroun-football-la-fifa-va-trancher-definitivement-le-25-mars-2021-au-sujet-des-arrieres-de-sven-vandenbroeck-lex-adjoint-dhugo-broos-qui-reclame-encore-plus-de-13-millions-de#article\",\"isPartOf\":{\"@id\":\"https:\/\/www.africa-press.net\/cameroun\/sports\/cameroun-football-la-fifa-va-trancher-definitivement-le-25-mars-2021-au-sujet-des-arrieres-de-sven-vandenbroeck-lex-adjoint-dhugo-broos-qui-reclame-encore-plus-de-13-millions-de\"},\"author\":{\"name\":\"cfeditorfr\",\"@id\":\"https:\/\/www.africa-press.net\/cameroun\/#\/schema\/person\/2b1cf3cd81a31e3cd26889ca66d677f1\"},\"headline\":\"Cameroun &#8211; Football: La FIFA va trancher d\u00e9finitivement le 25 mars 2021 au sujet des arri\u00e9r\u00e9s de Sven Vandenbroeck, l\u2019ex-adjoint d\u2019Hugo Broos, qui r\u00e9clame encore plus de 13 millions de FCFA au Cameroun\",\"datePublished\":\"2021-03-23T12:00:30+00:00\",\"dateModified\":\"2021-03-24T13:28:43+00:00\",\"mainEntityOfPage\":{\"@id\":\"https:\/\/www.africa-press.net\/cameroun\/sports\/cameroun-football-la-fifa-va-trancher-definitivement-le-25-mars-2021-au-sujet-des-arrieres-de-sven-vandenbroeck-lex-adjoint-dhugo-broos-qui-reclame-encore-plus-de-13-millions-de\"},\"wordCount\":710,\"commentCount\":0,\"image\":{\"@id\":\"https:\/\/www.africa-press.net\/cameroun\/sports\/cameroun-football-la-fifa-va-trancher-definitivement-le-25-mars-2021-au-sujet-des-arrieres-de-sven-vandenbroeck-lex-adjoint-dhugo-broos-qui-reclame-encore-plus-de-13-millions-de#primaryimage\"},\"thumbnailUrl\":\"https:\/\/static.africa-press.net\/cameroun\/sites\/57\/2021\/03\/img-605b3e73ee3a9.jpg\",\"keywords\":[\"Africa Press\",\"Africa Press-Cameroun\",\"Cameroun\"],\"articleSection\":[\"homepage-french\",\"Sports\",\"Toutes les actualit\u00e9s\"],\"inLanguage\":\"fr-FR\",\"potentialAction\":[{\"@type\":\"CommentAction\",\"name\":\"Comment\",\"target\":[\"https:\/\/www.africa-press.net\/cameroun\/sports\/cameroun-football-la-fifa-va-trancher-definitivement-le-25-mars-2021-au-sujet-des-arrieres-de-sven-vandenbroeck-lex-adjoint-dhugo-broos-qui-reclame-encore-plus-de-13-millions-de#respond\"]}]},{\"@type\":\"WebPage\",\"@id\":\"https:\/\/www.africa-press.net\/cameroun\/sports\/cameroun-football-la-fifa-va-trancher-definitivement-le-25-mars-2021-au-sujet-des-arrieres-de-sven-vandenbroeck-lex-adjoint-dhugo-broos-qui-reclame-encore-plus-de-13-millions-de\",\"url\":\"https:\/\/www.africa-press.net\/cameroun\/sports\/cameroun-football-la-fifa-va-trancher-definitivement-le-25-mars-2021-au-sujet-des-arrieres-de-sven-vandenbroeck-lex-adjoint-dhugo-broos-qui-reclame-encore-plus-de-13-millions-de\",\"name\":\"Cameroun - Football: La FIFA va trancher d\u00e9finitivement le 25 mars 2021 au sujet des arri\u00e9r\u00e9s de Sven Vandenbroeck, l\u2019ex-adjoint d\u2019Hugo Broos, qui r\u00e9clame encore plus de 13 millions de FCFA au Cameroun - Cameroun\",\"isPartOf\":{\"@id\":\"https:\/\/www.africa-press.net\/cameroun\/#website\"},\"primaryImageOfPage\":{\"@id\":\"https:\/\/www.africa-press.net\/cameroun\/sports\/cameroun-football-la-fifa-va-trancher-definitivement-le-25-mars-2021-au-sujet-des-arrieres-de-sven-vandenbroeck-lex-adjoint-dhugo-broos-qui-reclame-encore-plus-de-13-millions-de#primaryimage\"},\"image\":{\"@id\":\"https:\/\/www.africa-press.net\/cameroun\/sports\/cameroun-football-la-fifa-va-trancher-definitivement-le-25-mars-2021-au-sujet-des-arrieres-de-sven-vandenbroeck-lex-adjoint-dhugo-broos-qui-reclame-encore-plus-de-13-millions-de#primaryimage\"},\"thumbnailUrl\":\"https:\/\/static.africa-press.net\/cameroun\/sites\/57\/2021\/03\/img-605b3e73ee3a9.jpg\",\"datePublished\":\"2021-03-23T12:00:30+00:00\",\"dateModified\":\"2021-03-24T13:28:43+00:00\",\"author\":{\"@id\":\"https:\/\/www.africa-press.net\/cameroun\/#\/schema\/person\/2b1cf3cd81a31e3cd26889ca66d677f1\"},\"description\":\"Le Cameroun demeure toujours insolvable \u00e0 l\u2019\u00e9gard de Sven Vandenbroeck, l\u2019ex-adjoint Hugo Broos, s\u00e9lectionneur du Camero ...\",\"breadcrumb\":{\"@id\":\"https:\/\/www.africa-press.net\/cameroun\/sports\/cameroun-football-la-fifa-va-trancher-definitivement-le-25-mars-2021-au-sujet-des-arrieres-de-sven-vandenbroeck-lex-adjoint-dhugo-broos-qui-reclame-encore-plus-de-13-millions-de#breadcrumb\"},\"inLanguage\":\"fr-FR\",\"potentialAction\":[{\"@type\":\"ReadAction\",\"target\":[\"https:\/\/www.africa-press.net\/cameroun\/sports\/cameroun-football-la-fifa-va-trancher-definitivement-le-25-mars-2021-au-sujet-des-arrieres-de-sven-vandenbroeck-lex-adjoint-dhugo-broos-qui-reclame-encore-plus-de-13-millions-de\"]}]},{\"@type\":\"ImageObject\",\"inLanguage\":\"fr-FR\",\"@id\":\"https:\/\/www.africa-press.net\/cameroun\/sports\/cameroun-football-la-fifa-va-trancher-definitivement-le-25-mars-2021-au-sujet-des-arrieres-de-sven-vandenbroeck-lex-adjoint-dhugo-broos-qui-reclame-encore-plus-de-13-millions-de#primaryimage\",\"url\":\"https:\/\/static.africa-press.net\/cameroun\/sites\/57\/2021\/03\/img-605b3e73ee3a9.jpg\",\"contentUrl\":\"https:\/\/static.africa-press.net\/cameroun\/sites\/57\/2021\/03\/img-605b3e73ee3a9.jpg\",\"width\":800,\"height\":449,\"caption\":\"Cameroun - Football: La FIFA va trancher d\u00e9finitivement le 25 mars 2021 au sujet des arri\u00e9r\u00e9s de Sven Vandenbroeck, l\u2019ex-adjoint d\u2019Hugo Broos, qui r\u00e9clame encore plus de 13 millions de FCFA au Cameroun\"},{\"@type\":\"BreadcrumbList\",\"@id\":\"https:\/\/www.africa-press.net\/cameroun\/sports\/cameroun-football-la-fifa-va-trancher-definitivement-le-25-mars-2021-au-sujet-des-arrieres-de-sven-vandenbroeck-lex-adjoint-dhugo-broos-qui-reclame-encore-plus-de-13-millions-de#breadcrumb\",\"itemListElement\":[{\"@type\":\"ListItem\",\"position\":1,\"name\":\"Accueil\",\"item\":\"https:\/\/www.africa-press.net\/cameroun\/\"},{\"@type\":\"ListItem\",\"position\":2,\"name\":\"Cameroun &#8211; Football: La FIFA va trancher d\u00e9finitivement le 25 mars 2021 au sujet des arri\u00e9r\u00e9s de Sven Vandenbroeck, l\u2019ex-adjoint d\u2019Hugo Broos, qui r\u00e9clame encore plus de 13 millions de FCFA au Cameroun\"}]},{\"@type\":\"WebSite\",\"@id\":\"https:\/\/www.africa-press.net\/cameroun\/#website\",\"url\":\"https:\/\/www.africa-press.net\/cameroun\/\",\"name\":\"Cameroun\",\"description\":\"Just another Africa News Agency Sites site\",\"potentialAction\":[{\"@type\":\"SearchAction\",\"target\":{\"@type\":\"EntryPoint\",\"urlTemplate\":\"https:\/\/www.africa-press.net\/cameroun\/?s={search_term_string}\"},\"query-input\":{\"@type\":\"PropertyValueSpecification\",\"valueRequired\":true,\"valueName\":\"search_term_string\"}}],\"inLanguage\":\"fr-FR\"},{\"@type\":\"Person\",\"@id\":\"https:\/\/www.africa-press.net\/cameroun\/#\/schema\/person\/2b1cf3cd81a31e3cd26889ca66d677f1\",\"name\":\"cfeditorfr\"}]}<\/script>\n<!-- \/ Yoast SEO Premium plugin. -->","yoast_head_json":{"title":"Cameroun - Football: La FIFA va trancher d\u00e9finitivement le 25 mars 2021 au sujet des arri\u00e9r\u00e9s de Sven Vandenbroeck, l\u2019ex-adjoint d\u2019Hugo Broos, qui r\u00e9clame encore plus de 13 millions de FCFA au Cameroun - Cameroun","description":"Le Cameroun demeure toujours insolvable \u00e0 l\u2019\u00e9gard de Sven Vandenbroeck, l\u2019ex-adjoint Hugo Broos, s\u00e9lectionneur du Camero ...","robots":{"index":"index","follow":"follow","max-snippet":"max-snippet:-1","max-image-preview":"max-image-preview:large","max-video-preview":"max-video-preview:-1"},"canonical":"https:\/\/www.africa-press.net\/cameroun\/sports\/cameroun-football-la-fifa-va-trancher-definitivement-le-25-mars-2021-au-sujet-des-arrieres-de-sven-vandenbroeck-lex-adjoint-dhugo-broos-qui-reclame-encore-plus-de-13-millions-de","og_locale":"fr_FR","og_type":"article","og_title":"Cameroun - Football: La FIFA va trancher d\u00e9finitivement le 25 mars 2021 au sujet des arri\u00e9r\u00e9s de Sven Vandenbroeck, l\u2019ex-adjoint d\u2019Hugo Broos, qui r\u00e9clame encore plus de 13 millions de FCFA au Cameroun","og_description":"Le Cameroun demeure toujours insolvable \u00e0 l\u2019\u00e9gard de Sven Vandenbroeck, l\u2019ex-adjoint Hugo Broos, s\u00e9lectionneur du Camero ...","og_url":"https:\/\/www.africa-press.net\/cameroun\/sports\/cameroun-football-la-fifa-va-trancher-definitivement-le-25-mars-2021-au-sujet-des-arrieres-de-sven-vandenbroeck-lex-adjoint-dhugo-broos-qui-reclame-encore-plus-de-13-millions-de","og_site_name":"Cameroun","article_published_time":"2021-03-23T12:00:30+00:00","article_modified_time":"2021-03-24T13:28:43+00:00","og_image":[{"width":800,"height":449,"url":"https:\/\/static.africa-press.net\/cameroun\/sites\/57\/2021\/03\/img-605b3e73ee3a9.jpg","type":"image\/jpeg"}],"author":"cfeditorfr","twitter_card":"summary_large_image","twitter_misc":{"\u00c9crit par":"cfeditorfr","Dur\u00e9e de lecture estim\u00e9e":"3 minutes"},"schema":{"@context":"https:\/\/schema.org","@graph":[{"@type":"Article","@id":"https:\/\/www.africa-press.net\/cameroun\/sports\/cameroun-football-la-fifa-va-trancher-definitivement-le-25-mars-2021-au-sujet-des-arrieres-de-sven-vandenbroeck-lex-adjoint-dhugo-broos-qui-reclame-encore-plus-de-13-millions-de#article","isPartOf":{"@id":"https:\/\/www.africa-press.net\/cameroun\/sports\/cameroun-football-la-fifa-va-trancher-definitivement-le-25-mars-2021-au-sujet-des-arrieres-de-sven-vandenbroeck-lex-adjoint-dhugo-broos-qui-reclame-encore-plus-de-13-millions-de"},"author":{"name":"cfeditorfr","@id":"https:\/\/www.africa-press.net\/cameroun\/#\/schema\/person\/2b1cf3cd81a31e3cd26889ca66d677f1"},"headline":"Cameroun &#8211; Football: La FIFA va trancher d\u00e9finitivement le 25 mars 2021 au sujet des arri\u00e9r\u00e9s de Sven Vandenbroeck, l\u2019ex-adjoint d\u2019Hugo Broos, qui r\u00e9clame encore plus de 13 millions de FCFA au Cameroun","datePublished":"2021-03-23T12:00:30+00:00","dateModified":"2021-03-24T13:28:43+00:00","mainEntityOfPage":{"@id":"https:\/\/www.africa-press.net\/cameroun\/sports\/cameroun-football-la-fifa-va-trancher-definitivement-le-25-mars-2021-au-sujet-des-arrieres-de-sven-vandenbroeck-lex-adjoint-dhugo-broos-qui-reclame-encore-plus-de-13-millions-de"},"wordCount":710,"commentCount":0,"image":{"@id":"https:\/\/www.africa-press.net\/cameroun\/sports\/cameroun-football-la-fifa-va-trancher-definitivement-le-25-mars-2021-au-sujet-des-arrieres-de-sven-vandenbroeck-lex-adjoint-dhugo-broos-qui-reclame-encore-plus-de-13-millions-de#primaryimage"},"thumbnailUrl":"https:\/\/static.africa-press.net\/cameroun\/sites\/57\/2021\/03\/img-605b3e73ee3a9.jpg","keywords":["Africa Press","Africa Press-Cameroun","Cameroun"],"articleSection":["homepage-french","Sports","Toutes les actualit\u00e9s"],"inLanguage":"fr-FR","potentialAction":[{"@type":"CommentAction","name":"Comment","target":["https:\/\/www.africa-press.net\/cameroun\/sports\/cameroun-football-la-fifa-va-trancher-definitivement-le-25-mars-2021-au-sujet-des-arrieres-de-sven-vandenbroeck-lex-adjoint-dhugo-broos-qui-reclame-encore-plus-de-13-millions-de#respond"]}]},{"@type":"WebPage","@id":"https:\/\/www.africa-press.net\/cameroun\/sports\/cameroun-football-la-fifa-va-trancher-definitivement-le-25-mars-2021-au-sujet-des-arrieres-de-sven-vandenbroeck-lex-adjoint-dhugo-broos-qui-reclame-encore-plus-de-13-millions-de","url":"https:\/\/www.africa-press.net\/cameroun\/sports\/cameroun-football-la-fifa-va-trancher-definitivement-le-25-mars-2021-au-sujet-des-arrieres-de-sven-vandenbroeck-lex-adjoint-dhugo-broos-qui-reclame-encore-plus-de-13-millions-de","name":"Cameroun - Football: La FIFA va trancher d\u00e9finitivement le 25 mars 2021 au sujet des arri\u00e9r\u00e9s de Sven Vandenbroeck, l\u2019ex-adjoint d\u2019Hugo Broos, qui r\u00e9clame encore plus de 13 millions de FCFA au Cameroun - Cameroun","isPartOf":{"@id":"https:\/\/www.africa-press.net\/cameroun\/#website"},"primaryImageOfPage":{"@id":"https:\/\/www.africa-press.net\/cameroun\/sports\/cameroun-football-la-fifa-va-trancher-definitivement-le-25-mars-2021-au-sujet-des-arrieres-de-sven-vandenbroeck-lex-adjoint-dhugo-broos-qui-reclame-encore-plus-de-13-millions-de#primaryimage"},"image":{"@id":"https:\/\/www.africa-press.net\/cameroun\/sports\/cameroun-football-la-fifa-va-trancher-definitivement-le-25-mars-2021-au-sujet-des-arrieres-de-sven-vandenbroeck-lex-adjoint-dhugo-broos-qui-reclame-encore-plus-de-13-millions-de#primaryimage"},"thumbnailUrl":"https:\/\/static.africa-press.net\/cameroun\/sites\/57\/2021\/03\/img-605b3e73ee3a9.jpg","datePublished":"2021-03-23T12:00:30+00:00","dateModified":"2021-03-24T13:28:43+00:00","author":{"@id":"https:\/\/www.africa-press.net\/cameroun\/#\/schema\/person\/2b1cf3cd81a31e3cd26889ca66d677f1"},"description":"Le Cameroun demeure toujours insolvable \u00e0 l\u2019\u00e9gard de Sven Vandenbroeck, l\u2019ex-adjoint Hugo Broos, s\u00e9lectionneur du Camero ...","breadcrumb":{"@id":"https:\/\/www.africa-press.net\/cameroun\/sports\/cameroun-football-la-fifa-va-trancher-definitivement-le-25-mars-2021-au-sujet-des-arrieres-de-sven-vandenbroeck-lex-adjoint-dhugo-broos-qui-reclame-encore-plus-de-13-millions-de#breadcrumb"},"inLanguage":"fr-FR","potentialAction":[{"@type":"ReadAction","target":["https:\/\/www.africa-press.net\/cameroun\/sports\/cameroun-football-la-fifa-va-trancher-definitivement-le-25-mars-2021-au-sujet-des-arrieres-de-sven-vandenbroeck-lex-adjoint-dhugo-broos-qui-reclame-encore-plus-de-13-millions-de"]}]},{"@type":"ImageObject","inLanguage":"fr-FR","@id":"https:\/\/www.africa-press.net\/cameroun\/sports\/cameroun-football-la-fifa-va-trancher-definitivement-le-25-mars-2021-au-sujet-des-arrieres-de-sven-vandenbroeck-lex-adjoint-dhugo-broos-qui-reclame-encore-plus-de-13-millions-de#primaryimage","url":"https:\/\/static.africa-press.net\/cameroun\/sites\/57\/2021\/03\/img-605b3e73ee3a9.jpg","contentUrl":"https:\/\/static.africa-press.net\/cameroun\/sites\/57\/2021\/03\/img-605b3e73ee3a9.jpg","width":800,"height":449,"caption":"Cameroun - Football: La FIFA va trancher d\u00e9finitivement le 25 mars 2021 au sujet des arri\u00e9r\u00e9s de Sven Vandenbroeck, l\u2019ex-adjoint d\u2019Hugo Broos, qui r\u00e9clame encore plus de 13 millions de FCFA au Cameroun"},{"@type":"BreadcrumbList","@id":"https:\/\/www.africa-press.net\/cameroun\/sports\/cameroun-football-la-fifa-va-trancher-definitivement-le-25-mars-2021-au-sujet-des-arrieres-de-sven-vandenbroeck-lex-adjoint-dhugo-broos-qui-reclame-encore-plus-de-13-millions-de#breadcrumb","itemListElement":[{"@type":"ListItem","position":1,"name":"Accueil","item":"https:\/\/www.africa-press.net\/cameroun\/"},{"@type":"ListItem","position":2,"name":"Cameroun &#8211; Football: La FIFA va trancher d\u00e9finitivement le 25 mars 2021 au sujet des arri\u00e9r\u00e9s de Sven Vandenbroeck, l\u2019ex-adjoint d\u2019Hugo Broos, qui r\u00e9clame encore plus de 13 millions de FCFA au Cameroun"}]},{"@type":"WebSite","@id":"https:\/\/www.africa-press.net\/cameroun\/#website","url":"https:\/\/www.africa-press.net\/cameroun\/","name":"Cameroun","description":"Just another Africa News Agency Sites site","potentialAction":[{"@type":"SearchAction","target":{"@type":"EntryPoint","urlTemplate":"https:\/\/www.africa-press.net\/cameroun\/?s={search_term_string}"},"query-input":{"@type":"PropertyValueSpecification","valueRequired":true,"valueName":"search_term_string"}}],"inLanguage":"fr-FR"},{"@type":"Person","@id":"https:\/\/www.africa-press.net\/cameroun\/#\/schema\/person\/2b1cf3cd81a31e3cd26889ca66d677f1","name":"cfeditorfr"}]}},"_links":{"self":[{"href":"https:\/\/www.africa-press.net\/cameroun\/wp-json\/wp\/v2\/posts\/1727","targetHints":{"allow":["GET"]}}],"collection":[{"href":"https:\/\/www.africa-press.net\/cameroun\/wp-json\/wp\/v2\/posts"}],"about":[{"href":"https:\/\/www.africa-press.net\/cameroun\/wp-json\/wp\/v2\/types\/post"}],"author":[{"embeddable":true,"href":"https:\/\/www.africa-press.net\/cameroun\/wp-json\/wp\/v2\/users\/82"}],"replies":[{"embeddable":true,"href":"https:\/\/www.africa-press.net\/cameroun\/wp-json\/wp\/v2\/comments?post=1727"}],"version-history":[{"count":0,"href":"https:\/\/www.africa-press.net\/cameroun\/wp-json\/wp\/v2\/posts\/1727\/revisions"}],"wp:featuredmedia":[{"embeddable":true,"href":"https:\/\/www.africa-press.net\/cameroun\/wp-json\/wp\/v2\/media\/1726"}],"wp:attachment":[{"href":"https:\/\/www.africa-press.net\/cameroun\/wp-json\/wp\/v2\/media?parent=1727"}],"wp:term":[{"taxonomy":"category","embeddable":true,"href":"https:\/\/www.africa-press.net\/cameroun\/wp-json\/wp\/v2\/categories?post=1727"},{"taxonomy":"post_tag","embeddable":true,"href":"https:\/\/www.africa-press.net\/cameroun\/wp-json\/wp\/v2\/tags?post=1727"}],"curies":[{"name":"wp","href":"https:\/\/api.w.org\/{rel}","templated":true}]}}