{"id":1742,"date":"2021-03-23T12:38:46","date_gmt":"2021-03-23T12:38:46","guid":{"rendered":"https:\/\/www.africa-press.net\/cameroun\/politique\/cameroun-carnet-noir-voici-le-programme-des-obseques-de-paul-eric-kingue"},"modified":"2021-03-24T13:32:00","modified_gmt":"2021-03-24T13:32:00","slug":"cameroun-carnet-noir-voici-le-programme-des-obseques-de-paul-eric-kingue","status":"publish","type":"post","link":"https:\/\/www.africa-press.net\/cameroun\/politique\/cameroun-carnet-noir-voici-le-programme-des-obseques-de-paul-eric-kingue","title":{"rendered":"Cameroun &#8211; Carnet noir: Voici le programme des obs\u00e8ques de Paul Eric Kingu\u00e9"},"content":{"rendered":"<p><span style=\"color: #ff6600\"><strong><a href=\"https:\/\/www.africa-press.net\/\">Africa-Press<\/a> &#8211; <a href=\"https:\/\/www.africa-press.net\/cameroun\">Cameroun<\/a>. <\/strong><\/span>\u00abLa Commune de Njombe-Penja a la profonde douleur d\u2019annoncer \u00e0 l\u2019opinion Nationale et Internationale et \u00e0 tous ses partenaires, le d\u00e9c\u00e8s de Monsieur Paul \u00c9ric KINGUE, Maire de la Commune de Njombe-Penja, Vice-Pr\u00e9sident des Communes et Villes Unies du Cameroun ( CVUC), Pr\u00e9sident National du Mouvement Patriotique pour un Cameroun Nouveau ( MPCN) et promoteur de la t\u00e9l\u00e9vision SCHOOL TV AFRICA. D\u00e9c\u00e8s survenu ce lundi 22 mars 2021 \u00e0 Douala des suites de maladie. Le programme des obs\u00e8ques sera disponible ult\u00e9rieurement\u00bb.<\/p>\n<p>A la suite de ce communiqu\u00e9 de la Commune de Njombe-Penja et des r\u00e9unions de concertation entre la famille du d\u00e9funt et les autorit\u00e9s, le voile est lev\u00e9 sur le programme des obs\u00e8ques de Paul Eric Kingue.<\/p>\n<p>D\u00e9c\u00e9d\u00e9 le lundi 22 mars 2021 des suites de maladie \u00e0 Douala, l\u2019homme de 55 ans sera inhum\u00e9 demain mercredi 24 mars 2021 dans sa ville natale, \u00e0 Penja, dans le d\u00e9partement du Moungo.<\/p>\n<p>Dans le programme que la famille du d\u00e9funt a fait parvenir \u00e0 notre r\u00e9daction, il est indiqu\u00e9 que les obs\u00e8ques vont commencer par la lev\u00e9e du corps mercredi matin, \u00e0 partir de 8 heures \u00e0 la morgue de l\u2019h\u00f4pital Laquintinie de Douala. Le cort\u00e8ge fun\u00e9raire s\u2019\u00e9branlera ensuite \u00e0 destination de Penja, localit\u00e9 situ\u00e9e \u00e0 moins d\u2019une heure de route de Douala, la capitale \u00e9conomique, Chef-lieu de la R\u00e9gion du Littoral.<\/p>\n<p>A cause de la redoutable pand\u00e9mie du Coronavirus, il est pr\u00e9vu juste une escale \u00e0 la r\u00e9sidence de l\u2019illustre disparu au quartier Balebong, avant son inhumation au village Mpoula-Penja, aux c\u00f4t\u00e9s de sa d\u00e9funte m\u00e8re et de son d\u00e9funt fils, Paul Eric Kingue junior, d\u00e9c\u00e9d\u00e9 au mois de mars 2011.<\/p>\n<p>\u00abLes autorit\u00e9s ont interdit tout autre manifestation. Le Sous-Pr\u00e9fet a insist\u00e9 sur le respect des mesures \u00e9dict\u00e9es par le gouvernement dans le cadre de la lutte contre le coronavirus. Donc, il a fait savoir qu\u2019il ne faut pas plus de 50 personnes autour de la d\u00e9pouille \u00e0 chaque \u00e9tape, de la morgue jusqu\u2019au lieu de l\u2019enterrement\u00bb, confie un membre de la famille de paul Eric Kingue, contact\u00e9 par Cameroon-Info.net.<\/p>\n","protected":false},"excerpt":{"rendered":"<p>Africa-Press &#8211; Cameroun. \u00abLa Commune de Njombe-Penja a la profonde douleur d\u2019annoncer \u00e0 l\u2019opinion Nationale et Internationale et \u00e0 tous ses partenaires, le d\u00e9c\u00e8s de Monsieur Paul \u00c9ric KINGUE, Maire de la Commune de Njombe-Penja, Vice-Pr\u00e9sident des Communes et Villes Unies du Cameroun ( CVUC), Pr\u00e9sident National du Mouvement Patriotique pour un Cameroun Nouveau ( [&hellip;]<\/p>\n","protected":false},"author":82,"featured_media":1741,"comment_status":"open","ping_status":"closed","sticky":false,"template":"","format":"standard","meta":{"footnotes":""},"categories":[11,2,10],"tags":[36,50,49],"class_list":["post-1742","post","type-post","status-publish","format-standard","has-post-thumbnail","hentry","category-homepage-french","category-politique","category-toutes-les-actualites","tag-africa-press","tag-africa-press-cameroun","tag-cameroun"],"yoast_head":"<!-- This site is optimized with the Yoast SEO Premium plugin v26.1 (Yoast SEO v27.0) - https:\/\/yoast.com\/product\/yoast-seo-premium-wordpress\/ -->\n<title>Cameroun - Carnet noir: Voici le programme des obs\u00e8ques de Paul Eric Kingu\u00e9 - Cameroun<\/title>\n<meta name=\"description\" content=\"\u00abLa Commune de Njombe-Penja a la profonde douleur d\u2019annoncer \u00e0 l\u2019opinion Nationale et Internationale et \u00e0 tous ses parte ...\" \/>\n<meta name=\"robots\" content=\"index, follow, max-snippet:-1, max-image-preview:large, max-video-preview:-1\" \/>\n<link rel=\"canonical\" href=\"https:\/\/www.africa-press.net\/cameroun\/politique\/cameroun-carnet-noir-voici-le-programme-des-obseques-de-paul-eric-kingue\" \/>\n<meta property=\"og:locale\" content=\"fr_FR\" \/>\n<meta property=\"og:type\" content=\"article\" \/>\n<meta property=\"og:title\" content=\"Cameroun - Carnet noir: Voici le programme des obs\u00e8ques de Paul Eric Kingu\u00e9\" \/>\n<meta property=\"og:description\" content=\"\u00abLa Commune de Njombe-Penja a la profonde douleur d\u2019annoncer \u00e0 l\u2019opinion Nationale et Internationale et \u00e0 tous ses parte ...\" \/>\n<meta property=\"og:url\" content=\"https:\/\/www.africa-press.net\/cameroun\/politique\/cameroun-carnet-noir-voici-le-programme-des-obseques-de-paul-eric-kingue\" \/>\n<meta property=\"og:site_name\" content=\"Cameroun\" \/>\n<meta property=\"article:published_time\" content=\"2021-03-23T12:38:46+00:00\" \/>\n<meta property=\"article:modified_time\" content=\"2021-03-24T13:32:00+00:00\" \/>\n<meta property=\"og:image\" content=\"https:\/\/static.africa-press.net\/cameroun\/sites\/57\/2021\/03\/img-605b3f390554c.jpg\" \/>\n\t<meta property=\"og:image:width\" content=\"800\" \/>\n\t<meta property=\"og:image:height\" content=\"457\" \/>\n\t<meta property=\"og:image:type\" content=\"image\/jpeg\" \/>\n<meta name=\"author\" content=\"cfeditorfr\" \/>\n<meta name=\"twitter:card\" content=\"summary_large_image\" \/>\n<meta name=\"twitter:label1\" content=\"\u00c9crit par\" \/>\n\t<meta name=\"twitter:data1\" content=\"cfeditorfr\" \/>\n\t<meta name=\"twitter:label2\" content=\"Dur\u00e9e de lecture estim\u00e9e\" \/>\n\t<meta name=\"twitter:data2\" content=\"2 minutes\" \/>\n<script type=\"application\/ld+json\" class=\"yoast-schema-graph\">{\"@context\":\"https:\/\/schema.org\",\"@graph\":[{\"@type\":\"Article\",\"@id\":\"https:\/\/www.africa-press.net\/cameroun\/politique\/cameroun-carnet-noir-voici-le-programme-des-obseques-de-paul-eric-kingue#article\",\"isPartOf\":{\"@id\":\"https:\/\/www.africa-press.net\/cameroun\/politique\/cameroun-carnet-noir-voici-le-programme-des-obseques-de-paul-eric-kingue\"},\"author\":{\"name\":\"cfeditorfr\",\"@id\":\"https:\/\/www.africa-press.net\/cameroun\/#\/schema\/person\/2b1cf3cd81a31e3cd26889ca66d677f1\"},\"headline\":\"Cameroun &#8211; Carnet noir: Voici le programme des obs\u00e8ques de Paul Eric Kingu\u00e9\",\"datePublished\":\"2021-03-23T12:38:46+00:00\",\"dateModified\":\"2021-03-24T13:32:00+00:00\",\"mainEntityOfPage\":{\"@id\":\"https:\/\/www.africa-press.net\/cameroun\/politique\/cameroun-carnet-noir-voici-le-programme-des-obseques-de-paul-eric-kingue\"},\"wordCount\":385,\"commentCount\":0,\"image\":{\"@id\":\"https:\/\/www.africa-press.net\/cameroun\/politique\/cameroun-carnet-noir-voici-le-programme-des-obseques-de-paul-eric-kingue#primaryimage\"},\"thumbnailUrl\":\"https:\/\/static.africa-press.net\/cameroun\/sites\/57\/2021\/03\/img-605b3f390554c.jpg\",\"keywords\":[\"Africa Press\",\"Africa Press-Cameroun\",\"Cameroun\"],\"articleSection\":[\"homepage-french\",\"Politique\",\"Toutes les actualit\u00e9s\"],\"inLanguage\":\"fr-FR\",\"potentialAction\":[{\"@type\":\"CommentAction\",\"name\":\"Comment\",\"target\":[\"https:\/\/www.africa-press.net\/cameroun\/politique\/cameroun-carnet-noir-voici-le-programme-des-obseques-de-paul-eric-kingue#respond\"]}]},{\"@type\":\"WebPage\",\"@id\":\"https:\/\/www.africa-press.net\/cameroun\/politique\/cameroun-carnet-noir-voici-le-programme-des-obseques-de-paul-eric-kingue\",\"url\":\"https:\/\/www.africa-press.net\/cameroun\/politique\/cameroun-carnet-noir-voici-le-programme-des-obseques-de-paul-eric-kingue\",\"name\":\"Cameroun - Carnet noir: Voici le programme des obs\u00e8ques de Paul Eric Kingu\u00e9 - Cameroun\",\"isPartOf\":{\"@id\":\"https:\/\/www.africa-press.net\/cameroun\/#website\"},\"primaryImageOfPage\":{\"@id\":\"https:\/\/www.africa-press.net\/cameroun\/politique\/cameroun-carnet-noir-voici-le-programme-des-obseques-de-paul-eric-kingue#primaryimage\"},\"image\":{\"@id\":\"https:\/\/www.africa-press.net\/cameroun\/politique\/cameroun-carnet-noir-voici-le-programme-des-obseques-de-paul-eric-kingue#primaryimage\"},\"thumbnailUrl\":\"https:\/\/static.africa-press.net\/cameroun\/sites\/57\/2021\/03\/img-605b3f390554c.jpg\",\"datePublished\":\"2021-03-23T12:38:46+00:00\",\"dateModified\":\"2021-03-24T13:32:00+00:00\",\"author\":{\"@id\":\"https:\/\/www.africa-press.net\/cameroun\/#\/schema\/person\/2b1cf3cd81a31e3cd26889ca66d677f1\"},\"description\":\"\u00abLa Commune de Njombe-Penja a la profonde douleur d\u2019annoncer \u00e0 l\u2019opinion Nationale et Internationale et \u00e0 tous ses parte ...\",\"breadcrumb\":{\"@id\":\"https:\/\/www.africa-press.net\/cameroun\/politique\/cameroun-carnet-noir-voici-le-programme-des-obseques-de-paul-eric-kingue#breadcrumb\"},\"inLanguage\":\"fr-FR\",\"potentialAction\":[{\"@type\":\"ReadAction\",\"target\":[\"https:\/\/www.africa-press.net\/cameroun\/politique\/cameroun-carnet-noir-voici-le-programme-des-obseques-de-paul-eric-kingue\"]}]},{\"@type\":\"ImageObject\",\"inLanguage\":\"fr-FR\",\"@id\":\"https:\/\/www.africa-press.net\/cameroun\/politique\/cameroun-carnet-noir-voici-le-programme-des-obseques-de-paul-eric-kingue#primaryimage\",\"url\":\"https:\/\/static.africa-press.net\/cameroun\/sites\/57\/2021\/03\/img-605b3f390554c.jpg\",\"contentUrl\":\"https:\/\/static.africa-press.net\/cameroun\/sites\/57\/2021\/03\/img-605b3f390554c.jpg\",\"width\":800,\"height\":457,\"caption\":\"Cameroun - Carnet noir: Voici le programme des obs\u00e8ques de Paul Eric Kingu\u00e9\"},{\"@type\":\"BreadcrumbList\",\"@id\":\"https:\/\/www.africa-press.net\/cameroun\/politique\/cameroun-carnet-noir-voici-le-programme-des-obseques-de-paul-eric-kingue#breadcrumb\",\"itemListElement\":[{\"@type\":\"ListItem\",\"position\":1,\"name\":\"Accueil\",\"item\":\"https:\/\/www.africa-press.net\/cameroun\/\"},{\"@type\":\"ListItem\",\"position\":2,\"name\":\"Cameroun &#8211; Carnet noir: Voici le programme des obs\u00e8ques de Paul Eric Kingu\u00e9\"}]},{\"@type\":\"WebSite\",\"@id\":\"https:\/\/www.africa-press.net\/cameroun\/#website\",\"url\":\"https:\/\/www.africa-press.net\/cameroun\/\",\"name\":\"Cameroun\",\"description\":\"Just another Africa News Agency Sites site\",\"potentialAction\":[{\"@type\":\"SearchAction\",\"target\":{\"@type\":\"EntryPoint\",\"urlTemplate\":\"https:\/\/www.africa-press.net\/cameroun\/?s={search_term_string}\"},\"query-input\":{\"@type\":\"PropertyValueSpecification\",\"valueRequired\":true,\"valueName\":\"search_term_string\"}}],\"inLanguage\":\"fr-FR\"},{\"@type\":\"Person\",\"@id\":\"https:\/\/www.africa-press.net\/cameroun\/#\/schema\/person\/2b1cf3cd81a31e3cd26889ca66d677f1\",\"name\":\"cfeditorfr\"}]}<\/script>\n<!-- \/ Yoast SEO Premium plugin. -->","yoast_head_json":{"title":"Cameroun - Carnet noir: Voici le programme des obs\u00e8ques de Paul Eric Kingu\u00e9 - Cameroun","description":"\u00abLa Commune de Njombe-Penja a la profonde douleur d\u2019annoncer \u00e0 l\u2019opinion Nationale et Internationale et \u00e0 tous ses parte ...","robots":{"index":"index","follow":"follow","max-snippet":"max-snippet:-1","max-image-preview":"max-image-preview:large","max-video-preview":"max-video-preview:-1"},"canonical":"https:\/\/www.africa-press.net\/cameroun\/politique\/cameroun-carnet-noir-voici-le-programme-des-obseques-de-paul-eric-kingue","og_locale":"fr_FR","og_type":"article","og_title":"Cameroun - Carnet noir: Voici le programme des obs\u00e8ques de Paul Eric Kingu\u00e9","og_description":"\u00abLa Commune de Njombe-Penja a la profonde douleur d\u2019annoncer \u00e0 l\u2019opinion Nationale et Internationale et \u00e0 tous ses parte ...","og_url":"https:\/\/www.africa-press.net\/cameroun\/politique\/cameroun-carnet-noir-voici-le-programme-des-obseques-de-paul-eric-kingue","og_site_name":"Cameroun","article_published_time":"2021-03-23T12:38:46+00:00","article_modified_time":"2021-03-24T13:32:00+00:00","og_image":[{"width":800,"height":457,"url":"https:\/\/static.africa-press.net\/cameroun\/sites\/57\/2021\/03\/img-605b3f390554c.jpg","type":"image\/jpeg"}],"author":"cfeditorfr","twitter_card":"summary_large_image","twitter_misc":{"\u00c9crit par":"cfeditorfr","Dur\u00e9e de lecture estim\u00e9e":"2 minutes"},"schema":{"@context":"https:\/\/schema.org","@graph":[{"@type":"Article","@id":"https:\/\/www.africa-press.net\/cameroun\/politique\/cameroun-carnet-noir-voici-le-programme-des-obseques-de-paul-eric-kingue#article","isPartOf":{"@id":"https:\/\/www.africa-press.net\/cameroun\/politique\/cameroun-carnet-noir-voici-le-programme-des-obseques-de-paul-eric-kingue"},"author":{"name":"cfeditorfr","@id":"https:\/\/www.africa-press.net\/cameroun\/#\/schema\/person\/2b1cf3cd81a31e3cd26889ca66d677f1"},"headline":"Cameroun &#8211; Carnet noir: Voici le programme des obs\u00e8ques de Paul Eric Kingu\u00e9","datePublished":"2021-03-23T12:38:46+00:00","dateModified":"2021-03-24T13:32:00+00:00","mainEntityOfPage":{"@id":"https:\/\/www.africa-press.net\/cameroun\/politique\/cameroun-carnet-noir-voici-le-programme-des-obseques-de-paul-eric-kingue"},"wordCount":385,"commentCount":0,"image":{"@id":"https:\/\/www.africa-press.net\/cameroun\/politique\/cameroun-carnet-noir-voici-le-programme-des-obseques-de-paul-eric-kingue#primaryimage"},"thumbnailUrl":"https:\/\/static.africa-press.net\/cameroun\/sites\/57\/2021\/03\/img-605b3f390554c.jpg","keywords":["Africa Press","Africa Press-Cameroun","Cameroun"],"articleSection":["homepage-french","Politique","Toutes les actualit\u00e9s"],"inLanguage":"fr-FR","potentialAction":[{"@type":"CommentAction","name":"Comment","target":["https:\/\/www.africa-press.net\/cameroun\/politique\/cameroun-carnet-noir-voici-le-programme-des-obseques-de-paul-eric-kingue#respond"]}]},{"@type":"WebPage","@id":"https:\/\/www.africa-press.net\/cameroun\/politique\/cameroun-carnet-noir-voici-le-programme-des-obseques-de-paul-eric-kingue","url":"https:\/\/www.africa-press.net\/cameroun\/politique\/cameroun-carnet-noir-voici-le-programme-des-obseques-de-paul-eric-kingue","name":"Cameroun - Carnet noir: Voici le programme des obs\u00e8ques de Paul Eric Kingu\u00e9 - Cameroun","isPartOf":{"@id":"https:\/\/www.africa-press.net\/cameroun\/#website"},"primaryImageOfPage":{"@id":"https:\/\/www.africa-press.net\/cameroun\/politique\/cameroun-carnet-noir-voici-le-programme-des-obseques-de-paul-eric-kingue#primaryimage"},"image":{"@id":"https:\/\/www.africa-press.net\/cameroun\/politique\/cameroun-carnet-noir-voici-le-programme-des-obseques-de-paul-eric-kingue#primaryimage"},"thumbnailUrl":"https:\/\/static.africa-press.net\/cameroun\/sites\/57\/2021\/03\/img-605b3f390554c.jpg","datePublished":"2021-03-23T12:38:46+00:00","dateModified":"2021-03-24T13:32:00+00:00","author":{"@id":"https:\/\/www.africa-press.net\/cameroun\/#\/schema\/person\/2b1cf3cd81a31e3cd26889ca66d677f1"},"description":"\u00abLa Commune de Njombe-Penja a la profonde douleur d\u2019annoncer \u00e0 l\u2019opinion Nationale et Internationale et \u00e0 tous ses parte ...","breadcrumb":{"@id":"https:\/\/www.africa-press.net\/cameroun\/politique\/cameroun-carnet-noir-voici-le-programme-des-obseques-de-paul-eric-kingue#breadcrumb"},"inLanguage":"fr-FR","potentialAction":[{"@type":"ReadAction","target":["https:\/\/www.africa-press.net\/cameroun\/politique\/cameroun-carnet-noir-voici-le-programme-des-obseques-de-paul-eric-kingue"]}]},{"@type":"ImageObject","inLanguage":"fr-FR","@id":"https:\/\/www.africa-press.net\/cameroun\/politique\/cameroun-carnet-noir-voici-le-programme-des-obseques-de-paul-eric-kingue#primaryimage","url":"https:\/\/static.africa-press.net\/cameroun\/sites\/57\/2021\/03\/img-605b3f390554c.jpg","contentUrl":"https:\/\/static.africa-press.net\/cameroun\/sites\/57\/2021\/03\/img-605b3f390554c.jpg","width":800,"height":457,"caption":"Cameroun - Carnet noir: Voici le programme des obs\u00e8ques de Paul Eric Kingu\u00e9"},{"@type":"BreadcrumbList","@id":"https:\/\/www.africa-press.net\/cameroun\/politique\/cameroun-carnet-noir-voici-le-programme-des-obseques-de-paul-eric-kingue#breadcrumb","itemListElement":[{"@type":"ListItem","position":1,"name":"Accueil","item":"https:\/\/www.africa-press.net\/cameroun\/"},{"@type":"ListItem","position":2,"name":"Cameroun &#8211; Carnet noir: Voici le programme des obs\u00e8ques de Paul Eric Kingu\u00e9"}]},{"@type":"WebSite","@id":"https:\/\/www.africa-press.net\/cameroun\/#website","url":"https:\/\/www.africa-press.net\/cameroun\/","name":"Cameroun","description":"Just another Africa News Agency Sites site","potentialAction":[{"@type":"SearchAction","target":{"@type":"EntryPoint","urlTemplate":"https:\/\/www.africa-press.net\/cameroun\/?s={search_term_string}"},"query-input":{"@type":"PropertyValueSpecification","valueRequired":true,"valueName":"search_term_string"}}],"inLanguage":"fr-FR"},{"@type":"Person","@id":"https:\/\/www.africa-press.net\/cameroun\/#\/schema\/person\/2b1cf3cd81a31e3cd26889ca66d677f1","name":"cfeditorfr"}]}},"_links":{"self":[{"href":"https:\/\/www.africa-press.net\/cameroun\/wp-json\/wp\/v2\/posts\/1742","targetHints":{"allow":["GET"]}}],"collection":[{"href":"https:\/\/www.africa-press.net\/cameroun\/wp-json\/wp\/v2\/posts"}],"about":[{"href":"https:\/\/www.africa-press.net\/cameroun\/wp-json\/wp\/v2\/types\/post"}],"author":[{"embeddable":true,"href":"https:\/\/www.africa-press.net\/cameroun\/wp-json\/wp\/v2\/users\/82"}],"replies":[{"embeddable":true,"href":"https:\/\/www.africa-press.net\/cameroun\/wp-json\/wp\/v2\/comments?post=1742"}],"version-history":[{"count":0,"href":"https:\/\/www.africa-press.net\/cameroun\/wp-json\/wp\/v2\/posts\/1742\/revisions"}],"wp:featuredmedia":[{"embeddable":true,"href":"https:\/\/www.africa-press.net\/cameroun\/wp-json\/wp\/v2\/media\/1741"}],"wp:attachment":[{"href":"https:\/\/www.africa-press.net\/cameroun\/wp-json\/wp\/v2\/media?parent=1742"}],"wp:term":[{"taxonomy":"category","embeddable":true,"href":"https:\/\/www.africa-press.net\/cameroun\/wp-json\/wp\/v2\/categories?post=1742"},{"taxonomy":"post_tag","embeddable":true,"href":"https:\/\/www.africa-press.net\/cameroun\/wp-json\/wp\/v2\/tags?post=1742"}],"curies":[{"name":"wp","href":"https:\/\/api.w.org\/{rel}","templated":true}]}}