{"id":1745,"date":"2021-03-23T12:45:26","date_gmt":"2021-03-23T12:45:26","guid":{"rendered":"https:\/\/www.africa-press.net\/cameroun\/politique\/cameroun-afrique-du-sud-revirement-le-grand-pourfendeur-de-la-relation-entre-la-france-et-ses-anciennes-colonies-achille-mbembe-accepte-de-participer-a-lorganisation-du-prochain-sommet-f"},"modified":"2021-03-24T13:32:40","modified_gmt":"2021-03-24T13:32:40","slug":"cameroun-afrique-du-sud-revirement-le-grand-pourfendeur-de-la-relation-entre-la-france-et-ses-anciennes-colonies-achille-mbembe-accepte-de-participer-a-lorganisation-du-prochain-sommet-f","status":"publish","type":"post","link":"https:\/\/www.africa-press.net\/cameroun\/politique\/cameroun-afrique-du-sud-revirement-le-grand-pourfendeur-de-la-relation-entre-la-france-et-ses-anciennes-colonies-achille-mbembe-accepte-de-participer-a-lorganisation-du-prochain-sommet-f","title":{"rendered":"Cameroun\/Afrique du Sud &#8211; Revirement: Le grand pourfendeur de la relation entre la France et ses anciennes colonies, Achille Mbembe, accepte de participer \u00e0 l\u2019organisation du prochain sommet France-Afrique"},"content":{"rendered":"<p><span style=\"color: #ff6600\"><strong><a href=\"https:\/\/www.africa-press.net\/\">Africa-Press<\/a> &#8211; <a href=\"https:\/\/www.africa-press.net\/cameroun\">Cameroun<\/a>. <\/strong><\/span>La prochaine \u00e9dition du sommet France-Afrique, pr\u00e9vue en juillet 2021 \u00e0 Montpellier, va compter parmi ses invit\u00e9s un pourfendeur de ces regroupements entre la France et ses anciennes colonies d\u2019Afrique. Achille Mbembe va dialoguer avec Emmanuel Macron, l\u2019homme qu\u2019il n\u2019arr\u00eate pas de critiquer depuis son \u00e9lection en 2017, au cours d\u2019un forum pr\u00e9vu \u00e0 cette occasion. Mais avant, \u00e0 partir du mois d\u2019avril, l\u2019historien camerounais aura particip\u00e9 \u00e0 l\u2019organisation de cet \u00e9v\u00e9nement en accompagnant une s\u00e9rie de rencontres pr\u00e9alables au sommet.<\/p>\n<p>Interrog\u00e9 par RFI, qui le 22 mars lui a demand\u00e9 pourquoi il a accept\u00e9 de co-piloter la pr\u00e9paration du prochain sommet Afrique-France, l\u2019enseignant de l\u2019universit\u00e9 sud-africaine de Witwatersrand a avanc\u00e9 la r\u00e9ponse suivante: \u00abJe suis tent\u00e9 de dire que c\u2019est d\u2019abord par curiosit\u00e9 intellectuelle. Le pr\u00e9sident Emmanuel Macron m\u2019a demand\u00e9 de jouer un r\u00f4le d\u2019accompagnement aupr\u00e8s des nouvelles g\u00e9n\u00e9rations, avec lesquelles il veut tenter de red\u00e9finir ce qu\u2019il appelle \u00ables fondamentaux de la relation entre l\u2019Afrique et la France\u00bb. C\u2019est un combat pour lequel nous militons depuis pr\u00e8s de soixante ans. La proposition du pr\u00e9sident Macron est suffisamment ouverte, pour que l\u2019on puisse contribuer \u00e0 la d\u00e9finition du contenu de cette nouvelle relation. J\u2019ai trouv\u00e9 que c\u2019\u00e9tait un projet n\u00e9cessaire, raisonnable, que la mission \u00e9tait une mission de bon sens, que l\u2019Afrique devrait pouvoir y trouver son int\u00e9r\u00eat, ce qui me semble \u00eatre le cas\u00bb.<\/p>\n<p>Lorsque l\u2019on lui rappelle qu\u2019apr\u00e8s le discours de Macron \u00e0 Ouagadougou en novembre 2017 il avait \u00e9crit que la r\u00e9vision en profondeur des rapports franco-africains \u00e9voqu\u00e9e par le fran\u00e7ais \u00e9tait en r\u00e9alit\u00e9, une op\u00e9ration de marketing pour relancer la France sur le march\u00e9 commercial des pays africains, il r\u00e9pond que les choses ont depuis \u00e9volu\u00e9 dans le bon sens. \u00abIl faut quand m\u00eame \u00eatre aveugle \u00e0 ce qui se passe, pour r\u00e9p\u00e9ter la m\u00eame antienne aujourd\u2019hui. Il y a des gestes qui ont \u00e9t\u00e9 accomplis, je pense en particulier \u00e0 la mission qu\u2019il a confi\u00e9e \u00e0 mon ami Felwine Sarr, qui a permis de r\u00e9ouvrir le d\u00e9bat sur les restitutions [des biens culturels africains], qui a permis un d\u00e9clic des imaginaires. Je pense \u00e0 l\u2019autre mission, confi\u00e9e \u00e0 madame N\u2019Gon\u00e9 Fall, qui a abouti \u00e0 une grosse op\u00e9ration \u00abAfrica 2020\u00bb, il y a des pas qui ont \u00e9t\u00e9 accomplis en ce qui concerne le franc CFA\u2026 Et donc il y a un fr\u00e9missement. Il faut, \u00e9videmment, aller plus loin\u00bb, propose-t-il.<\/p>\n<p>Achille Mbembe croit en outre que le projet de Macron qui consiste \u00e0 recr\u00e9er du lien humain entre la France et l\u2019Afrique, \u00e0 travers la diaspora africaine arrive \u00e0 point nomm\u00e9. \u00abIl y a des choses \u00e0 faire avec les diasporas. Apr\u00e8s soixante ann\u00e9es de p\u00e9trification, le moment est venu, justement, d\u2019acc\u00e9l\u00e9rer ce processus, pour provoquer les d\u00e9clics n\u00e9cessaires, tout en sachant que tout ne va pas changer du jour au lendemain ! Mais il faut \u00eatre \u00e0 l\u2019affut de chaque brin d\u2019esp\u00e9rance et petit \u00e0 petit, je dirais, ouvrir la voie \u00e0 d\u2019autres imaginaires\u00bb, r\u00e9agit-il, pr\u00e9cisant qu\u2019il n\u2019est pas une prise de guerre d\u2019Emmanuel Macron.<\/p>\n","protected":false},"excerpt":{"rendered":"<p>Africa-Press &#8211; Cameroun. La prochaine \u00e9dition du sommet France-Afrique, pr\u00e9vue en juillet 2021 \u00e0 Montpellier, va compter parmi ses invit\u00e9s un pourfendeur de ces regroupements entre la France et ses anciennes colonies d\u2019Afrique. Achille Mbembe va dialoguer avec Emmanuel Macron, l\u2019homme qu\u2019il n\u2019arr\u00eate pas de critiquer depuis son \u00e9lection en 2017, au cours d\u2019un forum [&hellip;]<\/p>\n","protected":false},"author":82,"featured_media":1744,"comment_status":"open","ping_status":"closed","sticky":false,"template":"","format":"standard","meta":{"footnotes":""},"categories":[11,2,10],"tags":[36,50,49],"class_list":["post-1745","post","type-post","status-publish","format-standard","has-post-thumbnail","hentry","category-homepage-french","category-politique","category-toutes-les-actualites","tag-africa-press","tag-africa-press-cameroun","tag-cameroun"],"yoast_head":"<!-- This site is optimized with the Yoast SEO Premium plugin v26.1 (Yoast SEO v27.0) - https:\/\/yoast.com\/product\/yoast-seo-premium-wordpress\/ -->\n<title>Cameroun\/Afrique du Sud - Revirement: Le grand pourfendeur de la relation entre la France et ses anciennes colonies, Achille Mbembe, accepte de participer \u00e0 l\u2019organisation du prochain sommet France-Afrique - Cameroun<\/title>\n<meta name=\"description\" content=\"La prochaine \u00e9dition du sommet France-Afrique, pr\u00e9vue en juillet 2021 \u00e0 Montpellier, va compter parmi ses invit\u00e9s un pou ...\" \/>\n<meta name=\"robots\" content=\"index, follow, max-snippet:-1, max-image-preview:large, max-video-preview:-1\" \/>\n<link rel=\"canonical\" href=\"https:\/\/www.africa-press.net\/cameroun\/politique\/cameroun-afrique-du-sud-revirement-le-grand-pourfendeur-de-la-relation-entre-la-france-et-ses-anciennes-colonies-achille-mbembe-accepte-de-participer-a-lorganisation-du-prochain-sommet-f\" \/>\n<meta property=\"og:locale\" content=\"fr_FR\" \/>\n<meta property=\"og:type\" content=\"article\" \/>\n<meta property=\"og:title\" content=\"Cameroun\/Afrique du Sud - Revirement: Le grand pourfendeur de la relation entre la France et ses anciennes colonies, Achille Mbembe, accepte de participer \u00e0 l\u2019organisation du prochain sommet France-Afrique\" \/>\n<meta property=\"og:description\" content=\"La prochaine \u00e9dition du sommet France-Afrique, pr\u00e9vue en juillet 2021 \u00e0 Montpellier, va compter parmi ses invit\u00e9s un pou ...\" \/>\n<meta property=\"og:url\" content=\"https:\/\/www.africa-press.net\/cameroun\/politique\/cameroun-afrique-du-sud-revirement-le-grand-pourfendeur-de-la-relation-entre-la-france-et-ses-anciennes-colonies-achille-mbembe-accepte-de-participer-a-lorganisation-du-prochain-sommet-f\" \/>\n<meta property=\"og:site_name\" content=\"Cameroun\" \/>\n<meta property=\"article:published_time\" content=\"2021-03-23T12:45:26+00:00\" \/>\n<meta property=\"article:modified_time\" content=\"2021-03-24T13:32:40+00:00\" \/>\n<meta property=\"og:image\" content=\"https:\/\/static.africa-press.net\/cameroun\/sites\/57\/2021\/03\/img-605b3f5fbef4f.jpg\" \/>\n\t<meta property=\"og:image:width\" content=\"800\" \/>\n\t<meta property=\"og:image:height\" content=\"449\" \/>\n\t<meta property=\"og:image:type\" content=\"image\/jpeg\" \/>\n<meta name=\"author\" content=\"cfeditorfr\" \/>\n<meta name=\"twitter:card\" content=\"summary_large_image\" \/>\n<meta name=\"twitter:label1\" content=\"\u00c9crit par\" \/>\n\t<meta name=\"twitter:data1\" content=\"cfeditorfr\" \/>\n\t<meta name=\"twitter:label2\" content=\"Dur\u00e9e de lecture estim\u00e9e\" \/>\n\t<meta name=\"twitter:data2\" content=\"3 minutes\" \/>\n<script type=\"application\/ld+json\" class=\"yoast-schema-graph\">{\"@context\":\"https:\/\/schema.org\",\"@graph\":[{\"@type\":\"Article\",\"@id\":\"https:\/\/www.africa-press.net\/cameroun\/politique\/cameroun-afrique-du-sud-revirement-le-grand-pourfendeur-de-la-relation-entre-la-france-et-ses-anciennes-colonies-achille-mbembe-accepte-de-participer-a-lorganisation-du-prochain-sommet-f#article\",\"isPartOf\":{\"@id\":\"https:\/\/www.africa-press.net\/cameroun\/politique\/cameroun-afrique-du-sud-revirement-le-grand-pourfendeur-de-la-relation-entre-la-france-et-ses-anciennes-colonies-achille-mbembe-accepte-de-participer-a-lorganisation-du-prochain-sommet-f\"},\"author\":{\"name\":\"cfeditorfr\",\"@id\":\"https:\/\/www.africa-press.net\/cameroun\/#\/schema\/person\/2b1cf3cd81a31e3cd26889ca66d677f1\"},\"headline\":\"Cameroun\/Afrique du Sud &#8211; Revirement: Le grand pourfendeur de la relation entre la France et ses anciennes colonies, Achille Mbembe, accepte de participer \u00e0 l\u2019organisation du prochain sommet France-Afrique\",\"datePublished\":\"2021-03-23T12:45:26+00:00\",\"dateModified\":\"2021-03-24T13:32:40+00:00\",\"mainEntityOfPage\":{\"@id\":\"https:\/\/www.africa-press.net\/cameroun\/politique\/cameroun-afrique-du-sud-revirement-le-grand-pourfendeur-de-la-relation-entre-la-france-et-ses-anciennes-colonies-achille-mbembe-accepte-de-participer-a-lorganisation-du-prochain-sommet-f\"},\"wordCount\":595,\"commentCount\":0,\"image\":{\"@id\":\"https:\/\/www.africa-press.net\/cameroun\/politique\/cameroun-afrique-du-sud-revirement-le-grand-pourfendeur-de-la-relation-entre-la-france-et-ses-anciennes-colonies-achille-mbembe-accepte-de-participer-a-lorganisation-du-prochain-sommet-f#primaryimage\"},\"thumbnailUrl\":\"https:\/\/static.africa-press.net\/cameroun\/sites\/57\/2021\/03\/img-605b3f5fbef4f.jpg\",\"keywords\":[\"Africa Press\",\"Africa Press-Cameroun\",\"Cameroun\"],\"articleSection\":[\"homepage-french\",\"Politique\",\"Toutes les actualit\u00e9s\"],\"inLanguage\":\"fr-FR\",\"potentialAction\":[{\"@type\":\"CommentAction\",\"name\":\"Comment\",\"target\":[\"https:\/\/www.africa-press.net\/cameroun\/politique\/cameroun-afrique-du-sud-revirement-le-grand-pourfendeur-de-la-relation-entre-la-france-et-ses-anciennes-colonies-achille-mbembe-accepte-de-participer-a-lorganisation-du-prochain-sommet-f#respond\"]}]},{\"@type\":\"WebPage\",\"@id\":\"https:\/\/www.africa-press.net\/cameroun\/politique\/cameroun-afrique-du-sud-revirement-le-grand-pourfendeur-de-la-relation-entre-la-france-et-ses-anciennes-colonies-achille-mbembe-accepte-de-participer-a-lorganisation-du-prochain-sommet-f\",\"url\":\"https:\/\/www.africa-press.net\/cameroun\/politique\/cameroun-afrique-du-sud-revirement-le-grand-pourfendeur-de-la-relation-entre-la-france-et-ses-anciennes-colonies-achille-mbembe-accepte-de-participer-a-lorganisation-du-prochain-sommet-f\",\"name\":\"Cameroun\/Afrique du Sud - Revirement: Le grand pourfendeur de la relation entre la France et ses anciennes colonies, Achille Mbembe, accepte de participer \u00e0 l\u2019organisation du prochain sommet France-Afrique - Cameroun\",\"isPartOf\":{\"@id\":\"https:\/\/www.africa-press.net\/cameroun\/#website\"},\"primaryImageOfPage\":{\"@id\":\"https:\/\/www.africa-press.net\/cameroun\/politique\/cameroun-afrique-du-sud-revirement-le-grand-pourfendeur-de-la-relation-entre-la-france-et-ses-anciennes-colonies-achille-mbembe-accepte-de-participer-a-lorganisation-du-prochain-sommet-f#primaryimage\"},\"image\":{\"@id\":\"https:\/\/www.africa-press.net\/cameroun\/politique\/cameroun-afrique-du-sud-revirement-le-grand-pourfendeur-de-la-relation-entre-la-france-et-ses-anciennes-colonies-achille-mbembe-accepte-de-participer-a-lorganisation-du-prochain-sommet-f#primaryimage\"},\"thumbnailUrl\":\"https:\/\/static.africa-press.net\/cameroun\/sites\/57\/2021\/03\/img-605b3f5fbef4f.jpg\",\"datePublished\":\"2021-03-23T12:45:26+00:00\",\"dateModified\":\"2021-03-24T13:32:40+00:00\",\"author\":{\"@id\":\"https:\/\/www.africa-press.net\/cameroun\/#\/schema\/person\/2b1cf3cd81a31e3cd26889ca66d677f1\"},\"description\":\"La prochaine \u00e9dition du sommet France-Afrique, pr\u00e9vue en juillet 2021 \u00e0 Montpellier, va compter parmi ses invit\u00e9s un pou ...\",\"breadcrumb\":{\"@id\":\"https:\/\/www.africa-press.net\/cameroun\/politique\/cameroun-afrique-du-sud-revirement-le-grand-pourfendeur-de-la-relation-entre-la-france-et-ses-anciennes-colonies-achille-mbembe-accepte-de-participer-a-lorganisation-du-prochain-sommet-f#breadcrumb\"},\"inLanguage\":\"fr-FR\",\"potentialAction\":[{\"@type\":\"ReadAction\",\"target\":[\"https:\/\/www.africa-press.net\/cameroun\/politique\/cameroun-afrique-du-sud-revirement-le-grand-pourfendeur-de-la-relation-entre-la-france-et-ses-anciennes-colonies-achille-mbembe-accepte-de-participer-a-lorganisation-du-prochain-sommet-f\"]}]},{\"@type\":\"ImageObject\",\"inLanguage\":\"fr-FR\",\"@id\":\"https:\/\/www.africa-press.net\/cameroun\/politique\/cameroun-afrique-du-sud-revirement-le-grand-pourfendeur-de-la-relation-entre-la-france-et-ses-anciennes-colonies-achille-mbembe-accepte-de-participer-a-lorganisation-du-prochain-sommet-f#primaryimage\",\"url\":\"https:\/\/static.africa-press.net\/cameroun\/sites\/57\/2021\/03\/img-605b3f5fbef4f.jpg\",\"contentUrl\":\"https:\/\/static.africa-press.net\/cameroun\/sites\/57\/2021\/03\/img-605b3f5fbef4f.jpg\",\"width\":800,\"height\":449,\"caption\":\"Cameroun\/Afrique du Sud - Revirement: Le grand pourfendeur de la relation entre la France et ses anciennes colonies, Achille Mbembe, accepte de participer \u00e0 l\u2019organisation du prochain sommet France-Afrique\"},{\"@type\":\"BreadcrumbList\",\"@id\":\"https:\/\/www.africa-press.net\/cameroun\/politique\/cameroun-afrique-du-sud-revirement-le-grand-pourfendeur-de-la-relation-entre-la-france-et-ses-anciennes-colonies-achille-mbembe-accepte-de-participer-a-lorganisation-du-prochain-sommet-f#breadcrumb\",\"itemListElement\":[{\"@type\":\"ListItem\",\"position\":1,\"name\":\"Accueil\",\"item\":\"https:\/\/www.africa-press.net\/cameroun\/\"},{\"@type\":\"ListItem\",\"position\":2,\"name\":\"Cameroun\/Afrique du Sud &#8211; Revirement: Le grand pourfendeur de la relation entre la France et ses anciennes colonies, Achille Mbembe, accepte de participer \u00e0 l\u2019organisation du prochain sommet France-Afrique\"}]},{\"@type\":\"WebSite\",\"@id\":\"https:\/\/www.africa-press.net\/cameroun\/#website\",\"url\":\"https:\/\/www.africa-press.net\/cameroun\/\",\"name\":\"Cameroun\",\"description\":\"Just another Africa News Agency Sites site\",\"potentialAction\":[{\"@type\":\"SearchAction\",\"target\":{\"@type\":\"EntryPoint\",\"urlTemplate\":\"https:\/\/www.africa-press.net\/cameroun\/?s={search_term_string}\"},\"query-input\":{\"@type\":\"PropertyValueSpecification\",\"valueRequired\":true,\"valueName\":\"search_term_string\"}}],\"inLanguage\":\"fr-FR\"},{\"@type\":\"Person\",\"@id\":\"https:\/\/www.africa-press.net\/cameroun\/#\/schema\/person\/2b1cf3cd81a31e3cd26889ca66d677f1\",\"name\":\"cfeditorfr\"}]}<\/script>\n<!-- \/ Yoast SEO Premium plugin. -->","yoast_head_json":{"title":"Cameroun\/Afrique du Sud - Revirement: Le grand pourfendeur de la relation entre la France et ses anciennes colonies, Achille Mbembe, accepte de participer \u00e0 l\u2019organisation du prochain sommet France-Afrique - Cameroun","description":"La prochaine \u00e9dition du sommet France-Afrique, pr\u00e9vue en juillet 2021 \u00e0 Montpellier, va compter parmi ses invit\u00e9s un pou ...","robots":{"index":"index","follow":"follow","max-snippet":"max-snippet:-1","max-image-preview":"max-image-preview:large","max-video-preview":"max-video-preview:-1"},"canonical":"https:\/\/www.africa-press.net\/cameroun\/politique\/cameroun-afrique-du-sud-revirement-le-grand-pourfendeur-de-la-relation-entre-la-france-et-ses-anciennes-colonies-achille-mbembe-accepte-de-participer-a-lorganisation-du-prochain-sommet-f","og_locale":"fr_FR","og_type":"article","og_title":"Cameroun\/Afrique du Sud - Revirement: Le grand pourfendeur de la relation entre la France et ses anciennes colonies, Achille Mbembe, accepte de participer \u00e0 l\u2019organisation du prochain sommet France-Afrique","og_description":"La prochaine \u00e9dition du sommet France-Afrique, pr\u00e9vue en juillet 2021 \u00e0 Montpellier, va compter parmi ses invit\u00e9s un pou ...","og_url":"https:\/\/www.africa-press.net\/cameroun\/politique\/cameroun-afrique-du-sud-revirement-le-grand-pourfendeur-de-la-relation-entre-la-france-et-ses-anciennes-colonies-achille-mbembe-accepte-de-participer-a-lorganisation-du-prochain-sommet-f","og_site_name":"Cameroun","article_published_time":"2021-03-23T12:45:26+00:00","article_modified_time":"2021-03-24T13:32:40+00:00","og_image":[{"width":800,"height":449,"url":"https:\/\/static.africa-press.net\/cameroun\/sites\/57\/2021\/03\/img-605b3f5fbef4f.jpg","type":"image\/jpeg"}],"author":"cfeditorfr","twitter_card":"summary_large_image","twitter_misc":{"\u00c9crit par":"cfeditorfr","Dur\u00e9e de lecture estim\u00e9e":"3 minutes"},"schema":{"@context":"https:\/\/schema.org","@graph":[{"@type":"Article","@id":"https:\/\/www.africa-press.net\/cameroun\/politique\/cameroun-afrique-du-sud-revirement-le-grand-pourfendeur-de-la-relation-entre-la-france-et-ses-anciennes-colonies-achille-mbembe-accepte-de-participer-a-lorganisation-du-prochain-sommet-f#article","isPartOf":{"@id":"https:\/\/www.africa-press.net\/cameroun\/politique\/cameroun-afrique-du-sud-revirement-le-grand-pourfendeur-de-la-relation-entre-la-france-et-ses-anciennes-colonies-achille-mbembe-accepte-de-participer-a-lorganisation-du-prochain-sommet-f"},"author":{"name":"cfeditorfr","@id":"https:\/\/www.africa-press.net\/cameroun\/#\/schema\/person\/2b1cf3cd81a31e3cd26889ca66d677f1"},"headline":"Cameroun\/Afrique du Sud &#8211; Revirement: Le grand pourfendeur de la relation entre la France et ses anciennes colonies, Achille Mbembe, accepte de participer \u00e0 l\u2019organisation du prochain sommet France-Afrique","datePublished":"2021-03-23T12:45:26+00:00","dateModified":"2021-03-24T13:32:40+00:00","mainEntityOfPage":{"@id":"https:\/\/www.africa-press.net\/cameroun\/politique\/cameroun-afrique-du-sud-revirement-le-grand-pourfendeur-de-la-relation-entre-la-france-et-ses-anciennes-colonies-achille-mbembe-accepte-de-participer-a-lorganisation-du-prochain-sommet-f"},"wordCount":595,"commentCount":0,"image":{"@id":"https:\/\/www.africa-press.net\/cameroun\/politique\/cameroun-afrique-du-sud-revirement-le-grand-pourfendeur-de-la-relation-entre-la-france-et-ses-anciennes-colonies-achille-mbembe-accepte-de-participer-a-lorganisation-du-prochain-sommet-f#primaryimage"},"thumbnailUrl":"https:\/\/static.africa-press.net\/cameroun\/sites\/57\/2021\/03\/img-605b3f5fbef4f.jpg","keywords":["Africa Press","Africa Press-Cameroun","Cameroun"],"articleSection":["homepage-french","Politique","Toutes les actualit\u00e9s"],"inLanguage":"fr-FR","potentialAction":[{"@type":"CommentAction","name":"Comment","target":["https:\/\/www.africa-press.net\/cameroun\/politique\/cameroun-afrique-du-sud-revirement-le-grand-pourfendeur-de-la-relation-entre-la-france-et-ses-anciennes-colonies-achille-mbembe-accepte-de-participer-a-lorganisation-du-prochain-sommet-f#respond"]}]},{"@type":"WebPage","@id":"https:\/\/www.africa-press.net\/cameroun\/politique\/cameroun-afrique-du-sud-revirement-le-grand-pourfendeur-de-la-relation-entre-la-france-et-ses-anciennes-colonies-achille-mbembe-accepte-de-participer-a-lorganisation-du-prochain-sommet-f","url":"https:\/\/www.africa-press.net\/cameroun\/politique\/cameroun-afrique-du-sud-revirement-le-grand-pourfendeur-de-la-relation-entre-la-france-et-ses-anciennes-colonies-achille-mbembe-accepte-de-participer-a-lorganisation-du-prochain-sommet-f","name":"Cameroun\/Afrique du Sud - Revirement: Le grand pourfendeur de la relation entre la France et ses anciennes colonies, Achille Mbembe, accepte de participer \u00e0 l\u2019organisation du prochain sommet France-Afrique - Cameroun","isPartOf":{"@id":"https:\/\/www.africa-press.net\/cameroun\/#website"},"primaryImageOfPage":{"@id":"https:\/\/www.africa-press.net\/cameroun\/politique\/cameroun-afrique-du-sud-revirement-le-grand-pourfendeur-de-la-relation-entre-la-france-et-ses-anciennes-colonies-achille-mbembe-accepte-de-participer-a-lorganisation-du-prochain-sommet-f#primaryimage"},"image":{"@id":"https:\/\/www.africa-press.net\/cameroun\/politique\/cameroun-afrique-du-sud-revirement-le-grand-pourfendeur-de-la-relation-entre-la-france-et-ses-anciennes-colonies-achille-mbembe-accepte-de-participer-a-lorganisation-du-prochain-sommet-f#primaryimage"},"thumbnailUrl":"https:\/\/static.africa-press.net\/cameroun\/sites\/57\/2021\/03\/img-605b3f5fbef4f.jpg","datePublished":"2021-03-23T12:45:26+00:00","dateModified":"2021-03-24T13:32:40+00:00","author":{"@id":"https:\/\/www.africa-press.net\/cameroun\/#\/schema\/person\/2b1cf3cd81a31e3cd26889ca66d677f1"},"description":"La prochaine \u00e9dition du sommet France-Afrique, pr\u00e9vue en juillet 2021 \u00e0 Montpellier, va compter parmi ses invit\u00e9s un pou ...","breadcrumb":{"@id":"https:\/\/www.africa-press.net\/cameroun\/politique\/cameroun-afrique-du-sud-revirement-le-grand-pourfendeur-de-la-relation-entre-la-france-et-ses-anciennes-colonies-achille-mbembe-accepte-de-participer-a-lorganisation-du-prochain-sommet-f#breadcrumb"},"inLanguage":"fr-FR","potentialAction":[{"@type":"ReadAction","target":["https:\/\/www.africa-press.net\/cameroun\/politique\/cameroun-afrique-du-sud-revirement-le-grand-pourfendeur-de-la-relation-entre-la-france-et-ses-anciennes-colonies-achille-mbembe-accepte-de-participer-a-lorganisation-du-prochain-sommet-f"]}]},{"@type":"ImageObject","inLanguage":"fr-FR","@id":"https:\/\/www.africa-press.net\/cameroun\/politique\/cameroun-afrique-du-sud-revirement-le-grand-pourfendeur-de-la-relation-entre-la-france-et-ses-anciennes-colonies-achille-mbembe-accepte-de-participer-a-lorganisation-du-prochain-sommet-f#primaryimage","url":"https:\/\/static.africa-press.net\/cameroun\/sites\/57\/2021\/03\/img-605b3f5fbef4f.jpg","contentUrl":"https:\/\/static.africa-press.net\/cameroun\/sites\/57\/2021\/03\/img-605b3f5fbef4f.jpg","width":800,"height":449,"caption":"Cameroun\/Afrique du Sud - Revirement: Le grand pourfendeur de la relation entre la France et ses anciennes colonies, Achille Mbembe, accepte de participer \u00e0 l\u2019organisation du prochain sommet France-Afrique"},{"@type":"BreadcrumbList","@id":"https:\/\/www.africa-press.net\/cameroun\/politique\/cameroun-afrique-du-sud-revirement-le-grand-pourfendeur-de-la-relation-entre-la-france-et-ses-anciennes-colonies-achille-mbembe-accepte-de-participer-a-lorganisation-du-prochain-sommet-f#breadcrumb","itemListElement":[{"@type":"ListItem","position":1,"name":"Accueil","item":"https:\/\/www.africa-press.net\/cameroun\/"},{"@type":"ListItem","position":2,"name":"Cameroun\/Afrique du Sud &#8211; Revirement: Le grand pourfendeur de la relation entre la France et ses anciennes colonies, Achille Mbembe, accepte de participer \u00e0 l\u2019organisation du prochain sommet France-Afrique"}]},{"@type":"WebSite","@id":"https:\/\/www.africa-press.net\/cameroun\/#website","url":"https:\/\/www.africa-press.net\/cameroun\/","name":"Cameroun","description":"Just another Africa News Agency Sites site","potentialAction":[{"@type":"SearchAction","target":{"@type":"EntryPoint","urlTemplate":"https:\/\/www.africa-press.net\/cameroun\/?s={search_term_string}"},"query-input":{"@type":"PropertyValueSpecification","valueRequired":true,"valueName":"search_term_string"}}],"inLanguage":"fr-FR"},{"@type":"Person","@id":"https:\/\/www.africa-press.net\/cameroun\/#\/schema\/person\/2b1cf3cd81a31e3cd26889ca66d677f1","name":"cfeditorfr"}]}},"_links":{"self":[{"href":"https:\/\/www.africa-press.net\/cameroun\/wp-json\/wp\/v2\/posts\/1745","targetHints":{"allow":["GET"]}}],"collection":[{"href":"https:\/\/www.africa-press.net\/cameroun\/wp-json\/wp\/v2\/posts"}],"about":[{"href":"https:\/\/www.africa-press.net\/cameroun\/wp-json\/wp\/v2\/types\/post"}],"author":[{"embeddable":true,"href":"https:\/\/www.africa-press.net\/cameroun\/wp-json\/wp\/v2\/users\/82"}],"replies":[{"embeddable":true,"href":"https:\/\/www.africa-press.net\/cameroun\/wp-json\/wp\/v2\/comments?post=1745"}],"version-history":[{"count":0,"href":"https:\/\/www.africa-press.net\/cameroun\/wp-json\/wp\/v2\/posts\/1745\/revisions"}],"wp:featuredmedia":[{"embeddable":true,"href":"https:\/\/www.africa-press.net\/cameroun\/wp-json\/wp\/v2\/media\/1744"}],"wp:attachment":[{"href":"https:\/\/www.africa-press.net\/cameroun\/wp-json\/wp\/v2\/media?parent=1745"}],"wp:term":[{"taxonomy":"category","embeddable":true,"href":"https:\/\/www.africa-press.net\/cameroun\/wp-json\/wp\/v2\/categories?post=1745"},{"taxonomy":"post_tag","embeddable":true,"href":"https:\/\/www.africa-press.net\/cameroun\/wp-json\/wp\/v2\/tags?post=1745"}],"curies":[{"name":"wp","href":"https:\/\/api.w.org\/{rel}","templated":true}]}}