{"id":1751,"date":"2021-03-23T12:57:43","date_gmt":"2021-03-23T12:57:43","guid":{"rendered":"https:\/\/www.africa-press.net\/cameroun\/politique\/cameroun-operation-epervier-le-professeur-gervais-mendo-ze-bientot-libre"},"modified":"2021-03-24T13:33:57","modified_gmt":"2021-03-24T13:33:57","slug":"cameroun-operation-epervier-le-professeur-gervais-mendo-ze-bientot-libre","status":"publish","type":"post","link":"https:\/\/www.africa-press.net\/cameroun\/toutes-les-actualites\/cameroun-operation-epervier-le-professeur-gervais-mendo-ze-bientot-libre","title":{"rendered":"Cameroun \u2013 Op\u00e9ration \u00e9pervier : Le Professeur Gervais Mendo Ze bient\u00f4t libre ?"},"content":{"rendered":"<p><span style=\"color: #ff6600\"><strong><a href=\"https:\/\/www.africa-press.net\/\">Africa-Press<\/a> &#8211; <a href=\"https:\/\/www.africa-press.net\/cameroun\">Cameroun<\/a>. <\/strong><\/span>En d\u00e9pit de sa grave maladie, le Professeur Gervais Mendo Ze demeure jusqu\u2019\u00e0 pr\u00e9sent, un pensionnaire de la tristement c\u00e9l\u00e8bre prison centrale de Yaound\u00e9 au quartier Kondengui.<\/p>\n<p>Toutefois, des sources cr\u00e9dibles confient sous le manteau depuis cette nuit du mardi 23 mars 2021, que le Pr\u00e9sident de la R\u00e9publique, Paul Biya, a ordonn\u00e9 la lib\u00e9ration de celui qui a dirig\u00e9 la Cameroon Radio and Television pendant dix-sept ans, afin de lui permettre d\u2019aller se faire soigner. \u00ab Vous parlez de lib\u00e9ration ou d\u2019\u00e9vacuation sanitaire ? Dans tous les cas, le pr\u00e9sident s\u2019est effectivement montr\u00e9 sensible \u00e0 sa situation. Il a d\u00e9cid\u00e9 de faire quelque chose. Le texte est appr\u00eat\u00e9, il sera sign\u00e9 en principe demain sauf changement, et vous aurez la bonne information. Pour le moment, rien n\u2019est fait \u00bb a r\u00e9agi une source \u00e0 la pr\u00e9sidence de la R\u00e9publique, pendant un \u00e9change t\u00e9l\u00e9phonique avec Cameroon-info.net sur la situation actuelle de l\u2019ancien DG de la CRTV.<\/p>\n<p>\u00c2g\u00e9 de 77 ans, cela fait sept ans que Gervais Mendo Ze vit en prison. Cet ancien ministre d\u00e9l\u00e9gu\u00e9 au minist\u00e8re de la communication, avait \u00e9t\u00e9 condamn\u00e9 derri\u00e8re les barreaux, pr\u00e9cis\u00e9ment au Tribunal criminel sp\u00e9cial \u00e0 Yaound\u00e9, \u00e0 vingt ans de prison ferme pour d\u00e9tournement de fonds publics pendant son long magist\u00e8re \u00e0 la t\u00eate de la CRTV.<\/p>\n<p>Ces derniers temps, l\u2019\u00e9tat de sant\u00e9 de l\u2019homme des lettres et fervent croyant s\u2019est consid\u00e9rablement d\u00e9grad\u00e9. Les images montrant un homme d\u00e9j\u00e0 \u00e0 l\u2019article de la mort, ont \u00e9t\u00e9 abondamment partag\u00e9es sur les r\u00e9seaux sociaux, suscitant un vif \u00e9moi au sein du public.<\/p>\n<p>La famille de Gervais Mendo Ze a longtemps suppli\u00e9 le Chef de l\u2019Etat pour qu\u2019il ordonne une \u00e9vacuation sanitaire de son ex fid\u00e8le serviteur. Cette imploration est rest\u00e9e jusqu\u2019ici sans \u00e9cho.<\/p>\n","protected":false},"excerpt":{"rendered":"<p>Africa-Press &#8211; Cameroun. En d\u00e9pit de sa grave maladie, le Professeur Gervais Mendo Ze demeure jusqu\u2019\u00e0 pr\u00e9sent, un pensionnaire de la tristement c\u00e9l\u00e8bre prison centrale de Yaound\u00e9 au quartier Kondengui. Toutefois, des sources cr\u00e9dibles confient sous le manteau depuis cette nuit du mardi 23 mars 2021, que le Pr\u00e9sident de la R\u00e9publique, Paul Biya, a [&hellip;]<\/p>\n","protected":false},"author":82,"featured_media":1750,"comment_status":"open","ping_status":"closed","sticky":false,"template":"","format":"standard","meta":{"footnotes":""},"categories":[21,11,10],"tags":[36,50,49],"class_list":["post-1751","post","type-post","status-publish","format-standard","has-post-thumbnail","hentry","category-communaute","category-homepage-french","category-toutes-les-actualites","tag-africa-press","tag-africa-press-cameroun","tag-cameroun"],"yoast_head":"<!-- This site is optimized with the Yoast SEO Premium plugin v26.1 (Yoast SEO v27.0) - https:\/\/yoast.com\/product\/yoast-seo-premium-wordpress\/ -->\n<title>Cameroun \u2013 Op\u00e9ration \u00e9pervier : Le Professeur Gervais Mendo Ze bient\u00f4t libre ? - Cameroun<\/title>\n<meta name=\"description\" content=\"En d\u00e9pit de sa grave maladie, le Professeur Gervais Mendo Ze demeure jusqu\u2019\u00e0 pr\u00e9sent, un pensionnaire de la tristement c ...\" \/>\n<meta name=\"robots\" content=\"index, follow, max-snippet:-1, max-image-preview:large, max-video-preview:-1\" \/>\n<link rel=\"canonical\" href=\"https:\/\/www.africa-press.net\/cameroun\/toutes-les-actualites\/cameroun-operation-epervier-le-professeur-gervais-mendo-ze-bientot-libre\" \/>\n<meta property=\"og:locale\" content=\"fr_FR\" \/>\n<meta property=\"og:type\" content=\"article\" \/>\n<meta property=\"og:title\" content=\"Cameroun \u2013 Op\u00e9ration \u00e9pervier : Le Professeur Gervais Mendo Ze bient\u00f4t libre ?\" \/>\n<meta property=\"og:description\" content=\"En d\u00e9pit de sa grave maladie, le Professeur Gervais Mendo Ze demeure jusqu\u2019\u00e0 pr\u00e9sent, un pensionnaire de la tristement c ...\" \/>\n<meta property=\"og:url\" content=\"https:\/\/www.africa-press.net\/cameroun\/toutes-les-actualites\/cameroun-operation-epervier-le-professeur-gervais-mendo-ze-bientot-libre\" \/>\n<meta property=\"og:site_name\" content=\"Cameroun\" \/>\n<meta property=\"article:published_time\" content=\"2021-03-23T12:57:43+00:00\" \/>\n<meta property=\"article:modified_time\" content=\"2021-03-24T13:33:57+00:00\" \/>\n<meta property=\"og:image\" content=\"https:\/\/static.africa-press.net\/cameroun\/sites\/57\/2021\/03\/img-605b3fad7e17f.jpg\" \/>\n\t<meta property=\"og:image:width\" content=\"800\" \/>\n\t<meta property=\"og:image:height\" content=\"993\" \/>\n\t<meta property=\"og:image:type\" content=\"image\/jpeg\" \/>\n<meta name=\"author\" content=\"cfeditorfr\" \/>\n<meta name=\"twitter:card\" content=\"summary_large_image\" \/>\n<meta name=\"twitter:label1\" content=\"\u00c9crit par\" \/>\n\t<meta name=\"twitter:data1\" content=\"cfeditorfr\" \/>\n\t<meta name=\"twitter:label2\" content=\"Dur\u00e9e de lecture estim\u00e9e\" \/>\n\t<meta name=\"twitter:data2\" content=\"2 minutes\" \/>\n<script type=\"application\/ld+json\" class=\"yoast-schema-graph\">{\"@context\":\"https:\/\/schema.org\",\"@graph\":[{\"@type\":\"Article\",\"@id\":\"https:\/\/www.africa-press.net\/cameroun\/toutes-les-actualites\/cameroun-operation-epervier-le-professeur-gervais-mendo-ze-bientot-libre#article\",\"isPartOf\":{\"@id\":\"https:\/\/www.africa-press.net\/cameroun\/toutes-les-actualites\/cameroun-operation-epervier-le-professeur-gervais-mendo-ze-bientot-libre\"},\"author\":{\"name\":\"cfeditorfr\",\"@id\":\"https:\/\/www.africa-press.net\/cameroun\/#\/schema\/person\/2b1cf3cd81a31e3cd26889ca66d677f1\"},\"headline\":\"Cameroun \u2013 Op\u00e9ration \u00e9pervier : Le Professeur Gervais Mendo Ze bient\u00f4t libre ?\",\"datePublished\":\"2021-03-23T12:57:43+00:00\",\"dateModified\":\"2021-03-24T13:33:57+00:00\",\"mainEntityOfPage\":{\"@id\":\"https:\/\/www.africa-press.net\/cameroun\/toutes-les-actualites\/cameroun-operation-epervier-le-professeur-gervais-mendo-ze-bientot-libre\"},\"wordCount\":338,\"commentCount\":0,\"image\":{\"@id\":\"https:\/\/www.africa-press.net\/cameroun\/toutes-les-actualites\/cameroun-operation-epervier-le-professeur-gervais-mendo-ze-bientot-libre#primaryimage\"},\"thumbnailUrl\":\"https:\/\/static.africa-press.net\/cameroun\/sites\/57\/2021\/03\/img-605b3fad7e17f.jpg\",\"keywords\":[\"Africa Press\",\"Africa Press-Cameroun\",\"Cameroun\"],\"articleSection\":[\"Communaut\u00e9\",\"homepage-french\",\"Toutes les actualit\u00e9s\"],\"inLanguage\":\"fr-FR\",\"potentialAction\":[{\"@type\":\"CommentAction\",\"name\":\"Comment\",\"target\":[\"https:\/\/www.africa-press.net\/cameroun\/toutes-les-actualites\/cameroun-operation-epervier-le-professeur-gervais-mendo-ze-bientot-libre#respond\"]}]},{\"@type\":\"WebPage\",\"@id\":\"https:\/\/www.africa-press.net\/cameroun\/toutes-les-actualites\/cameroun-operation-epervier-le-professeur-gervais-mendo-ze-bientot-libre\",\"url\":\"https:\/\/www.africa-press.net\/cameroun\/toutes-les-actualites\/cameroun-operation-epervier-le-professeur-gervais-mendo-ze-bientot-libre\",\"name\":\"Cameroun \u2013 Op\u00e9ration \u00e9pervier : Le Professeur Gervais Mendo Ze bient\u00f4t libre ? - Cameroun\",\"isPartOf\":{\"@id\":\"https:\/\/www.africa-press.net\/cameroun\/#website\"},\"primaryImageOfPage\":{\"@id\":\"https:\/\/www.africa-press.net\/cameroun\/toutes-les-actualites\/cameroun-operation-epervier-le-professeur-gervais-mendo-ze-bientot-libre#primaryimage\"},\"image\":{\"@id\":\"https:\/\/www.africa-press.net\/cameroun\/toutes-les-actualites\/cameroun-operation-epervier-le-professeur-gervais-mendo-ze-bientot-libre#primaryimage\"},\"thumbnailUrl\":\"https:\/\/static.africa-press.net\/cameroun\/sites\/57\/2021\/03\/img-605b3fad7e17f.jpg\",\"datePublished\":\"2021-03-23T12:57:43+00:00\",\"dateModified\":\"2021-03-24T13:33:57+00:00\",\"author\":{\"@id\":\"https:\/\/www.africa-press.net\/cameroun\/#\/schema\/person\/2b1cf3cd81a31e3cd26889ca66d677f1\"},\"description\":\"En d\u00e9pit de sa grave maladie, le Professeur Gervais Mendo Ze demeure jusqu\u2019\u00e0 pr\u00e9sent, un pensionnaire de la tristement c ...\",\"breadcrumb\":{\"@id\":\"https:\/\/www.africa-press.net\/cameroun\/toutes-les-actualites\/cameroun-operation-epervier-le-professeur-gervais-mendo-ze-bientot-libre#breadcrumb\"},\"inLanguage\":\"fr-FR\",\"potentialAction\":[{\"@type\":\"ReadAction\",\"target\":[\"https:\/\/www.africa-press.net\/cameroun\/toutes-les-actualites\/cameroun-operation-epervier-le-professeur-gervais-mendo-ze-bientot-libre\"]}]},{\"@type\":\"ImageObject\",\"inLanguage\":\"fr-FR\",\"@id\":\"https:\/\/www.africa-press.net\/cameroun\/toutes-les-actualites\/cameroun-operation-epervier-le-professeur-gervais-mendo-ze-bientot-libre#primaryimage\",\"url\":\"https:\/\/static.africa-press.net\/cameroun\/sites\/57\/2021\/03\/img-605b3fad7e17f.jpg\",\"contentUrl\":\"https:\/\/static.africa-press.net\/cameroun\/sites\/57\/2021\/03\/img-605b3fad7e17f.jpg\",\"width\":800,\"height\":993,\"caption\":\"Cameroun \u2013 Op\u00e9ration \u00e9pervier : Le Professeur Gervais Mendo Ze bient\u00f4t libre ?\"},{\"@type\":\"BreadcrumbList\",\"@id\":\"https:\/\/www.africa-press.net\/cameroun\/toutes-les-actualites\/cameroun-operation-epervier-le-professeur-gervais-mendo-ze-bientot-libre#breadcrumb\",\"itemListElement\":[{\"@type\":\"ListItem\",\"position\":1,\"name\":\"Accueil\",\"item\":\"https:\/\/www.africa-press.net\/cameroun\/\"},{\"@type\":\"ListItem\",\"position\":2,\"name\":\"Cameroun \u2013 Op\u00e9ration \u00e9pervier : Le Professeur Gervais Mendo Ze bient\u00f4t libre ?\"}]},{\"@type\":\"WebSite\",\"@id\":\"https:\/\/www.africa-press.net\/cameroun\/#website\",\"url\":\"https:\/\/www.africa-press.net\/cameroun\/\",\"name\":\"Cameroun\",\"description\":\"Just another Africa News Agency Sites site\",\"potentialAction\":[{\"@type\":\"SearchAction\",\"target\":{\"@type\":\"EntryPoint\",\"urlTemplate\":\"https:\/\/www.africa-press.net\/cameroun\/?s={search_term_string}\"},\"query-input\":{\"@type\":\"PropertyValueSpecification\",\"valueRequired\":true,\"valueName\":\"search_term_string\"}}],\"inLanguage\":\"fr-FR\"},{\"@type\":\"Person\",\"@id\":\"https:\/\/www.africa-press.net\/cameroun\/#\/schema\/person\/2b1cf3cd81a31e3cd26889ca66d677f1\",\"name\":\"cfeditorfr\"}]}<\/script>\n<!-- \/ Yoast SEO Premium plugin. -->","yoast_head_json":{"title":"Cameroun \u2013 Op\u00e9ration \u00e9pervier : Le Professeur Gervais Mendo Ze bient\u00f4t libre ? - Cameroun","description":"En d\u00e9pit de sa grave maladie, le Professeur Gervais Mendo Ze demeure jusqu\u2019\u00e0 pr\u00e9sent, un pensionnaire de la tristement c ...","robots":{"index":"index","follow":"follow","max-snippet":"max-snippet:-1","max-image-preview":"max-image-preview:large","max-video-preview":"max-video-preview:-1"},"canonical":"https:\/\/www.africa-press.net\/cameroun\/toutes-les-actualites\/cameroun-operation-epervier-le-professeur-gervais-mendo-ze-bientot-libre","og_locale":"fr_FR","og_type":"article","og_title":"Cameroun \u2013 Op\u00e9ration \u00e9pervier : Le Professeur Gervais Mendo Ze bient\u00f4t libre ?","og_description":"En d\u00e9pit de sa grave maladie, le Professeur Gervais Mendo Ze demeure jusqu\u2019\u00e0 pr\u00e9sent, un pensionnaire de la tristement c ...","og_url":"https:\/\/www.africa-press.net\/cameroun\/toutes-les-actualites\/cameroun-operation-epervier-le-professeur-gervais-mendo-ze-bientot-libre","og_site_name":"Cameroun","article_published_time":"2021-03-23T12:57:43+00:00","article_modified_time":"2021-03-24T13:33:57+00:00","og_image":[{"width":800,"height":993,"url":"https:\/\/static.africa-press.net\/cameroun\/sites\/57\/2021\/03\/img-605b3fad7e17f.jpg","type":"image\/jpeg"}],"author":"cfeditorfr","twitter_card":"summary_large_image","twitter_misc":{"\u00c9crit par":"cfeditorfr","Dur\u00e9e de lecture estim\u00e9e":"2 minutes"},"schema":{"@context":"https:\/\/schema.org","@graph":[{"@type":"Article","@id":"https:\/\/www.africa-press.net\/cameroun\/toutes-les-actualites\/cameroun-operation-epervier-le-professeur-gervais-mendo-ze-bientot-libre#article","isPartOf":{"@id":"https:\/\/www.africa-press.net\/cameroun\/toutes-les-actualites\/cameroun-operation-epervier-le-professeur-gervais-mendo-ze-bientot-libre"},"author":{"name":"cfeditorfr","@id":"https:\/\/www.africa-press.net\/cameroun\/#\/schema\/person\/2b1cf3cd81a31e3cd26889ca66d677f1"},"headline":"Cameroun \u2013 Op\u00e9ration \u00e9pervier : Le Professeur Gervais Mendo Ze bient\u00f4t libre ?","datePublished":"2021-03-23T12:57:43+00:00","dateModified":"2021-03-24T13:33:57+00:00","mainEntityOfPage":{"@id":"https:\/\/www.africa-press.net\/cameroun\/toutes-les-actualites\/cameroun-operation-epervier-le-professeur-gervais-mendo-ze-bientot-libre"},"wordCount":338,"commentCount":0,"image":{"@id":"https:\/\/www.africa-press.net\/cameroun\/toutes-les-actualites\/cameroun-operation-epervier-le-professeur-gervais-mendo-ze-bientot-libre#primaryimage"},"thumbnailUrl":"https:\/\/static.africa-press.net\/cameroun\/sites\/57\/2021\/03\/img-605b3fad7e17f.jpg","keywords":["Africa Press","Africa Press-Cameroun","Cameroun"],"articleSection":["Communaut\u00e9","homepage-french","Toutes les actualit\u00e9s"],"inLanguage":"fr-FR","potentialAction":[{"@type":"CommentAction","name":"Comment","target":["https:\/\/www.africa-press.net\/cameroun\/toutes-les-actualites\/cameroun-operation-epervier-le-professeur-gervais-mendo-ze-bientot-libre#respond"]}]},{"@type":"WebPage","@id":"https:\/\/www.africa-press.net\/cameroun\/toutes-les-actualites\/cameroun-operation-epervier-le-professeur-gervais-mendo-ze-bientot-libre","url":"https:\/\/www.africa-press.net\/cameroun\/toutes-les-actualites\/cameroun-operation-epervier-le-professeur-gervais-mendo-ze-bientot-libre","name":"Cameroun \u2013 Op\u00e9ration \u00e9pervier : Le Professeur Gervais Mendo Ze bient\u00f4t libre ? - Cameroun","isPartOf":{"@id":"https:\/\/www.africa-press.net\/cameroun\/#website"},"primaryImageOfPage":{"@id":"https:\/\/www.africa-press.net\/cameroun\/toutes-les-actualites\/cameroun-operation-epervier-le-professeur-gervais-mendo-ze-bientot-libre#primaryimage"},"image":{"@id":"https:\/\/www.africa-press.net\/cameroun\/toutes-les-actualites\/cameroun-operation-epervier-le-professeur-gervais-mendo-ze-bientot-libre#primaryimage"},"thumbnailUrl":"https:\/\/static.africa-press.net\/cameroun\/sites\/57\/2021\/03\/img-605b3fad7e17f.jpg","datePublished":"2021-03-23T12:57:43+00:00","dateModified":"2021-03-24T13:33:57+00:00","author":{"@id":"https:\/\/www.africa-press.net\/cameroun\/#\/schema\/person\/2b1cf3cd81a31e3cd26889ca66d677f1"},"description":"En d\u00e9pit de sa grave maladie, le Professeur Gervais Mendo Ze demeure jusqu\u2019\u00e0 pr\u00e9sent, un pensionnaire de la tristement c ...","breadcrumb":{"@id":"https:\/\/www.africa-press.net\/cameroun\/toutes-les-actualites\/cameroun-operation-epervier-le-professeur-gervais-mendo-ze-bientot-libre#breadcrumb"},"inLanguage":"fr-FR","potentialAction":[{"@type":"ReadAction","target":["https:\/\/www.africa-press.net\/cameroun\/toutes-les-actualites\/cameroun-operation-epervier-le-professeur-gervais-mendo-ze-bientot-libre"]}]},{"@type":"ImageObject","inLanguage":"fr-FR","@id":"https:\/\/www.africa-press.net\/cameroun\/toutes-les-actualites\/cameroun-operation-epervier-le-professeur-gervais-mendo-ze-bientot-libre#primaryimage","url":"https:\/\/static.africa-press.net\/cameroun\/sites\/57\/2021\/03\/img-605b3fad7e17f.jpg","contentUrl":"https:\/\/static.africa-press.net\/cameroun\/sites\/57\/2021\/03\/img-605b3fad7e17f.jpg","width":800,"height":993,"caption":"Cameroun \u2013 Op\u00e9ration \u00e9pervier : Le Professeur Gervais Mendo Ze bient\u00f4t libre ?"},{"@type":"BreadcrumbList","@id":"https:\/\/www.africa-press.net\/cameroun\/toutes-les-actualites\/cameroun-operation-epervier-le-professeur-gervais-mendo-ze-bientot-libre#breadcrumb","itemListElement":[{"@type":"ListItem","position":1,"name":"Accueil","item":"https:\/\/www.africa-press.net\/cameroun\/"},{"@type":"ListItem","position":2,"name":"Cameroun \u2013 Op\u00e9ration \u00e9pervier : Le Professeur Gervais Mendo Ze bient\u00f4t libre ?"}]},{"@type":"WebSite","@id":"https:\/\/www.africa-press.net\/cameroun\/#website","url":"https:\/\/www.africa-press.net\/cameroun\/","name":"Cameroun","description":"Just another Africa News Agency Sites site","potentialAction":[{"@type":"SearchAction","target":{"@type":"EntryPoint","urlTemplate":"https:\/\/www.africa-press.net\/cameroun\/?s={search_term_string}"},"query-input":{"@type":"PropertyValueSpecification","valueRequired":true,"valueName":"search_term_string"}}],"inLanguage":"fr-FR"},{"@type":"Person","@id":"https:\/\/www.africa-press.net\/cameroun\/#\/schema\/person\/2b1cf3cd81a31e3cd26889ca66d677f1","name":"cfeditorfr"}]}},"_links":{"self":[{"href":"https:\/\/www.africa-press.net\/cameroun\/wp-json\/wp\/v2\/posts\/1751","targetHints":{"allow":["GET"]}}],"collection":[{"href":"https:\/\/www.africa-press.net\/cameroun\/wp-json\/wp\/v2\/posts"}],"about":[{"href":"https:\/\/www.africa-press.net\/cameroun\/wp-json\/wp\/v2\/types\/post"}],"author":[{"embeddable":true,"href":"https:\/\/www.africa-press.net\/cameroun\/wp-json\/wp\/v2\/users\/82"}],"replies":[{"embeddable":true,"href":"https:\/\/www.africa-press.net\/cameroun\/wp-json\/wp\/v2\/comments?post=1751"}],"version-history":[{"count":0,"href":"https:\/\/www.africa-press.net\/cameroun\/wp-json\/wp\/v2\/posts\/1751\/revisions"}],"wp:featuredmedia":[{"embeddable":true,"href":"https:\/\/www.africa-press.net\/cameroun\/wp-json\/wp\/v2\/media\/1750"}],"wp:attachment":[{"href":"https:\/\/www.africa-press.net\/cameroun\/wp-json\/wp\/v2\/media?parent=1751"}],"wp:term":[{"taxonomy":"category","embeddable":true,"href":"https:\/\/www.africa-press.net\/cameroun\/wp-json\/wp\/v2\/categories?post=1751"},{"taxonomy":"post_tag","embeddable":true,"href":"https:\/\/www.africa-press.net\/cameroun\/wp-json\/wp\/v2\/tags?post=1751"}],"curies":[{"name":"wp","href":"https:\/\/api.w.org\/{rel}","templated":true}]}}