{"id":1757,"date":"2021-03-23T13:12:54","date_gmt":"2021-03-23T13:12:54","guid":{"rendered":"https:\/\/www.africa-press.net\/cameroun\/politique\/persecute-sismondi-bidjocka-menace-ferdinand-ngoh-ngoh"},"modified":"2021-03-24T13:35:07","modified_gmt":"2021-03-24T13:35:07","slug":"persecute-sismondi-bidjocka-menace-ferdinand-ngoh-ngoh","status":"publish","type":"post","link":"https:\/\/www.africa-press.net\/cameroun\/politique\/persecute-sismondi-bidjocka-menace-ferdinand-ngoh-ngoh","title":{"rendered":"Pers\u00e9cut\u00e9, Sismondi Bidjocka menace Ferdinand Ngoh Ngoh"},"content":{"rendered":"<p><span style=\"color: #ff6600\"><strong><a href=\"https:\/\/www.africa-press.net\/\">Africa-Press<\/a> &#8211; <a href=\"https:\/\/www.africa-press.net\/cameroun\">Cameroun<\/a>. <\/strong><\/span>S\u2019en est de trop pour Sismondi Bidjocka. Le journaliste de RIS radio a re\u00e7u hier une troisi\u00e8me convocation pour comparaitre au SED. Se sentant traqu\u00e9, il menace \u00e0 son tour les autorit\u00e9s gouvernementales. Selon Sismondji, le Secr\u00e9taire g\u00e9n\u00e9ral \u00e0 la pr\u00e9sidence Ferdinand Ngoh Ngoh est la cause de ses malheurs.<\/p>\n<p>\u00ab Depuis d\u00e9j\u00e0 deux semaines, quelqu&rsquo;un s&rsquo;amuse \u00e0 me casser psychologiquement parce qu&rsquo;il a le pouvoir (\u2026) Un journaliste faible arr\u00eatera simplement d\u2019\u00e9crire devant un tel harc\u00e8lement. (\u2026) Ne jouez pas avec les allumettes dans une chambre \u00e0 gaz. Je servi ce pays loyalement, et je ne permettrai \u00e0 personne venu de l\u2019ext\u00e9rieur, user du pouvoir pour m\u2019attaquer \u00bb.<\/p>\n<p>Sismondi Bidjocka est convaincu que le SG de la pr\u00e9sidence de la R\u00e9publique lui en veut pour son \u00e9ditorial du 5 mars 2021 dans lequel il \u00e9voque les relations compliqu\u00e9es entre Ferdinand Ngoh Ngoh et certains ministres du gouvernement.<br \/>\nChoses curieux, au m\u00eame moment que le journaliste re\u00e7oit les pressions du SED, l\u2019invit\u00e9 r\u00e9gulier de son \u00e9mission \u00ab Jeudi politique \u00bb Nyamding Messanga broie le noir. D\u00e9barqu\u00e9 de l\u2019IRIC il est largu\u00e9 dans l\u2019Extr\u00eame-Nord du pays. Lui aussi accuse Ferdinang Ngoh Ngoh d\u2019\u00eatre la cause de sa descente aux enfers.<\/p>\n<p>CamerounWeb vous propose le dernier \u00e9ditorial de Sismondi Bidjocka<\/p>\n<p>Je saisi l\u2019occasion de cet \u00e9ditorial pour vous parler du pouvoir. Mais avant, \u00e9voquons quelques pr\u00e9ceptes. L\u2019un rescap\u00e9 d\u2019Auschwitz Cam de concentration NAZI Simon Gutman dans l\u2019un de ses t\u00e9moignages affirmait \u00ab QUE l\u2019\u00eatre humain est capable des pires atrocit\u00e9s. Mettez-le dans une circonstance particuli\u00e8re et vous obtiendrez pire qu\u2019un animal \u00bb et l\u2019ancien pr\u00e9sident Am\u00e9ricain Abraham Lincoln de conclure \u00ab Presque tous les hommes peuvent faire face \u00e0 l\u2019adversit\u00e9 ; mais si vous voulez vraiment tester la capacit\u00e9 de quelqu\u2019un, donnez-lui le pouvoir \u00bb.<\/p>\n<p>Madame Monsieur chers auditeurs Bonjour !<\/p>\n<p>Le pouvoir est enivrant, et jouissif et dangereux. Entre les mains d\u2019un insens\u00e9, il peut rendre fou. Nous avons ainsi v\u00e9cu dans l\u2019histoire de l\u2019humanit\u00e9 des empereurs, des rois, des reines, des pr\u00e9sidents et autres qui ont vu jou\u00e9 avec le pouvoir ; cons\u00e9quence, \u00e7a leurs a exploser entre les mains ; Adolf Hitler, Nicolas Ceuacescu, N\u00e9ron, voil\u00e0 un \u00e9chantillon de ces gens qui ont perdu la t\u00eate avec le pouvoir.<\/p>\n<p>Depuis d\u00e9j\u00e0 deux semaines, quelqu\u2019un s\u2019amuse \u00e0 me casser psychologiquement PARCE QU\u2019IL A LE POUVOIR. Vous savez, un journaliste faible arr\u00eatera simplement d\u2019\u00e9crire devant un tel harc\u00e8lement. Mais moi je suis un patriote qui respecte son pays et ses lois. Je suis surtout un \u00eatre humain, et il y a des limites de tension capable de cr\u00e9er non pas un g\u00e9nocide comme la SHOAH, mais l\u2019apocalypse qui si vous tirez trop sur la corde. Ne jouez pas avec les allumettes dans une chambre \u00e0 gaz. Je servi ce pays loyalement, et je ne permettrai \u00e0 personne venu de l\u2019ext\u00e9rieur, user du pouvoir pour m\u2019attaquer. Surtout dans un environnement tendu comme le n\u00f4tre, une seule \u00e9tinc\u00e8le peut produire un enchainement que vous n\u2019aviez pas pr\u00e9vu. En renversant le plateau de pommes de Mohammed Bouazizi, les autorit\u00e9s Tunisiens ne se doutaient qu\u2019elles venaient d\u2019allumer la m\u00e8che d\u2019un printemps arabe qui a brul\u00e9, calcin\u00e9 des pays arabes de l\u2019Afrique du nord.<\/p>\n<p>S\u2019amuser \u00e0 jouer avec une grenade d\u00e9goupiller, c\u2019est bien \u00e9videmment insens\u00e9. Le pouvoir ne doit pas servir des vengeances l\u00e2ches et personnelles. Le philosophe Taoiste \u00e9tait formel, si vous voulez la vengeance \u00e0 tout prix et \u00e0 tous les prix, creusez deux tombes.<\/p>\n<p>Je me suis rendu au SED \u00e0 DEUX REPRISES, o\u00f9 j\u2019ai appris que c\u2019est le SGPR, le ministre d\u2019\u00e9tat secr\u00e9taire g\u00e9n\u00e9ral de la pr\u00e9sidence de la r\u00e9publique qui d\u00e9ploie sur moi sa toute-puissance parce que pas content de mon \u00e9ditorial du vendredi 05 mars 2021 ; sa col\u00e8re venant du fait que je dise que plusieurs ministre ne s\u2019entendent pas vraiment avec lui qui est l\u2019interface cl\u00e9 entre le pr\u00e9sident et ses ministres. Et que certains abusent de l\u2019expression SOUS HAUTE INSTRUCTION DU PRESIDENT pour r\u00e9gler des affaires personnelles ?<br \/>\nJe suis journaliste, un vrai journaliste au service de la r\u00e9publique. Mon r\u00f4le en tant que tel est de r\u00e9v\u00e9ler ce qui veut \u00eatre cach\u00e9 dans le but d\u2019arranger, d\u00e9noncer les abus pour susciter les changements, \u00e9clairer le peuple sur des enjeux pr\u00e9sents, ou \u00e0 venir ;<\/p>\n<p>(SED, POLICE, MINCOM CNC,) ce sont des appareils d\u2019\u00e9tat qui sont ainsi mobilis\u00e9s pour me traiter comme dans une v\u00e9ritable dictature. Je me suis expliqu\u00e9 devant tous ces acteurs, mais je me demande encore ce que veut le SED en pourchassant un journaliste qui a bien fait son travail ; \u00e9ditorial que je referai exactement de la m\u00eame mani\u00e8re s\u2019il fallait le refaire. Ce sont pourtant les m\u00eames qui s\u2019esclaffent de plaisir en regardant nos confr\u00e8res occidentaux exercer dans des grands reportages ou des enqu\u00eates comme envoy\u00e9 sp\u00e9cial, des \u00e9ditoriaux etc. Fa\u00e7on de dire que quand on n\u2019est pas concern\u00e9, c\u2019est du bon journalisme, jusqu\u2019au jour o\u00f9 on est directement ou indirectement concern\u00e9.<br \/>\nLe genre journaliste que je pratique dans ce cadre ci s\u2019appelle \u00ab l\u2019\u00e9ditorial \u00bb. Un \u00e9ditorial est un genre journalistique habituellement pratiqu\u00e9 par le Directeur d&rsquo;un journal ou un journaliste fortement exp\u00e9riment\u00e9 d&rsquo;une revue o\u00f9 l&rsquo;auteur prend position sur des grandes questions d&rsquo;actualit\u00e9 ; Il refl\u00e8te les id\u00e9es et les valeurs , non seulement de son auteur, mais du journal ou de la revue dans son ensemble ;<\/p>\n<p>Un \u00e9ditorial :<\/p>\n<p>EXPRIME UNE OPINION,<br \/>\nPermet d&rsquo;appuyer ses opinions sur un sujet d&rsquo;actualit\u00e9s ou de grandes questions de l&rsquo;heure.<\/p>\n<p>Le journalisme \u00e9tant une science avec des r\u00e8gles. On y trouve des genres journalistiques. Le reportage, l\u2019enqu\u00eate, l\u2019analyse, le compte rendu, le commentaire identifi\u00e9s comme des genres majeurs dans notre travail.<br \/>\nDepuis 1982, date d\u2019accession au pouvoir du pr\u00e9sident, il se bas pour laisser de lui l\u2019image de celui qui a apport\u00e9 la d\u00e9mocratie et la post\u00e9rit\u00e9.<\/p>\n<p>Malheureusement certains agissements dans ses \u00e9quipes militent plut\u00f4t \u00e0 ce qu\u2019il ne reste rien de lui. Quand on est \u00e0 une certaine hauteur, qui plus est proche collaborateur d\u2019un chef d\u2019\u00e9tat, on doit \u00eatre conscient de ce que tout ce que l\u2019on fait impacte sur le r\u00e9gime du chef de l\u2019\u00e9tat ; car demain on ne parlera pas d\u2019un quidam qui faisait taire les journalistes, mais plus grave du r\u00e9gime Biya. Paul Biya qui de son c\u00f4t\u00e9 remarquez-le supporte tout. Que n\u2019a-t-on pas dit de ce pr\u00e9sident ? que ne dit-on pas ce lui ? De la caricature en passant par la fange, jusqu\u2019\u00e0 son \u00e2me ; mais en tant que d\u00e9mocrate, il sait que \u00e7a fait partie de celle-ci.<\/p>\n<p>Le journaliste est un veilleur de nuit pour la soci\u00e9t\u00e9 ; si des choses pas correctes veulent \u00eatre cach\u00e9es \u00e0 dessein pour des int\u00e9r\u00eats particuliers, il doit les ramener \u00e0 la lumi\u00e8re. Tenez, si dans un projet on ach\u00e8te une benne de sable \u00e0 peu pr\u00e8s \u00e0 700 mille, c\u2019est trop, c\u2019est exag\u00e9r\u00e9, il faut le d\u00e9noncer. De m\u00eame si l\u2019on ach\u00e8te un sac de ciment de 5.000 f \u00e0 dix ou 15 mille, c\u2019est une attaque contre la fortune publique.<\/p>\n<p>Je vais continuer \u00e0 faire mon travail, voir m\u00eame je vais essayer d\u2019aller plus loin dans la profession. La seule limite que je puisse m\u2019imposer c\u2019est la loi, le respect des institutions.<\/p>\n<p>Les hommes passent, les institutions restent. Evitons de vivre comme si l\u2019on devait demeurer toute sa vie \u00e0 un poste. Des changements peuvent survenir ; \u00e9vitons donc de faire du Cameroun de demain un pays o\u00f9 le sang des r\u00e8glements de compte pourrait impr\u00e9gner la terre de nos anc\u00eatres. Dieu merci le pr\u00e9sident Paul Biya est toujours l\u00e0 ; en 34 ans il a r\u00e9ussi \u00e0 nous en pr\u00e9server. Quand sera-t-il quand il ne sera plus l\u00e0 ? Parce que ce jour-l\u00e0 finira par venir. Alors on se regardera les yeux dans les yeux.<\/p>\n","protected":false},"excerpt":{"rendered":"<p>Africa-Press &#8211; Cameroun. S\u2019en est de trop pour Sismondi Bidjocka. Le journaliste de RIS radio a re\u00e7u hier une troisi\u00e8me convocation pour comparaitre au SED. Se sentant traqu\u00e9, il menace \u00e0 son tour les autorit\u00e9s gouvernementales. Selon Sismondji, le Secr\u00e9taire g\u00e9n\u00e9ral \u00e0 la pr\u00e9sidence Ferdinand Ngoh Ngoh est la cause de ses malheurs. \u00ab Depuis [&hellip;]<\/p>\n","protected":false},"author":82,"featured_media":1756,"comment_status":"open","ping_status":"closed","sticky":false,"template":"","format":"standard","meta":{"footnotes":""},"categories":[11,2,10],"tags":[36,50,49],"class_list":["post-1757","post","type-post","status-publish","format-standard","has-post-thumbnail","hentry","category-homepage-french","category-politique","category-toutes-les-actualites","tag-africa-press","tag-africa-press-cameroun","tag-cameroun"],"yoast_head":"<!-- This site is optimized with the Yoast SEO Premium plugin v26.1 (Yoast SEO v27.0) - https:\/\/yoast.com\/product\/yoast-seo-premium-wordpress\/ -->\n<title>Pers\u00e9cut\u00e9, Sismondi Bidjocka menace Ferdinand Ngoh Ngoh - Cameroun<\/title>\n<meta name=\"description\" content=\"S\u2019en est de trop pour Sismondi Bidjocka. Le journaliste de RIS radio a re\u00e7u hier une troisi\u00e8me convocation pour comparai ...\" \/>\n<meta name=\"robots\" content=\"index, follow, max-snippet:-1, max-image-preview:large, max-video-preview:-1\" \/>\n<link rel=\"canonical\" href=\"https:\/\/www.africa-press.net\/cameroun\/politique\/persecute-sismondi-bidjocka-menace-ferdinand-ngoh-ngoh\" \/>\n<meta property=\"og:locale\" content=\"fr_FR\" \/>\n<meta property=\"og:type\" content=\"article\" \/>\n<meta property=\"og:title\" content=\"Pers\u00e9cut\u00e9, Sismondi Bidjocka menace Ferdinand Ngoh Ngoh\" \/>\n<meta property=\"og:description\" content=\"S\u2019en est de trop pour Sismondi Bidjocka. Le journaliste de RIS radio a re\u00e7u hier une troisi\u00e8me convocation pour comparai ...\" \/>\n<meta property=\"og:url\" content=\"https:\/\/www.africa-press.net\/cameroun\/politique\/persecute-sismondi-bidjocka-menace-ferdinand-ngoh-ngoh\" \/>\n<meta property=\"og:site_name\" content=\"Cameroun\" \/>\n<meta property=\"article:published_time\" content=\"2021-03-23T13:12:54+00:00\" \/>\n<meta property=\"article:modified_time\" content=\"2021-03-24T13:35:07+00:00\" \/>\n<meta property=\"og:image\" content=\"https:\/\/static.africa-press.net\/cameroun\/sites\/57\/2021\/03\/img-605b3ff527635.jpg\" \/>\n\t<meta property=\"og:image:width\" content=\"720\" \/>\n\t<meta property=\"og:image:height\" content=\"401\" \/>\n\t<meta property=\"og:image:type\" content=\"image\/jpeg\" \/>\n<meta name=\"author\" content=\"cfeditorfr\" \/>\n<meta name=\"twitter:card\" content=\"summary_large_image\" \/>\n<meta name=\"twitter:label1\" content=\"\u00c9crit par\" \/>\n\t<meta name=\"twitter:data1\" content=\"cfeditorfr\" \/>\n\t<meta name=\"twitter:label2\" content=\"Dur\u00e9e de lecture estim\u00e9e\" \/>\n\t<meta name=\"twitter:data2\" content=\"7 minutes\" \/>\n<script type=\"application\/ld+json\" class=\"yoast-schema-graph\">{\"@context\":\"https:\/\/schema.org\",\"@graph\":[{\"@type\":\"Article\",\"@id\":\"https:\/\/www.africa-press.net\/cameroun\/politique\/persecute-sismondi-bidjocka-menace-ferdinand-ngoh-ngoh#article\",\"isPartOf\":{\"@id\":\"https:\/\/www.africa-press.net\/cameroun\/politique\/persecute-sismondi-bidjocka-menace-ferdinand-ngoh-ngoh\"},\"author\":{\"name\":\"cfeditorfr\",\"@id\":\"https:\/\/www.africa-press.net\/cameroun\/#\/schema\/person\/2b1cf3cd81a31e3cd26889ca66d677f1\"},\"headline\":\"Pers\u00e9cut\u00e9, Sismondi Bidjocka menace Ferdinand Ngoh Ngoh\",\"datePublished\":\"2021-03-23T13:12:54+00:00\",\"dateModified\":\"2021-03-24T13:35:07+00:00\",\"mainEntityOfPage\":{\"@id\":\"https:\/\/www.africa-press.net\/cameroun\/politique\/persecute-sismondi-bidjocka-menace-ferdinand-ngoh-ngoh\"},\"wordCount\":1418,\"commentCount\":0,\"image\":{\"@id\":\"https:\/\/www.africa-press.net\/cameroun\/politique\/persecute-sismondi-bidjocka-menace-ferdinand-ngoh-ngoh#primaryimage\"},\"thumbnailUrl\":\"https:\/\/static.africa-press.net\/cameroun\/sites\/57\/2021\/03\/img-605b3ff527635.jpg\",\"keywords\":[\"Africa Press\",\"Africa Press-Cameroun\",\"Cameroun\"],\"articleSection\":[\"homepage-french\",\"Politique\",\"Toutes les actualit\u00e9s\"],\"inLanguage\":\"fr-FR\",\"potentialAction\":[{\"@type\":\"CommentAction\",\"name\":\"Comment\",\"target\":[\"https:\/\/www.africa-press.net\/cameroun\/politique\/persecute-sismondi-bidjocka-menace-ferdinand-ngoh-ngoh#respond\"]}]},{\"@type\":\"WebPage\",\"@id\":\"https:\/\/www.africa-press.net\/cameroun\/politique\/persecute-sismondi-bidjocka-menace-ferdinand-ngoh-ngoh\",\"url\":\"https:\/\/www.africa-press.net\/cameroun\/politique\/persecute-sismondi-bidjocka-menace-ferdinand-ngoh-ngoh\",\"name\":\"Pers\u00e9cut\u00e9, Sismondi Bidjocka menace Ferdinand Ngoh Ngoh - Cameroun\",\"isPartOf\":{\"@id\":\"https:\/\/www.africa-press.net\/cameroun\/#website\"},\"primaryImageOfPage\":{\"@id\":\"https:\/\/www.africa-press.net\/cameroun\/politique\/persecute-sismondi-bidjocka-menace-ferdinand-ngoh-ngoh#primaryimage\"},\"image\":{\"@id\":\"https:\/\/www.africa-press.net\/cameroun\/politique\/persecute-sismondi-bidjocka-menace-ferdinand-ngoh-ngoh#primaryimage\"},\"thumbnailUrl\":\"https:\/\/static.africa-press.net\/cameroun\/sites\/57\/2021\/03\/img-605b3ff527635.jpg\",\"datePublished\":\"2021-03-23T13:12:54+00:00\",\"dateModified\":\"2021-03-24T13:35:07+00:00\",\"author\":{\"@id\":\"https:\/\/www.africa-press.net\/cameroun\/#\/schema\/person\/2b1cf3cd81a31e3cd26889ca66d677f1\"},\"description\":\"S\u2019en est de trop pour Sismondi Bidjocka. Le journaliste de RIS radio a re\u00e7u hier une troisi\u00e8me convocation pour comparai ...\",\"breadcrumb\":{\"@id\":\"https:\/\/www.africa-press.net\/cameroun\/politique\/persecute-sismondi-bidjocka-menace-ferdinand-ngoh-ngoh#breadcrumb\"},\"inLanguage\":\"fr-FR\",\"potentialAction\":[{\"@type\":\"ReadAction\",\"target\":[\"https:\/\/www.africa-press.net\/cameroun\/politique\/persecute-sismondi-bidjocka-menace-ferdinand-ngoh-ngoh\"]}]},{\"@type\":\"ImageObject\",\"inLanguage\":\"fr-FR\",\"@id\":\"https:\/\/www.africa-press.net\/cameroun\/politique\/persecute-sismondi-bidjocka-menace-ferdinand-ngoh-ngoh#primaryimage\",\"url\":\"https:\/\/static.africa-press.net\/cameroun\/sites\/57\/2021\/03\/img-605b3ff527635.jpg\",\"contentUrl\":\"https:\/\/static.africa-press.net\/cameroun\/sites\/57\/2021\/03\/img-605b3ff527635.jpg\",\"width\":720,\"height\":401,\"caption\":\"Pers\u00e9cut\u00e9, Sismondi Bidjocka menace Ferdinand Ngoh Ngoh\"},{\"@type\":\"BreadcrumbList\",\"@id\":\"https:\/\/www.africa-press.net\/cameroun\/politique\/persecute-sismondi-bidjocka-menace-ferdinand-ngoh-ngoh#breadcrumb\",\"itemListElement\":[{\"@type\":\"ListItem\",\"position\":1,\"name\":\"Accueil\",\"item\":\"https:\/\/www.africa-press.net\/cameroun\/\"},{\"@type\":\"ListItem\",\"position\":2,\"name\":\"Pers\u00e9cut\u00e9, Sismondi Bidjocka menace Ferdinand Ngoh Ngoh\"}]},{\"@type\":\"WebSite\",\"@id\":\"https:\/\/www.africa-press.net\/cameroun\/#website\",\"url\":\"https:\/\/www.africa-press.net\/cameroun\/\",\"name\":\"Cameroun\",\"description\":\"Just another Africa News Agency Sites site\",\"potentialAction\":[{\"@type\":\"SearchAction\",\"target\":{\"@type\":\"EntryPoint\",\"urlTemplate\":\"https:\/\/www.africa-press.net\/cameroun\/?s={search_term_string}\"},\"query-input\":{\"@type\":\"PropertyValueSpecification\",\"valueRequired\":true,\"valueName\":\"search_term_string\"}}],\"inLanguage\":\"fr-FR\"},{\"@type\":\"Person\",\"@id\":\"https:\/\/www.africa-press.net\/cameroun\/#\/schema\/person\/2b1cf3cd81a31e3cd26889ca66d677f1\",\"name\":\"cfeditorfr\"}]}<\/script>\n<!-- \/ Yoast SEO Premium plugin. -->","yoast_head_json":{"title":"Pers\u00e9cut\u00e9, Sismondi Bidjocka menace Ferdinand Ngoh Ngoh - Cameroun","description":"S\u2019en est de trop pour Sismondi Bidjocka. Le journaliste de RIS radio a re\u00e7u hier une troisi\u00e8me convocation pour comparai ...","robots":{"index":"index","follow":"follow","max-snippet":"max-snippet:-1","max-image-preview":"max-image-preview:large","max-video-preview":"max-video-preview:-1"},"canonical":"https:\/\/www.africa-press.net\/cameroun\/politique\/persecute-sismondi-bidjocka-menace-ferdinand-ngoh-ngoh","og_locale":"fr_FR","og_type":"article","og_title":"Pers\u00e9cut\u00e9, Sismondi Bidjocka menace Ferdinand Ngoh Ngoh","og_description":"S\u2019en est de trop pour Sismondi Bidjocka. Le journaliste de RIS radio a re\u00e7u hier une troisi\u00e8me convocation pour comparai ...","og_url":"https:\/\/www.africa-press.net\/cameroun\/politique\/persecute-sismondi-bidjocka-menace-ferdinand-ngoh-ngoh","og_site_name":"Cameroun","article_published_time":"2021-03-23T13:12:54+00:00","article_modified_time":"2021-03-24T13:35:07+00:00","og_image":[{"width":720,"height":401,"url":"https:\/\/static.africa-press.net\/cameroun\/sites\/57\/2021\/03\/img-605b3ff527635.jpg","type":"image\/jpeg"}],"author":"cfeditorfr","twitter_card":"summary_large_image","twitter_misc":{"\u00c9crit par":"cfeditorfr","Dur\u00e9e de lecture estim\u00e9e":"7 minutes"},"schema":{"@context":"https:\/\/schema.org","@graph":[{"@type":"Article","@id":"https:\/\/www.africa-press.net\/cameroun\/politique\/persecute-sismondi-bidjocka-menace-ferdinand-ngoh-ngoh#article","isPartOf":{"@id":"https:\/\/www.africa-press.net\/cameroun\/politique\/persecute-sismondi-bidjocka-menace-ferdinand-ngoh-ngoh"},"author":{"name":"cfeditorfr","@id":"https:\/\/www.africa-press.net\/cameroun\/#\/schema\/person\/2b1cf3cd81a31e3cd26889ca66d677f1"},"headline":"Pers\u00e9cut\u00e9, Sismondi Bidjocka menace Ferdinand Ngoh Ngoh","datePublished":"2021-03-23T13:12:54+00:00","dateModified":"2021-03-24T13:35:07+00:00","mainEntityOfPage":{"@id":"https:\/\/www.africa-press.net\/cameroun\/politique\/persecute-sismondi-bidjocka-menace-ferdinand-ngoh-ngoh"},"wordCount":1418,"commentCount":0,"image":{"@id":"https:\/\/www.africa-press.net\/cameroun\/politique\/persecute-sismondi-bidjocka-menace-ferdinand-ngoh-ngoh#primaryimage"},"thumbnailUrl":"https:\/\/static.africa-press.net\/cameroun\/sites\/57\/2021\/03\/img-605b3ff527635.jpg","keywords":["Africa Press","Africa Press-Cameroun","Cameroun"],"articleSection":["homepage-french","Politique","Toutes les actualit\u00e9s"],"inLanguage":"fr-FR","potentialAction":[{"@type":"CommentAction","name":"Comment","target":["https:\/\/www.africa-press.net\/cameroun\/politique\/persecute-sismondi-bidjocka-menace-ferdinand-ngoh-ngoh#respond"]}]},{"@type":"WebPage","@id":"https:\/\/www.africa-press.net\/cameroun\/politique\/persecute-sismondi-bidjocka-menace-ferdinand-ngoh-ngoh","url":"https:\/\/www.africa-press.net\/cameroun\/politique\/persecute-sismondi-bidjocka-menace-ferdinand-ngoh-ngoh","name":"Pers\u00e9cut\u00e9, Sismondi Bidjocka menace Ferdinand Ngoh Ngoh - Cameroun","isPartOf":{"@id":"https:\/\/www.africa-press.net\/cameroun\/#website"},"primaryImageOfPage":{"@id":"https:\/\/www.africa-press.net\/cameroun\/politique\/persecute-sismondi-bidjocka-menace-ferdinand-ngoh-ngoh#primaryimage"},"image":{"@id":"https:\/\/www.africa-press.net\/cameroun\/politique\/persecute-sismondi-bidjocka-menace-ferdinand-ngoh-ngoh#primaryimage"},"thumbnailUrl":"https:\/\/static.africa-press.net\/cameroun\/sites\/57\/2021\/03\/img-605b3ff527635.jpg","datePublished":"2021-03-23T13:12:54+00:00","dateModified":"2021-03-24T13:35:07+00:00","author":{"@id":"https:\/\/www.africa-press.net\/cameroun\/#\/schema\/person\/2b1cf3cd81a31e3cd26889ca66d677f1"},"description":"S\u2019en est de trop pour Sismondi Bidjocka. Le journaliste de RIS radio a re\u00e7u hier une troisi\u00e8me convocation pour comparai ...","breadcrumb":{"@id":"https:\/\/www.africa-press.net\/cameroun\/politique\/persecute-sismondi-bidjocka-menace-ferdinand-ngoh-ngoh#breadcrumb"},"inLanguage":"fr-FR","potentialAction":[{"@type":"ReadAction","target":["https:\/\/www.africa-press.net\/cameroun\/politique\/persecute-sismondi-bidjocka-menace-ferdinand-ngoh-ngoh"]}]},{"@type":"ImageObject","inLanguage":"fr-FR","@id":"https:\/\/www.africa-press.net\/cameroun\/politique\/persecute-sismondi-bidjocka-menace-ferdinand-ngoh-ngoh#primaryimage","url":"https:\/\/static.africa-press.net\/cameroun\/sites\/57\/2021\/03\/img-605b3ff527635.jpg","contentUrl":"https:\/\/static.africa-press.net\/cameroun\/sites\/57\/2021\/03\/img-605b3ff527635.jpg","width":720,"height":401,"caption":"Pers\u00e9cut\u00e9, Sismondi Bidjocka menace Ferdinand Ngoh Ngoh"},{"@type":"BreadcrumbList","@id":"https:\/\/www.africa-press.net\/cameroun\/politique\/persecute-sismondi-bidjocka-menace-ferdinand-ngoh-ngoh#breadcrumb","itemListElement":[{"@type":"ListItem","position":1,"name":"Accueil","item":"https:\/\/www.africa-press.net\/cameroun\/"},{"@type":"ListItem","position":2,"name":"Pers\u00e9cut\u00e9, Sismondi Bidjocka menace Ferdinand Ngoh Ngoh"}]},{"@type":"WebSite","@id":"https:\/\/www.africa-press.net\/cameroun\/#website","url":"https:\/\/www.africa-press.net\/cameroun\/","name":"Cameroun","description":"Just another Africa News Agency Sites site","potentialAction":[{"@type":"SearchAction","target":{"@type":"EntryPoint","urlTemplate":"https:\/\/www.africa-press.net\/cameroun\/?s={search_term_string}"},"query-input":{"@type":"PropertyValueSpecification","valueRequired":true,"valueName":"search_term_string"}}],"inLanguage":"fr-FR"},{"@type":"Person","@id":"https:\/\/www.africa-press.net\/cameroun\/#\/schema\/person\/2b1cf3cd81a31e3cd26889ca66d677f1","name":"cfeditorfr"}]}},"_links":{"self":[{"href":"https:\/\/www.africa-press.net\/cameroun\/wp-json\/wp\/v2\/posts\/1757","targetHints":{"allow":["GET"]}}],"collection":[{"href":"https:\/\/www.africa-press.net\/cameroun\/wp-json\/wp\/v2\/posts"}],"about":[{"href":"https:\/\/www.africa-press.net\/cameroun\/wp-json\/wp\/v2\/types\/post"}],"author":[{"embeddable":true,"href":"https:\/\/www.africa-press.net\/cameroun\/wp-json\/wp\/v2\/users\/82"}],"replies":[{"embeddable":true,"href":"https:\/\/www.africa-press.net\/cameroun\/wp-json\/wp\/v2\/comments?post=1757"}],"version-history":[{"count":0,"href":"https:\/\/www.africa-press.net\/cameroun\/wp-json\/wp\/v2\/posts\/1757\/revisions"}],"wp:featuredmedia":[{"embeddable":true,"href":"https:\/\/www.africa-press.net\/cameroun\/wp-json\/wp\/v2\/media\/1756"}],"wp:attachment":[{"href":"https:\/\/www.africa-press.net\/cameroun\/wp-json\/wp\/v2\/media?parent=1757"}],"wp:term":[{"taxonomy":"category","embeddable":true,"href":"https:\/\/www.africa-press.net\/cameroun\/wp-json\/wp\/v2\/categories?post=1757"},{"taxonomy":"post_tag","embeddable":true,"href":"https:\/\/www.africa-press.net\/cameroun\/wp-json\/wp\/v2\/tags?post=1757"}],"curies":[{"name":"wp","href":"https:\/\/api.w.org\/{rel}","templated":true}]}}