{"id":1760,"date":"2021-03-23T13:21:28","date_gmt":"2021-03-23T13:21:28","guid":{"rendered":"https:\/\/www.africa-press.net\/cameroun\/politique\/boko-haram-tue-9-personnes-dont-trois-militaires-dans-lextreme-nord"},"modified":"2021-03-24T13:35:48","modified_gmt":"2021-03-24T13:35:48","slug":"boko-haram-tue-9-personnes-dont-trois-militaires-dans-lextreme-nord","status":"publish","type":"post","link":"https:\/\/www.africa-press.net\/cameroun\/politique\/boko-haram-tue-9-personnes-dont-trois-militaires-dans-lextreme-nord","title":{"rendered":"Boko Haram tue 9 personnes dont trois militaires dans l\u2019Extr\u00eame-Nord"},"content":{"rendered":"<p><span style=\"color: #ff6600\"><strong><a href=\"https:\/\/www.africa-press.net\/\">Africa-Press<\/a> &#8211; <a href=\"https:\/\/www.africa-press.net\/cameroun\">Cameroun<\/a>. <\/strong><\/span>C\u2019est le bilan de quatre attaques perp\u00e9tr\u00e9es entre le 20 et le 23 mars 2021.<br \/>\nLa secte terroriste nig\u00e9riane vient \u00e0 nouveau d\u2019endeuiller des familles dans le septentrion. Elle vient de perp\u00e9trer quatre attaques qui ont tu\u00e9 9 personnes. Dans la nuit du 20 mars 2021, les djihadistes ont men\u00e9 une double attaque aux postes de contr\u00f4le de Gambaru et Woulgo, deux localit\u00e9s nig\u00e9rianes frontali\u00e8res au Cameroun. Trois militaires camerounais de la Force multinationale mixte (FMM) ont \u00e9t\u00e9 tu\u00e9s au cours de cette attaque, a-t-on de nos confr\u00e8res de L\u2019\u0153il du Sahel, le trihebdomadaire du septentrion.<\/p>\n<p>Dans la nuit du 21 au 22 mars 2021, ce sont deux autres personnes qui ont trouv\u00e9 la mort \u00e0 la suite d\u2019une incursion de Boko Haram \u00e0 Tourou dans la r\u00e9gion de l\u2019Extr\u00eame-Nord. La derni\u00e8re attaque, apprend-on des sources concordantes, a \u00e9t\u00e9 perp\u00e9tr\u00e9e dans la nuit du 22 au 23 mars 2021 \u00e0 Mokolo, d\u00e9partement du Mayo Tsanaga, toujours dans l\u2019Extr\u00eame-Nord.<\/p>\n<p>L\u2019incursion a \u00e9t\u00e9 men\u00e9e par des terroristes qui ont \u00e9t\u00e9 vite rep\u00e9r\u00e9s et d\u00e9masqu\u00e9s par des \u00e9l\u00e9ments des comit\u00e9s de vigilance. Mais avant de replier, les djihadistes ont ouvert le feu tuant au passage trois personnes dont deux femmes et un homme. Une dizaine de bless\u00e9s ont par ailleurs \u00e9t\u00e9 enregistr\u00e9s au cours de cette attaque et sont intern\u00e9s \u00e0 l\u2019h\u00f4pital de Mokolo.<\/p>\n","protected":false},"excerpt":{"rendered":"<p>Africa-Press &#8211; Cameroun. C\u2019est le bilan de quatre attaques perp\u00e9tr\u00e9es entre le 20 et le 23 mars 2021. La secte terroriste nig\u00e9riane vient \u00e0 nouveau d\u2019endeuiller des familles dans le septentrion. Elle vient de perp\u00e9trer quatre attaques qui ont tu\u00e9 9 personnes. Dans la nuit du 20 mars 2021, les djihadistes ont men\u00e9 une double [&hellip;]<\/p>\n","protected":false},"author":82,"featured_media":1759,"comment_status":"open","ping_status":"closed","sticky":false,"template":"","format":"standard","meta":{"footnotes":""},"categories":[11,2,10],"tags":[36,50,49],"class_list":["post-1760","post","type-post","status-publish","format-standard","has-post-thumbnail","hentry","category-homepage-french","category-politique","category-toutes-les-actualites","tag-africa-press","tag-africa-press-cameroun","tag-cameroun"],"yoast_head":"<!-- This site is optimized with the Yoast SEO Premium plugin v26.1 (Yoast SEO v27.0) - https:\/\/yoast.com\/product\/yoast-seo-premium-wordpress\/ -->\n<title>Boko Haram tue 9 personnes dont trois militaires dans l\u2019Extr\u00eame-Nord - Cameroun<\/title>\n<meta name=\"description\" content=\"C\u2019est le bilan de quatre attaques perp\u00e9tr\u00e9es entre le 20 et le 23 mars 2021.\" \/>\n<meta name=\"robots\" content=\"index, follow, max-snippet:-1, max-image-preview:large, max-video-preview:-1\" \/>\n<link rel=\"canonical\" href=\"https:\/\/www.africa-press.net\/cameroun\/politique\/boko-haram-tue-9-personnes-dont-trois-militaires-dans-lextreme-nord\" \/>\n<meta property=\"og:locale\" content=\"fr_FR\" \/>\n<meta property=\"og:type\" content=\"article\" \/>\n<meta property=\"og:title\" content=\"Boko Haram tue 9 personnes dont trois militaires dans l\u2019Extr\u00eame-Nord\" \/>\n<meta property=\"og:description\" content=\"C\u2019est le bilan de quatre attaques perp\u00e9tr\u00e9es entre le 20 et le 23 mars 2021.\" \/>\n<meta property=\"og:url\" content=\"https:\/\/www.africa-press.net\/cameroun\/politique\/boko-haram-tue-9-personnes-dont-trois-militaires-dans-lextreme-nord\" \/>\n<meta property=\"og:site_name\" content=\"Cameroun\" \/>\n<meta property=\"article:published_time\" content=\"2021-03-23T13:21:28+00:00\" \/>\n<meta property=\"article:modified_time\" content=\"2021-03-24T13:35:48+00:00\" \/>\n<meta property=\"og:image\" content=\"https:\/\/static.africa-press.net\/cameroun\/sites\/57\/2021\/03\/img-605b401688719.jpg\" \/>\n\t<meta property=\"og:image:width\" content=\"800\" \/>\n\t<meta property=\"og:image:height\" content=\"453\" \/>\n\t<meta property=\"og:image:type\" content=\"image\/jpeg\" \/>\n<meta name=\"author\" content=\"cfeditorfr\" \/>\n<meta name=\"twitter:card\" content=\"summary_large_image\" \/>\n<meta name=\"twitter:label1\" content=\"\u00c9crit par\" \/>\n\t<meta name=\"twitter:data1\" content=\"cfeditorfr\" \/>\n\t<meta name=\"twitter:label2\" content=\"Dur\u00e9e de lecture estim\u00e9e\" \/>\n\t<meta name=\"twitter:data2\" content=\"1 minute\" \/>\n<script type=\"application\/ld+json\" class=\"yoast-schema-graph\">{\"@context\":\"https:\/\/schema.org\",\"@graph\":[{\"@type\":\"Article\",\"@id\":\"https:\/\/www.africa-press.net\/cameroun\/politique\/boko-haram-tue-9-personnes-dont-trois-militaires-dans-lextreme-nord#article\",\"isPartOf\":{\"@id\":\"https:\/\/www.africa-press.net\/cameroun\/politique\/boko-haram-tue-9-personnes-dont-trois-militaires-dans-lextreme-nord\"},\"author\":{\"name\":\"cfeditorfr\",\"@id\":\"https:\/\/www.africa-press.net\/cameroun\/#\/schema\/person\/2b1cf3cd81a31e3cd26889ca66d677f1\"},\"headline\":\"Boko Haram tue 9 personnes dont trois militaires dans l\u2019Extr\u00eame-Nord\",\"datePublished\":\"2021-03-23T13:21:28+00:00\",\"dateModified\":\"2021-03-24T13:35:48+00:00\",\"mainEntityOfPage\":{\"@id\":\"https:\/\/www.africa-press.net\/cameroun\/politique\/boko-haram-tue-9-personnes-dont-trois-militaires-dans-lextreme-nord\"},\"wordCount\":254,\"commentCount\":0,\"image\":{\"@id\":\"https:\/\/www.africa-press.net\/cameroun\/politique\/boko-haram-tue-9-personnes-dont-trois-militaires-dans-lextreme-nord#primaryimage\"},\"thumbnailUrl\":\"https:\/\/static.africa-press.net\/cameroun\/sites\/57\/2021\/03\/img-605b401688719.jpg\",\"keywords\":[\"Africa Press\",\"Africa Press-Cameroun\",\"Cameroun\"],\"articleSection\":[\"homepage-french\",\"Politique\",\"Toutes les actualit\u00e9s\"],\"inLanguage\":\"fr-FR\",\"potentialAction\":[{\"@type\":\"CommentAction\",\"name\":\"Comment\",\"target\":[\"https:\/\/www.africa-press.net\/cameroun\/politique\/boko-haram-tue-9-personnes-dont-trois-militaires-dans-lextreme-nord#respond\"]}]},{\"@type\":\"WebPage\",\"@id\":\"https:\/\/www.africa-press.net\/cameroun\/politique\/boko-haram-tue-9-personnes-dont-trois-militaires-dans-lextreme-nord\",\"url\":\"https:\/\/www.africa-press.net\/cameroun\/politique\/boko-haram-tue-9-personnes-dont-trois-militaires-dans-lextreme-nord\",\"name\":\"Boko Haram tue 9 personnes dont trois militaires dans l\u2019Extr\u00eame-Nord - Cameroun\",\"isPartOf\":{\"@id\":\"https:\/\/www.africa-press.net\/cameroun\/#website\"},\"primaryImageOfPage\":{\"@id\":\"https:\/\/www.africa-press.net\/cameroun\/politique\/boko-haram-tue-9-personnes-dont-trois-militaires-dans-lextreme-nord#primaryimage\"},\"image\":{\"@id\":\"https:\/\/www.africa-press.net\/cameroun\/politique\/boko-haram-tue-9-personnes-dont-trois-militaires-dans-lextreme-nord#primaryimage\"},\"thumbnailUrl\":\"https:\/\/static.africa-press.net\/cameroun\/sites\/57\/2021\/03\/img-605b401688719.jpg\",\"datePublished\":\"2021-03-23T13:21:28+00:00\",\"dateModified\":\"2021-03-24T13:35:48+00:00\",\"author\":{\"@id\":\"https:\/\/www.africa-press.net\/cameroun\/#\/schema\/person\/2b1cf3cd81a31e3cd26889ca66d677f1\"},\"description\":\"C\u2019est le bilan de quatre attaques perp\u00e9tr\u00e9es entre le 20 et le 23 mars 2021.\",\"breadcrumb\":{\"@id\":\"https:\/\/www.africa-press.net\/cameroun\/politique\/boko-haram-tue-9-personnes-dont-trois-militaires-dans-lextreme-nord#breadcrumb\"},\"inLanguage\":\"fr-FR\",\"potentialAction\":[{\"@type\":\"ReadAction\",\"target\":[\"https:\/\/www.africa-press.net\/cameroun\/politique\/boko-haram-tue-9-personnes-dont-trois-militaires-dans-lextreme-nord\"]}]},{\"@type\":\"ImageObject\",\"inLanguage\":\"fr-FR\",\"@id\":\"https:\/\/www.africa-press.net\/cameroun\/politique\/boko-haram-tue-9-personnes-dont-trois-militaires-dans-lextreme-nord#primaryimage\",\"url\":\"https:\/\/static.africa-press.net\/cameroun\/sites\/57\/2021\/03\/img-605b401688719.jpg\",\"contentUrl\":\"https:\/\/static.africa-press.net\/cameroun\/sites\/57\/2021\/03\/img-605b401688719.jpg\",\"width\":800,\"height\":453,\"caption\":\"Boko Haram tue 9 personnes dont trois militaires dans l\u2019Extr\u00eame-Nord\"},{\"@type\":\"BreadcrumbList\",\"@id\":\"https:\/\/www.africa-press.net\/cameroun\/politique\/boko-haram-tue-9-personnes-dont-trois-militaires-dans-lextreme-nord#breadcrumb\",\"itemListElement\":[{\"@type\":\"ListItem\",\"position\":1,\"name\":\"Accueil\",\"item\":\"https:\/\/www.africa-press.net\/cameroun\/\"},{\"@type\":\"ListItem\",\"position\":2,\"name\":\"Boko Haram tue 9 personnes dont trois militaires dans l\u2019Extr\u00eame-Nord\"}]},{\"@type\":\"WebSite\",\"@id\":\"https:\/\/www.africa-press.net\/cameroun\/#website\",\"url\":\"https:\/\/www.africa-press.net\/cameroun\/\",\"name\":\"Cameroun\",\"description\":\"Just another Africa News Agency Sites site\",\"potentialAction\":[{\"@type\":\"SearchAction\",\"target\":{\"@type\":\"EntryPoint\",\"urlTemplate\":\"https:\/\/www.africa-press.net\/cameroun\/?s={search_term_string}\"},\"query-input\":{\"@type\":\"PropertyValueSpecification\",\"valueRequired\":true,\"valueName\":\"search_term_string\"}}],\"inLanguage\":\"fr-FR\"},{\"@type\":\"Person\",\"@id\":\"https:\/\/www.africa-press.net\/cameroun\/#\/schema\/person\/2b1cf3cd81a31e3cd26889ca66d677f1\",\"name\":\"cfeditorfr\"}]}<\/script>\n<!-- \/ Yoast SEO Premium plugin. -->","yoast_head_json":{"title":"Boko Haram tue 9 personnes dont trois militaires dans l\u2019Extr\u00eame-Nord - Cameroun","description":"C\u2019est le bilan de quatre attaques perp\u00e9tr\u00e9es entre le 20 et le 23 mars 2021.","robots":{"index":"index","follow":"follow","max-snippet":"max-snippet:-1","max-image-preview":"max-image-preview:large","max-video-preview":"max-video-preview:-1"},"canonical":"https:\/\/www.africa-press.net\/cameroun\/politique\/boko-haram-tue-9-personnes-dont-trois-militaires-dans-lextreme-nord","og_locale":"fr_FR","og_type":"article","og_title":"Boko Haram tue 9 personnes dont trois militaires dans l\u2019Extr\u00eame-Nord","og_description":"C\u2019est le bilan de quatre attaques perp\u00e9tr\u00e9es entre le 20 et le 23 mars 2021.","og_url":"https:\/\/www.africa-press.net\/cameroun\/politique\/boko-haram-tue-9-personnes-dont-trois-militaires-dans-lextreme-nord","og_site_name":"Cameroun","article_published_time":"2021-03-23T13:21:28+00:00","article_modified_time":"2021-03-24T13:35:48+00:00","og_image":[{"width":800,"height":453,"url":"https:\/\/static.africa-press.net\/cameroun\/sites\/57\/2021\/03\/img-605b401688719.jpg","type":"image\/jpeg"}],"author":"cfeditorfr","twitter_card":"summary_large_image","twitter_misc":{"\u00c9crit par":"cfeditorfr","Dur\u00e9e de lecture estim\u00e9e":"1 minute"},"schema":{"@context":"https:\/\/schema.org","@graph":[{"@type":"Article","@id":"https:\/\/www.africa-press.net\/cameroun\/politique\/boko-haram-tue-9-personnes-dont-trois-militaires-dans-lextreme-nord#article","isPartOf":{"@id":"https:\/\/www.africa-press.net\/cameroun\/politique\/boko-haram-tue-9-personnes-dont-trois-militaires-dans-lextreme-nord"},"author":{"name":"cfeditorfr","@id":"https:\/\/www.africa-press.net\/cameroun\/#\/schema\/person\/2b1cf3cd81a31e3cd26889ca66d677f1"},"headline":"Boko Haram tue 9 personnes dont trois militaires dans l\u2019Extr\u00eame-Nord","datePublished":"2021-03-23T13:21:28+00:00","dateModified":"2021-03-24T13:35:48+00:00","mainEntityOfPage":{"@id":"https:\/\/www.africa-press.net\/cameroun\/politique\/boko-haram-tue-9-personnes-dont-trois-militaires-dans-lextreme-nord"},"wordCount":254,"commentCount":0,"image":{"@id":"https:\/\/www.africa-press.net\/cameroun\/politique\/boko-haram-tue-9-personnes-dont-trois-militaires-dans-lextreme-nord#primaryimage"},"thumbnailUrl":"https:\/\/static.africa-press.net\/cameroun\/sites\/57\/2021\/03\/img-605b401688719.jpg","keywords":["Africa Press","Africa Press-Cameroun","Cameroun"],"articleSection":["homepage-french","Politique","Toutes les actualit\u00e9s"],"inLanguage":"fr-FR","potentialAction":[{"@type":"CommentAction","name":"Comment","target":["https:\/\/www.africa-press.net\/cameroun\/politique\/boko-haram-tue-9-personnes-dont-trois-militaires-dans-lextreme-nord#respond"]}]},{"@type":"WebPage","@id":"https:\/\/www.africa-press.net\/cameroun\/politique\/boko-haram-tue-9-personnes-dont-trois-militaires-dans-lextreme-nord","url":"https:\/\/www.africa-press.net\/cameroun\/politique\/boko-haram-tue-9-personnes-dont-trois-militaires-dans-lextreme-nord","name":"Boko Haram tue 9 personnes dont trois militaires dans l\u2019Extr\u00eame-Nord - Cameroun","isPartOf":{"@id":"https:\/\/www.africa-press.net\/cameroun\/#website"},"primaryImageOfPage":{"@id":"https:\/\/www.africa-press.net\/cameroun\/politique\/boko-haram-tue-9-personnes-dont-trois-militaires-dans-lextreme-nord#primaryimage"},"image":{"@id":"https:\/\/www.africa-press.net\/cameroun\/politique\/boko-haram-tue-9-personnes-dont-trois-militaires-dans-lextreme-nord#primaryimage"},"thumbnailUrl":"https:\/\/static.africa-press.net\/cameroun\/sites\/57\/2021\/03\/img-605b401688719.jpg","datePublished":"2021-03-23T13:21:28+00:00","dateModified":"2021-03-24T13:35:48+00:00","author":{"@id":"https:\/\/www.africa-press.net\/cameroun\/#\/schema\/person\/2b1cf3cd81a31e3cd26889ca66d677f1"},"description":"C\u2019est le bilan de quatre attaques perp\u00e9tr\u00e9es entre le 20 et le 23 mars 2021.","breadcrumb":{"@id":"https:\/\/www.africa-press.net\/cameroun\/politique\/boko-haram-tue-9-personnes-dont-trois-militaires-dans-lextreme-nord#breadcrumb"},"inLanguage":"fr-FR","potentialAction":[{"@type":"ReadAction","target":["https:\/\/www.africa-press.net\/cameroun\/politique\/boko-haram-tue-9-personnes-dont-trois-militaires-dans-lextreme-nord"]}]},{"@type":"ImageObject","inLanguage":"fr-FR","@id":"https:\/\/www.africa-press.net\/cameroun\/politique\/boko-haram-tue-9-personnes-dont-trois-militaires-dans-lextreme-nord#primaryimage","url":"https:\/\/static.africa-press.net\/cameroun\/sites\/57\/2021\/03\/img-605b401688719.jpg","contentUrl":"https:\/\/static.africa-press.net\/cameroun\/sites\/57\/2021\/03\/img-605b401688719.jpg","width":800,"height":453,"caption":"Boko Haram tue 9 personnes dont trois militaires dans l\u2019Extr\u00eame-Nord"},{"@type":"BreadcrumbList","@id":"https:\/\/www.africa-press.net\/cameroun\/politique\/boko-haram-tue-9-personnes-dont-trois-militaires-dans-lextreme-nord#breadcrumb","itemListElement":[{"@type":"ListItem","position":1,"name":"Accueil","item":"https:\/\/www.africa-press.net\/cameroun\/"},{"@type":"ListItem","position":2,"name":"Boko Haram tue 9 personnes dont trois militaires dans l\u2019Extr\u00eame-Nord"}]},{"@type":"WebSite","@id":"https:\/\/www.africa-press.net\/cameroun\/#website","url":"https:\/\/www.africa-press.net\/cameroun\/","name":"Cameroun","description":"Just another Africa News Agency Sites site","potentialAction":[{"@type":"SearchAction","target":{"@type":"EntryPoint","urlTemplate":"https:\/\/www.africa-press.net\/cameroun\/?s={search_term_string}"},"query-input":{"@type":"PropertyValueSpecification","valueRequired":true,"valueName":"search_term_string"}}],"inLanguage":"fr-FR"},{"@type":"Person","@id":"https:\/\/www.africa-press.net\/cameroun\/#\/schema\/person\/2b1cf3cd81a31e3cd26889ca66d677f1","name":"cfeditorfr"}]}},"_links":{"self":[{"href":"https:\/\/www.africa-press.net\/cameroun\/wp-json\/wp\/v2\/posts\/1760","targetHints":{"allow":["GET"]}}],"collection":[{"href":"https:\/\/www.africa-press.net\/cameroun\/wp-json\/wp\/v2\/posts"}],"about":[{"href":"https:\/\/www.africa-press.net\/cameroun\/wp-json\/wp\/v2\/types\/post"}],"author":[{"embeddable":true,"href":"https:\/\/www.africa-press.net\/cameroun\/wp-json\/wp\/v2\/users\/82"}],"replies":[{"embeddable":true,"href":"https:\/\/www.africa-press.net\/cameroun\/wp-json\/wp\/v2\/comments?post=1760"}],"version-history":[{"count":0,"href":"https:\/\/www.africa-press.net\/cameroun\/wp-json\/wp\/v2\/posts\/1760\/revisions"}],"wp:featuredmedia":[{"embeddable":true,"href":"https:\/\/www.africa-press.net\/cameroun\/wp-json\/wp\/v2\/media\/1759"}],"wp:attachment":[{"href":"https:\/\/www.africa-press.net\/cameroun\/wp-json\/wp\/v2\/media?parent=1760"}],"wp:term":[{"taxonomy":"category","embeddable":true,"href":"https:\/\/www.africa-press.net\/cameroun\/wp-json\/wp\/v2\/categories?post=1760"},{"taxonomy":"post_tag","embeddable":true,"href":"https:\/\/www.africa-press.net\/cameroun\/wp-json\/wp\/v2\/tags?post=1760"}],"curies":[{"name":"wp","href":"https:\/\/api.w.org\/{rel}","templated":true}]}}