{"id":1763,"date":"2021-03-23T13:31:11","date_gmt":"2021-03-23T13:31:11","guid":{"rendered":"https:\/\/www.africa-press.net\/cameroun\/politique\/combats-contre-le-regime-eric-kingue-rejoint-son-allie-lapiro-de-mbanga"},"modified":"2021-03-24T13:36:24","modified_gmt":"2021-03-24T13:36:24","slug":"combats-contre-le-regime-eric-kingue-rejoint-son-allie-lapiro-de-mbanga","status":"publish","type":"post","link":"https:\/\/www.africa-press.net\/cameroun\/politique\/combats-contre-le-regime-eric-kingue-rejoint-son-allie-lapiro-de-mbanga","title":{"rendered":"Combats contre le r\u00e9gime: Eric Kingu\u00e9 rejoint son alli\u00e9 Lapiro de Mbanga"},"content":{"rendered":"<p><span style=\"color: #ff6600\"><strong><a href=\"https:\/\/www.africa-press.net\/\">Africa-Press<\/a> &#8211; <a href=\"https:\/\/www.africa-press.net\/cameroun\">Cameroun<\/a>. <\/strong><\/span>Ils \u00e9taient de fervents opposants au r\u00e9gime Biya. Paul Eric Kingue et artiste de l&rsquo;as, Lapiro de Mbanga ne font plus partie de ce monde terrestre. Les deux compagnons peuvent se retrouver. En raison de leur engagement en tant que soci\u00e9t\u00e9 civile, les deux hommes ont pass\u00e9 trois ans ensemble \u00e0 la prison centrale de Douala.<\/p>\n<p>Bien que leurs id\u00e9ologies politiques se soient s\u00e9par\u00e9es par la suite, leur contribution au paysage politique du pays ne peut \u00eatre min\u00e9e.<br \/>\nPar la suite, la mort de Lapiro de Mbanga va \u00eatre attribu\u00e9e par R\u00e9my Ngono \u00e0 Eric Kingu\u00e9 qui n&rsquo;a jamais r\u00e9pondu \u00e0 ces accusations.<\/p>\n<p>Remy Ngono accuse Paul Eric Kingu\u00e9 d\u2019avoir empoisonn\u00e9 Lapiro de Mbanga<br \/>\nDans un direct sur sa chaine YouTube, le journaliste Camerounais exil\u00e9 en France, J. Remy Ngono fait un certain nombre de \u00ab r\u00e9v\u00e9lations \u00bb.<\/p>\n<p>Partant de l\u2019interpellation d\u2019Emmanuel Macron par un activiste en f\u00e9vrier dernier, passant par la crise du Covid-19 pour aboutir \u00e0 l\u2019affaire Lapiro de Mbanga, le journaliste r\u00e9v\u00e8le que \u00ab Lapiro de Mbanga lui avait dit avant sa mort qu&rsquo;il avait \u00e9t\u00e9 empoisonn\u00e9 par Paul Eric Kingue \u00bb.<\/p>\n<p>Rappelons que Lapiro de Mbanga commence sa carri\u00e8re musicale au Nig\u00e9ria sous le nom de Pastor Sanjo Lapiro. De retour au Cameroun, il prend le nom de sc\u00e8ne \u00ab Lapiro de Mbanga \u00bb.<\/p>\n<p>Populaire notamment avec la sortie de son disque Pas argent no love en 1985, il a aussi effectu\u00e9 des tourn\u00e9es en Europe.<\/p>\n<p>Artiste engag\u00e9 et critique du r\u00e9gime de Paul Biya, il devient \u00ab le porte-parole de la jeunesse de son pays, en particulier des ndos, ces personnes d\u00e9s\u0153uvr\u00e9es qui jonchent les stations de trains et de bus des m\u00e9tropoles camerounaises. \u00bb. Il chante dans un pidgin local, m\u00e9langeant Fran\u00e7ais, Anglais et Douala truff\u00e9 de mots d&rsquo;argot auquel on donnera le nom de \u00ab Mboko talk \u00bb.<\/p>\n<p>Fin 2007, Paul Biya propose d\u2019amender la Constitution du Cameroun, qui limitait la Pr\u00e9sidence de la R\u00e9publique \u00e0 deux termes de sept ans. En r\u00e9ponse, Lapiro de Mbanga compose la chanson Constitution constip\u00e9e qui, interdite d\u2019antenne, fut reprise lors des manifestations de f\u00e9vrier 2008 contre cet amendement qui, une fois adopt\u00e9, permit \u00e0 Paul Biya d\u2019\u00eatre r\u00e9\u00e9lu le 21 octobre 2011.<\/p>\n<p>Lapiro de Mbanga est arr\u00eat\u00e9 le 9 avril 2008 et condamn\u00e9 \u00e0 trois ans de prison par le Tribunal de Grande Instance. Incarc\u00e9r\u00e9 \u00e0 la prison de New Bell, \u00e0 Douala, il contracte la fi\u00e8vre typho\u00efde en d\u00e9cembre 2009.<\/p>\n<p>En prison, il r\u00e9dige un ouvrage \u00ab Cabale politico judiciaire ou la mort programm\u00e9e d\u2019un combattant de la libert\u00e9 \u00bb qui ne trouvera pas d&rsquo;\u00e9diteur avant son d\u00e9c\u00e8s. Il est lib\u00e9r\u00e9 le 8 avril 2011.<\/p>\n<p>Pendant l\u2019\u00e9t\u00e9 2011, il se produit en Europe (Belgique, Espagne, France, Grande-Bretagne, Suisse), aux \u00c9tats-Unis et au Canada. Le 2 septembre 2012, il quitte le Cameroun avec son \u00e9pouse et cinq de ses six enfants pour les \u00c9tats-Unis o\u00f9 il obtient le droit d\u2019asile. Lapiro de Mbanga est d\u00e9c\u00e9d\u00e9 le 16 mars 2014 \u00e0 New York.<\/p>\n","protected":false},"excerpt":{"rendered":"<p>Africa-Press &#8211; Cameroun. Ils \u00e9taient de fervents opposants au r\u00e9gime Biya. Paul Eric Kingue et artiste de l&rsquo;as, Lapiro de Mbanga ne font plus partie de ce monde terrestre. Les deux compagnons peuvent se retrouver. En raison de leur engagement en tant que soci\u00e9t\u00e9 civile, les deux hommes ont pass\u00e9 trois ans ensemble \u00e0 la [&hellip;]<\/p>\n","protected":false},"author":82,"featured_media":1762,"comment_status":"open","ping_status":"closed","sticky":false,"template":"","format":"standard","meta":{"footnotes":""},"categories":[11,2,10],"tags":[36,50,49],"class_list":["post-1763","post","type-post","status-publish","format-standard","has-post-thumbnail","hentry","category-homepage-french","category-politique","category-toutes-les-actualites","tag-africa-press","tag-africa-press-cameroun","tag-cameroun"],"yoast_head":"<!-- This site is optimized with the Yoast SEO Premium plugin v26.1 (Yoast SEO v27.0) - https:\/\/yoast.com\/product\/yoast-seo-premium-wordpress\/ -->\n<title>Combats contre le r\u00e9gime: Eric Kingu\u00e9 rejoint son alli\u00e9 Lapiro de Mbanga - Cameroun<\/title>\n<meta name=\"description\" content=\"Ils \u00e9taient de fervents opposants au r\u00e9gime Biya. Paul Eric Kingue et artiste de l&#039;as, Lapiro de Mbanga ne font plus par ...\" \/>\n<meta name=\"robots\" content=\"index, follow, max-snippet:-1, max-image-preview:large, max-video-preview:-1\" \/>\n<link rel=\"canonical\" href=\"https:\/\/www.africa-press.net\/cameroun\/politique\/combats-contre-le-regime-eric-kingue-rejoint-son-allie-lapiro-de-mbanga\" \/>\n<meta property=\"og:locale\" content=\"fr_FR\" \/>\n<meta property=\"og:type\" content=\"article\" \/>\n<meta property=\"og:title\" content=\"Combats contre le r\u00e9gime: Eric Kingu\u00e9 rejoint son alli\u00e9 Lapiro de Mbanga\" \/>\n<meta property=\"og:description\" content=\"Ils \u00e9taient de fervents opposants au r\u00e9gime Biya. Paul Eric Kingue et artiste de l&#039;as, Lapiro de Mbanga ne font plus par ...\" \/>\n<meta property=\"og:url\" content=\"https:\/\/www.africa-press.net\/cameroun\/politique\/combats-contre-le-regime-eric-kingue-rejoint-son-allie-lapiro-de-mbanga\" \/>\n<meta property=\"og:site_name\" content=\"Cameroun\" \/>\n<meta property=\"article:published_time\" content=\"2021-03-23T13:31:11+00:00\" \/>\n<meta property=\"article:modified_time\" content=\"2021-03-24T13:36:24+00:00\" \/>\n<meta property=\"og:image\" content=\"https:\/\/static.africa-press.net\/cameroun\/sites\/57\/2021\/03\/img-605b404022937.jpg\" \/>\n\t<meta property=\"og:image:width\" content=\"906\" \/>\n\t<meta property=\"og:image:height\" content=\"657\" \/>\n\t<meta property=\"og:image:type\" content=\"image\/jpeg\" \/>\n<meta name=\"author\" content=\"cfeditorfr\" \/>\n<meta name=\"twitter:card\" content=\"summary_large_image\" \/>\n<meta name=\"twitter:label1\" content=\"\u00c9crit par\" \/>\n\t<meta name=\"twitter:data1\" content=\"cfeditorfr\" \/>\n\t<meta name=\"twitter:label2\" content=\"Dur\u00e9e de lecture estim\u00e9e\" \/>\n\t<meta name=\"twitter:data2\" content=\"3 minutes\" \/>\n<script type=\"application\/ld+json\" class=\"yoast-schema-graph\">{\"@context\":\"https:\/\/schema.org\",\"@graph\":[{\"@type\":\"Article\",\"@id\":\"https:\/\/www.africa-press.net\/cameroun\/politique\/combats-contre-le-regime-eric-kingue-rejoint-son-allie-lapiro-de-mbanga#article\",\"isPartOf\":{\"@id\":\"https:\/\/www.africa-press.net\/cameroun\/politique\/combats-contre-le-regime-eric-kingue-rejoint-son-allie-lapiro-de-mbanga\"},\"author\":{\"name\":\"cfeditorfr\",\"@id\":\"https:\/\/www.africa-press.net\/cameroun\/#\/schema\/person\/2b1cf3cd81a31e3cd26889ca66d677f1\"},\"headline\":\"Combats contre le r\u00e9gime: Eric Kingu\u00e9 rejoint son alli\u00e9 Lapiro de Mbanga\",\"datePublished\":\"2021-03-23T13:31:11+00:00\",\"dateModified\":\"2021-03-24T13:36:24+00:00\",\"mainEntityOfPage\":{\"@id\":\"https:\/\/www.africa-press.net\/cameroun\/politique\/combats-contre-le-regime-eric-kingue-rejoint-son-allie-lapiro-de-mbanga\"},\"wordCount\":533,\"commentCount\":0,\"image\":{\"@id\":\"https:\/\/www.africa-press.net\/cameroun\/politique\/combats-contre-le-regime-eric-kingue-rejoint-son-allie-lapiro-de-mbanga#primaryimage\"},\"thumbnailUrl\":\"https:\/\/static.africa-press.net\/cameroun\/sites\/57\/2021\/03\/img-605b404022937.jpg\",\"keywords\":[\"Africa Press\",\"Africa Press-Cameroun\",\"Cameroun\"],\"articleSection\":[\"homepage-french\",\"Politique\",\"Toutes les actualit\u00e9s\"],\"inLanguage\":\"fr-FR\",\"potentialAction\":[{\"@type\":\"CommentAction\",\"name\":\"Comment\",\"target\":[\"https:\/\/www.africa-press.net\/cameroun\/politique\/combats-contre-le-regime-eric-kingue-rejoint-son-allie-lapiro-de-mbanga#respond\"]}]},{\"@type\":\"WebPage\",\"@id\":\"https:\/\/www.africa-press.net\/cameroun\/politique\/combats-contre-le-regime-eric-kingue-rejoint-son-allie-lapiro-de-mbanga\",\"url\":\"https:\/\/www.africa-press.net\/cameroun\/politique\/combats-contre-le-regime-eric-kingue-rejoint-son-allie-lapiro-de-mbanga\",\"name\":\"Combats contre le r\u00e9gime: Eric Kingu\u00e9 rejoint son alli\u00e9 Lapiro de Mbanga - Cameroun\",\"isPartOf\":{\"@id\":\"https:\/\/www.africa-press.net\/cameroun\/#website\"},\"primaryImageOfPage\":{\"@id\":\"https:\/\/www.africa-press.net\/cameroun\/politique\/combats-contre-le-regime-eric-kingue-rejoint-son-allie-lapiro-de-mbanga#primaryimage\"},\"image\":{\"@id\":\"https:\/\/www.africa-press.net\/cameroun\/politique\/combats-contre-le-regime-eric-kingue-rejoint-son-allie-lapiro-de-mbanga#primaryimage\"},\"thumbnailUrl\":\"https:\/\/static.africa-press.net\/cameroun\/sites\/57\/2021\/03\/img-605b404022937.jpg\",\"datePublished\":\"2021-03-23T13:31:11+00:00\",\"dateModified\":\"2021-03-24T13:36:24+00:00\",\"author\":{\"@id\":\"https:\/\/www.africa-press.net\/cameroun\/#\/schema\/person\/2b1cf3cd81a31e3cd26889ca66d677f1\"},\"description\":\"Ils \u00e9taient de fervents opposants au r\u00e9gime Biya. Paul Eric Kingue et artiste de l'as, Lapiro de Mbanga ne font plus par ...\",\"breadcrumb\":{\"@id\":\"https:\/\/www.africa-press.net\/cameroun\/politique\/combats-contre-le-regime-eric-kingue-rejoint-son-allie-lapiro-de-mbanga#breadcrumb\"},\"inLanguage\":\"fr-FR\",\"potentialAction\":[{\"@type\":\"ReadAction\",\"target\":[\"https:\/\/www.africa-press.net\/cameroun\/politique\/combats-contre-le-regime-eric-kingue-rejoint-son-allie-lapiro-de-mbanga\"]}]},{\"@type\":\"ImageObject\",\"inLanguage\":\"fr-FR\",\"@id\":\"https:\/\/www.africa-press.net\/cameroun\/politique\/combats-contre-le-regime-eric-kingue-rejoint-son-allie-lapiro-de-mbanga#primaryimage\",\"url\":\"https:\/\/static.africa-press.net\/cameroun\/sites\/57\/2021\/03\/img-605b404022937.jpg\",\"contentUrl\":\"https:\/\/static.africa-press.net\/cameroun\/sites\/57\/2021\/03\/img-605b404022937.jpg\",\"width\":906,\"height\":657,\"caption\":\"Combats contre le r\u00e9gime: Eric Kingu\u00e9 rejoint son alli\u00e9 Lapiro de Mbanga\"},{\"@type\":\"BreadcrumbList\",\"@id\":\"https:\/\/www.africa-press.net\/cameroun\/politique\/combats-contre-le-regime-eric-kingue-rejoint-son-allie-lapiro-de-mbanga#breadcrumb\",\"itemListElement\":[{\"@type\":\"ListItem\",\"position\":1,\"name\":\"Accueil\",\"item\":\"https:\/\/www.africa-press.net\/cameroun\/\"},{\"@type\":\"ListItem\",\"position\":2,\"name\":\"Combats contre le r\u00e9gime: Eric Kingu\u00e9 rejoint son alli\u00e9 Lapiro de Mbanga\"}]},{\"@type\":\"WebSite\",\"@id\":\"https:\/\/www.africa-press.net\/cameroun\/#website\",\"url\":\"https:\/\/www.africa-press.net\/cameroun\/\",\"name\":\"Cameroun\",\"description\":\"Just another Africa News Agency Sites site\",\"potentialAction\":[{\"@type\":\"SearchAction\",\"target\":{\"@type\":\"EntryPoint\",\"urlTemplate\":\"https:\/\/www.africa-press.net\/cameroun\/?s={search_term_string}\"},\"query-input\":{\"@type\":\"PropertyValueSpecification\",\"valueRequired\":true,\"valueName\":\"search_term_string\"}}],\"inLanguage\":\"fr-FR\"},{\"@type\":\"Person\",\"@id\":\"https:\/\/www.africa-press.net\/cameroun\/#\/schema\/person\/2b1cf3cd81a31e3cd26889ca66d677f1\",\"name\":\"cfeditorfr\"}]}<\/script>\n<!-- \/ Yoast SEO Premium plugin. -->","yoast_head_json":{"title":"Combats contre le r\u00e9gime: Eric Kingu\u00e9 rejoint son alli\u00e9 Lapiro de Mbanga - Cameroun","description":"Ils \u00e9taient de fervents opposants au r\u00e9gime Biya. Paul Eric Kingue et artiste de l'as, Lapiro de Mbanga ne font plus par ...","robots":{"index":"index","follow":"follow","max-snippet":"max-snippet:-1","max-image-preview":"max-image-preview:large","max-video-preview":"max-video-preview:-1"},"canonical":"https:\/\/www.africa-press.net\/cameroun\/politique\/combats-contre-le-regime-eric-kingue-rejoint-son-allie-lapiro-de-mbanga","og_locale":"fr_FR","og_type":"article","og_title":"Combats contre le r\u00e9gime: Eric Kingu\u00e9 rejoint son alli\u00e9 Lapiro de Mbanga","og_description":"Ils \u00e9taient de fervents opposants au r\u00e9gime Biya. Paul Eric Kingue et artiste de l'as, Lapiro de Mbanga ne font plus par ...","og_url":"https:\/\/www.africa-press.net\/cameroun\/politique\/combats-contre-le-regime-eric-kingue-rejoint-son-allie-lapiro-de-mbanga","og_site_name":"Cameroun","article_published_time":"2021-03-23T13:31:11+00:00","article_modified_time":"2021-03-24T13:36:24+00:00","og_image":[{"width":906,"height":657,"url":"https:\/\/static.africa-press.net\/cameroun\/sites\/57\/2021\/03\/img-605b404022937.jpg","type":"image\/jpeg"}],"author":"cfeditorfr","twitter_card":"summary_large_image","twitter_misc":{"\u00c9crit par":"cfeditorfr","Dur\u00e9e de lecture estim\u00e9e":"3 minutes"},"schema":{"@context":"https:\/\/schema.org","@graph":[{"@type":"Article","@id":"https:\/\/www.africa-press.net\/cameroun\/politique\/combats-contre-le-regime-eric-kingue-rejoint-son-allie-lapiro-de-mbanga#article","isPartOf":{"@id":"https:\/\/www.africa-press.net\/cameroun\/politique\/combats-contre-le-regime-eric-kingue-rejoint-son-allie-lapiro-de-mbanga"},"author":{"name":"cfeditorfr","@id":"https:\/\/www.africa-press.net\/cameroun\/#\/schema\/person\/2b1cf3cd81a31e3cd26889ca66d677f1"},"headline":"Combats contre le r\u00e9gime: Eric Kingu\u00e9 rejoint son alli\u00e9 Lapiro de Mbanga","datePublished":"2021-03-23T13:31:11+00:00","dateModified":"2021-03-24T13:36:24+00:00","mainEntityOfPage":{"@id":"https:\/\/www.africa-press.net\/cameroun\/politique\/combats-contre-le-regime-eric-kingue-rejoint-son-allie-lapiro-de-mbanga"},"wordCount":533,"commentCount":0,"image":{"@id":"https:\/\/www.africa-press.net\/cameroun\/politique\/combats-contre-le-regime-eric-kingue-rejoint-son-allie-lapiro-de-mbanga#primaryimage"},"thumbnailUrl":"https:\/\/static.africa-press.net\/cameroun\/sites\/57\/2021\/03\/img-605b404022937.jpg","keywords":["Africa Press","Africa Press-Cameroun","Cameroun"],"articleSection":["homepage-french","Politique","Toutes les actualit\u00e9s"],"inLanguage":"fr-FR","potentialAction":[{"@type":"CommentAction","name":"Comment","target":["https:\/\/www.africa-press.net\/cameroun\/politique\/combats-contre-le-regime-eric-kingue-rejoint-son-allie-lapiro-de-mbanga#respond"]}]},{"@type":"WebPage","@id":"https:\/\/www.africa-press.net\/cameroun\/politique\/combats-contre-le-regime-eric-kingue-rejoint-son-allie-lapiro-de-mbanga","url":"https:\/\/www.africa-press.net\/cameroun\/politique\/combats-contre-le-regime-eric-kingue-rejoint-son-allie-lapiro-de-mbanga","name":"Combats contre le r\u00e9gime: Eric Kingu\u00e9 rejoint son alli\u00e9 Lapiro de Mbanga - Cameroun","isPartOf":{"@id":"https:\/\/www.africa-press.net\/cameroun\/#website"},"primaryImageOfPage":{"@id":"https:\/\/www.africa-press.net\/cameroun\/politique\/combats-contre-le-regime-eric-kingue-rejoint-son-allie-lapiro-de-mbanga#primaryimage"},"image":{"@id":"https:\/\/www.africa-press.net\/cameroun\/politique\/combats-contre-le-regime-eric-kingue-rejoint-son-allie-lapiro-de-mbanga#primaryimage"},"thumbnailUrl":"https:\/\/static.africa-press.net\/cameroun\/sites\/57\/2021\/03\/img-605b404022937.jpg","datePublished":"2021-03-23T13:31:11+00:00","dateModified":"2021-03-24T13:36:24+00:00","author":{"@id":"https:\/\/www.africa-press.net\/cameroun\/#\/schema\/person\/2b1cf3cd81a31e3cd26889ca66d677f1"},"description":"Ils \u00e9taient de fervents opposants au r\u00e9gime Biya. Paul Eric Kingue et artiste de l'as, Lapiro de Mbanga ne font plus par ...","breadcrumb":{"@id":"https:\/\/www.africa-press.net\/cameroun\/politique\/combats-contre-le-regime-eric-kingue-rejoint-son-allie-lapiro-de-mbanga#breadcrumb"},"inLanguage":"fr-FR","potentialAction":[{"@type":"ReadAction","target":["https:\/\/www.africa-press.net\/cameroun\/politique\/combats-contre-le-regime-eric-kingue-rejoint-son-allie-lapiro-de-mbanga"]}]},{"@type":"ImageObject","inLanguage":"fr-FR","@id":"https:\/\/www.africa-press.net\/cameroun\/politique\/combats-contre-le-regime-eric-kingue-rejoint-son-allie-lapiro-de-mbanga#primaryimage","url":"https:\/\/static.africa-press.net\/cameroun\/sites\/57\/2021\/03\/img-605b404022937.jpg","contentUrl":"https:\/\/static.africa-press.net\/cameroun\/sites\/57\/2021\/03\/img-605b404022937.jpg","width":906,"height":657,"caption":"Combats contre le r\u00e9gime: Eric Kingu\u00e9 rejoint son alli\u00e9 Lapiro de Mbanga"},{"@type":"BreadcrumbList","@id":"https:\/\/www.africa-press.net\/cameroun\/politique\/combats-contre-le-regime-eric-kingue-rejoint-son-allie-lapiro-de-mbanga#breadcrumb","itemListElement":[{"@type":"ListItem","position":1,"name":"Accueil","item":"https:\/\/www.africa-press.net\/cameroun\/"},{"@type":"ListItem","position":2,"name":"Combats contre le r\u00e9gime: Eric Kingu\u00e9 rejoint son alli\u00e9 Lapiro de Mbanga"}]},{"@type":"WebSite","@id":"https:\/\/www.africa-press.net\/cameroun\/#website","url":"https:\/\/www.africa-press.net\/cameroun\/","name":"Cameroun","description":"Just another Africa News Agency Sites site","potentialAction":[{"@type":"SearchAction","target":{"@type":"EntryPoint","urlTemplate":"https:\/\/www.africa-press.net\/cameroun\/?s={search_term_string}"},"query-input":{"@type":"PropertyValueSpecification","valueRequired":true,"valueName":"search_term_string"}}],"inLanguage":"fr-FR"},{"@type":"Person","@id":"https:\/\/www.africa-press.net\/cameroun\/#\/schema\/person\/2b1cf3cd81a31e3cd26889ca66d677f1","name":"cfeditorfr"}]}},"_links":{"self":[{"href":"https:\/\/www.africa-press.net\/cameroun\/wp-json\/wp\/v2\/posts\/1763","targetHints":{"allow":["GET"]}}],"collection":[{"href":"https:\/\/www.africa-press.net\/cameroun\/wp-json\/wp\/v2\/posts"}],"about":[{"href":"https:\/\/www.africa-press.net\/cameroun\/wp-json\/wp\/v2\/types\/post"}],"author":[{"embeddable":true,"href":"https:\/\/www.africa-press.net\/cameroun\/wp-json\/wp\/v2\/users\/82"}],"replies":[{"embeddable":true,"href":"https:\/\/www.africa-press.net\/cameroun\/wp-json\/wp\/v2\/comments?post=1763"}],"version-history":[{"count":0,"href":"https:\/\/www.africa-press.net\/cameroun\/wp-json\/wp\/v2\/posts\/1763\/revisions"}],"wp:featuredmedia":[{"embeddable":true,"href":"https:\/\/www.africa-press.net\/cameroun\/wp-json\/wp\/v2\/media\/1762"}],"wp:attachment":[{"href":"https:\/\/www.africa-press.net\/cameroun\/wp-json\/wp\/v2\/media?parent=1763"}],"wp:term":[{"taxonomy":"category","embeddable":true,"href":"https:\/\/www.africa-press.net\/cameroun\/wp-json\/wp\/v2\/categories?post=1763"},{"taxonomy":"post_tag","embeddable":true,"href":"https:\/\/www.africa-press.net\/cameroun\/wp-json\/wp\/v2\/tags?post=1763"}],"curies":[{"name":"wp","href":"https:\/\/api.w.org\/{rel}","templated":true}]}}