{"id":1766,"date":"2021-03-23T13:35:46","date_gmt":"2021-03-23T13:35:46","guid":{"rendered":"https:\/\/www.africa-press.net\/cameroun\/politique\/important-communique-a-lendroit-de-tous-les-agents-de-la-fonction-publique"},"modified":"2021-03-24T13:36:59","modified_gmt":"2021-03-24T13:36:59","slug":"important-communique-a-lendroit-de-tous-les-agents-de-la-fonction-publique","status":"publish","type":"post","link":"https:\/\/www.africa-press.net\/cameroun\/politique\/important-communique-a-lendroit-de-tous-les-agents-de-la-fonction-publique","title":{"rendered":"Important communiqu\u00e9 \u00e0 l&rsquo;endroit de tous les agents de la Fonction publique"},"content":{"rendered":"<p><span style=\"color: #ff6600\"><strong><a href=\"https:\/\/www.africa-press.net\/\">Africa-Press<\/a> &#8211; <a href=\"https:\/\/www.africa-press.net\/cameroun\">Cameroun<\/a>. <\/strong><\/span>Dans le communiqu\u00e9 ci-dessous, le minist\u00e8re de la Fonction publique porte \u00e0 l&rsquo;attention des usagers des services de la Fonction publique et des agents du minist\u00e8re de la Fonction Publique et de la R\u00e9forme Administrative (MINFOPRA) des pr\u00e9cisions tr\u00e8s importantes sur les diff\u00e9rentes services et comment ils seront obtenus, en fonction de la nature des demandes et de la position des usagers:<\/p>\n<p>LA LISTE DES SERVICES DISPONIBLES EN R\u00c9GION:<\/p>\n<p>La Signature des attestations de pr\u00e9sentation de l&rsquo;original du dipl\u00f4me par les Gouverneurs, les Pr\u00e9fets et les Sous-Pr\u00e9fets.<\/p>\n<p>La Certification des actes de carri\u00e8re ( Int\u00e9gration, Avancement,<br \/>\nReclassement, Liquidation des droits \u2026) par les d\u00e9l\u00e9gu\u00e9s r\u00e9gionaux.<\/p>\n<p>Consultation directe de la position des actes de carri\u00e8re dans le SIGIPES;<br \/>\nREGNET pour la certification des actes et le tableau de carri\u00e8re avant SIGIPES ;<\/p>\n<p>Services web<\/p>\n<p>(www.minfopra.gov.cm, dossier.minfopra.gov.cm, concoursonline.minfopra.gov.cm, www.minfopra.gov.cm\/carto)<br \/>\nInscription aux concours administratifs<\/p>\n<p>Retrait des actes administratifs :<\/p>\n<p>Int\u00e9gration\/Contrat Engagement ;<br \/>\nReclassement\/Avenant ;<br \/>\nArr\u00eat\u00e9 de mise en stage ;<br \/>\nCertificat de fin de stage ;<br \/>\nArr\u00eat\u00e9 de prorogation de stage ;<br \/>\nArr\u00eat\u00e9 de rectification de l\u2019acte de mise en stage ;<br \/>\nAutorisation de concourir.<br \/>\n\u00c9preuves Orales des concours administratifs par vid\u00e9oconf\u00e9rence ;<br \/>\nConseil R\u00e9gionaux de Discipline ;<br \/>\nD\u00e9p\u00f4t des dossiers d&rsquo;Avancement de Grade (Reclassement, Avancement Cat\u00e9goriel) et les compl\u00e9ments de tout type de dossier en instance de traitement au MINFOPRA ;<br \/>\nSignature des contrats et avenants ;<br \/>\nCall Center 1522 ;<br \/>\nRenseignement \u00e0 travers les plateformes des r\u00e9seaux sociaux : Facebook, Twitter, LinkedIn, YouTube ;<br \/>\nBulletins de solde ANTILOPE \u00e0 travers la plateforme ebulletin.minfi.cm.<\/p>\n<p>SERVICES NECESSITANT LA PR\u00c9SENCE DE L&rsquo;USAGER \u00c0 YAOUND\u00c9.<\/p>\n<p>Retrait de la Premi\u00e8re Prise de Service ;<br \/>\nPassage au Conseil Permanent de Discipline de la Fonction Publique qui connait les cas de fautes professionnelles ou extra professionnelles pouvant conduire aux sanctions de 3e groupe et du 4e groupe, ainsi que les recours pour les sanctions disciplinaires prises par les ministres utilisateurs (d\u00e9cret 2012\/079 du 09\/03\/2012 fixant le r\u00e9gime de la d\u00e9concentration de la gestion des personnels de l&rsquo;\u00c9tat et de la solde) et par les Gouverneurs (conseils r\u00e9gionaux).<\/p>\n","protected":false},"excerpt":{"rendered":"<p>Africa-Press &#8211; Cameroun. Dans le communiqu\u00e9 ci-dessous, le minist\u00e8re de la Fonction publique porte \u00e0 l&rsquo;attention des usagers des services de la Fonction publique et des agents du minist\u00e8re de la Fonction Publique et de la R\u00e9forme Administrative (MINFOPRA) des pr\u00e9cisions tr\u00e8s importantes sur les diff\u00e9rentes services et comment ils seront obtenus, en fonction de [&hellip;]<\/p>\n","protected":false},"author":82,"featured_media":1765,"comment_status":"open","ping_status":"closed","sticky":false,"template":"","format":"standard","meta":{"footnotes":""},"categories":[11,2,10],"tags":[36,50,49],"class_list":["post-1766","post","type-post","status-publish","format-standard","has-post-thumbnail","hentry","category-homepage-french","category-politique","category-toutes-les-actualites","tag-africa-press","tag-africa-press-cameroun","tag-cameroun"],"yoast_head":"<!-- This site is optimized with the Yoast SEO Premium plugin v26.1 (Yoast SEO v27.0) - https:\/\/yoast.com\/product\/yoast-seo-premium-wordpress\/ -->\n<title>Important communiqu\u00e9 \u00e0 l&#039;endroit de tous les agents de la Fonction publique - Cameroun<\/title>\n<meta name=\"description\" content=\"Dans le communiqu\u00e9 ci-dessous, le minist\u00e8re de la Fonction publique porte \u00e0 l&#039;attention des usagers des services de la F ...\" \/>\n<meta name=\"robots\" content=\"index, follow, max-snippet:-1, max-image-preview:large, max-video-preview:-1\" \/>\n<link rel=\"canonical\" href=\"https:\/\/www.africa-press.net\/cameroun\/politique\/important-communique-a-lendroit-de-tous-les-agents-de-la-fonction-publique\" \/>\n<meta property=\"og:locale\" content=\"fr_FR\" \/>\n<meta property=\"og:type\" content=\"article\" \/>\n<meta property=\"og:title\" content=\"Important communiqu\u00e9 \u00e0 l&#039;endroit de tous les agents de la Fonction publique\" \/>\n<meta property=\"og:description\" content=\"Dans le communiqu\u00e9 ci-dessous, le minist\u00e8re de la Fonction publique porte \u00e0 l&#039;attention des usagers des services de la F ...\" \/>\n<meta property=\"og:url\" content=\"https:\/\/www.africa-press.net\/cameroun\/politique\/important-communique-a-lendroit-de-tous-les-agents-de-la-fonction-publique\" \/>\n<meta property=\"og:site_name\" content=\"Cameroun\" \/>\n<meta property=\"article:published_time\" content=\"2021-03-23T13:35:46+00:00\" \/>\n<meta property=\"article:modified_time\" content=\"2021-03-24T13:36:59+00:00\" \/>\n<meta property=\"og:image\" content=\"https:\/\/static.africa-press.net\/cameroun\/sites\/57\/2021\/03\/img-605b4064443a6.jpg\" \/>\n\t<meta property=\"og:image:width\" content=\"1200\" \/>\n\t<meta property=\"og:image:height\" content=\"689\" \/>\n\t<meta property=\"og:image:type\" content=\"image\/jpeg\" \/>\n<meta name=\"author\" content=\"cfeditorfr\" \/>\n<meta name=\"twitter:card\" content=\"summary_large_image\" \/>\n<meta name=\"twitter:label1\" content=\"\u00c9crit par\" \/>\n\t<meta name=\"twitter:data1\" content=\"cfeditorfr\" \/>\n\t<meta name=\"twitter:label2\" content=\"Dur\u00e9e de lecture estim\u00e9e\" \/>\n\t<meta name=\"twitter:data2\" content=\"2 minutes\" \/>\n<script type=\"application\/ld+json\" class=\"yoast-schema-graph\">{\"@context\":\"https:\/\/schema.org\",\"@graph\":[{\"@type\":\"Article\",\"@id\":\"https:\/\/www.africa-press.net\/cameroun\/politique\/important-communique-a-lendroit-de-tous-les-agents-de-la-fonction-publique#article\",\"isPartOf\":{\"@id\":\"https:\/\/www.africa-press.net\/cameroun\/politique\/important-communique-a-lendroit-de-tous-les-agents-de-la-fonction-publique\"},\"author\":{\"name\":\"cfeditorfr\",\"@id\":\"https:\/\/www.africa-press.net\/cameroun\/#\/schema\/person\/2b1cf3cd81a31e3cd26889ca66d677f1\"},\"headline\":\"Important communiqu\u00e9 \u00e0 l&rsquo;endroit de tous les agents de la Fonction publique\",\"datePublished\":\"2021-03-23T13:35:46+00:00\",\"dateModified\":\"2021-03-24T13:36:59+00:00\",\"mainEntityOfPage\":{\"@id\":\"https:\/\/www.africa-press.net\/cameroun\/politique\/important-communique-a-lendroit-de-tous-les-agents-de-la-fonction-publique\"},\"wordCount\":389,\"commentCount\":0,\"image\":{\"@id\":\"https:\/\/www.africa-press.net\/cameroun\/politique\/important-communique-a-lendroit-de-tous-les-agents-de-la-fonction-publique#primaryimage\"},\"thumbnailUrl\":\"https:\/\/static.africa-press.net\/cameroun\/sites\/57\/2021\/03\/img-605b4064443a6.jpg\",\"keywords\":[\"Africa Press\",\"Africa Press-Cameroun\",\"Cameroun\"],\"articleSection\":[\"homepage-french\",\"Politique\",\"Toutes les actualit\u00e9s\"],\"inLanguage\":\"fr-FR\",\"potentialAction\":[{\"@type\":\"CommentAction\",\"name\":\"Comment\",\"target\":[\"https:\/\/www.africa-press.net\/cameroun\/politique\/important-communique-a-lendroit-de-tous-les-agents-de-la-fonction-publique#respond\"]}]},{\"@type\":\"WebPage\",\"@id\":\"https:\/\/www.africa-press.net\/cameroun\/politique\/important-communique-a-lendroit-de-tous-les-agents-de-la-fonction-publique\",\"url\":\"https:\/\/www.africa-press.net\/cameroun\/politique\/important-communique-a-lendroit-de-tous-les-agents-de-la-fonction-publique\",\"name\":\"Important communiqu\u00e9 \u00e0 l'endroit de tous les agents de la Fonction publique - Cameroun\",\"isPartOf\":{\"@id\":\"https:\/\/www.africa-press.net\/cameroun\/#website\"},\"primaryImageOfPage\":{\"@id\":\"https:\/\/www.africa-press.net\/cameroun\/politique\/important-communique-a-lendroit-de-tous-les-agents-de-la-fonction-publique#primaryimage\"},\"image\":{\"@id\":\"https:\/\/www.africa-press.net\/cameroun\/politique\/important-communique-a-lendroit-de-tous-les-agents-de-la-fonction-publique#primaryimage\"},\"thumbnailUrl\":\"https:\/\/static.africa-press.net\/cameroun\/sites\/57\/2021\/03\/img-605b4064443a6.jpg\",\"datePublished\":\"2021-03-23T13:35:46+00:00\",\"dateModified\":\"2021-03-24T13:36:59+00:00\",\"author\":{\"@id\":\"https:\/\/www.africa-press.net\/cameroun\/#\/schema\/person\/2b1cf3cd81a31e3cd26889ca66d677f1\"},\"description\":\"Dans le communiqu\u00e9 ci-dessous, le minist\u00e8re de la Fonction publique porte \u00e0 l'attention des usagers des services de la F ...\",\"breadcrumb\":{\"@id\":\"https:\/\/www.africa-press.net\/cameroun\/politique\/important-communique-a-lendroit-de-tous-les-agents-de-la-fonction-publique#breadcrumb\"},\"inLanguage\":\"fr-FR\",\"potentialAction\":[{\"@type\":\"ReadAction\",\"target\":[\"https:\/\/www.africa-press.net\/cameroun\/politique\/important-communique-a-lendroit-de-tous-les-agents-de-la-fonction-publique\"]}]},{\"@type\":\"ImageObject\",\"inLanguage\":\"fr-FR\",\"@id\":\"https:\/\/www.africa-press.net\/cameroun\/politique\/important-communique-a-lendroit-de-tous-les-agents-de-la-fonction-publique#primaryimage\",\"url\":\"https:\/\/static.africa-press.net\/cameroun\/sites\/57\/2021\/03\/img-605b4064443a6.jpg\",\"contentUrl\":\"https:\/\/static.africa-press.net\/cameroun\/sites\/57\/2021\/03\/img-605b4064443a6.jpg\",\"width\":1200,\"height\":689,\"caption\":\"Important communiqu\u00e9 \u00e0 l'endroit de tous les agents de la Fonction publique\"},{\"@type\":\"BreadcrumbList\",\"@id\":\"https:\/\/www.africa-press.net\/cameroun\/politique\/important-communique-a-lendroit-de-tous-les-agents-de-la-fonction-publique#breadcrumb\",\"itemListElement\":[{\"@type\":\"ListItem\",\"position\":1,\"name\":\"Accueil\",\"item\":\"https:\/\/www.africa-press.net\/cameroun\/\"},{\"@type\":\"ListItem\",\"position\":2,\"name\":\"Important communiqu\u00e9 \u00e0 l&#8217;endroit de tous les agents de la Fonction publique\"}]},{\"@type\":\"WebSite\",\"@id\":\"https:\/\/www.africa-press.net\/cameroun\/#website\",\"url\":\"https:\/\/www.africa-press.net\/cameroun\/\",\"name\":\"Cameroun\",\"description\":\"Just another Africa News Agency Sites site\",\"potentialAction\":[{\"@type\":\"SearchAction\",\"target\":{\"@type\":\"EntryPoint\",\"urlTemplate\":\"https:\/\/www.africa-press.net\/cameroun\/?s={search_term_string}\"},\"query-input\":{\"@type\":\"PropertyValueSpecification\",\"valueRequired\":true,\"valueName\":\"search_term_string\"}}],\"inLanguage\":\"fr-FR\"},{\"@type\":\"Person\",\"@id\":\"https:\/\/www.africa-press.net\/cameroun\/#\/schema\/person\/2b1cf3cd81a31e3cd26889ca66d677f1\",\"name\":\"cfeditorfr\"}]}<\/script>\n<!-- \/ Yoast SEO Premium plugin. -->","yoast_head_json":{"title":"Important communiqu\u00e9 \u00e0 l'endroit de tous les agents de la Fonction publique - Cameroun","description":"Dans le communiqu\u00e9 ci-dessous, le minist\u00e8re de la Fonction publique porte \u00e0 l'attention des usagers des services de la F ...","robots":{"index":"index","follow":"follow","max-snippet":"max-snippet:-1","max-image-preview":"max-image-preview:large","max-video-preview":"max-video-preview:-1"},"canonical":"https:\/\/www.africa-press.net\/cameroun\/politique\/important-communique-a-lendroit-de-tous-les-agents-de-la-fonction-publique","og_locale":"fr_FR","og_type":"article","og_title":"Important communiqu\u00e9 \u00e0 l'endroit de tous les agents de la Fonction publique","og_description":"Dans le communiqu\u00e9 ci-dessous, le minist\u00e8re de la Fonction publique porte \u00e0 l'attention des usagers des services de la F ...","og_url":"https:\/\/www.africa-press.net\/cameroun\/politique\/important-communique-a-lendroit-de-tous-les-agents-de-la-fonction-publique","og_site_name":"Cameroun","article_published_time":"2021-03-23T13:35:46+00:00","article_modified_time":"2021-03-24T13:36:59+00:00","og_image":[{"width":1200,"height":689,"url":"https:\/\/static.africa-press.net\/cameroun\/sites\/57\/2021\/03\/img-605b4064443a6.jpg","type":"image\/jpeg"}],"author":"cfeditorfr","twitter_card":"summary_large_image","twitter_misc":{"\u00c9crit par":"cfeditorfr","Dur\u00e9e de lecture estim\u00e9e":"2 minutes"},"schema":{"@context":"https:\/\/schema.org","@graph":[{"@type":"Article","@id":"https:\/\/www.africa-press.net\/cameroun\/politique\/important-communique-a-lendroit-de-tous-les-agents-de-la-fonction-publique#article","isPartOf":{"@id":"https:\/\/www.africa-press.net\/cameroun\/politique\/important-communique-a-lendroit-de-tous-les-agents-de-la-fonction-publique"},"author":{"name":"cfeditorfr","@id":"https:\/\/www.africa-press.net\/cameroun\/#\/schema\/person\/2b1cf3cd81a31e3cd26889ca66d677f1"},"headline":"Important communiqu\u00e9 \u00e0 l&rsquo;endroit de tous les agents de la Fonction publique","datePublished":"2021-03-23T13:35:46+00:00","dateModified":"2021-03-24T13:36:59+00:00","mainEntityOfPage":{"@id":"https:\/\/www.africa-press.net\/cameroun\/politique\/important-communique-a-lendroit-de-tous-les-agents-de-la-fonction-publique"},"wordCount":389,"commentCount":0,"image":{"@id":"https:\/\/www.africa-press.net\/cameroun\/politique\/important-communique-a-lendroit-de-tous-les-agents-de-la-fonction-publique#primaryimage"},"thumbnailUrl":"https:\/\/static.africa-press.net\/cameroun\/sites\/57\/2021\/03\/img-605b4064443a6.jpg","keywords":["Africa Press","Africa Press-Cameroun","Cameroun"],"articleSection":["homepage-french","Politique","Toutes les actualit\u00e9s"],"inLanguage":"fr-FR","potentialAction":[{"@type":"CommentAction","name":"Comment","target":["https:\/\/www.africa-press.net\/cameroun\/politique\/important-communique-a-lendroit-de-tous-les-agents-de-la-fonction-publique#respond"]}]},{"@type":"WebPage","@id":"https:\/\/www.africa-press.net\/cameroun\/politique\/important-communique-a-lendroit-de-tous-les-agents-de-la-fonction-publique","url":"https:\/\/www.africa-press.net\/cameroun\/politique\/important-communique-a-lendroit-de-tous-les-agents-de-la-fonction-publique","name":"Important communiqu\u00e9 \u00e0 l'endroit de tous les agents de la Fonction publique - Cameroun","isPartOf":{"@id":"https:\/\/www.africa-press.net\/cameroun\/#website"},"primaryImageOfPage":{"@id":"https:\/\/www.africa-press.net\/cameroun\/politique\/important-communique-a-lendroit-de-tous-les-agents-de-la-fonction-publique#primaryimage"},"image":{"@id":"https:\/\/www.africa-press.net\/cameroun\/politique\/important-communique-a-lendroit-de-tous-les-agents-de-la-fonction-publique#primaryimage"},"thumbnailUrl":"https:\/\/static.africa-press.net\/cameroun\/sites\/57\/2021\/03\/img-605b4064443a6.jpg","datePublished":"2021-03-23T13:35:46+00:00","dateModified":"2021-03-24T13:36:59+00:00","author":{"@id":"https:\/\/www.africa-press.net\/cameroun\/#\/schema\/person\/2b1cf3cd81a31e3cd26889ca66d677f1"},"description":"Dans le communiqu\u00e9 ci-dessous, le minist\u00e8re de la Fonction publique porte \u00e0 l'attention des usagers des services de la F ...","breadcrumb":{"@id":"https:\/\/www.africa-press.net\/cameroun\/politique\/important-communique-a-lendroit-de-tous-les-agents-de-la-fonction-publique#breadcrumb"},"inLanguage":"fr-FR","potentialAction":[{"@type":"ReadAction","target":["https:\/\/www.africa-press.net\/cameroun\/politique\/important-communique-a-lendroit-de-tous-les-agents-de-la-fonction-publique"]}]},{"@type":"ImageObject","inLanguage":"fr-FR","@id":"https:\/\/www.africa-press.net\/cameroun\/politique\/important-communique-a-lendroit-de-tous-les-agents-de-la-fonction-publique#primaryimage","url":"https:\/\/static.africa-press.net\/cameroun\/sites\/57\/2021\/03\/img-605b4064443a6.jpg","contentUrl":"https:\/\/static.africa-press.net\/cameroun\/sites\/57\/2021\/03\/img-605b4064443a6.jpg","width":1200,"height":689,"caption":"Important communiqu\u00e9 \u00e0 l'endroit de tous les agents de la Fonction publique"},{"@type":"BreadcrumbList","@id":"https:\/\/www.africa-press.net\/cameroun\/politique\/important-communique-a-lendroit-de-tous-les-agents-de-la-fonction-publique#breadcrumb","itemListElement":[{"@type":"ListItem","position":1,"name":"Accueil","item":"https:\/\/www.africa-press.net\/cameroun\/"},{"@type":"ListItem","position":2,"name":"Important communiqu\u00e9 \u00e0 l&#8217;endroit de tous les agents de la Fonction publique"}]},{"@type":"WebSite","@id":"https:\/\/www.africa-press.net\/cameroun\/#website","url":"https:\/\/www.africa-press.net\/cameroun\/","name":"Cameroun","description":"Just another Africa News Agency Sites site","potentialAction":[{"@type":"SearchAction","target":{"@type":"EntryPoint","urlTemplate":"https:\/\/www.africa-press.net\/cameroun\/?s={search_term_string}"},"query-input":{"@type":"PropertyValueSpecification","valueRequired":true,"valueName":"search_term_string"}}],"inLanguage":"fr-FR"},{"@type":"Person","@id":"https:\/\/www.africa-press.net\/cameroun\/#\/schema\/person\/2b1cf3cd81a31e3cd26889ca66d677f1","name":"cfeditorfr"}]}},"_links":{"self":[{"href":"https:\/\/www.africa-press.net\/cameroun\/wp-json\/wp\/v2\/posts\/1766","targetHints":{"allow":["GET"]}}],"collection":[{"href":"https:\/\/www.africa-press.net\/cameroun\/wp-json\/wp\/v2\/posts"}],"about":[{"href":"https:\/\/www.africa-press.net\/cameroun\/wp-json\/wp\/v2\/types\/post"}],"author":[{"embeddable":true,"href":"https:\/\/www.africa-press.net\/cameroun\/wp-json\/wp\/v2\/users\/82"}],"replies":[{"embeddable":true,"href":"https:\/\/www.africa-press.net\/cameroun\/wp-json\/wp\/v2\/comments?post=1766"}],"version-history":[{"count":0,"href":"https:\/\/www.africa-press.net\/cameroun\/wp-json\/wp\/v2\/posts\/1766\/revisions"}],"wp:featuredmedia":[{"embeddable":true,"href":"https:\/\/www.africa-press.net\/cameroun\/wp-json\/wp\/v2\/media\/1765"}],"wp:attachment":[{"href":"https:\/\/www.africa-press.net\/cameroun\/wp-json\/wp\/v2\/media?parent=1766"}],"wp:term":[{"taxonomy":"category","embeddable":true,"href":"https:\/\/www.africa-press.net\/cameroun\/wp-json\/wp\/v2\/categories?post=1766"},{"taxonomy":"post_tag","embeddable":true,"href":"https:\/\/www.africa-press.net\/cameroun\/wp-json\/wp\/v2\/tags?post=1766"}],"curies":[{"name":"wp","href":"https:\/\/api.w.org\/{rel}","templated":true}]}}