{"id":1775,"date":"2021-03-23T14:02:29","date_gmt":"2021-03-23T14:02:29","guid":{"rendered":"https:\/\/www.africa-press.net\/cameroun\/politique\/covid-19-manaouda-malachie-confesse-lefficacite-des-plantes-medicinales"},"modified":"2021-03-24T13:38:42","modified_gmt":"2021-03-24T13:38:42","slug":"covid-19-manaouda-malachie-confesse-lefficacite-des-plantes-medicinales","status":"publish","type":"post","link":"https:\/\/www.africa-press.net\/cameroun\/politique\/covid-19-manaouda-malachie-confesse-lefficacite-des-plantes-medicinales","title":{"rendered":"Covid-19 : Manaouda Malachie confesse l\u2019efficacit\u00e9 des plantes m\u00e9dicinales"},"content":{"rendered":"<p><span style=\"color: #ff6600\"><strong><a href=\"https:\/\/www.africa-press.net\/\">Africa-Press<\/a> &#8211; <a href=\"https:\/\/www.africa-press.net\/cameroun\">Cameroun<\/a>. <\/strong><\/span>Manaouda Malachie affirme que la contribution de la m\u00e9decine traditionnelle a permis d\u2019att\u00e9nuer et d\u2019amoindrir le pourcentage de malades pr\u00e9sentant des formes graves.<\/p>\n<p>Le gouvernement reconna\u00eet que la m\u00e9decine traditionnelle, rec\u00e8le de nombreux bienfaits. Le Cameroun a d\u2019ailleurs une longue histoire de m\u00e9decine traditionnelle et de tradipraticiens de sant\u00e9 qui jouent un r\u00f4le important dans les soins aux populations. Des plantes m\u00e9dicinales telles que l\u2019artemisia annua sont consid\u00e9r\u00e9es comme des traitements possibles de la Covid-19, mais des essais devraient \u00eatre r\u00e9alis\u00e9s pour \u00e9valuer leur efficacit\u00e9 et d\u00e9terminer leurs effets ind\u00e9sirables.<\/p>\n<p>C\u2019est la substantifique moelle de la concernant qui a eu lieu le jeudi 18 mars 2021, dans la salle des conf\u00e9rences du minist\u00e8re de la Sant\u00e9 publique entre les promoteurs et acteurs de la m\u00e9decine traditionnelle et le Dr. Manaouda Malachie. En guise de propos introductif, le Dr. Minsant\u00e9 a soulign\u00e9 que depuis le d\u00e9but de la riposte, la contribution de la m\u00e9decine traditionnelle a permis d\u2019att\u00e9nuer et d\u2019amoindrir le pourcentage de malades pr\u00e9sentant des formes graves.<\/p>\n<p>Aussi a-t-il reconnu que la ma\u00eetrise de la pand\u00e9mie dans sa premi\u00e8re phase est la r\u00e9sultante de la conjugaison des efforts de la m\u00e9decine traditionnelle et de la m\u00e9decine conventionnelle.<\/p>\n<p>Appuis financiers<\/p>\n<p>Les promoteurs et acteurs de la m\u00e9decine traditionnelle en saluant cette d\u00e9marche du patron de la sant\u00e9 publique au Cameroun, ont souhait\u00e9 que leur rendement soit appr\u00e9ci\u00e9 \u00e0 sa juste mesure, mais aussi, que des appuis financiers leur soient accord\u00e9s pour pouvoir mener \u00e0 bien leurs recherches et la production de leurs m\u00e9dicaments pour le bien des populations.<\/p>\n","protected":false},"excerpt":{"rendered":"<p>Africa-Press &#8211; Cameroun. Manaouda Malachie affirme que la contribution de la m\u00e9decine traditionnelle a permis d\u2019att\u00e9nuer et d\u2019amoindrir le pourcentage de malades pr\u00e9sentant des formes graves. Le gouvernement reconna\u00eet que la m\u00e9decine traditionnelle, rec\u00e8le de nombreux bienfaits. Le Cameroun a d\u2019ailleurs une longue histoire de m\u00e9decine traditionnelle et de tradipraticiens de sant\u00e9 qui jouent un [&hellip;]<\/p>\n","protected":false},"author":82,"featured_media":1774,"comment_status":"open","ping_status":"closed","sticky":false,"template":"","format":"standard","meta":{"footnotes":""},"categories":[11,2,10],"tags":[36,50,49],"class_list":["post-1775","post","type-post","status-publish","format-standard","has-post-thumbnail","hentry","category-homepage-french","category-politique","category-toutes-les-actualites","tag-africa-press","tag-africa-press-cameroun","tag-cameroun"],"yoast_head":"<!-- This site is optimized with the Yoast SEO Premium plugin v26.1 (Yoast SEO v27.0) - https:\/\/yoast.com\/product\/yoast-seo-premium-wordpress\/ -->\n<title>Covid-19 : Manaouda Malachie confesse l\u2019efficacit\u00e9 des plantes m\u00e9dicinales - Cameroun<\/title>\n<meta name=\"description\" content=\"Manaouda Malachie affirme que la contribution de la m\u00e9decine traditionnelle a permis d\u2019att\u00e9nuer et d\u2019amoindrir le pource ...\" \/>\n<meta name=\"robots\" content=\"index, follow, max-snippet:-1, max-image-preview:large, max-video-preview:-1\" \/>\n<link rel=\"canonical\" href=\"https:\/\/www.africa-press.net\/cameroun\/politique\/covid-19-manaouda-malachie-confesse-lefficacite-des-plantes-medicinales\" \/>\n<meta property=\"og:locale\" content=\"fr_FR\" \/>\n<meta property=\"og:type\" content=\"article\" \/>\n<meta property=\"og:title\" content=\"Covid-19 : Manaouda Malachie confesse l\u2019efficacit\u00e9 des plantes m\u00e9dicinales\" \/>\n<meta property=\"og:description\" content=\"Manaouda Malachie affirme que la contribution de la m\u00e9decine traditionnelle a permis d\u2019att\u00e9nuer et d\u2019amoindrir le pource ...\" \/>\n<meta property=\"og:url\" content=\"https:\/\/www.africa-press.net\/cameroun\/politique\/covid-19-manaouda-malachie-confesse-lefficacite-des-plantes-medicinales\" \/>\n<meta property=\"og:site_name\" content=\"Cameroun\" \/>\n<meta property=\"article:published_time\" content=\"2021-03-23T14:02:29+00:00\" \/>\n<meta property=\"article:modified_time\" content=\"2021-03-24T13:38:42+00:00\" \/>\n<meta property=\"og:image\" content=\"https:\/\/static.africa-press.net\/cameroun\/sites\/57\/2021\/03\/img-605b40cbec0f2.jpg\" \/>\n\t<meta property=\"og:image:width\" content=\"782\" \/>\n\t<meta property=\"og:image:height\" content=\"386\" \/>\n\t<meta property=\"og:image:type\" content=\"image\/jpeg\" \/>\n<meta name=\"author\" content=\"cfeditorfr\" \/>\n<meta name=\"twitter:card\" content=\"summary_large_image\" \/>\n<meta name=\"twitter:label1\" content=\"\u00c9crit par\" \/>\n\t<meta name=\"twitter:data1\" content=\"cfeditorfr\" \/>\n\t<meta name=\"twitter:label2\" content=\"Dur\u00e9e de lecture estim\u00e9e\" \/>\n\t<meta name=\"twitter:data2\" content=\"1 minute\" \/>\n<script type=\"application\/ld+json\" class=\"yoast-schema-graph\">{\"@context\":\"https:\/\/schema.org\",\"@graph\":[{\"@type\":\"Article\",\"@id\":\"https:\/\/www.africa-press.net\/cameroun\/politique\/covid-19-manaouda-malachie-confesse-lefficacite-des-plantes-medicinales#article\",\"isPartOf\":{\"@id\":\"https:\/\/www.africa-press.net\/cameroun\/politique\/covid-19-manaouda-malachie-confesse-lefficacite-des-plantes-medicinales\"},\"author\":{\"name\":\"cfeditorfr\",\"@id\":\"https:\/\/www.africa-press.net\/cameroun\/#\/schema\/person\/2b1cf3cd81a31e3cd26889ca66d677f1\"},\"headline\":\"Covid-19 : Manaouda Malachie confesse l\u2019efficacit\u00e9 des plantes m\u00e9dicinales\",\"datePublished\":\"2021-03-23T14:02:29+00:00\",\"dateModified\":\"2021-03-24T13:38:42+00:00\",\"mainEntityOfPage\":{\"@id\":\"https:\/\/www.africa-press.net\/cameroun\/politique\/covid-19-manaouda-malachie-confesse-lefficacite-des-plantes-medicinales\"},\"wordCount\":306,\"commentCount\":0,\"image\":{\"@id\":\"https:\/\/www.africa-press.net\/cameroun\/politique\/covid-19-manaouda-malachie-confesse-lefficacite-des-plantes-medicinales#primaryimage\"},\"thumbnailUrl\":\"https:\/\/static.africa-press.net\/cameroun\/sites\/57\/2021\/03\/img-605b40cbec0f2.jpg\",\"keywords\":[\"Africa Press\",\"Africa Press-Cameroun\",\"Cameroun\"],\"articleSection\":[\"homepage-french\",\"Politique\",\"Toutes les actualit\u00e9s\"],\"inLanguage\":\"fr-FR\",\"potentialAction\":[{\"@type\":\"CommentAction\",\"name\":\"Comment\",\"target\":[\"https:\/\/www.africa-press.net\/cameroun\/politique\/covid-19-manaouda-malachie-confesse-lefficacite-des-plantes-medicinales#respond\"]}]},{\"@type\":\"WebPage\",\"@id\":\"https:\/\/www.africa-press.net\/cameroun\/politique\/covid-19-manaouda-malachie-confesse-lefficacite-des-plantes-medicinales\",\"url\":\"https:\/\/www.africa-press.net\/cameroun\/politique\/covid-19-manaouda-malachie-confesse-lefficacite-des-plantes-medicinales\",\"name\":\"Covid-19 : Manaouda Malachie confesse l\u2019efficacit\u00e9 des plantes m\u00e9dicinales - Cameroun\",\"isPartOf\":{\"@id\":\"https:\/\/www.africa-press.net\/cameroun\/#website\"},\"primaryImageOfPage\":{\"@id\":\"https:\/\/www.africa-press.net\/cameroun\/politique\/covid-19-manaouda-malachie-confesse-lefficacite-des-plantes-medicinales#primaryimage\"},\"image\":{\"@id\":\"https:\/\/www.africa-press.net\/cameroun\/politique\/covid-19-manaouda-malachie-confesse-lefficacite-des-plantes-medicinales#primaryimage\"},\"thumbnailUrl\":\"https:\/\/static.africa-press.net\/cameroun\/sites\/57\/2021\/03\/img-605b40cbec0f2.jpg\",\"datePublished\":\"2021-03-23T14:02:29+00:00\",\"dateModified\":\"2021-03-24T13:38:42+00:00\",\"author\":{\"@id\":\"https:\/\/www.africa-press.net\/cameroun\/#\/schema\/person\/2b1cf3cd81a31e3cd26889ca66d677f1\"},\"description\":\"Manaouda Malachie affirme que la contribution de la m\u00e9decine traditionnelle a permis d\u2019att\u00e9nuer et d\u2019amoindrir le pource ...\",\"breadcrumb\":{\"@id\":\"https:\/\/www.africa-press.net\/cameroun\/politique\/covid-19-manaouda-malachie-confesse-lefficacite-des-plantes-medicinales#breadcrumb\"},\"inLanguage\":\"fr-FR\",\"potentialAction\":[{\"@type\":\"ReadAction\",\"target\":[\"https:\/\/www.africa-press.net\/cameroun\/politique\/covid-19-manaouda-malachie-confesse-lefficacite-des-plantes-medicinales\"]}]},{\"@type\":\"ImageObject\",\"inLanguage\":\"fr-FR\",\"@id\":\"https:\/\/www.africa-press.net\/cameroun\/politique\/covid-19-manaouda-malachie-confesse-lefficacite-des-plantes-medicinales#primaryimage\",\"url\":\"https:\/\/static.africa-press.net\/cameroun\/sites\/57\/2021\/03\/img-605b40cbec0f2.jpg\",\"contentUrl\":\"https:\/\/static.africa-press.net\/cameroun\/sites\/57\/2021\/03\/img-605b40cbec0f2.jpg\",\"width\":782,\"height\":386,\"caption\":\"Covid-19 : Manaouda Malachie confesse l\u2019efficacit\u00e9 des plantes m\u00e9dicinales\"},{\"@type\":\"BreadcrumbList\",\"@id\":\"https:\/\/www.africa-press.net\/cameroun\/politique\/covid-19-manaouda-malachie-confesse-lefficacite-des-plantes-medicinales#breadcrumb\",\"itemListElement\":[{\"@type\":\"ListItem\",\"position\":1,\"name\":\"Accueil\",\"item\":\"https:\/\/www.africa-press.net\/cameroun\/\"},{\"@type\":\"ListItem\",\"position\":2,\"name\":\"Covid-19 : Manaouda Malachie confesse l\u2019efficacit\u00e9 des plantes m\u00e9dicinales\"}]},{\"@type\":\"WebSite\",\"@id\":\"https:\/\/www.africa-press.net\/cameroun\/#website\",\"url\":\"https:\/\/www.africa-press.net\/cameroun\/\",\"name\":\"Cameroun\",\"description\":\"Just another Africa News Agency Sites site\",\"potentialAction\":[{\"@type\":\"SearchAction\",\"target\":{\"@type\":\"EntryPoint\",\"urlTemplate\":\"https:\/\/www.africa-press.net\/cameroun\/?s={search_term_string}\"},\"query-input\":{\"@type\":\"PropertyValueSpecification\",\"valueRequired\":true,\"valueName\":\"search_term_string\"}}],\"inLanguage\":\"fr-FR\"},{\"@type\":\"Person\",\"@id\":\"https:\/\/www.africa-press.net\/cameroun\/#\/schema\/person\/2b1cf3cd81a31e3cd26889ca66d677f1\",\"name\":\"cfeditorfr\"}]}<\/script>\n<!-- \/ Yoast SEO Premium plugin. -->","yoast_head_json":{"title":"Covid-19 : Manaouda Malachie confesse l\u2019efficacit\u00e9 des plantes m\u00e9dicinales - Cameroun","description":"Manaouda Malachie affirme que la contribution de la m\u00e9decine traditionnelle a permis d\u2019att\u00e9nuer et d\u2019amoindrir le pource ...","robots":{"index":"index","follow":"follow","max-snippet":"max-snippet:-1","max-image-preview":"max-image-preview:large","max-video-preview":"max-video-preview:-1"},"canonical":"https:\/\/www.africa-press.net\/cameroun\/politique\/covid-19-manaouda-malachie-confesse-lefficacite-des-plantes-medicinales","og_locale":"fr_FR","og_type":"article","og_title":"Covid-19 : Manaouda Malachie confesse l\u2019efficacit\u00e9 des plantes m\u00e9dicinales","og_description":"Manaouda Malachie affirme que la contribution de la m\u00e9decine traditionnelle a permis d\u2019att\u00e9nuer et d\u2019amoindrir le pource ...","og_url":"https:\/\/www.africa-press.net\/cameroun\/politique\/covid-19-manaouda-malachie-confesse-lefficacite-des-plantes-medicinales","og_site_name":"Cameroun","article_published_time":"2021-03-23T14:02:29+00:00","article_modified_time":"2021-03-24T13:38:42+00:00","og_image":[{"width":782,"height":386,"url":"https:\/\/static.africa-press.net\/cameroun\/sites\/57\/2021\/03\/img-605b40cbec0f2.jpg","type":"image\/jpeg"}],"author":"cfeditorfr","twitter_card":"summary_large_image","twitter_misc":{"\u00c9crit par":"cfeditorfr","Dur\u00e9e de lecture estim\u00e9e":"1 minute"},"schema":{"@context":"https:\/\/schema.org","@graph":[{"@type":"Article","@id":"https:\/\/www.africa-press.net\/cameroun\/politique\/covid-19-manaouda-malachie-confesse-lefficacite-des-plantes-medicinales#article","isPartOf":{"@id":"https:\/\/www.africa-press.net\/cameroun\/politique\/covid-19-manaouda-malachie-confesse-lefficacite-des-plantes-medicinales"},"author":{"name":"cfeditorfr","@id":"https:\/\/www.africa-press.net\/cameroun\/#\/schema\/person\/2b1cf3cd81a31e3cd26889ca66d677f1"},"headline":"Covid-19 : Manaouda Malachie confesse l\u2019efficacit\u00e9 des plantes m\u00e9dicinales","datePublished":"2021-03-23T14:02:29+00:00","dateModified":"2021-03-24T13:38:42+00:00","mainEntityOfPage":{"@id":"https:\/\/www.africa-press.net\/cameroun\/politique\/covid-19-manaouda-malachie-confesse-lefficacite-des-plantes-medicinales"},"wordCount":306,"commentCount":0,"image":{"@id":"https:\/\/www.africa-press.net\/cameroun\/politique\/covid-19-manaouda-malachie-confesse-lefficacite-des-plantes-medicinales#primaryimage"},"thumbnailUrl":"https:\/\/static.africa-press.net\/cameroun\/sites\/57\/2021\/03\/img-605b40cbec0f2.jpg","keywords":["Africa Press","Africa Press-Cameroun","Cameroun"],"articleSection":["homepage-french","Politique","Toutes les actualit\u00e9s"],"inLanguage":"fr-FR","potentialAction":[{"@type":"CommentAction","name":"Comment","target":["https:\/\/www.africa-press.net\/cameroun\/politique\/covid-19-manaouda-malachie-confesse-lefficacite-des-plantes-medicinales#respond"]}]},{"@type":"WebPage","@id":"https:\/\/www.africa-press.net\/cameroun\/politique\/covid-19-manaouda-malachie-confesse-lefficacite-des-plantes-medicinales","url":"https:\/\/www.africa-press.net\/cameroun\/politique\/covid-19-manaouda-malachie-confesse-lefficacite-des-plantes-medicinales","name":"Covid-19 : Manaouda Malachie confesse l\u2019efficacit\u00e9 des plantes m\u00e9dicinales - Cameroun","isPartOf":{"@id":"https:\/\/www.africa-press.net\/cameroun\/#website"},"primaryImageOfPage":{"@id":"https:\/\/www.africa-press.net\/cameroun\/politique\/covid-19-manaouda-malachie-confesse-lefficacite-des-plantes-medicinales#primaryimage"},"image":{"@id":"https:\/\/www.africa-press.net\/cameroun\/politique\/covid-19-manaouda-malachie-confesse-lefficacite-des-plantes-medicinales#primaryimage"},"thumbnailUrl":"https:\/\/static.africa-press.net\/cameroun\/sites\/57\/2021\/03\/img-605b40cbec0f2.jpg","datePublished":"2021-03-23T14:02:29+00:00","dateModified":"2021-03-24T13:38:42+00:00","author":{"@id":"https:\/\/www.africa-press.net\/cameroun\/#\/schema\/person\/2b1cf3cd81a31e3cd26889ca66d677f1"},"description":"Manaouda Malachie affirme que la contribution de la m\u00e9decine traditionnelle a permis d\u2019att\u00e9nuer et d\u2019amoindrir le pource ...","breadcrumb":{"@id":"https:\/\/www.africa-press.net\/cameroun\/politique\/covid-19-manaouda-malachie-confesse-lefficacite-des-plantes-medicinales#breadcrumb"},"inLanguage":"fr-FR","potentialAction":[{"@type":"ReadAction","target":["https:\/\/www.africa-press.net\/cameroun\/politique\/covid-19-manaouda-malachie-confesse-lefficacite-des-plantes-medicinales"]}]},{"@type":"ImageObject","inLanguage":"fr-FR","@id":"https:\/\/www.africa-press.net\/cameroun\/politique\/covid-19-manaouda-malachie-confesse-lefficacite-des-plantes-medicinales#primaryimage","url":"https:\/\/static.africa-press.net\/cameroun\/sites\/57\/2021\/03\/img-605b40cbec0f2.jpg","contentUrl":"https:\/\/static.africa-press.net\/cameroun\/sites\/57\/2021\/03\/img-605b40cbec0f2.jpg","width":782,"height":386,"caption":"Covid-19 : Manaouda Malachie confesse l\u2019efficacit\u00e9 des plantes m\u00e9dicinales"},{"@type":"BreadcrumbList","@id":"https:\/\/www.africa-press.net\/cameroun\/politique\/covid-19-manaouda-malachie-confesse-lefficacite-des-plantes-medicinales#breadcrumb","itemListElement":[{"@type":"ListItem","position":1,"name":"Accueil","item":"https:\/\/www.africa-press.net\/cameroun\/"},{"@type":"ListItem","position":2,"name":"Covid-19 : Manaouda Malachie confesse l\u2019efficacit\u00e9 des plantes m\u00e9dicinales"}]},{"@type":"WebSite","@id":"https:\/\/www.africa-press.net\/cameroun\/#website","url":"https:\/\/www.africa-press.net\/cameroun\/","name":"Cameroun","description":"Just another Africa News Agency Sites site","potentialAction":[{"@type":"SearchAction","target":{"@type":"EntryPoint","urlTemplate":"https:\/\/www.africa-press.net\/cameroun\/?s={search_term_string}"},"query-input":{"@type":"PropertyValueSpecification","valueRequired":true,"valueName":"search_term_string"}}],"inLanguage":"fr-FR"},{"@type":"Person","@id":"https:\/\/www.africa-press.net\/cameroun\/#\/schema\/person\/2b1cf3cd81a31e3cd26889ca66d677f1","name":"cfeditorfr"}]}},"_links":{"self":[{"href":"https:\/\/www.africa-press.net\/cameroun\/wp-json\/wp\/v2\/posts\/1775","targetHints":{"allow":["GET"]}}],"collection":[{"href":"https:\/\/www.africa-press.net\/cameroun\/wp-json\/wp\/v2\/posts"}],"about":[{"href":"https:\/\/www.africa-press.net\/cameroun\/wp-json\/wp\/v2\/types\/post"}],"author":[{"embeddable":true,"href":"https:\/\/www.africa-press.net\/cameroun\/wp-json\/wp\/v2\/users\/82"}],"replies":[{"embeddable":true,"href":"https:\/\/www.africa-press.net\/cameroun\/wp-json\/wp\/v2\/comments?post=1775"}],"version-history":[{"count":0,"href":"https:\/\/www.africa-press.net\/cameroun\/wp-json\/wp\/v2\/posts\/1775\/revisions"}],"wp:featuredmedia":[{"embeddable":true,"href":"https:\/\/www.africa-press.net\/cameroun\/wp-json\/wp\/v2\/media\/1774"}],"wp:attachment":[{"href":"https:\/\/www.africa-press.net\/cameroun\/wp-json\/wp\/v2\/media?parent=1775"}],"wp:term":[{"taxonomy":"category","embeddable":true,"href":"https:\/\/www.africa-press.net\/cameroun\/wp-json\/wp\/v2\/categories?post=1775"},{"taxonomy":"post_tag","embeddable":true,"href":"https:\/\/www.africa-press.net\/cameroun\/wp-json\/wp\/v2\/tags?post=1775"}],"curies":[{"name":"wp","href":"https:\/\/api.w.org\/{rel}","templated":true}]}}