{"id":1778,"date":"2021-03-23T14:10:03","date_gmt":"2021-03-23T14:10:03","guid":{"rendered":"https:\/\/www.africa-press.net\/cameroun\/politique\/cameroun-trois-eleves-poursuivis-pour-lassassinat-de-leur-camarade"},"modified":"2021-03-24T13:39:18","modified_gmt":"2021-03-24T13:39:18","slug":"cameroun-trois-eleves-poursuivis-pour-lassassinat-de-leur-camarade","status":"publish","type":"post","link":"https:\/\/www.africa-press.net\/cameroun\/toutes-les-actualites\/cameroun-trois-eleves-poursuivis-pour-lassassinat-de-leur-camarade","title":{"rendered":"Cameroun : trois \u00e9l\u00e8ves poursuivis pour l\u2019assassinat de leur camarade"},"content":{"rendered":"<p><span style=\"color: #ff6600\"><strong><a href=\"https:\/\/www.africa-press.net\/\">Africa-Press<\/a> &#8211; <a href=\"https:\/\/www.africa-press.net\/cameroun\">Cameroun<\/a>. <\/strong><\/span>Accus\u00e9 de meurtre en coaction, trois jeunes gens d\u00e9tenus \u00e0 la prison de Yaound\u00e9 Kondengui depuis cinq ans, r\u00e9pondent de leurs actes devant la barre. Ils nient les charges qui p\u00e8sent sur leur personnes pendant leur t\u00e9moignages.<\/p>\n<p>Le \u00e9tablissements scolaires et universitaires semblent devenir des laboratoires de perversion et de criminalit\u00e9 juv\u00e9niles. La consommation de la drogue, les pratiques sexuelles d\u00e9sordonn\u00e9es, les sectes exot\u00e9riques et les crimes y sont l\u00e9gion. Le cas de l&rsquo;assassinat de M. Mebara Messanga, \u00e9l\u00e8ve au lyc\u00e9e de Nkolbissong en 2016 fait partie de la longue liste des crimes et d\u00e9lits caus\u00e9s par les \u00e9l\u00e8ves ou \u00e9tudiants sur l&rsquo;ensemble du territoire national\/<\/p>\n<p>En effet, M. Nkwaha Nzong Th\u00e9o Junior, \u00e9l\u00e8ve en classe de 3\u00e8me au lyc\u00e9e de Nkolbissong \u00e0 Yaound\u00e9 \u00e2g\u00e9 de 15 ans \u00e0 l&rsquo;\u00e9poque des faits en compagnie de son \u00ab\u00a0meilleur ami\u00a0\u00bb Assan et Rodrigue Mandeng Onana tous deux issus des \u00e9tablissements voisins au sein, sont accus\u00e9s de meurtre de M. Mebara Messanga, un autre \u00e9l\u00e8ve du lyc\u00e9e de Nkolbissong. Les trois compagnons qui croupissent \u00e0 la prison centrale de Yaound\u00e9 Konddengui depuis 2016, ont \u00e9t\u00e9 renvoy\u00e9s en jugement devant le tribunal de grande instance du Mfoundi.<\/p>\n<p>Selon l&rsquo;accusation M. Mebara Messanga a trouv\u00e9 la mort apr\u00e8s avoir re\u00e7u deux coups de poignards au dos. L&rsquo;arme du crime dont s&rsquo;\u00e9tait servi un certain Ndjimeki alias Rochnel au cours d&rsquo;une bagarre g\u00e9n\u00e9rale lui avait \u00e9t\u00e9 remise dans un sac quelques jours auparavant par Assan. Curieusement Ndjimeki alias Rochnel, l&rsquo;acteur principal du crime avait plut\u00f4t \u00e9t\u00e9 \u00e9cart\u00e9 des poursuites judiciaires. La repr\u00e9sentante du parquet explique qu&rsquo;il s&rsquo;agissait en fait dans cette affaire d&rsquo;un acte vengeance de la part de M. Nkwah Nzog Th\u00e9o Junior qui voulait r\u00e9gler son compta \u00e0 M. Mebarga, la victime. Ce dernier \u00e0 qui il avait gard\u00e9 rancune pour l&rsquo;avoir gifl\u00e9 une ann\u00e9e avant le forfait.<\/p>\n<p>Le 19 mars 2021, les trois mis en cause ont enfin donn\u00e9 chacun sa version des faits, cinq ans apr\u00e8s leur interpellation. M. Nkwaha Theo Junior premier \u00e0 prendre la parole raconte qu&rsquo;en 2015, il a re\u00e7u la gifle de M. Mebara Messanga qui le r\u00e9primandait de s&rsquo;\u00eatre assis sur le banc qu&rsquo;il avait occup\u00e9 quatre ans durant avant l&rsquo;obtention de son brevet d&rsquo;\u00e9tude du premier cycle (Bepc).<\/p>\n<p>Pendant la pause de la mi-journ\u00e9e, alors qu&rsquo;il sortait de la cantine scolaire o\u00f9 il venait de prendre un repas en compagnie de son ami Ndjimeki alias Rochnel, il avait rencontr\u00e9 la victime Mebara Messanga, et son frere Ngono Messanga. Il l&rsquo;avait gifl\u00e9 l&rsquo;ann\u00e9e pr\u00e9c\u00e9dente. Face au silence de dernier dit-il, son compagnon Ndjimeki est entr\u00e9 en sc\u00e8ne dans l&rsquo;affaire en reprochant \u00e0 Messanga le fait de frustrer les petits au sein de l&rsquo;\u00e9tablissment.<\/p>\n<p>La vengeance<\/p>\n<p>Selon Theo Junior Nkwaha Nzog, les propos de ROCHEL vont provoquer la col\u00e8re de Ngono le fr\u00e8re de l&rsquo;autre, qui avait engag\u00e9 une bagarre. Il souligne que son intervention n&rsquo;avait pas r\u00e9ussi \u00e0 calmer la rixe. Finalement Mebara qui voulait s\u00e9parer les deux bagarreurs avait \u00e9t\u00e9 bless\u00e9 heo dit ignorer l&rsquo;auteur du crime. \u00ab\u00a0Apr\u00e8s l&rsquo;accident je suis rentr\u00e9 \u00e0 la maison. Le jour suivant j&rsquo;ai \u00e9t\u00e9 interpell\u00e9 dans la cour du lyc\u00e9e et inform\u00e9 du d\u00e9c\u00e8s de Mebara. Les policiers m&rsquo;apprenaient aussi que j&rsquo;\u00e9tais impliqu\u00e9 dans son assassinat\u00a0\u00bb a-t-il d\u00e9clar\u00e9.<\/p>\n","protected":false},"excerpt":{"rendered":"<p>Africa-Press &#8211; Cameroun. Accus\u00e9 de meurtre en coaction, trois jeunes gens d\u00e9tenus \u00e0 la prison de Yaound\u00e9 Kondengui depuis cinq ans, r\u00e9pondent de leurs actes devant la barre. Ils nient les charges qui p\u00e8sent sur leur personnes pendant leur t\u00e9moignages. Le \u00e9tablissements scolaires et universitaires semblent devenir des laboratoires de perversion et de criminalit\u00e9 juv\u00e9niles. [&hellip;]<\/p>\n","protected":false},"author":82,"featured_media":1777,"comment_status":"open","ping_status":"closed","sticky":false,"template":"","format":"standard","meta":{"footnotes":""},"categories":[21,11,10],"tags":[36,50,49],"class_list":["post-1778","post","type-post","status-publish","format-standard","has-post-thumbnail","hentry","category-communaute","category-homepage-french","category-toutes-les-actualites","tag-africa-press","tag-africa-press-cameroun","tag-cameroun"],"yoast_head":"<!-- This site is optimized with the Yoast SEO Premium plugin v26.1 (Yoast SEO v27.0) - https:\/\/yoast.com\/product\/yoast-seo-premium-wordpress\/ -->\n<title>Cameroun : trois \u00e9l\u00e8ves poursuivis pour l\u2019assassinat de leur camarade - Cameroun<\/title>\n<meta name=\"description\" content=\"Accus\u00e9 de meurtre en coaction, trois jeunes gens d\u00e9tenus \u00e0 la prison de Yaound\u00e9 Kondengui depuis cinq ans, r\u00e9pondent de ...\" \/>\n<meta name=\"robots\" content=\"index, follow, max-snippet:-1, max-image-preview:large, max-video-preview:-1\" \/>\n<link rel=\"canonical\" href=\"https:\/\/www.africa-press.net\/cameroun\/toutes-les-actualites\/cameroun-trois-eleves-poursuivis-pour-lassassinat-de-leur-camarade\" \/>\n<meta property=\"og:locale\" content=\"fr_FR\" \/>\n<meta property=\"og:type\" content=\"article\" \/>\n<meta property=\"og:title\" content=\"Cameroun : trois \u00e9l\u00e8ves poursuivis pour l\u2019assassinat de leur camarade\" \/>\n<meta property=\"og:description\" content=\"Accus\u00e9 de meurtre en coaction, trois jeunes gens d\u00e9tenus \u00e0 la prison de Yaound\u00e9 Kondengui depuis cinq ans, r\u00e9pondent de ...\" \/>\n<meta property=\"og:url\" content=\"https:\/\/www.africa-press.net\/cameroun\/toutes-les-actualites\/cameroun-trois-eleves-poursuivis-pour-lassassinat-de-leur-camarade\" \/>\n<meta property=\"og:site_name\" content=\"Cameroun\" \/>\n<meta property=\"article:published_time\" content=\"2021-03-23T14:10:03+00:00\" \/>\n<meta property=\"article:modified_time\" content=\"2021-03-24T13:39:18+00:00\" \/>\n<meta property=\"og:image\" content=\"https:\/\/static.africa-press.net\/cameroun\/sites\/57\/2021\/03\/img-605b40eddc8b0.jpg\" \/>\n\t<meta property=\"og:image:width\" content=\"800\" \/>\n\t<meta property=\"og:image:height\" content=\"449\" \/>\n\t<meta property=\"og:image:type\" content=\"image\/jpeg\" \/>\n<meta name=\"author\" content=\"cfeditorfr\" \/>\n<meta name=\"twitter:card\" content=\"summary_large_image\" \/>\n<meta name=\"twitter:label1\" content=\"\u00c9crit par\" \/>\n\t<meta name=\"twitter:data1\" content=\"cfeditorfr\" \/>\n\t<meta name=\"twitter:label2\" content=\"Dur\u00e9e de lecture estim\u00e9e\" \/>\n\t<meta name=\"twitter:data2\" content=\"3 minutes\" \/>\n<script type=\"application\/ld+json\" class=\"yoast-schema-graph\">{\"@context\":\"https:\/\/schema.org\",\"@graph\":[{\"@type\":\"Article\",\"@id\":\"https:\/\/www.africa-press.net\/cameroun\/toutes-les-actualites\/cameroun-trois-eleves-poursuivis-pour-lassassinat-de-leur-camarade#article\",\"isPartOf\":{\"@id\":\"https:\/\/www.africa-press.net\/cameroun\/toutes-les-actualites\/cameroun-trois-eleves-poursuivis-pour-lassassinat-de-leur-camarade\"},\"author\":{\"name\":\"cfeditorfr\",\"@id\":\"https:\/\/www.africa-press.net\/cameroun\/#\/schema\/person\/2b1cf3cd81a31e3cd26889ca66d677f1\"},\"headline\":\"Cameroun : trois \u00e9l\u00e8ves poursuivis pour l\u2019assassinat de leur camarade\",\"datePublished\":\"2021-03-23T14:10:03+00:00\",\"dateModified\":\"2021-03-24T13:39:18+00:00\",\"mainEntityOfPage\":{\"@id\":\"https:\/\/www.africa-press.net\/cameroun\/toutes-les-actualites\/cameroun-trois-eleves-poursuivis-pour-lassassinat-de-leur-camarade\"},\"wordCount\":612,\"commentCount\":0,\"image\":{\"@id\":\"https:\/\/www.africa-press.net\/cameroun\/toutes-les-actualites\/cameroun-trois-eleves-poursuivis-pour-lassassinat-de-leur-camarade#primaryimage\"},\"thumbnailUrl\":\"https:\/\/static.africa-press.net\/cameroun\/sites\/57\/2021\/03\/img-605b40eddc8b0.jpg\",\"keywords\":[\"Africa Press\",\"Africa Press-Cameroun\",\"Cameroun\"],\"articleSection\":[\"Communaut\u00e9\",\"homepage-french\",\"Toutes les actualit\u00e9s\"],\"inLanguage\":\"fr-FR\",\"potentialAction\":[{\"@type\":\"CommentAction\",\"name\":\"Comment\",\"target\":[\"https:\/\/www.africa-press.net\/cameroun\/toutes-les-actualites\/cameroun-trois-eleves-poursuivis-pour-lassassinat-de-leur-camarade#respond\"]}]},{\"@type\":\"WebPage\",\"@id\":\"https:\/\/www.africa-press.net\/cameroun\/toutes-les-actualites\/cameroun-trois-eleves-poursuivis-pour-lassassinat-de-leur-camarade\",\"url\":\"https:\/\/www.africa-press.net\/cameroun\/toutes-les-actualites\/cameroun-trois-eleves-poursuivis-pour-lassassinat-de-leur-camarade\",\"name\":\"Cameroun : trois \u00e9l\u00e8ves poursuivis pour l\u2019assassinat de leur camarade - Cameroun\",\"isPartOf\":{\"@id\":\"https:\/\/www.africa-press.net\/cameroun\/#website\"},\"primaryImageOfPage\":{\"@id\":\"https:\/\/www.africa-press.net\/cameroun\/toutes-les-actualites\/cameroun-trois-eleves-poursuivis-pour-lassassinat-de-leur-camarade#primaryimage\"},\"image\":{\"@id\":\"https:\/\/www.africa-press.net\/cameroun\/toutes-les-actualites\/cameroun-trois-eleves-poursuivis-pour-lassassinat-de-leur-camarade#primaryimage\"},\"thumbnailUrl\":\"https:\/\/static.africa-press.net\/cameroun\/sites\/57\/2021\/03\/img-605b40eddc8b0.jpg\",\"datePublished\":\"2021-03-23T14:10:03+00:00\",\"dateModified\":\"2021-03-24T13:39:18+00:00\",\"author\":{\"@id\":\"https:\/\/www.africa-press.net\/cameroun\/#\/schema\/person\/2b1cf3cd81a31e3cd26889ca66d677f1\"},\"description\":\"Accus\u00e9 de meurtre en coaction, trois jeunes gens d\u00e9tenus \u00e0 la prison de Yaound\u00e9 Kondengui depuis cinq ans, r\u00e9pondent de ...\",\"breadcrumb\":{\"@id\":\"https:\/\/www.africa-press.net\/cameroun\/toutes-les-actualites\/cameroun-trois-eleves-poursuivis-pour-lassassinat-de-leur-camarade#breadcrumb\"},\"inLanguage\":\"fr-FR\",\"potentialAction\":[{\"@type\":\"ReadAction\",\"target\":[\"https:\/\/www.africa-press.net\/cameroun\/toutes-les-actualites\/cameroun-trois-eleves-poursuivis-pour-lassassinat-de-leur-camarade\"]}]},{\"@type\":\"ImageObject\",\"inLanguage\":\"fr-FR\",\"@id\":\"https:\/\/www.africa-press.net\/cameroun\/toutes-les-actualites\/cameroun-trois-eleves-poursuivis-pour-lassassinat-de-leur-camarade#primaryimage\",\"url\":\"https:\/\/static.africa-press.net\/cameroun\/sites\/57\/2021\/03\/img-605b40eddc8b0.jpg\",\"contentUrl\":\"https:\/\/static.africa-press.net\/cameroun\/sites\/57\/2021\/03\/img-605b40eddc8b0.jpg\",\"width\":800,\"height\":449,\"caption\":\"Cameroun : trois \u00e9l\u00e8ves poursuivis pour l\u2019assassinat de leur camarade\"},{\"@type\":\"BreadcrumbList\",\"@id\":\"https:\/\/www.africa-press.net\/cameroun\/toutes-les-actualites\/cameroun-trois-eleves-poursuivis-pour-lassassinat-de-leur-camarade#breadcrumb\",\"itemListElement\":[{\"@type\":\"ListItem\",\"position\":1,\"name\":\"Accueil\",\"item\":\"https:\/\/www.africa-press.net\/cameroun\/\"},{\"@type\":\"ListItem\",\"position\":2,\"name\":\"Cameroun : trois \u00e9l\u00e8ves poursuivis pour l\u2019assassinat de leur camarade\"}]},{\"@type\":\"WebSite\",\"@id\":\"https:\/\/www.africa-press.net\/cameroun\/#website\",\"url\":\"https:\/\/www.africa-press.net\/cameroun\/\",\"name\":\"Cameroun\",\"description\":\"Just another Africa News Agency Sites site\",\"potentialAction\":[{\"@type\":\"SearchAction\",\"target\":{\"@type\":\"EntryPoint\",\"urlTemplate\":\"https:\/\/www.africa-press.net\/cameroun\/?s={search_term_string}\"},\"query-input\":{\"@type\":\"PropertyValueSpecification\",\"valueRequired\":true,\"valueName\":\"search_term_string\"}}],\"inLanguage\":\"fr-FR\"},{\"@type\":\"Person\",\"@id\":\"https:\/\/www.africa-press.net\/cameroun\/#\/schema\/person\/2b1cf3cd81a31e3cd26889ca66d677f1\",\"name\":\"cfeditorfr\"}]}<\/script>\n<!-- \/ Yoast SEO Premium plugin. -->","yoast_head_json":{"title":"Cameroun : trois \u00e9l\u00e8ves poursuivis pour l\u2019assassinat de leur camarade - Cameroun","description":"Accus\u00e9 de meurtre en coaction, trois jeunes gens d\u00e9tenus \u00e0 la prison de Yaound\u00e9 Kondengui depuis cinq ans, r\u00e9pondent de ...","robots":{"index":"index","follow":"follow","max-snippet":"max-snippet:-1","max-image-preview":"max-image-preview:large","max-video-preview":"max-video-preview:-1"},"canonical":"https:\/\/www.africa-press.net\/cameroun\/toutes-les-actualites\/cameroun-trois-eleves-poursuivis-pour-lassassinat-de-leur-camarade","og_locale":"fr_FR","og_type":"article","og_title":"Cameroun : trois \u00e9l\u00e8ves poursuivis pour l\u2019assassinat de leur camarade","og_description":"Accus\u00e9 de meurtre en coaction, trois jeunes gens d\u00e9tenus \u00e0 la prison de Yaound\u00e9 Kondengui depuis cinq ans, r\u00e9pondent de ...","og_url":"https:\/\/www.africa-press.net\/cameroun\/toutes-les-actualites\/cameroun-trois-eleves-poursuivis-pour-lassassinat-de-leur-camarade","og_site_name":"Cameroun","article_published_time":"2021-03-23T14:10:03+00:00","article_modified_time":"2021-03-24T13:39:18+00:00","og_image":[{"width":800,"height":449,"url":"https:\/\/static.africa-press.net\/cameroun\/sites\/57\/2021\/03\/img-605b40eddc8b0.jpg","type":"image\/jpeg"}],"author":"cfeditorfr","twitter_card":"summary_large_image","twitter_misc":{"\u00c9crit par":"cfeditorfr","Dur\u00e9e de lecture estim\u00e9e":"3 minutes"},"schema":{"@context":"https:\/\/schema.org","@graph":[{"@type":"Article","@id":"https:\/\/www.africa-press.net\/cameroun\/toutes-les-actualites\/cameroun-trois-eleves-poursuivis-pour-lassassinat-de-leur-camarade#article","isPartOf":{"@id":"https:\/\/www.africa-press.net\/cameroun\/toutes-les-actualites\/cameroun-trois-eleves-poursuivis-pour-lassassinat-de-leur-camarade"},"author":{"name":"cfeditorfr","@id":"https:\/\/www.africa-press.net\/cameroun\/#\/schema\/person\/2b1cf3cd81a31e3cd26889ca66d677f1"},"headline":"Cameroun : trois \u00e9l\u00e8ves poursuivis pour l\u2019assassinat de leur camarade","datePublished":"2021-03-23T14:10:03+00:00","dateModified":"2021-03-24T13:39:18+00:00","mainEntityOfPage":{"@id":"https:\/\/www.africa-press.net\/cameroun\/toutes-les-actualites\/cameroun-trois-eleves-poursuivis-pour-lassassinat-de-leur-camarade"},"wordCount":612,"commentCount":0,"image":{"@id":"https:\/\/www.africa-press.net\/cameroun\/toutes-les-actualites\/cameroun-trois-eleves-poursuivis-pour-lassassinat-de-leur-camarade#primaryimage"},"thumbnailUrl":"https:\/\/static.africa-press.net\/cameroun\/sites\/57\/2021\/03\/img-605b40eddc8b0.jpg","keywords":["Africa Press","Africa Press-Cameroun","Cameroun"],"articleSection":["Communaut\u00e9","homepage-french","Toutes les actualit\u00e9s"],"inLanguage":"fr-FR","potentialAction":[{"@type":"CommentAction","name":"Comment","target":["https:\/\/www.africa-press.net\/cameroun\/toutes-les-actualites\/cameroun-trois-eleves-poursuivis-pour-lassassinat-de-leur-camarade#respond"]}]},{"@type":"WebPage","@id":"https:\/\/www.africa-press.net\/cameroun\/toutes-les-actualites\/cameroun-trois-eleves-poursuivis-pour-lassassinat-de-leur-camarade","url":"https:\/\/www.africa-press.net\/cameroun\/toutes-les-actualites\/cameroun-trois-eleves-poursuivis-pour-lassassinat-de-leur-camarade","name":"Cameroun : trois \u00e9l\u00e8ves poursuivis pour l\u2019assassinat de leur camarade - Cameroun","isPartOf":{"@id":"https:\/\/www.africa-press.net\/cameroun\/#website"},"primaryImageOfPage":{"@id":"https:\/\/www.africa-press.net\/cameroun\/toutes-les-actualites\/cameroun-trois-eleves-poursuivis-pour-lassassinat-de-leur-camarade#primaryimage"},"image":{"@id":"https:\/\/www.africa-press.net\/cameroun\/toutes-les-actualites\/cameroun-trois-eleves-poursuivis-pour-lassassinat-de-leur-camarade#primaryimage"},"thumbnailUrl":"https:\/\/static.africa-press.net\/cameroun\/sites\/57\/2021\/03\/img-605b40eddc8b0.jpg","datePublished":"2021-03-23T14:10:03+00:00","dateModified":"2021-03-24T13:39:18+00:00","author":{"@id":"https:\/\/www.africa-press.net\/cameroun\/#\/schema\/person\/2b1cf3cd81a31e3cd26889ca66d677f1"},"description":"Accus\u00e9 de meurtre en coaction, trois jeunes gens d\u00e9tenus \u00e0 la prison de Yaound\u00e9 Kondengui depuis cinq ans, r\u00e9pondent de ...","breadcrumb":{"@id":"https:\/\/www.africa-press.net\/cameroun\/toutes-les-actualites\/cameroun-trois-eleves-poursuivis-pour-lassassinat-de-leur-camarade#breadcrumb"},"inLanguage":"fr-FR","potentialAction":[{"@type":"ReadAction","target":["https:\/\/www.africa-press.net\/cameroun\/toutes-les-actualites\/cameroun-trois-eleves-poursuivis-pour-lassassinat-de-leur-camarade"]}]},{"@type":"ImageObject","inLanguage":"fr-FR","@id":"https:\/\/www.africa-press.net\/cameroun\/toutes-les-actualites\/cameroun-trois-eleves-poursuivis-pour-lassassinat-de-leur-camarade#primaryimage","url":"https:\/\/static.africa-press.net\/cameroun\/sites\/57\/2021\/03\/img-605b40eddc8b0.jpg","contentUrl":"https:\/\/static.africa-press.net\/cameroun\/sites\/57\/2021\/03\/img-605b40eddc8b0.jpg","width":800,"height":449,"caption":"Cameroun : trois \u00e9l\u00e8ves poursuivis pour l\u2019assassinat de leur camarade"},{"@type":"BreadcrumbList","@id":"https:\/\/www.africa-press.net\/cameroun\/toutes-les-actualites\/cameroun-trois-eleves-poursuivis-pour-lassassinat-de-leur-camarade#breadcrumb","itemListElement":[{"@type":"ListItem","position":1,"name":"Accueil","item":"https:\/\/www.africa-press.net\/cameroun\/"},{"@type":"ListItem","position":2,"name":"Cameroun : trois \u00e9l\u00e8ves poursuivis pour l\u2019assassinat de leur camarade"}]},{"@type":"WebSite","@id":"https:\/\/www.africa-press.net\/cameroun\/#website","url":"https:\/\/www.africa-press.net\/cameroun\/","name":"Cameroun","description":"Just another Africa News Agency Sites site","potentialAction":[{"@type":"SearchAction","target":{"@type":"EntryPoint","urlTemplate":"https:\/\/www.africa-press.net\/cameroun\/?s={search_term_string}"},"query-input":{"@type":"PropertyValueSpecification","valueRequired":true,"valueName":"search_term_string"}}],"inLanguage":"fr-FR"},{"@type":"Person","@id":"https:\/\/www.africa-press.net\/cameroun\/#\/schema\/person\/2b1cf3cd81a31e3cd26889ca66d677f1","name":"cfeditorfr"}]}},"_links":{"self":[{"href":"https:\/\/www.africa-press.net\/cameroun\/wp-json\/wp\/v2\/posts\/1778","targetHints":{"allow":["GET"]}}],"collection":[{"href":"https:\/\/www.africa-press.net\/cameroun\/wp-json\/wp\/v2\/posts"}],"about":[{"href":"https:\/\/www.africa-press.net\/cameroun\/wp-json\/wp\/v2\/types\/post"}],"author":[{"embeddable":true,"href":"https:\/\/www.africa-press.net\/cameroun\/wp-json\/wp\/v2\/users\/82"}],"replies":[{"embeddable":true,"href":"https:\/\/www.africa-press.net\/cameroun\/wp-json\/wp\/v2\/comments?post=1778"}],"version-history":[{"count":0,"href":"https:\/\/www.africa-press.net\/cameroun\/wp-json\/wp\/v2\/posts\/1778\/revisions"}],"wp:featuredmedia":[{"embeddable":true,"href":"https:\/\/www.africa-press.net\/cameroun\/wp-json\/wp\/v2\/media\/1777"}],"wp:attachment":[{"href":"https:\/\/www.africa-press.net\/cameroun\/wp-json\/wp\/v2\/media?parent=1778"}],"wp:term":[{"taxonomy":"category","embeddable":true,"href":"https:\/\/www.africa-press.net\/cameroun\/wp-json\/wp\/v2\/categories?post=1778"},{"taxonomy":"post_tag","embeddable":true,"href":"https:\/\/www.africa-press.net\/cameroun\/wp-json\/wp\/v2\/tags?post=1778"}],"curies":[{"name":"wp","href":"https:\/\/api.w.org\/{rel}","templated":true}]}}