{"id":1796,"date":"2021-03-23T14:52:38","date_gmt":"2021-03-23T14:52:38","guid":{"rendered":"https:\/\/www.africa-press.net\/cameroun\/politique\/nouvelles-revelations-sur-laffaire-de-destitution-du-maire-deseka"},"modified":"2021-03-24T13:42:51","modified_gmt":"2021-03-24T13:42:51","slug":"nouvelles-revelations-sur-laffaire-de-destitution-du-maire-deseka","status":"publish","type":"post","link":"https:\/\/www.africa-press.net\/cameroun\/politique\/nouvelles-revelations-sur-laffaire-de-destitution-du-maire-deseka","title":{"rendered":"Nouvelles r\u00e9v\u00e9lations sur l\u2019affaire de destitution du maire d\u2019Eseka"},"content":{"rendered":"<p><span style=\"color: #ff6600\"><strong><a href=\"https:\/\/www.africa-press.net\/\">Africa-Press<\/a> &#8211; <a href=\"https:\/\/www.africa-press.net\/cameroun\">Cameroun<\/a>. <\/strong><\/span>Invit\u00e9 d\u2019ABK Matin, un cadre du Parti Camerounais pour la R\u00e9conciliation Nationale a affirm\u00e9 que le probl\u00e8me de la mairie d\u2019Eseka est un probl\u00e8me personnel entre les conseillers municipaux et le maire d\u2019Eseka.<\/p>\n<p>On en sait un peu plus sur ce qui se passe depuis plusieurs mois \u00e0 la mairie d\u2019Eseka entre le maire et les conseillers municipaux qui menacent de le destituer. La r\u00e9v\u00e9lation \u00e9t\u00e9 faite ce matin sur les antennes de la radio ABK. Invit\u00e9 \u00e0 l\u2019\u00e9mission ABK Matin Marvel Ndjock, secr\u00e9taire g\u00e9n\u00e9ral d\u00e9partemental du Parti Camerounais pour la R\u00e9conciliation Nationale pour le Wouri a indiqu\u00e9 que \u00ab le probl\u00e8me d\u2019Eseka est un probl\u00e8me personnel entre le maire et les conseillers municipaux. Mais nous ne pouvons pas tirer des conclusions pour d\u00e9clarer que ces personnes qui veulent destituer le maire sont anti-Pcrn \u00bb. On comprend donc que le litige qui a voulu conduire \u00e0 la destitution de Sylvain Tjock est plus une affaire de personne que de gestion.<\/p>\n","protected":false},"excerpt":{"rendered":"<p>Africa-Press &#8211; Cameroun. Invit\u00e9 d\u2019ABK Matin, un cadre du Parti Camerounais pour la R\u00e9conciliation Nationale a affirm\u00e9 que le probl\u00e8me de la mairie d\u2019Eseka est un probl\u00e8me personnel entre les conseillers municipaux et le maire d\u2019Eseka. On en sait un peu plus sur ce qui se passe depuis plusieurs mois \u00e0 la mairie d\u2019Eseka entre [&hellip;]<\/p>\n","protected":false},"author":82,"featured_media":1795,"comment_status":"open","ping_status":"closed","sticky":false,"template":"","format":"standard","meta":{"footnotes":""},"categories":[11,2,10],"tags":[36,50,49],"class_list":["post-1796","post","type-post","status-publish","format-standard","has-post-thumbnail","hentry","category-homepage-french","category-politique","category-toutes-les-actualites","tag-africa-press","tag-africa-press-cameroun","tag-cameroun"],"yoast_head":"<!-- This site is optimized with the Yoast SEO Premium plugin v26.1 (Yoast SEO v27.0) - https:\/\/yoast.com\/product\/yoast-seo-premium-wordpress\/ -->\n<title>Nouvelles r\u00e9v\u00e9lations sur l\u2019affaire de destitution du maire d\u2019Eseka - Cameroun<\/title>\n<meta name=\"description\" content=\"Invit\u00e9 d\u2019ABK Matin, un cadre du Parti Camerounais pour la R\u00e9conciliation Nationale a affirm\u00e9 que le probl\u00e8me de la mairi ...\" \/>\n<meta name=\"robots\" content=\"index, follow, max-snippet:-1, max-image-preview:large, max-video-preview:-1\" \/>\n<link rel=\"canonical\" href=\"https:\/\/www.africa-press.net\/cameroun\/politique\/nouvelles-revelations-sur-laffaire-de-destitution-du-maire-deseka\" \/>\n<meta property=\"og:locale\" content=\"fr_FR\" \/>\n<meta property=\"og:type\" content=\"article\" \/>\n<meta property=\"og:title\" content=\"Nouvelles r\u00e9v\u00e9lations sur l\u2019affaire de destitution du maire d\u2019Eseka\" \/>\n<meta property=\"og:description\" content=\"Invit\u00e9 d\u2019ABK Matin, un cadre du Parti Camerounais pour la R\u00e9conciliation Nationale a affirm\u00e9 que le probl\u00e8me de la mairi ...\" \/>\n<meta property=\"og:url\" content=\"https:\/\/www.africa-press.net\/cameroun\/politique\/nouvelles-revelations-sur-laffaire-de-destitution-du-maire-deseka\" \/>\n<meta property=\"og:site_name\" content=\"Cameroun\" \/>\n<meta property=\"article:published_time\" content=\"2021-03-23T14:52:38+00:00\" \/>\n<meta property=\"article:modified_time\" content=\"2021-03-24T13:42:51+00:00\" \/>\n<meta property=\"og:image\" content=\"https:\/\/static.africa-press.net\/cameroun\/sites\/57\/2021\/03\/img-605b41c4c92f4.jpg\" \/>\n\t<meta property=\"og:image:width\" content=\"900\" \/>\n\t<meta property=\"og:image:height\" content=\"600\" \/>\n\t<meta property=\"og:image:type\" content=\"image\/jpeg\" \/>\n<meta name=\"author\" content=\"cfeditorfr\" \/>\n<meta name=\"twitter:card\" content=\"summary_large_image\" \/>\n<meta name=\"twitter:label1\" content=\"\u00c9crit par\" \/>\n\t<meta name=\"twitter:data1\" content=\"cfeditorfr\" \/>\n\t<meta name=\"twitter:label2\" content=\"Dur\u00e9e de lecture estim\u00e9e\" \/>\n\t<meta name=\"twitter:data2\" content=\"1 minute\" \/>\n<script type=\"application\/ld+json\" class=\"yoast-schema-graph\">{\"@context\":\"https:\/\/schema.org\",\"@graph\":[{\"@type\":\"Article\",\"@id\":\"https:\/\/www.africa-press.net\/cameroun\/politique\/nouvelles-revelations-sur-laffaire-de-destitution-du-maire-deseka#article\",\"isPartOf\":{\"@id\":\"https:\/\/www.africa-press.net\/cameroun\/politique\/nouvelles-revelations-sur-laffaire-de-destitution-du-maire-deseka\"},\"author\":{\"name\":\"cfeditorfr\",\"@id\":\"https:\/\/www.africa-press.net\/cameroun\/#\/schema\/person\/2b1cf3cd81a31e3cd26889ca66d677f1\"},\"headline\":\"Nouvelles r\u00e9v\u00e9lations sur l\u2019affaire de destitution du maire d\u2019Eseka\",\"datePublished\":\"2021-03-23T14:52:38+00:00\",\"dateModified\":\"2021-03-24T13:42:51+00:00\",\"mainEntityOfPage\":{\"@id\":\"https:\/\/www.africa-press.net\/cameroun\/politique\/nouvelles-revelations-sur-laffaire-de-destitution-du-maire-deseka\"},\"wordCount\":190,\"commentCount\":0,\"image\":{\"@id\":\"https:\/\/www.africa-press.net\/cameroun\/politique\/nouvelles-revelations-sur-laffaire-de-destitution-du-maire-deseka#primaryimage\"},\"thumbnailUrl\":\"https:\/\/static.africa-press.net\/cameroun\/sites\/57\/2021\/03\/img-605b41c4c92f4.jpg\",\"keywords\":[\"Africa Press\",\"Africa Press-Cameroun\",\"Cameroun\"],\"articleSection\":[\"homepage-french\",\"Politique\",\"Toutes les actualit\u00e9s\"],\"inLanguage\":\"fr-FR\",\"potentialAction\":[{\"@type\":\"CommentAction\",\"name\":\"Comment\",\"target\":[\"https:\/\/www.africa-press.net\/cameroun\/politique\/nouvelles-revelations-sur-laffaire-de-destitution-du-maire-deseka#respond\"]}]},{\"@type\":\"WebPage\",\"@id\":\"https:\/\/www.africa-press.net\/cameroun\/politique\/nouvelles-revelations-sur-laffaire-de-destitution-du-maire-deseka\",\"url\":\"https:\/\/www.africa-press.net\/cameroun\/politique\/nouvelles-revelations-sur-laffaire-de-destitution-du-maire-deseka\",\"name\":\"Nouvelles r\u00e9v\u00e9lations sur l\u2019affaire de destitution du maire d\u2019Eseka - Cameroun\",\"isPartOf\":{\"@id\":\"https:\/\/www.africa-press.net\/cameroun\/#website\"},\"primaryImageOfPage\":{\"@id\":\"https:\/\/www.africa-press.net\/cameroun\/politique\/nouvelles-revelations-sur-laffaire-de-destitution-du-maire-deseka#primaryimage\"},\"image\":{\"@id\":\"https:\/\/www.africa-press.net\/cameroun\/politique\/nouvelles-revelations-sur-laffaire-de-destitution-du-maire-deseka#primaryimage\"},\"thumbnailUrl\":\"https:\/\/static.africa-press.net\/cameroun\/sites\/57\/2021\/03\/img-605b41c4c92f4.jpg\",\"datePublished\":\"2021-03-23T14:52:38+00:00\",\"dateModified\":\"2021-03-24T13:42:51+00:00\",\"author\":{\"@id\":\"https:\/\/www.africa-press.net\/cameroun\/#\/schema\/person\/2b1cf3cd81a31e3cd26889ca66d677f1\"},\"description\":\"Invit\u00e9 d\u2019ABK Matin, un cadre du Parti Camerounais pour la R\u00e9conciliation Nationale a affirm\u00e9 que le probl\u00e8me de la mairi ...\",\"breadcrumb\":{\"@id\":\"https:\/\/www.africa-press.net\/cameroun\/politique\/nouvelles-revelations-sur-laffaire-de-destitution-du-maire-deseka#breadcrumb\"},\"inLanguage\":\"fr-FR\",\"potentialAction\":[{\"@type\":\"ReadAction\",\"target\":[\"https:\/\/www.africa-press.net\/cameroun\/politique\/nouvelles-revelations-sur-laffaire-de-destitution-du-maire-deseka\"]}]},{\"@type\":\"ImageObject\",\"inLanguage\":\"fr-FR\",\"@id\":\"https:\/\/www.africa-press.net\/cameroun\/politique\/nouvelles-revelations-sur-laffaire-de-destitution-du-maire-deseka#primaryimage\",\"url\":\"https:\/\/static.africa-press.net\/cameroun\/sites\/57\/2021\/03\/img-605b41c4c92f4.jpg\",\"contentUrl\":\"https:\/\/static.africa-press.net\/cameroun\/sites\/57\/2021\/03\/img-605b41c4c92f4.jpg\",\"width\":900,\"height\":600,\"caption\":\"Nouvelles r\u00e9v\u00e9lations sur l\u2019affaire de destitution du maire d\u2019Eseka\"},{\"@type\":\"BreadcrumbList\",\"@id\":\"https:\/\/www.africa-press.net\/cameroun\/politique\/nouvelles-revelations-sur-laffaire-de-destitution-du-maire-deseka#breadcrumb\",\"itemListElement\":[{\"@type\":\"ListItem\",\"position\":1,\"name\":\"Accueil\",\"item\":\"https:\/\/www.africa-press.net\/cameroun\/\"},{\"@type\":\"ListItem\",\"position\":2,\"name\":\"Nouvelles r\u00e9v\u00e9lations sur l\u2019affaire de destitution du maire d\u2019Eseka\"}]},{\"@type\":\"WebSite\",\"@id\":\"https:\/\/www.africa-press.net\/cameroun\/#website\",\"url\":\"https:\/\/www.africa-press.net\/cameroun\/\",\"name\":\"Cameroun\",\"description\":\"Just another Africa News Agency Sites site\",\"potentialAction\":[{\"@type\":\"SearchAction\",\"target\":{\"@type\":\"EntryPoint\",\"urlTemplate\":\"https:\/\/www.africa-press.net\/cameroun\/?s={search_term_string}\"},\"query-input\":{\"@type\":\"PropertyValueSpecification\",\"valueRequired\":true,\"valueName\":\"search_term_string\"}}],\"inLanguage\":\"fr-FR\"},{\"@type\":\"Person\",\"@id\":\"https:\/\/www.africa-press.net\/cameroun\/#\/schema\/person\/2b1cf3cd81a31e3cd26889ca66d677f1\",\"name\":\"cfeditorfr\"}]}<\/script>\n<!-- \/ Yoast SEO Premium plugin. -->","yoast_head_json":{"title":"Nouvelles r\u00e9v\u00e9lations sur l\u2019affaire de destitution du maire d\u2019Eseka - Cameroun","description":"Invit\u00e9 d\u2019ABK Matin, un cadre du Parti Camerounais pour la R\u00e9conciliation Nationale a affirm\u00e9 que le probl\u00e8me de la mairi ...","robots":{"index":"index","follow":"follow","max-snippet":"max-snippet:-1","max-image-preview":"max-image-preview:large","max-video-preview":"max-video-preview:-1"},"canonical":"https:\/\/www.africa-press.net\/cameroun\/politique\/nouvelles-revelations-sur-laffaire-de-destitution-du-maire-deseka","og_locale":"fr_FR","og_type":"article","og_title":"Nouvelles r\u00e9v\u00e9lations sur l\u2019affaire de destitution du maire d\u2019Eseka","og_description":"Invit\u00e9 d\u2019ABK Matin, un cadre du Parti Camerounais pour la R\u00e9conciliation Nationale a affirm\u00e9 que le probl\u00e8me de la mairi ...","og_url":"https:\/\/www.africa-press.net\/cameroun\/politique\/nouvelles-revelations-sur-laffaire-de-destitution-du-maire-deseka","og_site_name":"Cameroun","article_published_time":"2021-03-23T14:52:38+00:00","article_modified_time":"2021-03-24T13:42:51+00:00","og_image":[{"width":900,"height":600,"url":"https:\/\/static.africa-press.net\/cameroun\/sites\/57\/2021\/03\/img-605b41c4c92f4.jpg","type":"image\/jpeg"}],"author":"cfeditorfr","twitter_card":"summary_large_image","twitter_misc":{"\u00c9crit par":"cfeditorfr","Dur\u00e9e de lecture estim\u00e9e":"1 minute"},"schema":{"@context":"https:\/\/schema.org","@graph":[{"@type":"Article","@id":"https:\/\/www.africa-press.net\/cameroun\/politique\/nouvelles-revelations-sur-laffaire-de-destitution-du-maire-deseka#article","isPartOf":{"@id":"https:\/\/www.africa-press.net\/cameroun\/politique\/nouvelles-revelations-sur-laffaire-de-destitution-du-maire-deseka"},"author":{"name":"cfeditorfr","@id":"https:\/\/www.africa-press.net\/cameroun\/#\/schema\/person\/2b1cf3cd81a31e3cd26889ca66d677f1"},"headline":"Nouvelles r\u00e9v\u00e9lations sur l\u2019affaire de destitution du maire d\u2019Eseka","datePublished":"2021-03-23T14:52:38+00:00","dateModified":"2021-03-24T13:42:51+00:00","mainEntityOfPage":{"@id":"https:\/\/www.africa-press.net\/cameroun\/politique\/nouvelles-revelations-sur-laffaire-de-destitution-du-maire-deseka"},"wordCount":190,"commentCount":0,"image":{"@id":"https:\/\/www.africa-press.net\/cameroun\/politique\/nouvelles-revelations-sur-laffaire-de-destitution-du-maire-deseka#primaryimage"},"thumbnailUrl":"https:\/\/static.africa-press.net\/cameroun\/sites\/57\/2021\/03\/img-605b41c4c92f4.jpg","keywords":["Africa Press","Africa Press-Cameroun","Cameroun"],"articleSection":["homepage-french","Politique","Toutes les actualit\u00e9s"],"inLanguage":"fr-FR","potentialAction":[{"@type":"CommentAction","name":"Comment","target":["https:\/\/www.africa-press.net\/cameroun\/politique\/nouvelles-revelations-sur-laffaire-de-destitution-du-maire-deseka#respond"]}]},{"@type":"WebPage","@id":"https:\/\/www.africa-press.net\/cameroun\/politique\/nouvelles-revelations-sur-laffaire-de-destitution-du-maire-deseka","url":"https:\/\/www.africa-press.net\/cameroun\/politique\/nouvelles-revelations-sur-laffaire-de-destitution-du-maire-deseka","name":"Nouvelles r\u00e9v\u00e9lations sur l\u2019affaire de destitution du maire d\u2019Eseka - Cameroun","isPartOf":{"@id":"https:\/\/www.africa-press.net\/cameroun\/#website"},"primaryImageOfPage":{"@id":"https:\/\/www.africa-press.net\/cameroun\/politique\/nouvelles-revelations-sur-laffaire-de-destitution-du-maire-deseka#primaryimage"},"image":{"@id":"https:\/\/www.africa-press.net\/cameroun\/politique\/nouvelles-revelations-sur-laffaire-de-destitution-du-maire-deseka#primaryimage"},"thumbnailUrl":"https:\/\/static.africa-press.net\/cameroun\/sites\/57\/2021\/03\/img-605b41c4c92f4.jpg","datePublished":"2021-03-23T14:52:38+00:00","dateModified":"2021-03-24T13:42:51+00:00","author":{"@id":"https:\/\/www.africa-press.net\/cameroun\/#\/schema\/person\/2b1cf3cd81a31e3cd26889ca66d677f1"},"description":"Invit\u00e9 d\u2019ABK Matin, un cadre du Parti Camerounais pour la R\u00e9conciliation Nationale a affirm\u00e9 que le probl\u00e8me de la mairi ...","breadcrumb":{"@id":"https:\/\/www.africa-press.net\/cameroun\/politique\/nouvelles-revelations-sur-laffaire-de-destitution-du-maire-deseka#breadcrumb"},"inLanguage":"fr-FR","potentialAction":[{"@type":"ReadAction","target":["https:\/\/www.africa-press.net\/cameroun\/politique\/nouvelles-revelations-sur-laffaire-de-destitution-du-maire-deseka"]}]},{"@type":"ImageObject","inLanguage":"fr-FR","@id":"https:\/\/www.africa-press.net\/cameroun\/politique\/nouvelles-revelations-sur-laffaire-de-destitution-du-maire-deseka#primaryimage","url":"https:\/\/static.africa-press.net\/cameroun\/sites\/57\/2021\/03\/img-605b41c4c92f4.jpg","contentUrl":"https:\/\/static.africa-press.net\/cameroun\/sites\/57\/2021\/03\/img-605b41c4c92f4.jpg","width":900,"height":600,"caption":"Nouvelles r\u00e9v\u00e9lations sur l\u2019affaire de destitution du maire d\u2019Eseka"},{"@type":"BreadcrumbList","@id":"https:\/\/www.africa-press.net\/cameroun\/politique\/nouvelles-revelations-sur-laffaire-de-destitution-du-maire-deseka#breadcrumb","itemListElement":[{"@type":"ListItem","position":1,"name":"Accueil","item":"https:\/\/www.africa-press.net\/cameroun\/"},{"@type":"ListItem","position":2,"name":"Nouvelles r\u00e9v\u00e9lations sur l\u2019affaire de destitution du maire d\u2019Eseka"}]},{"@type":"WebSite","@id":"https:\/\/www.africa-press.net\/cameroun\/#website","url":"https:\/\/www.africa-press.net\/cameroun\/","name":"Cameroun","description":"Just another Africa News Agency Sites site","potentialAction":[{"@type":"SearchAction","target":{"@type":"EntryPoint","urlTemplate":"https:\/\/www.africa-press.net\/cameroun\/?s={search_term_string}"},"query-input":{"@type":"PropertyValueSpecification","valueRequired":true,"valueName":"search_term_string"}}],"inLanguage":"fr-FR"},{"@type":"Person","@id":"https:\/\/www.africa-press.net\/cameroun\/#\/schema\/person\/2b1cf3cd81a31e3cd26889ca66d677f1","name":"cfeditorfr"}]}},"_links":{"self":[{"href":"https:\/\/www.africa-press.net\/cameroun\/wp-json\/wp\/v2\/posts\/1796","targetHints":{"allow":["GET"]}}],"collection":[{"href":"https:\/\/www.africa-press.net\/cameroun\/wp-json\/wp\/v2\/posts"}],"about":[{"href":"https:\/\/www.africa-press.net\/cameroun\/wp-json\/wp\/v2\/types\/post"}],"author":[{"embeddable":true,"href":"https:\/\/www.africa-press.net\/cameroun\/wp-json\/wp\/v2\/users\/82"}],"replies":[{"embeddable":true,"href":"https:\/\/www.africa-press.net\/cameroun\/wp-json\/wp\/v2\/comments?post=1796"}],"version-history":[{"count":0,"href":"https:\/\/www.africa-press.net\/cameroun\/wp-json\/wp\/v2\/posts\/1796\/revisions"}],"wp:featuredmedia":[{"embeddable":true,"href":"https:\/\/www.africa-press.net\/cameroun\/wp-json\/wp\/v2\/media\/1795"}],"wp:attachment":[{"href":"https:\/\/www.africa-press.net\/cameroun\/wp-json\/wp\/v2\/media?parent=1796"}],"wp:term":[{"taxonomy":"category","embeddable":true,"href":"https:\/\/www.africa-press.net\/cameroun\/wp-json\/wp\/v2\/categories?post=1796"},{"taxonomy":"post_tag","embeddable":true,"href":"https:\/\/www.africa-press.net\/cameroun\/wp-json\/wp\/v2\/tags?post=1796"}],"curies":[{"name":"wp","href":"https:\/\/api.w.org\/{rel}","templated":true}]}}