{"id":1799,"date":"2021-03-23T15:02:14","date_gmt":"2021-03-23T15:02:14","guid":{"rendered":"https:\/\/www.africa-press.net\/cameroun\/politique\/evacuations-sanitaires-ou-graces-presidentielles"},"modified":"2021-03-24T13:43:27","modified_gmt":"2021-03-24T13:43:27","slug":"evacuations-sanitaires-ou-graces-presidentielles","status":"publish","type":"post","link":"https:\/\/www.africa-press.net\/cameroun\/politique\/evacuations-sanitaires-ou-graces-presidentielles","title":{"rendered":"\u00c9vacuations sanitaires, ou gr\u00e2ces pr\u00e9sidentielles?"},"content":{"rendered":"<p><span style=\"color: #ff6600\"><strong><a href=\"https:\/\/www.africa-press.net\/\">Africa-Press<\/a> &#8211; <a href=\"https:\/\/www.africa-press.net\/cameroun\">Cameroun<\/a>. <\/strong><\/span>De nombreux observateurs estiment aujourd\u2019hui que l&rsquo;\u00e9largissement d\u00e9finitif des grands malades de l&rsquo;op\u00e9ration Epervier pourrait contribuer \u00e0 d\u00e9crisper le climat politique actuel, m\u00eame si les \u00e9vacuations sanitaires accord\u00e9es \u00e0 quelques-uns d&rsquo;entre eux s&rsquo;assimilent d\u00e9j\u00e0 \u00e0 une sorte de gr\u00e2ce pr\u00e9sidentielle.<\/p>\n<p>Le d\u00e9bat sur les \u00e9vacuations sanitaires des prisonniers dits de luxe ne cesse aujourd\u2019hui de faire jaser dans certaines chaumi\u00e8res et salons hupp\u00e9s de la R\u00e9publique. Si pour certains, cette activit\u00e9 est tributaire d\u2019un cadre normatif bien d\u00e9fini, r\u00e9pondant aux exigences de respect de quelques crit\u00e8res objectifs, pour d\u2019autres, c\u2019est une pr\u00e9rogative qui rel\u00e8ve du pouvoir \u00ab discr\u00e9tionnaire \u00bb du chef de l\u2019Etat. D\u2019o\u00f9 ces voix qui ne cessent de s\u2019\u00e9lever au sein de l\u2019opinion ces derniers jours pour demander au pr\u00e9sident de la R\u00e9publique, d\u2019autoriser l\u2019\u00e9vacuation sanitaire \u00e0 l\u2019\u00e9tranger de certains malades de l\u2019op\u00e9ration Epervier.<\/p>\n<p>Le cas le plus r\u00e9current est celui de Gervais Mendo Ze, l\u2019ancien directeur g\u00e9n\u00e9ral de la radiot\u00e9l\u00e9vision publique (Crtv), qu\u2019on dit tr\u00e8s malade et intern\u00e9 au pavillon Vip de l\u2019H\u00f4pital central de Yaound\u00e9 depuis plus d\u2019un an. \u00abLe cas du Pr. Gervais Mendo Ze est donc celui qui nous pr\u00e9occupe en ce moment. Il est condamn\u00e9 \u00e0 diverses ann\u00e9es de prison pour des fautes bien lourdes. Nul n\u2019est au-dessus de la loi. Il faut bien que la justice s\u2019applique \u00e0 ceux qui ont pouss\u00e9 le pays au bord du pr\u00e9cipice.<\/p>\n<p>Cependant, Excellence, nous voyons un homme mourir. Nous voyons la vie le l\u00e2cher. Nous voyons sa dignit\u00e9 tomber. Nous vivons l\u2019effondrement d\u2019un semblable. En effet, nous sommes bien nombreux dont les places sont en prison. Mais par pure mis\u00e9ricorde divine, nous n \u2018y sommes pas en ce moment o\u00f9 je vous \u00e9cris. (\u2026 ) Conscients de nos propres insuffisances, nous venons plut\u00f4t vous prier de lui accorder une fin de vie digne.<\/p>\n<p>Permettez qu\u2019il b\u00e9n\u00e9ficie d\u2019une \u00e9vacuation sanitaire hors du Cameroun. Daignez permettre qu\u2019il retrouve au moins une bonne sant\u00e9 avant de jauger de l\u2019avenir que vous pourriez donner \u00e0 sort dossier, \u00bb s\u2019inqui\u00e9tait, dans une correspondance adress\u00e9e au chef de l\u2019Etat et abondamment relay\u00e9e sur les r\u00e9seaux sociaux, Mgr Jean de Dieu Emini, ancien vicaire g\u00e9n\u00e9ral du dioc\u00e8se de Mbalmayo et actuel cur\u00e9 de la paroisse de Ndelle \u00e0 Ayos.<\/p>\n<p>Mais bien avant le cas Gervais Mendo Ze, inter- \u2018 pell\u00e9 le 12 novembre 2014 et condamn\u00e9 le 19 mars 2019 \u00e0 20 ans de prison pour d\u00e9tournements des fonds publics, c\u2019\u00e9tait au tour d\u2019un autre ancien patron de l\u2019audiovisuel public, Amadou Va-moulk\u00e9, arr\u00eat\u00e9 en juillet 2016 et depuis \u00e9crou\u00e9 \u00e0 la prison centrale de Yaound\u00e9 pour des faits pr\u00e9sum\u00e9s de d\u00e9tournements de deniers publics, de r\u00e9clamer aux autorit\u00e9s, une \u00e9vacuation sanitaire en Occident afin d\u2019y suivre des soins appropri\u00e9s.<\/p>\n<p>Par la suite, ce sera le tour des Abah Abah, Olanguena Awono, Marafa Hamidou Yaya, Iya Mohamed, et bien d autres de solliciter une \u00e9vacuation sanitaire \u00e0 l\u2019\u00e9tranger. Alors question : doit-on finalement accorder les \u00e9vacuations sanitaires \u00e0 tous les prisonniers de \u00ab luxe \u00bb qui en r\u00e9clament lorsqu\u2019on sait que certains, une fois dehors, ne songent jamais \u00e0 retourner au pays lorsque leur situation est r\u00e9tablie ? Le subodorer un seul instant reviendrait \u00e0 forcer la main au chef-de l\u2019Etat, tant on sait que certains de ces individus sont dans les ge\u00f4les pour leur implication, ou non dans la mauvaise gestion des fonds publics.<\/p>\n<p>Mais seulement, de nombreux observateurs pensent que l\u2019\u00e9largissement de certains malades pourrait contribuer \u00e0 calmer les tensions et d\u00e9crisper le climat politique actuel, surtout que ceux-ci font parfois l\u2019unanimit\u00e9 dans leurs r\u00e9gions d\u2019origine. Mais en fin de compte, il ne serait pas superf\u00e9tatoire de rappeler que les \u00e9vacuations sanitaires co\u00fbtent \u00e9norm\u00e9ment ch\u00e8res aux pouvoirs publics, surtout qu\u2019il revient dans un premier temps, \u00e0 l\u2019institution qui d\u00e9tient les prisonniers de leur fournir des soins m\u00e9dicaux appropri\u00e9s.<\/p>\n<p>Nos sources parlent de 45 \u00e0 50 millions Fcfa \u00e0 d\u00e9bourser dans le cas des malades graves, sollicitant une \u00e9vacuation sanitaire en France, avec un avion m\u00e9dicalis\u00e9. Dans le cas o\u00f9 l\u2019on n\u2019a pas pr\u00e9vu un avion m\u00e9dicalis\u00e9, le malade doit occuper les six si\u00e8ges arri\u00e8re de l\u2019avion, pour des cas graves. Cela peut co\u00fbter environ 15 millions Fcfa. Pour ce qui est des patients moins graves qui occupent les 2 si\u00e8ges arri\u00e8re, le voyage co\u00fbte 5 et 6 millions Fcfa.<\/p>\n<p>A ces frais, une somme d\u2019environ 40 millions Fcfa doit \u00eatre vers\u00e9e au consulat de France. Cet argent est consid\u00e9r\u00e9 comme le visa. Enfin, une journ\u00e9e dans un h\u00f4pital en France tourne autour d\u2019un million Fcfa. Ceci expliquerait-t-il, la r\u00e9ticence des pouvoirs publics en mati\u00e8re d\u2019autorisation des \u00e9vacuations sanitaires ? That\u2019s the question !<\/p>\n","protected":false},"excerpt":{"rendered":"<p>Africa-Press &#8211; Cameroun. De nombreux observateurs estiment aujourd\u2019hui que l&rsquo;\u00e9largissement d\u00e9finitif des grands malades de l&rsquo;op\u00e9ration Epervier pourrait contribuer \u00e0 d\u00e9crisper le climat politique actuel, m\u00eame si les \u00e9vacuations sanitaires accord\u00e9es \u00e0 quelques-uns d&rsquo;entre eux s&rsquo;assimilent d\u00e9j\u00e0 \u00e0 une sorte de gr\u00e2ce pr\u00e9sidentielle. Le d\u00e9bat sur les \u00e9vacuations sanitaires des prisonniers dits de luxe ne [&hellip;]<\/p>\n","protected":false},"author":82,"featured_media":1798,"comment_status":"open","ping_status":"closed","sticky":false,"template":"","format":"standard","meta":{"footnotes":""},"categories":[11,2,10],"tags":[36,50,49],"class_list":["post-1799","post","type-post","status-publish","format-standard","has-post-thumbnail","hentry","category-homepage-french","category-politique","category-toutes-les-actualites","tag-africa-press","tag-africa-press-cameroun","tag-cameroun"],"yoast_head":"<!-- This site is optimized with the Yoast SEO Premium plugin v26.1 (Yoast SEO v27.0) - https:\/\/yoast.com\/product\/yoast-seo-premium-wordpress\/ -->\n<title>\u00c9vacuations sanitaires, ou gr\u00e2ces pr\u00e9sidentielles? - Cameroun<\/title>\n<meta name=\"description\" content=\"De nombreux observateurs estiment aujourd\u2019hui que l&#039;\u00e9largissement d\u00e9finitif des grands malades de l&#039;op\u00e9ration Epervier p ...\" \/>\n<meta name=\"robots\" content=\"index, follow, max-snippet:-1, max-image-preview:large, max-video-preview:-1\" \/>\n<link rel=\"canonical\" href=\"https:\/\/www.africa-press.net\/cameroun\/politique\/evacuations-sanitaires-ou-graces-presidentielles\" \/>\n<meta property=\"og:locale\" content=\"fr_FR\" \/>\n<meta property=\"og:type\" content=\"article\" \/>\n<meta property=\"og:title\" content=\"\u00c9vacuations sanitaires, ou gr\u00e2ces pr\u00e9sidentielles?\" \/>\n<meta property=\"og:description\" content=\"De nombreux observateurs estiment aujourd\u2019hui que l&#039;\u00e9largissement d\u00e9finitif des grands malades de l&#039;op\u00e9ration Epervier p ...\" \/>\n<meta property=\"og:url\" content=\"https:\/\/www.africa-press.net\/cameroun\/politique\/evacuations-sanitaires-ou-graces-presidentielles\" \/>\n<meta property=\"og:site_name\" content=\"Cameroun\" \/>\n<meta property=\"article:published_time\" content=\"2021-03-23T15:02:14+00:00\" \/>\n<meta property=\"article:modified_time\" content=\"2021-03-24T13:43:27+00:00\" \/>\n<meta property=\"og:image\" content=\"https:\/\/static.africa-press.net\/cameroun\/sites\/57\/2021\/03\/img-605b41e70ba7f.jpg\" \/>\n\t<meta property=\"og:image:width\" content=\"1214\" \/>\n\t<meta property=\"og:image:height\" content=\"713\" \/>\n\t<meta property=\"og:image:type\" content=\"image\/jpeg\" \/>\n<meta name=\"author\" content=\"cfeditorfr\" \/>\n<meta name=\"twitter:card\" content=\"summary_large_image\" \/>\n<meta name=\"twitter:label1\" content=\"\u00c9crit par\" \/>\n\t<meta name=\"twitter:data1\" content=\"cfeditorfr\" \/>\n\t<meta name=\"twitter:label2\" content=\"Dur\u00e9e de lecture estim\u00e9e\" \/>\n\t<meta name=\"twitter:data2\" content=\"4 minutes\" \/>\n<script type=\"application\/ld+json\" class=\"yoast-schema-graph\">{\"@context\":\"https:\/\/schema.org\",\"@graph\":[{\"@type\":\"Article\",\"@id\":\"https:\/\/www.africa-press.net\/cameroun\/politique\/evacuations-sanitaires-ou-graces-presidentielles#article\",\"isPartOf\":{\"@id\":\"https:\/\/www.africa-press.net\/cameroun\/politique\/evacuations-sanitaires-ou-graces-presidentielles\"},\"author\":{\"name\":\"cfeditorfr\",\"@id\":\"https:\/\/www.africa-press.net\/cameroun\/#\/schema\/person\/2b1cf3cd81a31e3cd26889ca66d677f1\"},\"headline\":\"\u00c9vacuations sanitaires, ou gr\u00e2ces pr\u00e9sidentielles?\",\"datePublished\":\"2021-03-23T15:02:14+00:00\",\"dateModified\":\"2021-03-24T13:43:27+00:00\",\"mainEntityOfPage\":{\"@id\":\"https:\/\/www.africa-press.net\/cameroun\/politique\/evacuations-sanitaires-ou-graces-presidentielles\"},\"wordCount\":858,\"commentCount\":0,\"image\":{\"@id\":\"https:\/\/www.africa-press.net\/cameroun\/politique\/evacuations-sanitaires-ou-graces-presidentielles#primaryimage\"},\"thumbnailUrl\":\"https:\/\/static.africa-press.net\/cameroun\/sites\/57\/2021\/03\/img-605b41e70ba7f.jpg\",\"keywords\":[\"Africa Press\",\"Africa Press-Cameroun\",\"Cameroun\"],\"articleSection\":[\"homepage-french\",\"Politique\",\"Toutes les actualit\u00e9s\"],\"inLanguage\":\"fr-FR\",\"potentialAction\":[{\"@type\":\"CommentAction\",\"name\":\"Comment\",\"target\":[\"https:\/\/www.africa-press.net\/cameroun\/politique\/evacuations-sanitaires-ou-graces-presidentielles#respond\"]}]},{\"@type\":\"WebPage\",\"@id\":\"https:\/\/www.africa-press.net\/cameroun\/politique\/evacuations-sanitaires-ou-graces-presidentielles\",\"url\":\"https:\/\/www.africa-press.net\/cameroun\/politique\/evacuations-sanitaires-ou-graces-presidentielles\",\"name\":\"\u00c9vacuations sanitaires, ou gr\u00e2ces pr\u00e9sidentielles? - Cameroun\",\"isPartOf\":{\"@id\":\"https:\/\/www.africa-press.net\/cameroun\/#website\"},\"primaryImageOfPage\":{\"@id\":\"https:\/\/www.africa-press.net\/cameroun\/politique\/evacuations-sanitaires-ou-graces-presidentielles#primaryimage\"},\"image\":{\"@id\":\"https:\/\/www.africa-press.net\/cameroun\/politique\/evacuations-sanitaires-ou-graces-presidentielles#primaryimage\"},\"thumbnailUrl\":\"https:\/\/static.africa-press.net\/cameroun\/sites\/57\/2021\/03\/img-605b41e70ba7f.jpg\",\"datePublished\":\"2021-03-23T15:02:14+00:00\",\"dateModified\":\"2021-03-24T13:43:27+00:00\",\"author\":{\"@id\":\"https:\/\/www.africa-press.net\/cameroun\/#\/schema\/person\/2b1cf3cd81a31e3cd26889ca66d677f1\"},\"description\":\"De nombreux observateurs estiment aujourd\u2019hui que l'\u00e9largissement d\u00e9finitif des grands malades de l'op\u00e9ration Epervier p ...\",\"breadcrumb\":{\"@id\":\"https:\/\/www.africa-press.net\/cameroun\/politique\/evacuations-sanitaires-ou-graces-presidentielles#breadcrumb\"},\"inLanguage\":\"fr-FR\",\"potentialAction\":[{\"@type\":\"ReadAction\",\"target\":[\"https:\/\/www.africa-press.net\/cameroun\/politique\/evacuations-sanitaires-ou-graces-presidentielles\"]}]},{\"@type\":\"ImageObject\",\"inLanguage\":\"fr-FR\",\"@id\":\"https:\/\/www.africa-press.net\/cameroun\/politique\/evacuations-sanitaires-ou-graces-presidentielles#primaryimage\",\"url\":\"https:\/\/static.africa-press.net\/cameroun\/sites\/57\/2021\/03\/img-605b41e70ba7f.jpg\",\"contentUrl\":\"https:\/\/static.africa-press.net\/cameroun\/sites\/57\/2021\/03\/img-605b41e70ba7f.jpg\",\"width\":1214,\"height\":713,\"caption\":\"\u00c9vacuations sanitaires, ou gr\u00e2ces pr\u00e9sidentielles?\"},{\"@type\":\"BreadcrumbList\",\"@id\":\"https:\/\/www.africa-press.net\/cameroun\/politique\/evacuations-sanitaires-ou-graces-presidentielles#breadcrumb\",\"itemListElement\":[{\"@type\":\"ListItem\",\"position\":1,\"name\":\"Accueil\",\"item\":\"https:\/\/www.africa-press.net\/cameroun\/\"},{\"@type\":\"ListItem\",\"position\":2,\"name\":\"\u00c9vacuations sanitaires, ou gr\u00e2ces pr\u00e9sidentielles?\"}]},{\"@type\":\"WebSite\",\"@id\":\"https:\/\/www.africa-press.net\/cameroun\/#website\",\"url\":\"https:\/\/www.africa-press.net\/cameroun\/\",\"name\":\"Cameroun\",\"description\":\"Just another Africa News Agency Sites site\",\"potentialAction\":[{\"@type\":\"SearchAction\",\"target\":{\"@type\":\"EntryPoint\",\"urlTemplate\":\"https:\/\/www.africa-press.net\/cameroun\/?s={search_term_string}\"},\"query-input\":{\"@type\":\"PropertyValueSpecification\",\"valueRequired\":true,\"valueName\":\"search_term_string\"}}],\"inLanguage\":\"fr-FR\"},{\"@type\":\"Person\",\"@id\":\"https:\/\/www.africa-press.net\/cameroun\/#\/schema\/person\/2b1cf3cd81a31e3cd26889ca66d677f1\",\"name\":\"cfeditorfr\"}]}<\/script>\n<!-- \/ Yoast SEO Premium plugin. -->","yoast_head_json":{"title":"\u00c9vacuations sanitaires, ou gr\u00e2ces pr\u00e9sidentielles? - Cameroun","description":"De nombreux observateurs estiment aujourd\u2019hui que l'\u00e9largissement d\u00e9finitif des grands malades de l'op\u00e9ration Epervier p ...","robots":{"index":"index","follow":"follow","max-snippet":"max-snippet:-1","max-image-preview":"max-image-preview:large","max-video-preview":"max-video-preview:-1"},"canonical":"https:\/\/www.africa-press.net\/cameroun\/politique\/evacuations-sanitaires-ou-graces-presidentielles","og_locale":"fr_FR","og_type":"article","og_title":"\u00c9vacuations sanitaires, ou gr\u00e2ces pr\u00e9sidentielles?","og_description":"De nombreux observateurs estiment aujourd\u2019hui que l'\u00e9largissement d\u00e9finitif des grands malades de l'op\u00e9ration Epervier p ...","og_url":"https:\/\/www.africa-press.net\/cameroun\/politique\/evacuations-sanitaires-ou-graces-presidentielles","og_site_name":"Cameroun","article_published_time":"2021-03-23T15:02:14+00:00","article_modified_time":"2021-03-24T13:43:27+00:00","og_image":[{"width":1214,"height":713,"url":"https:\/\/static.africa-press.net\/cameroun\/sites\/57\/2021\/03\/img-605b41e70ba7f.jpg","type":"image\/jpeg"}],"author":"cfeditorfr","twitter_card":"summary_large_image","twitter_misc":{"\u00c9crit par":"cfeditorfr","Dur\u00e9e de lecture estim\u00e9e":"4 minutes"},"schema":{"@context":"https:\/\/schema.org","@graph":[{"@type":"Article","@id":"https:\/\/www.africa-press.net\/cameroun\/politique\/evacuations-sanitaires-ou-graces-presidentielles#article","isPartOf":{"@id":"https:\/\/www.africa-press.net\/cameroun\/politique\/evacuations-sanitaires-ou-graces-presidentielles"},"author":{"name":"cfeditorfr","@id":"https:\/\/www.africa-press.net\/cameroun\/#\/schema\/person\/2b1cf3cd81a31e3cd26889ca66d677f1"},"headline":"\u00c9vacuations sanitaires, ou gr\u00e2ces pr\u00e9sidentielles?","datePublished":"2021-03-23T15:02:14+00:00","dateModified":"2021-03-24T13:43:27+00:00","mainEntityOfPage":{"@id":"https:\/\/www.africa-press.net\/cameroun\/politique\/evacuations-sanitaires-ou-graces-presidentielles"},"wordCount":858,"commentCount":0,"image":{"@id":"https:\/\/www.africa-press.net\/cameroun\/politique\/evacuations-sanitaires-ou-graces-presidentielles#primaryimage"},"thumbnailUrl":"https:\/\/static.africa-press.net\/cameroun\/sites\/57\/2021\/03\/img-605b41e70ba7f.jpg","keywords":["Africa Press","Africa Press-Cameroun","Cameroun"],"articleSection":["homepage-french","Politique","Toutes les actualit\u00e9s"],"inLanguage":"fr-FR","potentialAction":[{"@type":"CommentAction","name":"Comment","target":["https:\/\/www.africa-press.net\/cameroun\/politique\/evacuations-sanitaires-ou-graces-presidentielles#respond"]}]},{"@type":"WebPage","@id":"https:\/\/www.africa-press.net\/cameroun\/politique\/evacuations-sanitaires-ou-graces-presidentielles","url":"https:\/\/www.africa-press.net\/cameroun\/politique\/evacuations-sanitaires-ou-graces-presidentielles","name":"\u00c9vacuations sanitaires, ou gr\u00e2ces pr\u00e9sidentielles? - Cameroun","isPartOf":{"@id":"https:\/\/www.africa-press.net\/cameroun\/#website"},"primaryImageOfPage":{"@id":"https:\/\/www.africa-press.net\/cameroun\/politique\/evacuations-sanitaires-ou-graces-presidentielles#primaryimage"},"image":{"@id":"https:\/\/www.africa-press.net\/cameroun\/politique\/evacuations-sanitaires-ou-graces-presidentielles#primaryimage"},"thumbnailUrl":"https:\/\/static.africa-press.net\/cameroun\/sites\/57\/2021\/03\/img-605b41e70ba7f.jpg","datePublished":"2021-03-23T15:02:14+00:00","dateModified":"2021-03-24T13:43:27+00:00","author":{"@id":"https:\/\/www.africa-press.net\/cameroun\/#\/schema\/person\/2b1cf3cd81a31e3cd26889ca66d677f1"},"description":"De nombreux observateurs estiment aujourd\u2019hui que l'\u00e9largissement d\u00e9finitif des grands malades de l'op\u00e9ration Epervier p ...","breadcrumb":{"@id":"https:\/\/www.africa-press.net\/cameroun\/politique\/evacuations-sanitaires-ou-graces-presidentielles#breadcrumb"},"inLanguage":"fr-FR","potentialAction":[{"@type":"ReadAction","target":["https:\/\/www.africa-press.net\/cameroun\/politique\/evacuations-sanitaires-ou-graces-presidentielles"]}]},{"@type":"ImageObject","inLanguage":"fr-FR","@id":"https:\/\/www.africa-press.net\/cameroun\/politique\/evacuations-sanitaires-ou-graces-presidentielles#primaryimage","url":"https:\/\/static.africa-press.net\/cameroun\/sites\/57\/2021\/03\/img-605b41e70ba7f.jpg","contentUrl":"https:\/\/static.africa-press.net\/cameroun\/sites\/57\/2021\/03\/img-605b41e70ba7f.jpg","width":1214,"height":713,"caption":"\u00c9vacuations sanitaires, ou gr\u00e2ces pr\u00e9sidentielles?"},{"@type":"BreadcrumbList","@id":"https:\/\/www.africa-press.net\/cameroun\/politique\/evacuations-sanitaires-ou-graces-presidentielles#breadcrumb","itemListElement":[{"@type":"ListItem","position":1,"name":"Accueil","item":"https:\/\/www.africa-press.net\/cameroun\/"},{"@type":"ListItem","position":2,"name":"\u00c9vacuations sanitaires, ou gr\u00e2ces pr\u00e9sidentielles?"}]},{"@type":"WebSite","@id":"https:\/\/www.africa-press.net\/cameroun\/#website","url":"https:\/\/www.africa-press.net\/cameroun\/","name":"Cameroun","description":"Just another Africa News Agency Sites site","potentialAction":[{"@type":"SearchAction","target":{"@type":"EntryPoint","urlTemplate":"https:\/\/www.africa-press.net\/cameroun\/?s={search_term_string}"},"query-input":{"@type":"PropertyValueSpecification","valueRequired":true,"valueName":"search_term_string"}}],"inLanguage":"fr-FR"},{"@type":"Person","@id":"https:\/\/www.africa-press.net\/cameroun\/#\/schema\/person\/2b1cf3cd81a31e3cd26889ca66d677f1","name":"cfeditorfr"}]}},"_links":{"self":[{"href":"https:\/\/www.africa-press.net\/cameroun\/wp-json\/wp\/v2\/posts\/1799","targetHints":{"allow":["GET"]}}],"collection":[{"href":"https:\/\/www.africa-press.net\/cameroun\/wp-json\/wp\/v2\/posts"}],"about":[{"href":"https:\/\/www.africa-press.net\/cameroun\/wp-json\/wp\/v2\/types\/post"}],"author":[{"embeddable":true,"href":"https:\/\/www.africa-press.net\/cameroun\/wp-json\/wp\/v2\/users\/82"}],"replies":[{"embeddable":true,"href":"https:\/\/www.africa-press.net\/cameroun\/wp-json\/wp\/v2\/comments?post=1799"}],"version-history":[{"count":0,"href":"https:\/\/www.africa-press.net\/cameroun\/wp-json\/wp\/v2\/posts\/1799\/revisions"}],"wp:featuredmedia":[{"embeddable":true,"href":"https:\/\/www.africa-press.net\/cameroun\/wp-json\/wp\/v2\/media\/1798"}],"wp:attachment":[{"href":"https:\/\/www.africa-press.net\/cameroun\/wp-json\/wp\/v2\/media?parent=1799"}],"wp:term":[{"taxonomy":"category","embeddable":true,"href":"https:\/\/www.africa-press.net\/cameroun\/wp-json\/wp\/v2\/categories?post=1799"},{"taxonomy":"post_tag","embeddable":true,"href":"https:\/\/www.africa-press.net\/cameroun\/wp-json\/wp\/v2\/tags?post=1799"}],"curies":[{"name":"wp","href":"https:\/\/api.w.org\/{rel}","templated":true}]}}