{"id":1802,"date":"2021-03-23T15:10:52","date_gmt":"2021-03-23T15:10:52","guid":{"rendered":"https:\/\/www.africa-press.net\/cameroun\/politique\/incendie-du-marche-de-kousseri-le-tchad-vole-au-secours-du-cameroun"},"modified":"2021-03-24T13:44:05","modified_gmt":"2021-03-24T13:44:05","slug":"incendie-du-marche-de-kousseri-le-tchad-vole-au-secours-du-cameroun","status":"publish","type":"post","link":"https:\/\/www.africa-press.net\/cameroun\/toutes-les-actualites\/incendie-du-marche-de-kousseri-le-tchad-vole-au-secours-du-cameroun","title":{"rendered":"Incendie du march\u00e9 de Kouss\u00e9ri : le Tchad vole au secours du Cameroun"},"content":{"rendered":"<p><span style=\"color: #ff6600\"><strong><a href=\"https:\/\/www.africa-press.net\/\">Africa-Press<\/a> &#8211; <a href=\"https:\/\/www.africa-press.net\/cameroun\">Cameroun<\/a>. <\/strong><\/span>Plusieurs sapeurs-pompiers venus de Ndjamena ont port\u00e9 main forte \u00e0 ceux du Cameroun pour \u00e9touffer les flammes qui ont ravag\u00e9 le march\u00e9 de Kousseri.<\/p>\n<p>Le march\u00e9 central de Kousseri a pris feu ce lundi soir dans des circonstances qui demeurent inconnues. Plusieurs boutiques ont \u00e9t\u00e9 touch\u00e9es par les flammes, tandis que des vols de marchandises ont \u00e9t\u00e9 signal\u00e9s. D\u2019importants d\u00e9g\u00e2ts mat\u00e9riels seraient enregistr\u00e9s, rapportent des sources locales. Aussit\u00f4t alert\u00e9s, les soldats du feu de la 402e Compagnie d&rsquo;Incendie de Kouss\u00e9ri ont d\u00e9ploy\u00e9 plusieurs moyens pour venir \u00e0 bout de ce sinistre, qui a malheureusement occasionn\u00e9 plusieurs d\u00e9g\u00e2ts mat\u00e9riels.<\/p>\n<p>L&rsquo;on note \u00e9galement l&rsquo;appui des sapeurs-pompiers de la ville de N&rsquo;djam\u00e9na par deux fourgons pompe tonne. Un appui qui a une fois de plus d\u00e9montr\u00e9 la bonne collaboration entre le Cameroun et le Tchad.<\/p>\n","protected":false},"excerpt":{"rendered":"<p>Africa-Press &#8211; Cameroun. Plusieurs sapeurs-pompiers venus de Ndjamena ont port\u00e9 main forte \u00e0 ceux du Cameroun pour \u00e9touffer les flammes qui ont ravag\u00e9 le march\u00e9 de Kousseri. Le march\u00e9 central de Kousseri a pris feu ce lundi soir dans des circonstances qui demeurent inconnues. Plusieurs boutiques ont \u00e9t\u00e9 touch\u00e9es par les flammes, tandis que des [&hellip;]<\/p>\n","protected":false},"author":82,"featured_media":1801,"comment_status":"open","ping_status":"closed","sticky":false,"template":"","format":"standard","meta":{"footnotes":""},"categories":[21,11,10],"tags":[36,50,49],"class_list":["post-1802","post","type-post","status-publish","format-standard","has-post-thumbnail","hentry","category-communaute","category-homepage-french","category-toutes-les-actualites","tag-africa-press","tag-africa-press-cameroun","tag-cameroun"],"yoast_head":"<!-- This site is optimized with the Yoast SEO Premium plugin v26.1 (Yoast SEO v27.0) - https:\/\/yoast.com\/product\/yoast-seo-premium-wordpress\/ -->\n<title>Incendie du march\u00e9 de Kouss\u00e9ri : le Tchad vole au secours du Cameroun - Cameroun<\/title>\n<meta name=\"description\" content=\"Plusieurs sapeurs-pompiers venus de Ndjamena ont port\u00e9 main forte \u00e0 ceux du Cameroun pour \u00e9touffer les flammes qui ont r ...\" \/>\n<meta name=\"robots\" content=\"index, follow, max-snippet:-1, max-image-preview:large, max-video-preview:-1\" \/>\n<link rel=\"canonical\" href=\"https:\/\/www.africa-press.net\/cameroun\/toutes-les-actualites\/incendie-du-marche-de-kousseri-le-tchad-vole-au-secours-du-cameroun\" \/>\n<meta property=\"og:locale\" content=\"fr_FR\" \/>\n<meta property=\"og:type\" content=\"article\" \/>\n<meta property=\"og:title\" content=\"Incendie du march\u00e9 de Kouss\u00e9ri : le Tchad vole au secours du Cameroun\" \/>\n<meta property=\"og:description\" content=\"Plusieurs sapeurs-pompiers venus de Ndjamena ont port\u00e9 main forte \u00e0 ceux du Cameroun pour \u00e9touffer les flammes qui ont r ...\" \/>\n<meta property=\"og:url\" content=\"https:\/\/www.africa-press.net\/cameroun\/toutes-les-actualites\/incendie-du-marche-de-kousseri-le-tchad-vole-au-secours-du-cameroun\" \/>\n<meta property=\"og:site_name\" content=\"Cameroun\" \/>\n<meta property=\"article:published_time\" content=\"2021-03-23T15:10:52+00:00\" \/>\n<meta property=\"article:modified_time\" content=\"2021-03-24T13:44:05+00:00\" \/>\n<meta property=\"og:image\" content=\"https:\/\/static.africa-press.net\/cameroun\/sites\/57\/2021\/03\/img-605b420d3286a.jpg\" \/>\n\t<meta property=\"og:image:width\" content=\"1000\" \/>\n\t<meta property=\"og:image:height\" content=\"1333\" \/>\n\t<meta property=\"og:image:type\" content=\"image\/jpeg\" \/>\n<meta name=\"author\" content=\"cfeditorfr\" \/>\n<meta name=\"twitter:card\" content=\"summary_large_image\" \/>\n<meta name=\"twitter:label1\" content=\"\u00c9crit par\" \/>\n\t<meta name=\"twitter:data1\" content=\"cfeditorfr\" \/>\n\t<meta name=\"twitter:label2\" content=\"Dur\u00e9e de lecture estim\u00e9e\" \/>\n\t<meta name=\"twitter:data2\" content=\"1 minute\" \/>\n<script type=\"application\/ld+json\" class=\"yoast-schema-graph\">{\"@context\":\"https:\/\/schema.org\",\"@graph\":[{\"@type\":\"Article\",\"@id\":\"https:\/\/www.africa-press.net\/cameroun\/toutes-les-actualites\/incendie-du-marche-de-kousseri-le-tchad-vole-au-secours-du-cameroun#article\",\"isPartOf\":{\"@id\":\"https:\/\/www.africa-press.net\/cameroun\/toutes-les-actualites\/incendie-du-marche-de-kousseri-le-tchad-vole-au-secours-du-cameroun\"},\"author\":{\"name\":\"cfeditorfr\",\"@id\":\"https:\/\/www.africa-press.net\/cameroun\/#\/schema\/person\/2b1cf3cd81a31e3cd26889ca66d677f1\"},\"headline\":\"Incendie du march\u00e9 de Kouss\u00e9ri : le Tchad vole au secours du Cameroun\",\"datePublished\":\"2021-03-23T15:10:52+00:00\",\"dateModified\":\"2021-03-24T13:44:05+00:00\",\"mainEntityOfPage\":{\"@id\":\"https:\/\/www.africa-press.net\/cameroun\/toutes-les-actualites\/incendie-du-marche-de-kousseri-le-tchad-vole-au-secours-du-cameroun\"},\"wordCount\":166,\"commentCount\":0,\"image\":{\"@id\":\"https:\/\/www.africa-press.net\/cameroun\/toutes-les-actualites\/incendie-du-marche-de-kousseri-le-tchad-vole-au-secours-du-cameroun#primaryimage\"},\"thumbnailUrl\":\"https:\/\/static.africa-press.net\/cameroun\/sites\/57\/2021\/03\/img-605b420d3286a.jpg\",\"keywords\":[\"Africa Press\",\"Africa Press-Cameroun\",\"Cameroun\"],\"articleSection\":[\"Communaut\u00e9\",\"homepage-french\",\"Toutes les actualit\u00e9s\"],\"inLanguage\":\"fr-FR\",\"potentialAction\":[{\"@type\":\"CommentAction\",\"name\":\"Comment\",\"target\":[\"https:\/\/www.africa-press.net\/cameroun\/toutes-les-actualites\/incendie-du-marche-de-kousseri-le-tchad-vole-au-secours-du-cameroun#respond\"]}]},{\"@type\":\"WebPage\",\"@id\":\"https:\/\/www.africa-press.net\/cameroun\/toutes-les-actualites\/incendie-du-marche-de-kousseri-le-tchad-vole-au-secours-du-cameroun\",\"url\":\"https:\/\/www.africa-press.net\/cameroun\/toutes-les-actualites\/incendie-du-marche-de-kousseri-le-tchad-vole-au-secours-du-cameroun\",\"name\":\"Incendie du march\u00e9 de Kouss\u00e9ri : le Tchad vole au secours du Cameroun - Cameroun\",\"isPartOf\":{\"@id\":\"https:\/\/www.africa-press.net\/cameroun\/#website\"},\"primaryImageOfPage\":{\"@id\":\"https:\/\/www.africa-press.net\/cameroun\/toutes-les-actualites\/incendie-du-marche-de-kousseri-le-tchad-vole-au-secours-du-cameroun#primaryimage\"},\"image\":{\"@id\":\"https:\/\/www.africa-press.net\/cameroun\/toutes-les-actualites\/incendie-du-marche-de-kousseri-le-tchad-vole-au-secours-du-cameroun#primaryimage\"},\"thumbnailUrl\":\"https:\/\/static.africa-press.net\/cameroun\/sites\/57\/2021\/03\/img-605b420d3286a.jpg\",\"datePublished\":\"2021-03-23T15:10:52+00:00\",\"dateModified\":\"2021-03-24T13:44:05+00:00\",\"author\":{\"@id\":\"https:\/\/www.africa-press.net\/cameroun\/#\/schema\/person\/2b1cf3cd81a31e3cd26889ca66d677f1\"},\"description\":\"Plusieurs sapeurs-pompiers venus de Ndjamena ont port\u00e9 main forte \u00e0 ceux du Cameroun pour \u00e9touffer les flammes qui ont r ...\",\"breadcrumb\":{\"@id\":\"https:\/\/www.africa-press.net\/cameroun\/toutes-les-actualites\/incendie-du-marche-de-kousseri-le-tchad-vole-au-secours-du-cameroun#breadcrumb\"},\"inLanguage\":\"fr-FR\",\"potentialAction\":[{\"@type\":\"ReadAction\",\"target\":[\"https:\/\/www.africa-press.net\/cameroun\/toutes-les-actualites\/incendie-du-marche-de-kousseri-le-tchad-vole-au-secours-du-cameroun\"]}]},{\"@type\":\"ImageObject\",\"inLanguage\":\"fr-FR\",\"@id\":\"https:\/\/www.africa-press.net\/cameroun\/toutes-les-actualites\/incendie-du-marche-de-kousseri-le-tchad-vole-au-secours-du-cameroun#primaryimage\",\"url\":\"https:\/\/static.africa-press.net\/cameroun\/sites\/57\/2021\/03\/img-605b420d3286a.jpg\",\"contentUrl\":\"https:\/\/static.africa-press.net\/cameroun\/sites\/57\/2021\/03\/img-605b420d3286a.jpg\",\"width\":1000,\"height\":1333,\"caption\":\"Incendie du march\u00e9 de Kouss\u00e9ri : le Tchad vole au secours du Cameroun\"},{\"@type\":\"BreadcrumbList\",\"@id\":\"https:\/\/www.africa-press.net\/cameroun\/toutes-les-actualites\/incendie-du-marche-de-kousseri-le-tchad-vole-au-secours-du-cameroun#breadcrumb\",\"itemListElement\":[{\"@type\":\"ListItem\",\"position\":1,\"name\":\"Accueil\",\"item\":\"https:\/\/www.africa-press.net\/cameroun\/\"},{\"@type\":\"ListItem\",\"position\":2,\"name\":\"Incendie du march\u00e9 de Kouss\u00e9ri : le Tchad vole au secours du Cameroun\"}]},{\"@type\":\"WebSite\",\"@id\":\"https:\/\/www.africa-press.net\/cameroun\/#website\",\"url\":\"https:\/\/www.africa-press.net\/cameroun\/\",\"name\":\"Cameroun\",\"description\":\"Just another Africa News Agency Sites site\",\"potentialAction\":[{\"@type\":\"SearchAction\",\"target\":{\"@type\":\"EntryPoint\",\"urlTemplate\":\"https:\/\/www.africa-press.net\/cameroun\/?s={search_term_string}\"},\"query-input\":{\"@type\":\"PropertyValueSpecification\",\"valueRequired\":true,\"valueName\":\"search_term_string\"}}],\"inLanguage\":\"fr-FR\"},{\"@type\":\"Person\",\"@id\":\"https:\/\/www.africa-press.net\/cameroun\/#\/schema\/person\/2b1cf3cd81a31e3cd26889ca66d677f1\",\"name\":\"cfeditorfr\"}]}<\/script>\n<!-- \/ Yoast SEO Premium plugin. -->","yoast_head_json":{"title":"Incendie du march\u00e9 de Kouss\u00e9ri : le Tchad vole au secours du Cameroun - Cameroun","description":"Plusieurs sapeurs-pompiers venus de Ndjamena ont port\u00e9 main forte \u00e0 ceux du Cameroun pour \u00e9touffer les flammes qui ont r ...","robots":{"index":"index","follow":"follow","max-snippet":"max-snippet:-1","max-image-preview":"max-image-preview:large","max-video-preview":"max-video-preview:-1"},"canonical":"https:\/\/www.africa-press.net\/cameroun\/toutes-les-actualites\/incendie-du-marche-de-kousseri-le-tchad-vole-au-secours-du-cameroun","og_locale":"fr_FR","og_type":"article","og_title":"Incendie du march\u00e9 de Kouss\u00e9ri : le Tchad vole au secours du Cameroun","og_description":"Plusieurs sapeurs-pompiers venus de Ndjamena ont port\u00e9 main forte \u00e0 ceux du Cameroun pour \u00e9touffer les flammes qui ont r ...","og_url":"https:\/\/www.africa-press.net\/cameroun\/toutes-les-actualites\/incendie-du-marche-de-kousseri-le-tchad-vole-au-secours-du-cameroun","og_site_name":"Cameroun","article_published_time":"2021-03-23T15:10:52+00:00","article_modified_time":"2021-03-24T13:44:05+00:00","og_image":[{"width":1000,"height":1333,"url":"https:\/\/static.africa-press.net\/cameroun\/sites\/57\/2021\/03\/img-605b420d3286a.jpg","type":"image\/jpeg"}],"author":"cfeditorfr","twitter_card":"summary_large_image","twitter_misc":{"\u00c9crit par":"cfeditorfr","Dur\u00e9e de lecture estim\u00e9e":"1 minute"},"schema":{"@context":"https:\/\/schema.org","@graph":[{"@type":"Article","@id":"https:\/\/www.africa-press.net\/cameroun\/toutes-les-actualites\/incendie-du-marche-de-kousseri-le-tchad-vole-au-secours-du-cameroun#article","isPartOf":{"@id":"https:\/\/www.africa-press.net\/cameroun\/toutes-les-actualites\/incendie-du-marche-de-kousseri-le-tchad-vole-au-secours-du-cameroun"},"author":{"name":"cfeditorfr","@id":"https:\/\/www.africa-press.net\/cameroun\/#\/schema\/person\/2b1cf3cd81a31e3cd26889ca66d677f1"},"headline":"Incendie du march\u00e9 de Kouss\u00e9ri : le Tchad vole au secours du Cameroun","datePublished":"2021-03-23T15:10:52+00:00","dateModified":"2021-03-24T13:44:05+00:00","mainEntityOfPage":{"@id":"https:\/\/www.africa-press.net\/cameroun\/toutes-les-actualites\/incendie-du-marche-de-kousseri-le-tchad-vole-au-secours-du-cameroun"},"wordCount":166,"commentCount":0,"image":{"@id":"https:\/\/www.africa-press.net\/cameroun\/toutes-les-actualites\/incendie-du-marche-de-kousseri-le-tchad-vole-au-secours-du-cameroun#primaryimage"},"thumbnailUrl":"https:\/\/static.africa-press.net\/cameroun\/sites\/57\/2021\/03\/img-605b420d3286a.jpg","keywords":["Africa Press","Africa Press-Cameroun","Cameroun"],"articleSection":["Communaut\u00e9","homepage-french","Toutes les actualit\u00e9s"],"inLanguage":"fr-FR","potentialAction":[{"@type":"CommentAction","name":"Comment","target":["https:\/\/www.africa-press.net\/cameroun\/toutes-les-actualites\/incendie-du-marche-de-kousseri-le-tchad-vole-au-secours-du-cameroun#respond"]}]},{"@type":"WebPage","@id":"https:\/\/www.africa-press.net\/cameroun\/toutes-les-actualites\/incendie-du-marche-de-kousseri-le-tchad-vole-au-secours-du-cameroun","url":"https:\/\/www.africa-press.net\/cameroun\/toutes-les-actualites\/incendie-du-marche-de-kousseri-le-tchad-vole-au-secours-du-cameroun","name":"Incendie du march\u00e9 de Kouss\u00e9ri : le Tchad vole au secours du Cameroun - Cameroun","isPartOf":{"@id":"https:\/\/www.africa-press.net\/cameroun\/#website"},"primaryImageOfPage":{"@id":"https:\/\/www.africa-press.net\/cameroun\/toutes-les-actualites\/incendie-du-marche-de-kousseri-le-tchad-vole-au-secours-du-cameroun#primaryimage"},"image":{"@id":"https:\/\/www.africa-press.net\/cameroun\/toutes-les-actualites\/incendie-du-marche-de-kousseri-le-tchad-vole-au-secours-du-cameroun#primaryimage"},"thumbnailUrl":"https:\/\/static.africa-press.net\/cameroun\/sites\/57\/2021\/03\/img-605b420d3286a.jpg","datePublished":"2021-03-23T15:10:52+00:00","dateModified":"2021-03-24T13:44:05+00:00","author":{"@id":"https:\/\/www.africa-press.net\/cameroun\/#\/schema\/person\/2b1cf3cd81a31e3cd26889ca66d677f1"},"description":"Plusieurs sapeurs-pompiers venus de Ndjamena ont port\u00e9 main forte \u00e0 ceux du Cameroun pour \u00e9touffer les flammes qui ont r ...","breadcrumb":{"@id":"https:\/\/www.africa-press.net\/cameroun\/toutes-les-actualites\/incendie-du-marche-de-kousseri-le-tchad-vole-au-secours-du-cameroun#breadcrumb"},"inLanguage":"fr-FR","potentialAction":[{"@type":"ReadAction","target":["https:\/\/www.africa-press.net\/cameroun\/toutes-les-actualites\/incendie-du-marche-de-kousseri-le-tchad-vole-au-secours-du-cameroun"]}]},{"@type":"ImageObject","inLanguage":"fr-FR","@id":"https:\/\/www.africa-press.net\/cameroun\/toutes-les-actualites\/incendie-du-marche-de-kousseri-le-tchad-vole-au-secours-du-cameroun#primaryimage","url":"https:\/\/static.africa-press.net\/cameroun\/sites\/57\/2021\/03\/img-605b420d3286a.jpg","contentUrl":"https:\/\/static.africa-press.net\/cameroun\/sites\/57\/2021\/03\/img-605b420d3286a.jpg","width":1000,"height":1333,"caption":"Incendie du march\u00e9 de Kouss\u00e9ri : le Tchad vole au secours du Cameroun"},{"@type":"BreadcrumbList","@id":"https:\/\/www.africa-press.net\/cameroun\/toutes-les-actualites\/incendie-du-marche-de-kousseri-le-tchad-vole-au-secours-du-cameroun#breadcrumb","itemListElement":[{"@type":"ListItem","position":1,"name":"Accueil","item":"https:\/\/www.africa-press.net\/cameroun\/"},{"@type":"ListItem","position":2,"name":"Incendie du march\u00e9 de Kouss\u00e9ri : le Tchad vole au secours du Cameroun"}]},{"@type":"WebSite","@id":"https:\/\/www.africa-press.net\/cameroun\/#website","url":"https:\/\/www.africa-press.net\/cameroun\/","name":"Cameroun","description":"Just another Africa News Agency Sites site","potentialAction":[{"@type":"SearchAction","target":{"@type":"EntryPoint","urlTemplate":"https:\/\/www.africa-press.net\/cameroun\/?s={search_term_string}"},"query-input":{"@type":"PropertyValueSpecification","valueRequired":true,"valueName":"search_term_string"}}],"inLanguage":"fr-FR"},{"@type":"Person","@id":"https:\/\/www.africa-press.net\/cameroun\/#\/schema\/person\/2b1cf3cd81a31e3cd26889ca66d677f1","name":"cfeditorfr"}]}},"_links":{"self":[{"href":"https:\/\/www.africa-press.net\/cameroun\/wp-json\/wp\/v2\/posts\/1802","targetHints":{"allow":["GET"]}}],"collection":[{"href":"https:\/\/www.africa-press.net\/cameroun\/wp-json\/wp\/v2\/posts"}],"about":[{"href":"https:\/\/www.africa-press.net\/cameroun\/wp-json\/wp\/v2\/types\/post"}],"author":[{"embeddable":true,"href":"https:\/\/www.africa-press.net\/cameroun\/wp-json\/wp\/v2\/users\/82"}],"replies":[{"embeddable":true,"href":"https:\/\/www.africa-press.net\/cameroun\/wp-json\/wp\/v2\/comments?post=1802"}],"version-history":[{"count":0,"href":"https:\/\/www.africa-press.net\/cameroun\/wp-json\/wp\/v2\/posts\/1802\/revisions"}],"wp:featuredmedia":[{"embeddable":true,"href":"https:\/\/www.africa-press.net\/cameroun\/wp-json\/wp\/v2\/media\/1801"}],"wp:attachment":[{"href":"https:\/\/www.africa-press.net\/cameroun\/wp-json\/wp\/v2\/media?parent=1802"}],"wp:term":[{"taxonomy":"category","embeddable":true,"href":"https:\/\/www.africa-press.net\/cameroun\/wp-json\/wp\/v2\/categories?post=1802"},{"taxonomy":"post_tag","embeddable":true,"href":"https:\/\/www.africa-press.net\/cameroun\/wp-json\/wp\/v2\/tags?post=1802"}],"curies":[{"name":"wp","href":"https:\/\/api.w.org\/{rel}","templated":true}]}}