{"id":1808,"date":"2021-03-23T15:22:58","date_gmt":"2021-03-23T15:22:58","guid":{"rendered":"https:\/\/www.africa-press.net\/cameroun\/politique\/lutte-contre-le-coronavirus-malachie-manaouda-fait-appel-aux-tradipraticiens"},"modified":"2021-03-24T13:45:12","modified_gmt":"2021-03-24T13:45:12","slug":"lutte-contre-le-coronavirus-malachie-manaouda-fait-appel-aux-tradipraticiens","status":"publish","type":"post","link":"https:\/\/www.africa-press.net\/cameroun\/toutes-les-actualites\/lutte-contre-le-coronavirus-malachie-manaouda-fait-appel-aux-tradipraticiens","title":{"rendered":"Lutte contre le coronavirus: Malachie Manaouda fait appel aux tradipraticiens"},"content":{"rendered":"<p><span style=\"color: #ff6600\"><strong><a href=\"https:\/\/www.africa-press.net\/\">Africa-Press<\/a> &#8211; <a href=\"https:\/\/www.africa-press.net\/cameroun\">Cameroun<\/a>. <\/strong><\/span>Une r\u00e9union de concertation a eu lieu entre les deux parties le 18 mars 2021 \u00e0 Yaound\u00e9.<\/p>\n<p>Les tradipraticiens ne sont pas rest\u00e9s de simples spectateurs impuissants dans le cadre de la lutte contre la pand\u00e9mie de coronavirus qui a d\u00e9j\u00e0 fait des centaines de morts \u00e0 travers le territoire. Comme leurs homologues de la m\u00e9decine conventionnelle, ils se sont lanc\u00e9s dans la qu\u00eate effr\u00e9n\u00e9e de la solution miracle qui viendrait \u00e9radiquer de mani\u00e8re d\u00e9finitive la maladie. De leurs recherches et exp\u00e9rimentations, sont n\u00e9es nombre de d\u00e9coctions et potions dont les vertus th\u00e9rapeutiques ont \u00e9t\u00e9 abondamment relay\u00e9es et vant\u00e9es dans les r\u00e9seaux sociaux. Celle qui a trouv\u00e9 gr\u00e2ce aux yeux des autorit\u00e9s, c\u2019est le rem\u00e8de \u00e0 base de plantes concoct\u00e9 par Mgr Samuel Kleda, archev\u00eaque de Douala. Avec ce dernier, le pr\u00e9lat a affirm\u00e9 avoir gu\u00e9ri de nombreux patients test\u00e9s positifs au Covdi-19.<\/p>\n<p>Pour l\u2019heure, le d\u00e9partement minist\u00e9riel en charge de la Sant\u00e9 est instamment pr\u00e9occup\u00e9 par la recherche d\u2019un vaccin de fabrication \u00e9trang\u00e8re. D\u2019apr\u00e8s des informations relay\u00e9es par le gouvernement russe, Malachie Manaouda, le ministre de la Sant\u00e9, aurait manifest\u00e9 sa pr\u00e9f\u00e9rence pour le Sputnik V un vaccin de fabrication russe. Toutefois, le membre du gouvernement n\u2019en n\u2019oublie cependant pas d\u2019encourager les initiatives locales. Ce dernier a d\u2019ailleurs organis\u00e9 le 18 mars dernier dans l\u2019immeuble qui abrite ses services, une r\u00e9union de concertation avec les tradipraticiens. Ladite entrevue avait pour but d\u2019\u00e9tablir une plateforme de collaboration formelle entre les deux parties.<\/p>\n<p>\u00abL\u2019encadrement de ce secteur \u00e0 travers les textes pourrait permettre \u00e0 ceux qui sont s\u00e9rieux de mieux faire leur travail et de vivre de leur activit\u00e9\u00bb, lit-on dans le quotidien national bilingue Cameroon Tribune, en kiosque le lundi 22 mars 2021,qui relayait ainsi les propos du MINSANTE.<\/p>\n<p>Profitant de l\u2019opportunit\u00e9 qui leur a \u00e9t\u00e9 offerte, les tradipraticiens ont sollicit\u00e9 des subventions pour faciliter la production et la distribution des produits issus de la pharmacop\u00e9e traditionnelle, pr\u00e9alablement v\u00e9rifi\u00e9s et valid\u00e9s par des laboratoires tels que Lanacome.<\/p>\n","protected":false},"excerpt":{"rendered":"<p>Africa-Press &#8211; Cameroun. Une r\u00e9union de concertation a eu lieu entre les deux parties le 18 mars 2021 \u00e0 Yaound\u00e9. Les tradipraticiens ne sont pas rest\u00e9s de simples spectateurs impuissants dans le cadre de la lutte contre la pand\u00e9mie de coronavirus qui a d\u00e9j\u00e0 fait des centaines de morts \u00e0 travers le territoire. Comme leurs [&hellip;]<\/p>\n","protected":false},"author":82,"featured_media":1807,"comment_status":"open","ping_status":"closed","sticky":false,"template":"","format":"standard","meta":{"footnotes":""},"categories":[21,11,10],"tags":[36,50,49],"class_list":["post-1808","post","type-post","status-publish","format-standard","has-post-thumbnail","hentry","category-communaute","category-homepage-french","category-toutes-les-actualites","tag-africa-press","tag-africa-press-cameroun","tag-cameroun"],"yoast_head":"<!-- This site is optimized with the Yoast SEO Premium plugin v26.1 (Yoast SEO v27.0) - https:\/\/yoast.com\/product\/yoast-seo-premium-wordpress\/ -->\n<title>Lutte contre le coronavirus: Malachie Manaouda fait appel aux tradipraticiens - Cameroun<\/title>\n<meta name=\"description\" content=\"Une r\u00e9union de concertation a eu lieu entre les deux parties le 18 mars 2021 \u00e0 Yaound\u00e9. Les tradipraticiens ne sont pas ...\" \/>\n<meta name=\"robots\" content=\"index, follow, max-snippet:-1, max-image-preview:large, max-video-preview:-1\" \/>\n<link rel=\"canonical\" href=\"https:\/\/www.africa-press.net\/cameroun\/toutes-les-actualites\/lutte-contre-le-coronavirus-malachie-manaouda-fait-appel-aux-tradipraticiens\" \/>\n<meta property=\"og:locale\" content=\"fr_FR\" \/>\n<meta property=\"og:type\" content=\"article\" \/>\n<meta property=\"og:title\" content=\"Lutte contre le coronavirus: Malachie Manaouda fait appel aux tradipraticiens\" \/>\n<meta property=\"og:description\" content=\"Une r\u00e9union de concertation a eu lieu entre les deux parties le 18 mars 2021 \u00e0 Yaound\u00e9. Les tradipraticiens ne sont pas ...\" \/>\n<meta property=\"og:url\" content=\"https:\/\/www.africa-press.net\/cameroun\/toutes-les-actualites\/lutte-contre-le-coronavirus-malachie-manaouda-fait-appel-aux-tradipraticiens\" \/>\n<meta property=\"og:site_name\" content=\"Cameroun\" \/>\n<meta property=\"article:published_time\" content=\"2021-03-23T15:22:58+00:00\" \/>\n<meta property=\"article:modified_time\" content=\"2021-03-24T13:45:12+00:00\" \/>\n<meta property=\"og:image\" content=\"https:\/\/static.africa-press.net\/cameroun\/sites\/57\/2021\/03\/img-605b425082faf.jpg\" \/>\n\t<meta property=\"og:image:width\" content=\"800\" \/>\n\t<meta property=\"og:image:height\" content=\"420\" \/>\n\t<meta property=\"og:image:type\" content=\"image\/jpeg\" \/>\n<meta name=\"author\" content=\"cfeditorfr\" \/>\n<meta name=\"twitter:card\" content=\"summary_large_image\" \/>\n<meta name=\"twitter:label1\" content=\"\u00c9crit par\" \/>\n\t<meta name=\"twitter:data1\" content=\"cfeditorfr\" \/>\n\t<meta name=\"twitter:label2\" content=\"Dur\u00e9e de lecture estim\u00e9e\" \/>\n\t<meta name=\"twitter:data2\" content=\"2 minutes\" \/>\n<script type=\"application\/ld+json\" class=\"yoast-schema-graph\">{\"@context\":\"https:\/\/schema.org\",\"@graph\":[{\"@type\":\"Article\",\"@id\":\"https:\/\/www.africa-press.net\/cameroun\/toutes-les-actualites\/lutte-contre-le-coronavirus-malachie-manaouda-fait-appel-aux-tradipraticiens#article\",\"isPartOf\":{\"@id\":\"https:\/\/www.africa-press.net\/cameroun\/toutes-les-actualites\/lutte-contre-le-coronavirus-malachie-manaouda-fait-appel-aux-tradipraticiens\"},\"author\":{\"name\":\"cfeditorfr\",\"@id\":\"https:\/\/www.africa-press.net\/cameroun\/#\/schema\/person\/2b1cf3cd81a31e3cd26889ca66d677f1\"},\"headline\":\"Lutte contre le coronavirus: Malachie Manaouda fait appel aux tradipraticiens\",\"datePublished\":\"2021-03-23T15:22:58+00:00\",\"dateModified\":\"2021-03-24T13:45:12+00:00\",\"mainEntityOfPage\":{\"@id\":\"https:\/\/www.africa-press.net\/cameroun\/toutes-les-actualites\/lutte-contre-le-coronavirus-malachie-manaouda-fait-appel-aux-tradipraticiens\"},\"wordCount\":383,\"commentCount\":0,\"image\":{\"@id\":\"https:\/\/www.africa-press.net\/cameroun\/toutes-les-actualites\/lutte-contre-le-coronavirus-malachie-manaouda-fait-appel-aux-tradipraticiens#primaryimage\"},\"thumbnailUrl\":\"https:\/\/static.africa-press.net\/cameroun\/sites\/57\/2021\/03\/img-605b425082faf.jpg\",\"keywords\":[\"Africa Press\",\"Africa Press-Cameroun\",\"Cameroun\"],\"articleSection\":[\"Communaut\u00e9\",\"homepage-french\",\"Toutes les actualit\u00e9s\"],\"inLanguage\":\"fr-FR\",\"potentialAction\":[{\"@type\":\"CommentAction\",\"name\":\"Comment\",\"target\":[\"https:\/\/www.africa-press.net\/cameroun\/toutes-les-actualites\/lutte-contre-le-coronavirus-malachie-manaouda-fait-appel-aux-tradipraticiens#respond\"]}]},{\"@type\":\"WebPage\",\"@id\":\"https:\/\/www.africa-press.net\/cameroun\/toutes-les-actualites\/lutte-contre-le-coronavirus-malachie-manaouda-fait-appel-aux-tradipraticiens\",\"url\":\"https:\/\/www.africa-press.net\/cameroun\/toutes-les-actualites\/lutte-contre-le-coronavirus-malachie-manaouda-fait-appel-aux-tradipraticiens\",\"name\":\"Lutte contre le coronavirus: Malachie Manaouda fait appel aux tradipraticiens - Cameroun\",\"isPartOf\":{\"@id\":\"https:\/\/www.africa-press.net\/cameroun\/#website\"},\"primaryImageOfPage\":{\"@id\":\"https:\/\/www.africa-press.net\/cameroun\/toutes-les-actualites\/lutte-contre-le-coronavirus-malachie-manaouda-fait-appel-aux-tradipraticiens#primaryimage\"},\"image\":{\"@id\":\"https:\/\/www.africa-press.net\/cameroun\/toutes-les-actualites\/lutte-contre-le-coronavirus-malachie-manaouda-fait-appel-aux-tradipraticiens#primaryimage\"},\"thumbnailUrl\":\"https:\/\/static.africa-press.net\/cameroun\/sites\/57\/2021\/03\/img-605b425082faf.jpg\",\"datePublished\":\"2021-03-23T15:22:58+00:00\",\"dateModified\":\"2021-03-24T13:45:12+00:00\",\"author\":{\"@id\":\"https:\/\/www.africa-press.net\/cameroun\/#\/schema\/person\/2b1cf3cd81a31e3cd26889ca66d677f1\"},\"description\":\"Une r\u00e9union de concertation a eu lieu entre les deux parties le 18 mars 2021 \u00e0 Yaound\u00e9. Les tradipraticiens ne sont pas ...\",\"breadcrumb\":{\"@id\":\"https:\/\/www.africa-press.net\/cameroun\/toutes-les-actualites\/lutte-contre-le-coronavirus-malachie-manaouda-fait-appel-aux-tradipraticiens#breadcrumb\"},\"inLanguage\":\"fr-FR\",\"potentialAction\":[{\"@type\":\"ReadAction\",\"target\":[\"https:\/\/www.africa-press.net\/cameroun\/toutes-les-actualites\/lutte-contre-le-coronavirus-malachie-manaouda-fait-appel-aux-tradipraticiens\"]}]},{\"@type\":\"ImageObject\",\"inLanguage\":\"fr-FR\",\"@id\":\"https:\/\/www.africa-press.net\/cameroun\/toutes-les-actualites\/lutte-contre-le-coronavirus-malachie-manaouda-fait-appel-aux-tradipraticiens#primaryimage\",\"url\":\"https:\/\/static.africa-press.net\/cameroun\/sites\/57\/2021\/03\/img-605b425082faf.jpg\",\"contentUrl\":\"https:\/\/static.africa-press.net\/cameroun\/sites\/57\/2021\/03\/img-605b425082faf.jpg\",\"width\":800,\"height\":420,\"caption\":\"Lutte contre le coronavirus: Malachie Manaouda fait appel aux tradipraticiens\"},{\"@type\":\"BreadcrumbList\",\"@id\":\"https:\/\/www.africa-press.net\/cameroun\/toutes-les-actualites\/lutte-contre-le-coronavirus-malachie-manaouda-fait-appel-aux-tradipraticiens#breadcrumb\",\"itemListElement\":[{\"@type\":\"ListItem\",\"position\":1,\"name\":\"Accueil\",\"item\":\"https:\/\/www.africa-press.net\/cameroun\/\"},{\"@type\":\"ListItem\",\"position\":2,\"name\":\"Lutte contre le coronavirus: Malachie Manaouda fait appel aux tradipraticiens\"}]},{\"@type\":\"WebSite\",\"@id\":\"https:\/\/www.africa-press.net\/cameroun\/#website\",\"url\":\"https:\/\/www.africa-press.net\/cameroun\/\",\"name\":\"Cameroun\",\"description\":\"Just another Africa News Agency Sites site\",\"potentialAction\":[{\"@type\":\"SearchAction\",\"target\":{\"@type\":\"EntryPoint\",\"urlTemplate\":\"https:\/\/www.africa-press.net\/cameroun\/?s={search_term_string}\"},\"query-input\":{\"@type\":\"PropertyValueSpecification\",\"valueRequired\":true,\"valueName\":\"search_term_string\"}}],\"inLanguage\":\"fr-FR\"},{\"@type\":\"Person\",\"@id\":\"https:\/\/www.africa-press.net\/cameroun\/#\/schema\/person\/2b1cf3cd81a31e3cd26889ca66d677f1\",\"name\":\"cfeditorfr\"}]}<\/script>\n<!-- \/ Yoast SEO Premium plugin. -->","yoast_head_json":{"title":"Lutte contre le coronavirus: Malachie Manaouda fait appel aux tradipraticiens - Cameroun","description":"Une r\u00e9union de concertation a eu lieu entre les deux parties le 18 mars 2021 \u00e0 Yaound\u00e9. Les tradipraticiens ne sont pas ...","robots":{"index":"index","follow":"follow","max-snippet":"max-snippet:-1","max-image-preview":"max-image-preview:large","max-video-preview":"max-video-preview:-1"},"canonical":"https:\/\/www.africa-press.net\/cameroun\/toutes-les-actualites\/lutte-contre-le-coronavirus-malachie-manaouda-fait-appel-aux-tradipraticiens","og_locale":"fr_FR","og_type":"article","og_title":"Lutte contre le coronavirus: Malachie Manaouda fait appel aux tradipraticiens","og_description":"Une r\u00e9union de concertation a eu lieu entre les deux parties le 18 mars 2021 \u00e0 Yaound\u00e9. Les tradipraticiens ne sont pas ...","og_url":"https:\/\/www.africa-press.net\/cameroun\/toutes-les-actualites\/lutte-contre-le-coronavirus-malachie-manaouda-fait-appel-aux-tradipraticiens","og_site_name":"Cameroun","article_published_time":"2021-03-23T15:22:58+00:00","article_modified_time":"2021-03-24T13:45:12+00:00","og_image":[{"width":800,"height":420,"url":"https:\/\/static.africa-press.net\/cameroun\/sites\/57\/2021\/03\/img-605b425082faf.jpg","type":"image\/jpeg"}],"author":"cfeditorfr","twitter_card":"summary_large_image","twitter_misc":{"\u00c9crit par":"cfeditorfr","Dur\u00e9e de lecture estim\u00e9e":"2 minutes"},"schema":{"@context":"https:\/\/schema.org","@graph":[{"@type":"Article","@id":"https:\/\/www.africa-press.net\/cameroun\/toutes-les-actualites\/lutte-contre-le-coronavirus-malachie-manaouda-fait-appel-aux-tradipraticiens#article","isPartOf":{"@id":"https:\/\/www.africa-press.net\/cameroun\/toutes-les-actualites\/lutte-contre-le-coronavirus-malachie-manaouda-fait-appel-aux-tradipraticiens"},"author":{"name":"cfeditorfr","@id":"https:\/\/www.africa-press.net\/cameroun\/#\/schema\/person\/2b1cf3cd81a31e3cd26889ca66d677f1"},"headline":"Lutte contre le coronavirus: Malachie Manaouda fait appel aux tradipraticiens","datePublished":"2021-03-23T15:22:58+00:00","dateModified":"2021-03-24T13:45:12+00:00","mainEntityOfPage":{"@id":"https:\/\/www.africa-press.net\/cameroun\/toutes-les-actualites\/lutte-contre-le-coronavirus-malachie-manaouda-fait-appel-aux-tradipraticiens"},"wordCount":383,"commentCount":0,"image":{"@id":"https:\/\/www.africa-press.net\/cameroun\/toutes-les-actualites\/lutte-contre-le-coronavirus-malachie-manaouda-fait-appel-aux-tradipraticiens#primaryimage"},"thumbnailUrl":"https:\/\/static.africa-press.net\/cameroun\/sites\/57\/2021\/03\/img-605b425082faf.jpg","keywords":["Africa Press","Africa Press-Cameroun","Cameroun"],"articleSection":["Communaut\u00e9","homepage-french","Toutes les actualit\u00e9s"],"inLanguage":"fr-FR","potentialAction":[{"@type":"CommentAction","name":"Comment","target":["https:\/\/www.africa-press.net\/cameroun\/toutes-les-actualites\/lutte-contre-le-coronavirus-malachie-manaouda-fait-appel-aux-tradipraticiens#respond"]}]},{"@type":"WebPage","@id":"https:\/\/www.africa-press.net\/cameroun\/toutes-les-actualites\/lutte-contre-le-coronavirus-malachie-manaouda-fait-appel-aux-tradipraticiens","url":"https:\/\/www.africa-press.net\/cameroun\/toutes-les-actualites\/lutte-contre-le-coronavirus-malachie-manaouda-fait-appel-aux-tradipraticiens","name":"Lutte contre le coronavirus: Malachie Manaouda fait appel aux tradipraticiens - Cameroun","isPartOf":{"@id":"https:\/\/www.africa-press.net\/cameroun\/#website"},"primaryImageOfPage":{"@id":"https:\/\/www.africa-press.net\/cameroun\/toutes-les-actualites\/lutte-contre-le-coronavirus-malachie-manaouda-fait-appel-aux-tradipraticiens#primaryimage"},"image":{"@id":"https:\/\/www.africa-press.net\/cameroun\/toutes-les-actualites\/lutte-contre-le-coronavirus-malachie-manaouda-fait-appel-aux-tradipraticiens#primaryimage"},"thumbnailUrl":"https:\/\/static.africa-press.net\/cameroun\/sites\/57\/2021\/03\/img-605b425082faf.jpg","datePublished":"2021-03-23T15:22:58+00:00","dateModified":"2021-03-24T13:45:12+00:00","author":{"@id":"https:\/\/www.africa-press.net\/cameroun\/#\/schema\/person\/2b1cf3cd81a31e3cd26889ca66d677f1"},"description":"Une r\u00e9union de concertation a eu lieu entre les deux parties le 18 mars 2021 \u00e0 Yaound\u00e9. Les tradipraticiens ne sont pas ...","breadcrumb":{"@id":"https:\/\/www.africa-press.net\/cameroun\/toutes-les-actualites\/lutte-contre-le-coronavirus-malachie-manaouda-fait-appel-aux-tradipraticiens#breadcrumb"},"inLanguage":"fr-FR","potentialAction":[{"@type":"ReadAction","target":["https:\/\/www.africa-press.net\/cameroun\/toutes-les-actualites\/lutte-contre-le-coronavirus-malachie-manaouda-fait-appel-aux-tradipraticiens"]}]},{"@type":"ImageObject","inLanguage":"fr-FR","@id":"https:\/\/www.africa-press.net\/cameroun\/toutes-les-actualites\/lutte-contre-le-coronavirus-malachie-manaouda-fait-appel-aux-tradipraticiens#primaryimage","url":"https:\/\/static.africa-press.net\/cameroun\/sites\/57\/2021\/03\/img-605b425082faf.jpg","contentUrl":"https:\/\/static.africa-press.net\/cameroun\/sites\/57\/2021\/03\/img-605b425082faf.jpg","width":800,"height":420,"caption":"Lutte contre le coronavirus: Malachie Manaouda fait appel aux tradipraticiens"},{"@type":"BreadcrumbList","@id":"https:\/\/www.africa-press.net\/cameroun\/toutes-les-actualites\/lutte-contre-le-coronavirus-malachie-manaouda-fait-appel-aux-tradipraticiens#breadcrumb","itemListElement":[{"@type":"ListItem","position":1,"name":"Accueil","item":"https:\/\/www.africa-press.net\/cameroun\/"},{"@type":"ListItem","position":2,"name":"Lutte contre le coronavirus: Malachie Manaouda fait appel aux tradipraticiens"}]},{"@type":"WebSite","@id":"https:\/\/www.africa-press.net\/cameroun\/#website","url":"https:\/\/www.africa-press.net\/cameroun\/","name":"Cameroun","description":"Just another Africa News Agency Sites site","potentialAction":[{"@type":"SearchAction","target":{"@type":"EntryPoint","urlTemplate":"https:\/\/www.africa-press.net\/cameroun\/?s={search_term_string}"},"query-input":{"@type":"PropertyValueSpecification","valueRequired":true,"valueName":"search_term_string"}}],"inLanguage":"fr-FR"},{"@type":"Person","@id":"https:\/\/www.africa-press.net\/cameroun\/#\/schema\/person\/2b1cf3cd81a31e3cd26889ca66d677f1","name":"cfeditorfr"}]}},"_links":{"self":[{"href":"https:\/\/www.africa-press.net\/cameroun\/wp-json\/wp\/v2\/posts\/1808","targetHints":{"allow":["GET"]}}],"collection":[{"href":"https:\/\/www.africa-press.net\/cameroun\/wp-json\/wp\/v2\/posts"}],"about":[{"href":"https:\/\/www.africa-press.net\/cameroun\/wp-json\/wp\/v2\/types\/post"}],"author":[{"embeddable":true,"href":"https:\/\/www.africa-press.net\/cameroun\/wp-json\/wp\/v2\/users\/82"}],"replies":[{"embeddable":true,"href":"https:\/\/www.africa-press.net\/cameroun\/wp-json\/wp\/v2\/comments?post=1808"}],"version-history":[{"count":0,"href":"https:\/\/www.africa-press.net\/cameroun\/wp-json\/wp\/v2\/posts\/1808\/revisions"}],"wp:featuredmedia":[{"embeddable":true,"href":"https:\/\/www.africa-press.net\/cameroun\/wp-json\/wp\/v2\/media\/1807"}],"wp:attachment":[{"href":"https:\/\/www.africa-press.net\/cameroun\/wp-json\/wp\/v2\/media?parent=1808"}],"wp:term":[{"taxonomy":"category","embeddable":true,"href":"https:\/\/www.africa-press.net\/cameroun\/wp-json\/wp\/v2\/categories?post=1808"},{"taxonomy":"post_tag","embeddable":true,"href":"https:\/\/www.africa-press.net\/cameroun\/wp-json\/wp\/v2\/tags?post=1808"}],"curies":[{"name":"wp","href":"https:\/\/api.w.org\/{rel}","templated":true}]}}