{"id":1811,"date":"2021-03-23T15:31:34","date_gmt":"2021-03-23T15:31:34","guid":{"rendered":"https:\/\/www.africa-press.net\/cameroun\/politique\/covid-19-le-cameroun-enregistre-plus-de-3000-cas-en-moins-dun-mois"},"modified":"2021-03-24T13:45:47","modified_gmt":"2021-03-24T13:45:47","slug":"covid-19-le-cameroun-enregistre-plus-de-3000-cas-en-moins-dun-mois","status":"publish","type":"post","link":"https:\/\/www.africa-press.net\/cameroun\/toutes-les-actualites\/covid-19-le-cameroun-enregistre-plus-de-3000-cas-en-moins-dun-mois","title":{"rendered":"Covid 19: le Cameroun enregistre plus de 3000 cas en moins d\u2019un mois"},"content":{"rendered":"<p><span style=\"color: #ff6600\"><strong><a href=\"https:\/\/www.africa-press.net\/\">Africa-Press<\/a> &#8211; <a href=\"https:\/\/www.africa-press.net\/cameroun\">Cameroun<\/a>. <\/strong><\/span>Entre le 24 f\u00e9vrier et le 03 mars 2021, le Cameroun a enregistr\u00e9 plus de 3 200 nouveaux cas positifs et plus de 30 d\u00e9c\u00e8s selon le ministre de la sant\u00e9, Dr. Manaouda Malachie.<\/p>\n<p>Le minist\u00e8re de la Sant\u00e9 a ouvert dans ses locaux une s\u00e9rie de concertations avec les Ordres professionnels, les membres des Soci\u00e9t\u00e9s savantes et les promoteurs de la m\u00e9decine traditionnelle. De cette concertation qui porte sur la pand\u00e9mie du Coronavirus .dans notre pays, il ressort que le minist\u00e8re en charge de la sant\u00e9, note que m\u00eame si la situation \u00e9pid\u00e9miologiqueest pr\u00e9occupante, il reste quelle n\u2019est pas alarmante. Le dit rassemblement s\u2019est d\u00e9roul\u00e9 le 18 mars dernier.Les derni\u00e8res donn\u00e9es en rapport avec la situation \u00e9pid\u00e9miologique indiquent que du 24 f\u00e9vrier au d\u00e9but du mois de mars 2021, il y a eu 3 284 nouveaux cas positifs et 35 d\u00e9c\u00e8s.<\/p>\n<p>En outre, les r\u00e9gions les plus \u00bb \u2018touch\u00e9es par cette pand\u00e9mie sont celles du Centre, du Littoral et de l\u2019Ouest. Et les foyers de contamination sont r\u00e9pertori\u00e9s dans les r\u00e9gions du Sud et de l\u2019Est.<\/p>\n<p>La circulation des souches variantes et le sujet du vaccin AstraZeneca ont \u00e9galement \u2013 \u00e9t\u00e9 mis sur la table. Secr\u00e9taire Permanent du Programme Elargi de Vaccination le Dr Shalom Ndoula a indiqu\u00e9 que pour le moment, le Conseil Scientifique des Urgences de Sant\u00e9 publique a demand\u00e9 que l\u2019administration de ce vaccin soit suivant le principe de pr\u00e9caution et de prudence suspendue. Il est \u00e0 noter que la livraison des premi\u00e8res doses de ce vaccin \u00e9tait pr\u00e9vu pour le 20 mars dernier, laquelle a \u00e9t\u00e9 annul\u00e9e.<\/p>\n<p>D\u2019ailleurs, dans le m\u00eame communiqu\u00e9 publi\u00e9, il a \u00e9t\u00e9 indiqu\u00e9 qu\u2019il n\u2019est pas question d\u2019une vaccination de masse mais cibl\u00e9e. Il a par ailleurs \u00e9t\u00e9 r\u00e9it\u00e9r\u00e9 que ce proc\u00e9d\u00e9 n\u2019est pas obligatoire mais volontaire. Annonce qui vient mettre fin \u00e0 tout les doutes n\u00e9s chez les populations.<\/p>\n<p>En ce qui concerne les recommandations, la multiplication des centres de d\u00e9pistage, la r\u00e9vision du circuit de prise en charge des patients en int\u00e9grant la r\u00e9gulation m\u00e9dicale et le pr\u00e9-hospitalier, la r\u00e9activation des Comit\u00e9s d\u2019hygi\u00e8ne et de sant\u00e9 au travail, la codification de la prise, en charge en ambulatoire entre autres ont \u00e9t\u00e9 recommand\u00e9s.<\/p>\n<p>Le ministre de la sant\u00e9 publique \u2018 aussi salu\u00e9 les efforts de la m\u00e9decine traditionnelle et conventionnelle dans le cadre de la riposte contre la covid 19. Dans la m\u00eame logique il a formul\u00e9 ses v\u0153ux d\u2019accompagner les acteurs de la m\u00e9decine traditionnelle pour que ensemble, il poursuivent dans la m\u00eame synergie.<\/p>\n","protected":false},"excerpt":{"rendered":"<p>Africa-Press &#8211; Cameroun. Entre le 24 f\u00e9vrier et le 03 mars 2021, le Cameroun a enregistr\u00e9 plus de 3 200 nouveaux cas positifs et plus de 30 d\u00e9c\u00e8s selon le ministre de la sant\u00e9, Dr. Manaouda Malachie. Le minist\u00e8re de la Sant\u00e9 a ouvert dans ses locaux une s\u00e9rie de concertations avec les Ordres professionnels, [&hellip;]<\/p>\n","protected":false},"author":82,"featured_media":1810,"comment_status":"open","ping_status":"closed","sticky":false,"template":"","format":"standard","meta":{"footnotes":""},"categories":[21,11,10],"tags":[36,50,49],"class_list":["post-1811","post","type-post","status-publish","format-standard","has-post-thumbnail","hentry","category-communaute","category-homepage-french","category-toutes-les-actualites","tag-africa-press","tag-africa-press-cameroun","tag-cameroun"],"yoast_head":"<!-- This site is optimized with the Yoast SEO Premium plugin v26.1 (Yoast SEO v27.0) - https:\/\/yoast.com\/product\/yoast-seo-premium-wordpress\/ -->\n<title>Covid 19: le Cameroun enregistre plus de 3000 cas en moins d\u2019un mois - Cameroun<\/title>\n<meta name=\"description\" content=\"Entre le 24 f\u00e9vrier et le 03 mars 2021, le Cameroun a enregistr\u00e9 plus de 3 200 nouveaux cas positifs et plus de 30 d\u00e9c\u00e8s ...\" \/>\n<meta name=\"robots\" content=\"index, follow, max-snippet:-1, max-image-preview:large, max-video-preview:-1\" \/>\n<link rel=\"canonical\" href=\"https:\/\/www.africa-press.net\/cameroun\/toutes-les-actualites\/covid-19-le-cameroun-enregistre-plus-de-3000-cas-en-moins-dun-mois\" \/>\n<meta property=\"og:locale\" content=\"fr_FR\" \/>\n<meta property=\"og:type\" content=\"article\" \/>\n<meta property=\"og:title\" content=\"Covid 19: le Cameroun enregistre plus de 3000 cas en moins d\u2019un mois\" \/>\n<meta property=\"og:description\" content=\"Entre le 24 f\u00e9vrier et le 03 mars 2021, le Cameroun a enregistr\u00e9 plus de 3 200 nouveaux cas positifs et plus de 30 d\u00e9c\u00e8s ...\" \/>\n<meta property=\"og:url\" content=\"https:\/\/www.africa-press.net\/cameroun\/toutes-les-actualites\/covid-19-le-cameroun-enregistre-plus-de-3000-cas-en-moins-dun-mois\" \/>\n<meta property=\"og:site_name\" content=\"Cameroun\" \/>\n<meta property=\"article:published_time\" content=\"2021-03-23T15:31:34+00:00\" \/>\n<meta property=\"article:modified_time\" content=\"2021-03-24T13:45:47+00:00\" \/>\n<meta property=\"og:image\" content=\"https:\/\/static.africa-press.net\/cameroun\/sites\/57\/2021\/03\/img-605b427409c1a.jpg\" \/>\n\t<meta property=\"og:image:width\" content=\"900\" \/>\n\t<meta property=\"og:image:height\" content=\"508\" \/>\n\t<meta property=\"og:image:type\" content=\"image\/jpeg\" \/>\n<meta name=\"author\" content=\"cfeditorfr\" \/>\n<meta name=\"twitter:card\" content=\"summary_large_image\" \/>\n<meta name=\"twitter:label1\" content=\"\u00c9crit par\" \/>\n\t<meta name=\"twitter:data1\" content=\"cfeditorfr\" \/>\n\t<meta name=\"twitter:label2\" content=\"Dur\u00e9e de lecture estim\u00e9e\" \/>\n\t<meta name=\"twitter:data2\" content=\"2 minutes\" \/>\n<script type=\"application\/ld+json\" class=\"yoast-schema-graph\">{\"@context\":\"https:\/\/schema.org\",\"@graph\":[{\"@type\":\"Article\",\"@id\":\"https:\/\/www.africa-press.net\/cameroun\/toutes-les-actualites\/covid-19-le-cameroun-enregistre-plus-de-3000-cas-en-moins-dun-mois#article\",\"isPartOf\":{\"@id\":\"https:\/\/www.africa-press.net\/cameroun\/toutes-les-actualites\/covid-19-le-cameroun-enregistre-plus-de-3000-cas-en-moins-dun-mois\"},\"author\":{\"name\":\"cfeditorfr\",\"@id\":\"https:\/\/www.africa-press.net\/cameroun\/#\/schema\/person\/2b1cf3cd81a31e3cd26889ca66d677f1\"},\"headline\":\"Covid 19: le Cameroun enregistre plus de 3000 cas en moins d\u2019un mois\",\"datePublished\":\"2021-03-23T15:31:34+00:00\",\"dateModified\":\"2021-03-24T13:45:47+00:00\",\"mainEntityOfPage\":{\"@id\":\"https:\/\/www.africa-press.net\/cameroun\/toutes-les-actualites\/covid-19-le-cameroun-enregistre-plus-de-3000-cas-en-moins-dun-mois\"},\"wordCount\":477,\"commentCount\":0,\"image\":{\"@id\":\"https:\/\/www.africa-press.net\/cameroun\/toutes-les-actualites\/covid-19-le-cameroun-enregistre-plus-de-3000-cas-en-moins-dun-mois#primaryimage\"},\"thumbnailUrl\":\"https:\/\/static.africa-press.net\/cameroun\/sites\/57\/2021\/03\/img-605b427409c1a.jpg\",\"keywords\":[\"Africa Press\",\"Africa Press-Cameroun\",\"Cameroun\"],\"articleSection\":[\"Communaut\u00e9\",\"homepage-french\",\"Toutes les actualit\u00e9s\"],\"inLanguage\":\"fr-FR\",\"potentialAction\":[{\"@type\":\"CommentAction\",\"name\":\"Comment\",\"target\":[\"https:\/\/www.africa-press.net\/cameroun\/toutes-les-actualites\/covid-19-le-cameroun-enregistre-plus-de-3000-cas-en-moins-dun-mois#respond\"]}]},{\"@type\":\"WebPage\",\"@id\":\"https:\/\/www.africa-press.net\/cameroun\/toutes-les-actualites\/covid-19-le-cameroun-enregistre-plus-de-3000-cas-en-moins-dun-mois\",\"url\":\"https:\/\/www.africa-press.net\/cameroun\/toutes-les-actualites\/covid-19-le-cameroun-enregistre-plus-de-3000-cas-en-moins-dun-mois\",\"name\":\"Covid 19: le Cameroun enregistre plus de 3000 cas en moins d\u2019un mois - Cameroun\",\"isPartOf\":{\"@id\":\"https:\/\/www.africa-press.net\/cameroun\/#website\"},\"primaryImageOfPage\":{\"@id\":\"https:\/\/www.africa-press.net\/cameroun\/toutes-les-actualites\/covid-19-le-cameroun-enregistre-plus-de-3000-cas-en-moins-dun-mois#primaryimage\"},\"image\":{\"@id\":\"https:\/\/www.africa-press.net\/cameroun\/toutes-les-actualites\/covid-19-le-cameroun-enregistre-plus-de-3000-cas-en-moins-dun-mois#primaryimage\"},\"thumbnailUrl\":\"https:\/\/static.africa-press.net\/cameroun\/sites\/57\/2021\/03\/img-605b427409c1a.jpg\",\"datePublished\":\"2021-03-23T15:31:34+00:00\",\"dateModified\":\"2021-03-24T13:45:47+00:00\",\"author\":{\"@id\":\"https:\/\/www.africa-press.net\/cameroun\/#\/schema\/person\/2b1cf3cd81a31e3cd26889ca66d677f1\"},\"description\":\"Entre le 24 f\u00e9vrier et le 03 mars 2021, le Cameroun a enregistr\u00e9 plus de 3 200 nouveaux cas positifs et plus de 30 d\u00e9c\u00e8s ...\",\"breadcrumb\":{\"@id\":\"https:\/\/www.africa-press.net\/cameroun\/toutes-les-actualites\/covid-19-le-cameroun-enregistre-plus-de-3000-cas-en-moins-dun-mois#breadcrumb\"},\"inLanguage\":\"fr-FR\",\"potentialAction\":[{\"@type\":\"ReadAction\",\"target\":[\"https:\/\/www.africa-press.net\/cameroun\/toutes-les-actualites\/covid-19-le-cameroun-enregistre-plus-de-3000-cas-en-moins-dun-mois\"]}]},{\"@type\":\"ImageObject\",\"inLanguage\":\"fr-FR\",\"@id\":\"https:\/\/www.africa-press.net\/cameroun\/toutes-les-actualites\/covid-19-le-cameroun-enregistre-plus-de-3000-cas-en-moins-dun-mois#primaryimage\",\"url\":\"https:\/\/static.africa-press.net\/cameroun\/sites\/57\/2021\/03\/img-605b427409c1a.jpg\",\"contentUrl\":\"https:\/\/static.africa-press.net\/cameroun\/sites\/57\/2021\/03\/img-605b427409c1a.jpg\",\"width\":900,\"height\":508,\"caption\":\"Covid 19: le Cameroun enregistre plus de 3000 cas en moins d\u2019un mois\"},{\"@type\":\"BreadcrumbList\",\"@id\":\"https:\/\/www.africa-press.net\/cameroun\/toutes-les-actualites\/covid-19-le-cameroun-enregistre-plus-de-3000-cas-en-moins-dun-mois#breadcrumb\",\"itemListElement\":[{\"@type\":\"ListItem\",\"position\":1,\"name\":\"Accueil\",\"item\":\"https:\/\/www.africa-press.net\/cameroun\/\"},{\"@type\":\"ListItem\",\"position\":2,\"name\":\"Covid 19: le Cameroun enregistre plus de 3000 cas en moins d\u2019un mois\"}]},{\"@type\":\"WebSite\",\"@id\":\"https:\/\/www.africa-press.net\/cameroun\/#website\",\"url\":\"https:\/\/www.africa-press.net\/cameroun\/\",\"name\":\"Cameroun\",\"description\":\"Just another Africa News Agency Sites site\",\"potentialAction\":[{\"@type\":\"SearchAction\",\"target\":{\"@type\":\"EntryPoint\",\"urlTemplate\":\"https:\/\/www.africa-press.net\/cameroun\/?s={search_term_string}\"},\"query-input\":{\"@type\":\"PropertyValueSpecification\",\"valueRequired\":true,\"valueName\":\"search_term_string\"}}],\"inLanguage\":\"fr-FR\"},{\"@type\":\"Person\",\"@id\":\"https:\/\/www.africa-press.net\/cameroun\/#\/schema\/person\/2b1cf3cd81a31e3cd26889ca66d677f1\",\"name\":\"cfeditorfr\"}]}<\/script>\n<!-- \/ Yoast SEO Premium plugin. -->","yoast_head_json":{"title":"Covid 19: le Cameroun enregistre plus de 3000 cas en moins d\u2019un mois - Cameroun","description":"Entre le 24 f\u00e9vrier et le 03 mars 2021, le Cameroun a enregistr\u00e9 plus de 3 200 nouveaux cas positifs et plus de 30 d\u00e9c\u00e8s ...","robots":{"index":"index","follow":"follow","max-snippet":"max-snippet:-1","max-image-preview":"max-image-preview:large","max-video-preview":"max-video-preview:-1"},"canonical":"https:\/\/www.africa-press.net\/cameroun\/toutes-les-actualites\/covid-19-le-cameroun-enregistre-plus-de-3000-cas-en-moins-dun-mois","og_locale":"fr_FR","og_type":"article","og_title":"Covid 19: le Cameroun enregistre plus de 3000 cas en moins d\u2019un mois","og_description":"Entre le 24 f\u00e9vrier et le 03 mars 2021, le Cameroun a enregistr\u00e9 plus de 3 200 nouveaux cas positifs et plus de 30 d\u00e9c\u00e8s ...","og_url":"https:\/\/www.africa-press.net\/cameroun\/toutes-les-actualites\/covid-19-le-cameroun-enregistre-plus-de-3000-cas-en-moins-dun-mois","og_site_name":"Cameroun","article_published_time":"2021-03-23T15:31:34+00:00","article_modified_time":"2021-03-24T13:45:47+00:00","og_image":[{"width":900,"height":508,"url":"https:\/\/static.africa-press.net\/cameroun\/sites\/57\/2021\/03\/img-605b427409c1a.jpg","type":"image\/jpeg"}],"author":"cfeditorfr","twitter_card":"summary_large_image","twitter_misc":{"\u00c9crit par":"cfeditorfr","Dur\u00e9e de lecture estim\u00e9e":"2 minutes"},"schema":{"@context":"https:\/\/schema.org","@graph":[{"@type":"Article","@id":"https:\/\/www.africa-press.net\/cameroun\/toutes-les-actualites\/covid-19-le-cameroun-enregistre-plus-de-3000-cas-en-moins-dun-mois#article","isPartOf":{"@id":"https:\/\/www.africa-press.net\/cameroun\/toutes-les-actualites\/covid-19-le-cameroun-enregistre-plus-de-3000-cas-en-moins-dun-mois"},"author":{"name":"cfeditorfr","@id":"https:\/\/www.africa-press.net\/cameroun\/#\/schema\/person\/2b1cf3cd81a31e3cd26889ca66d677f1"},"headline":"Covid 19: le Cameroun enregistre plus de 3000 cas en moins d\u2019un mois","datePublished":"2021-03-23T15:31:34+00:00","dateModified":"2021-03-24T13:45:47+00:00","mainEntityOfPage":{"@id":"https:\/\/www.africa-press.net\/cameroun\/toutes-les-actualites\/covid-19-le-cameroun-enregistre-plus-de-3000-cas-en-moins-dun-mois"},"wordCount":477,"commentCount":0,"image":{"@id":"https:\/\/www.africa-press.net\/cameroun\/toutes-les-actualites\/covid-19-le-cameroun-enregistre-plus-de-3000-cas-en-moins-dun-mois#primaryimage"},"thumbnailUrl":"https:\/\/static.africa-press.net\/cameroun\/sites\/57\/2021\/03\/img-605b427409c1a.jpg","keywords":["Africa Press","Africa Press-Cameroun","Cameroun"],"articleSection":["Communaut\u00e9","homepage-french","Toutes les actualit\u00e9s"],"inLanguage":"fr-FR","potentialAction":[{"@type":"CommentAction","name":"Comment","target":["https:\/\/www.africa-press.net\/cameroun\/toutes-les-actualites\/covid-19-le-cameroun-enregistre-plus-de-3000-cas-en-moins-dun-mois#respond"]}]},{"@type":"WebPage","@id":"https:\/\/www.africa-press.net\/cameroun\/toutes-les-actualites\/covid-19-le-cameroun-enregistre-plus-de-3000-cas-en-moins-dun-mois","url":"https:\/\/www.africa-press.net\/cameroun\/toutes-les-actualites\/covid-19-le-cameroun-enregistre-plus-de-3000-cas-en-moins-dun-mois","name":"Covid 19: le Cameroun enregistre plus de 3000 cas en moins d\u2019un mois - Cameroun","isPartOf":{"@id":"https:\/\/www.africa-press.net\/cameroun\/#website"},"primaryImageOfPage":{"@id":"https:\/\/www.africa-press.net\/cameroun\/toutes-les-actualites\/covid-19-le-cameroun-enregistre-plus-de-3000-cas-en-moins-dun-mois#primaryimage"},"image":{"@id":"https:\/\/www.africa-press.net\/cameroun\/toutes-les-actualites\/covid-19-le-cameroun-enregistre-plus-de-3000-cas-en-moins-dun-mois#primaryimage"},"thumbnailUrl":"https:\/\/static.africa-press.net\/cameroun\/sites\/57\/2021\/03\/img-605b427409c1a.jpg","datePublished":"2021-03-23T15:31:34+00:00","dateModified":"2021-03-24T13:45:47+00:00","author":{"@id":"https:\/\/www.africa-press.net\/cameroun\/#\/schema\/person\/2b1cf3cd81a31e3cd26889ca66d677f1"},"description":"Entre le 24 f\u00e9vrier et le 03 mars 2021, le Cameroun a enregistr\u00e9 plus de 3 200 nouveaux cas positifs et plus de 30 d\u00e9c\u00e8s ...","breadcrumb":{"@id":"https:\/\/www.africa-press.net\/cameroun\/toutes-les-actualites\/covid-19-le-cameroun-enregistre-plus-de-3000-cas-en-moins-dun-mois#breadcrumb"},"inLanguage":"fr-FR","potentialAction":[{"@type":"ReadAction","target":["https:\/\/www.africa-press.net\/cameroun\/toutes-les-actualites\/covid-19-le-cameroun-enregistre-plus-de-3000-cas-en-moins-dun-mois"]}]},{"@type":"ImageObject","inLanguage":"fr-FR","@id":"https:\/\/www.africa-press.net\/cameroun\/toutes-les-actualites\/covid-19-le-cameroun-enregistre-plus-de-3000-cas-en-moins-dun-mois#primaryimage","url":"https:\/\/static.africa-press.net\/cameroun\/sites\/57\/2021\/03\/img-605b427409c1a.jpg","contentUrl":"https:\/\/static.africa-press.net\/cameroun\/sites\/57\/2021\/03\/img-605b427409c1a.jpg","width":900,"height":508,"caption":"Covid 19: le Cameroun enregistre plus de 3000 cas en moins d\u2019un mois"},{"@type":"BreadcrumbList","@id":"https:\/\/www.africa-press.net\/cameroun\/toutes-les-actualites\/covid-19-le-cameroun-enregistre-plus-de-3000-cas-en-moins-dun-mois#breadcrumb","itemListElement":[{"@type":"ListItem","position":1,"name":"Accueil","item":"https:\/\/www.africa-press.net\/cameroun\/"},{"@type":"ListItem","position":2,"name":"Covid 19: le Cameroun enregistre plus de 3000 cas en moins d\u2019un mois"}]},{"@type":"WebSite","@id":"https:\/\/www.africa-press.net\/cameroun\/#website","url":"https:\/\/www.africa-press.net\/cameroun\/","name":"Cameroun","description":"Just another Africa News Agency Sites site","potentialAction":[{"@type":"SearchAction","target":{"@type":"EntryPoint","urlTemplate":"https:\/\/www.africa-press.net\/cameroun\/?s={search_term_string}"},"query-input":{"@type":"PropertyValueSpecification","valueRequired":true,"valueName":"search_term_string"}}],"inLanguage":"fr-FR"},{"@type":"Person","@id":"https:\/\/www.africa-press.net\/cameroun\/#\/schema\/person\/2b1cf3cd81a31e3cd26889ca66d677f1","name":"cfeditorfr"}]}},"_links":{"self":[{"href":"https:\/\/www.africa-press.net\/cameroun\/wp-json\/wp\/v2\/posts\/1811","targetHints":{"allow":["GET"]}}],"collection":[{"href":"https:\/\/www.africa-press.net\/cameroun\/wp-json\/wp\/v2\/posts"}],"about":[{"href":"https:\/\/www.africa-press.net\/cameroun\/wp-json\/wp\/v2\/types\/post"}],"author":[{"embeddable":true,"href":"https:\/\/www.africa-press.net\/cameroun\/wp-json\/wp\/v2\/users\/82"}],"replies":[{"embeddable":true,"href":"https:\/\/www.africa-press.net\/cameroun\/wp-json\/wp\/v2\/comments?post=1811"}],"version-history":[{"count":0,"href":"https:\/\/www.africa-press.net\/cameroun\/wp-json\/wp\/v2\/posts\/1811\/revisions"}],"wp:featuredmedia":[{"embeddable":true,"href":"https:\/\/www.africa-press.net\/cameroun\/wp-json\/wp\/v2\/media\/1810"}],"wp:attachment":[{"href":"https:\/\/www.africa-press.net\/cameroun\/wp-json\/wp\/v2\/media?parent=1811"}],"wp:term":[{"taxonomy":"category","embeddable":true,"href":"https:\/\/www.africa-press.net\/cameroun\/wp-json\/wp\/v2\/categories?post=1811"},{"taxonomy":"post_tag","embeddable":true,"href":"https:\/\/www.africa-press.net\/cameroun\/wp-json\/wp\/v2\/tags?post=1811"}],"curies":[{"name":"wp","href":"https:\/\/api.w.org\/{rel}","templated":true}]}}