{"id":1817,"date":"2021-03-23T15:44:46","date_gmt":"2021-03-23T15:44:46","guid":{"rendered":"https:\/\/www.africa-press.net\/cameroun\/politique\/affaire-mendo-ze-lamazone-sandy-de-boston-dezingue-les-ekang"},"modified":"2021-03-24T13:47:01","modified_gmt":"2021-03-24T13:47:01","slug":"affaire-mendo-ze-lamazone-sandy-de-boston-dezingue-les-ekang","status":"publish","type":"post","link":"https:\/\/www.africa-press.net\/cameroun\/video\/affaire-mendo-ze-lamazone-sandy-de-boston-dezingue-les-ekang","title":{"rendered":"Affaire Mendo Ze:  l&rsquo;amazone Sandy de Boston d\u00e9zingue les Ekang&rsquo;"},"content":{"rendered":"<p><span style=\"color: #ff6600\"><strong><a href=\"https:\/\/www.africa-press.net\/\">Africa-Press<\/a> &#8211; <a href=\"https:\/\/www.africa-press.net\/cameroun\">Cameroun<\/a>. <\/strong><\/span>Les nouvelles ne sont pas bonnes pour Mendo Ze, toujours en d\u00e9tention \u00e0 Kondengui qui attend une \u00e9vacuation sanitaire en vain. Selon les derni\u00e8res informations, l&rsquo;ex DG de la CRTV a entam\u00e9 une gr\u00e8ve de la faim en vue d&rsquo;exiger une r\u00e9action du r\u00e9gime Biya jusqu&rsquo;alors silencieux. Face \u00e0 cet \u00e9tat de chose, l&rsquo;amazone Sandy de Boston clash les Ekangs sur cette mort fatale qu&rsquo;ils souhaitent \u00e0 leur fr\u00e8re Gervais dans la vid\u00e9o ci-dessous<\/p>\n<p>Qui est Sandy de Boston, l&rsquo;amazone qui est pr\u00eate \u00e0 tout pour faire tomber Paul Biya<\/p>\n<p>Les amazones ont manifest\u00e9 ce 04 novembre \u00e0 Bruxelles pour demander une nouvelle fois la fin du r\u00e9gime du Biya. A leur tete, Sandy de Boston une des figures de ce groupement de femmes.<\/p>\n<p>C\u2019est l\u2019une des plus grandes figures de la r\u00e9sistance anti Biya dans la diaspora. Ses faits d\u2019armes sont l\u00e9gion. De Londres \u00e0 Gen\u00e8ve en passant par Bruxelles. Elle est \u00e9galement avec d\u2019autres femmes l\u2019une des fondatrices du mouvement Bobi Tanap qui s\u2019inspire d\u2019un usage du corps de la femme dans l\u2019espace public pour d\u00e9noncer des probl\u00e8mes politiques et sociaux. Qui est-elle en r\u00e9alit\u00e9? Voici ce que en dit Boris Bertolt dans son nouveau livre: \u201c L\u2019otage\u201d:<\/p>\n<p>\u201c N\u00e9 \u00e0 Edea, c\u2019est la ni\u00e8ce de l\u2019ancien ministre de la D\u00e9fense incarc\u00e9r\u00e9 \u00e0 la prison centrale de Kondengui, Edgar Alain Mebe Ngo\u2019o. Emilie, surnomm\u00e9e Sandy Boston a fait l\u2019\u00e9cole publique de B\u00e9panda \u00e0 Douala, le secondaire lyc\u00e9e d\u2019Akwa o\u00f9 elle obtient un baccalaur\u00e9at D. Elle va \u00e0 l\u2019universit\u00e9 de Douala o\u00f9 elle int\u00e8gre la facult\u00e9 des sciences. Apr\u00e8s plusieurs ann\u00e9es, elle n\u2019obtient pas de licence. Elle se lance dans le commerce et devient Bayam Sellam.<\/p>\n<p>Elle vend du manioc et des vivres au carrefour Andem \u00e0 Logpom. Elle rencontre son futur \u00e9poux au Cameroun au cours d\u2019un match de football. Il s\u2019agit d\u2019un fonctionnaire anglais qui \u00e9tait en mission au Cameroun qui reparti dans son pays d\u00e9cide de revenir l\u2019\u00e9pouser en 2006. Elle se marie au mois de f\u00e9vrier et quitte le Cameroun en avril (\u2026) \u00bb<\/p>\n<p><iframe loading=\"lazy\" title=\"G\u00e9n\u00e9ral Sandy de Boston: L\u2019affaire Mendo Ze par les \u201cEkang\u201d, \u00c7a a cuit!\" width=\"696\" height=\"392\" src=\"https:\/\/www.youtube.com\/embed\/oNbYsyqMfAY?feature=oembed\" frameborder=\"0\" allow=\"accelerometer; autoplay; clipboard-write; encrypted-media; gyroscope; picture-in-picture\" allowfullscreen><\/iframe><\/p>\n","protected":false},"excerpt":{"rendered":"<p>Africa-Press &#8211; Cameroun. Les nouvelles ne sont pas bonnes pour Mendo Ze, toujours en d\u00e9tention \u00e0 Kondengui qui attend une \u00e9vacuation sanitaire en vain. Selon les derni\u00e8res informations, l&rsquo;ex DG de la CRTV a entam\u00e9 une gr\u00e8ve de la faim en vue d&rsquo;exiger une r\u00e9action du r\u00e9gime Biya jusqu&rsquo;alors silencieux. Face \u00e0 cet \u00e9tat de [&hellip;]<\/p>\n","protected":false},"author":82,"featured_media":1816,"comment_status":"open","ping_status":"closed","sticky":false,"template":"","format":"standard","meta":{"footnotes":""},"categories":[21,11,10,9],"tags":[36,50,49],"class_list":["post-1817","post","type-post","status-publish","format-standard","has-post-thumbnail","hentry","category-communaute","category-homepage-french","category-toutes-les-actualites","category-video","tag-africa-press","tag-africa-press-cameroun","tag-cameroun"],"yoast_head":"<!-- This site is optimized with the Yoast SEO Premium plugin v26.1 (Yoast SEO v27.0) - https:\/\/yoast.com\/product\/yoast-seo-premium-wordpress\/ -->\n<title>Affaire Mendo Ze: l&#039;amazone Sandy de Boston d\u00e9zingue les Ekang&#039; - Cameroun<\/title>\n<meta name=\"description\" content=\"Les nouvelles ne sont pas bonnes pour Mendo Ze, toujours en d\u00e9tention \u00e0 Kondengui qui attend une \u00e9vacuation sanitaire en ...\" \/>\n<meta name=\"robots\" content=\"index, follow, max-snippet:-1, max-image-preview:large, max-video-preview:-1\" \/>\n<link rel=\"canonical\" href=\"https:\/\/www.africa-press.net\/cameroun\/video\/affaire-mendo-ze-lamazone-sandy-de-boston-dezingue-les-ekang\" \/>\n<meta property=\"og:locale\" content=\"fr_FR\" \/>\n<meta property=\"og:type\" content=\"article\" \/>\n<meta property=\"og:title\" content=\"Affaire Mendo Ze: l&#039;amazone Sandy de Boston d\u00e9zingue les Ekang&#039;\" \/>\n<meta property=\"og:description\" content=\"Les nouvelles ne sont pas bonnes pour Mendo Ze, toujours en d\u00e9tention \u00e0 Kondengui qui attend une \u00e9vacuation sanitaire en ...\" \/>\n<meta property=\"og:url\" content=\"https:\/\/www.africa-press.net\/cameroun\/video\/affaire-mendo-ze-lamazone-sandy-de-boston-dezingue-les-ekang\" \/>\n<meta property=\"og:site_name\" content=\"Cameroun\" \/>\n<meta property=\"article:published_time\" content=\"2021-03-23T15:44:46+00:00\" \/>\n<meta property=\"article:modified_time\" content=\"2021-03-24T13:47:01+00:00\" \/>\n<meta property=\"og:image\" content=\"https:\/\/static.africa-press.net\/cameroun\/sites\/57\/2021\/03\/img-605b42bc679a3.jpg\" \/>\n\t<meta property=\"og:image:width\" content=\"1091\" \/>\n\t<meta property=\"og:image:height\" content=\"869\" \/>\n\t<meta property=\"og:image:type\" content=\"image\/jpeg\" \/>\n<meta name=\"author\" content=\"cfeditorfr\" \/>\n<meta name=\"twitter:card\" content=\"summary_large_image\" \/>\n<meta name=\"twitter:label1\" content=\"\u00c9crit par\" \/>\n\t<meta name=\"twitter:data1\" content=\"cfeditorfr\" \/>\n\t<meta name=\"twitter:label2\" content=\"Dur\u00e9e de lecture estim\u00e9e\" \/>\n\t<meta name=\"twitter:data2\" content=\"2 minutes\" \/>\n<script type=\"application\/ld+json\" class=\"yoast-schema-graph\">{\"@context\":\"https:\/\/schema.org\",\"@graph\":[{\"@type\":\"Article\",\"@id\":\"https:\/\/www.africa-press.net\/cameroun\/video\/affaire-mendo-ze-lamazone-sandy-de-boston-dezingue-les-ekang#article\",\"isPartOf\":{\"@id\":\"https:\/\/www.africa-press.net\/cameroun\/video\/affaire-mendo-ze-lamazone-sandy-de-boston-dezingue-les-ekang\"},\"author\":{\"name\":\"cfeditorfr\",\"@id\":\"https:\/\/www.africa-press.net\/cameroun\/#\/schema\/person\/2b1cf3cd81a31e3cd26889ca66d677f1\"},\"headline\":\"Affaire Mendo Ze: l&rsquo;amazone Sandy de Boston d\u00e9zingue les Ekang&rsquo;\",\"datePublished\":\"2021-03-23T15:44:46+00:00\",\"dateModified\":\"2021-03-24T13:47:01+00:00\",\"mainEntityOfPage\":{\"@id\":\"https:\/\/www.africa-press.net\/cameroun\/video\/affaire-mendo-ze-lamazone-sandy-de-boston-dezingue-les-ekang\"},\"wordCount\":397,\"commentCount\":0,\"image\":{\"@id\":\"https:\/\/www.africa-press.net\/cameroun\/video\/affaire-mendo-ze-lamazone-sandy-de-boston-dezingue-les-ekang#primaryimage\"},\"thumbnailUrl\":\"https:\/\/static.africa-press.net\/cameroun\/sites\/57\/2021\/03\/img-605b42bc679a3.jpg\",\"keywords\":[\"Africa Press\",\"Africa Press-Cameroun\",\"Cameroun\"],\"articleSection\":[\"Communaut\u00e9\",\"homepage-french\",\"Toutes les actualit\u00e9s\",\"vid\u00e9o\"],\"inLanguage\":\"fr-FR\",\"potentialAction\":[{\"@type\":\"CommentAction\",\"name\":\"Comment\",\"target\":[\"https:\/\/www.africa-press.net\/cameroun\/video\/affaire-mendo-ze-lamazone-sandy-de-boston-dezingue-les-ekang#respond\"]}]},{\"@type\":\"WebPage\",\"@id\":\"https:\/\/www.africa-press.net\/cameroun\/video\/affaire-mendo-ze-lamazone-sandy-de-boston-dezingue-les-ekang\",\"url\":\"https:\/\/www.africa-press.net\/cameroun\/video\/affaire-mendo-ze-lamazone-sandy-de-boston-dezingue-les-ekang\",\"name\":\"Affaire Mendo Ze: l'amazone Sandy de Boston d\u00e9zingue les Ekang' - Cameroun\",\"isPartOf\":{\"@id\":\"https:\/\/www.africa-press.net\/cameroun\/#website\"},\"primaryImageOfPage\":{\"@id\":\"https:\/\/www.africa-press.net\/cameroun\/video\/affaire-mendo-ze-lamazone-sandy-de-boston-dezingue-les-ekang#primaryimage\"},\"image\":{\"@id\":\"https:\/\/www.africa-press.net\/cameroun\/video\/affaire-mendo-ze-lamazone-sandy-de-boston-dezingue-les-ekang#primaryimage\"},\"thumbnailUrl\":\"https:\/\/static.africa-press.net\/cameroun\/sites\/57\/2021\/03\/img-605b42bc679a3.jpg\",\"datePublished\":\"2021-03-23T15:44:46+00:00\",\"dateModified\":\"2021-03-24T13:47:01+00:00\",\"author\":{\"@id\":\"https:\/\/www.africa-press.net\/cameroun\/#\/schema\/person\/2b1cf3cd81a31e3cd26889ca66d677f1\"},\"description\":\"Les nouvelles ne sont pas bonnes pour Mendo Ze, toujours en d\u00e9tention \u00e0 Kondengui qui attend une \u00e9vacuation sanitaire en ...\",\"breadcrumb\":{\"@id\":\"https:\/\/www.africa-press.net\/cameroun\/video\/affaire-mendo-ze-lamazone-sandy-de-boston-dezingue-les-ekang#breadcrumb\"},\"inLanguage\":\"fr-FR\",\"potentialAction\":[{\"@type\":\"ReadAction\",\"target\":[\"https:\/\/www.africa-press.net\/cameroun\/video\/affaire-mendo-ze-lamazone-sandy-de-boston-dezingue-les-ekang\"]}]},{\"@type\":\"ImageObject\",\"inLanguage\":\"fr-FR\",\"@id\":\"https:\/\/www.africa-press.net\/cameroun\/video\/affaire-mendo-ze-lamazone-sandy-de-boston-dezingue-les-ekang#primaryimage\",\"url\":\"https:\/\/static.africa-press.net\/cameroun\/sites\/57\/2021\/03\/img-605b42bc679a3.jpg\",\"contentUrl\":\"https:\/\/static.africa-press.net\/cameroun\/sites\/57\/2021\/03\/img-605b42bc679a3.jpg\",\"width\":1091,\"height\":869,\"caption\":\"Affaire Mendo Ze: l'amazone Sandy de Boston d\u00e9zingue les Ekang'\"},{\"@type\":\"BreadcrumbList\",\"@id\":\"https:\/\/www.africa-press.net\/cameroun\/video\/affaire-mendo-ze-lamazone-sandy-de-boston-dezingue-les-ekang#breadcrumb\",\"itemListElement\":[{\"@type\":\"ListItem\",\"position\":1,\"name\":\"Accueil\",\"item\":\"https:\/\/www.africa-press.net\/cameroun\/\"},{\"@type\":\"ListItem\",\"position\":2,\"name\":\"Affaire Mendo Ze: l&#8217;amazone Sandy de Boston d\u00e9zingue les Ekang&#8217;\"}]},{\"@type\":\"WebSite\",\"@id\":\"https:\/\/www.africa-press.net\/cameroun\/#website\",\"url\":\"https:\/\/www.africa-press.net\/cameroun\/\",\"name\":\"Cameroun\",\"description\":\"Just another Africa News Agency Sites site\",\"potentialAction\":[{\"@type\":\"SearchAction\",\"target\":{\"@type\":\"EntryPoint\",\"urlTemplate\":\"https:\/\/www.africa-press.net\/cameroun\/?s={search_term_string}\"},\"query-input\":{\"@type\":\"PropertyValueSpecification\",\"valueRequired\":true,\"valueName\":\"search_term_string\"}}],\"inLanguage\":\"fr-FR\"},{\"@type\":\"Person\",\"@id\":\"https:\/\/www.africa-press.net\/cameroun\/#\/schema\/person\/2b1cf3cd81a31e3cd26889ca66d677f1\",\"name\":\"cfeditorfr\"}]}<\/script>\n<!-- \/ Yoast SEO Premium plugin. -->","yoast_head_json":{"title":"Affaire Mendo Ze: l'amazone Sandy de Boston d\u00e9zingue les Ekang' - Cameroun","description":"Les nouvelles ne sont pas bonnes pour Mendo Ze, toujours en d\u00e9tention \u00e0 Kondengui qui attend une \u00e9vacuation sanitaire en ...","robots":{"index":"index","follow":"follow","max-snippet":"max-snippet:-1","max-image-preview":"max-image-preview:large","max-video-preview":"max-video-preview:-1"},"canonical":"https:\/\/www.africa-press.net\/cameroun\/video\/affaire-mendo-ze-lamazone-sandy-de-boston-dezingue-les-ekang","og_locale":"fr_FR","og_type":"article","og_title":"Affaire Mendo Ze: l'amazone Sandy de Boston d\u00e9zingue les Ekang'","og_description":"Les nouvelles ne sont pas bonnes pour Mendo Ze, toujours en d\u00e9tention \u00e0 Kondengui qui attend une \u00e9vacuation sanitaire en ...","og_url":"https:\/\/www.africa-press.net\/cameroun\/video\/affaire-mendo-ze-lamazone-sandy-de-boston-dezingue-les-ekang","og_site_name":"Cameroun","article_published_time":"2021-03-23T15:44:46+00:00","article_modified_time":"2021-03-24T13:47:01+00:00","og_image":[{"width":1091,"height":869,"url":"https:\/\/static.africa-press.net\/cameroun\/sites\/57\/2021\/03\/img-605b42bc679a3.jpg","type":"image\/jpeg"}],"author":"cfeditorfr","twitter_card":"summary_large_image","twitter_misc":{"\u00c9crit par":"cfeditorfr","Dur\u00e9e de lecture estim\u00e9e":"2 minutes"},"schema":{"@context":"https:\/\/schema.org","@graph":[{"@type":"Article","@id":"https:\/\/www.africa-press.net\/cameroun\/video\/affaire-mendo-ze-lamazone-sandy-de-boston-dezingue-les-ekang#article","isPartOf":{"@id":"https:\/\/www.africa-press.net\/cameroun\/video\/affaire-mendo-ze-lamazone-sandy-de-boston-dezingue-les-ekang"},"author":{"name":"cfeditorfr","@id":"https:\/\/www.africa-press.net\/cameroun\/#\/schema\/person\/2b1cf3cd81a31e3cd26889ca66d677f1"},"headline":"Affaire Mendo Ze: l&rsquo;amazone Sandy de Boston d\u00e9zingue les Ekang&rsquo;","datePublished":"2021-03-23T15:44:46+00:00","dateModified":"2021-03-24T13:47:01+00:00","mainEntityOfPage":{"@id":"https:\/\/www.africa-press.net\/cameroun\/video\/affaire-mendo-ze-lamazone-sandy-de-boston-dezingue-les-ekang"},"wordCount":397,"commentCount":0,"image":{"@id":"https:\/\/www.africa-press.net\/cameroun\/video\/affaire-mendo-ze-lamazone-sandy-de-boston-dezingue-les-ekang#primaryimage"},"thumbnailUrl":"https:\/\/static.africa-press.net\/cameroun\/sites\/57\/2021\/03\/img-605b42bc679a3.jpg","keywords":["Africa Press","Africa Press-Cameroun","Cameroun"],"articleSection":["Communaut\u00e9","homepage-french","Toutes les actualit\u00e9s","vid\u00e9o"],"inLanguage":"fr-FR","potentialAction":[{"@type":"CommentAction","name":"Comment","target":["https:\/\/www.africa-press.net\/cameroun\/video\/affaire-mendo-ze-lamazone-sandy-de-boston-dezingue-les-ekang#respond"]}]},{"@type":"WebPage","@id":"https:\/\/www.africa-press.net\/cameroun\/video\/affaire-mendo-ze-lamazone-sandy-de-boston-dezingue-les-ekang","url":"https:\/\/www.africa-press.net\/cameroun\/video\/affaire-mendo-ze-lamazone-sandy-de-boston-dezingue-les-ekang","name":"Affaire Mendo Ze: l'amazone Sandy de Boston d\u00e9zingue les Ekang' - Cameroun","isPartOf":{"@id":"https:\/\/www.africa-press.net\/cameroun\/#website"},"primaryImageOfPage":{"@id":"https:\/\/www.africa-press.net\/cameroun\/video\/affaire-mendo-ze-lamazone-sandy-de-boston-dezingue-les-ekang#primaryimage"},"image":{"@id":"https:\/\/www.africa-press.net\/cameroun\/video\/affaire-mendo-ze-lamazone-sandy-de-boston-dezingue-les-ekang#primaryimage"},"thumbnailUrl":"https:\/\/static.africa-press.net\/cameroun\/sites\/57\/2021\/03\/img-605b42bc679a3.jpg","datePublished":"2021-03-23T15:44:46+00:00","dateModified":"2021-03-24T13:47:01+00:00","author":{"@id":"https:\/\/www.africa-press.net\/cameroun\/#\/schema\/person\/2b1cf3cd81a31e3cd26889ca66d677f1"},"description":"Les nouvelles ne sont pas bonnes pour Mendo Ze, toujours en d\u00e9tention \u00e0 Kondengui qui attend une \u00e9vacuation sanitaire en ...","breadcrumb":{"@id":"https:\/\/www.africa-press.net\/cameroun\/video\/affaire-mendo-ze-lamazone-sandy-de-boston-dezingue-les-ekang#breadcrumb"},"inLanguage":"fr-FR","potentialAction":[{"@type":"ReadAction","target":["https:\/\/www.africa-press.net\/cameroun\/video\/affaire-mendo-ze-lamazone-sandy-de-boston-dezingue-les-ekang"]}]},{"@type":"ImageObject","inLanguage":"fr-FR","@id":"https:\/\/www.africa-press.net\/cameroun\/video\/affaire-mendo-ze-lamazone-sandy-de-boston-dezingue-les-ekang#primaryimage","url":"https:\/\/static.africa-press.net\/cameroun\/sites\/57\/2021\/03\/img-605b42bc679a3.jpg","contentUrl":"https:\/\/static.africa-press.net\/cameroun\/sites\/57\/2021\/03\/img-605b42bc679a3.jpg","width":1091,"height":869,"caption":"Affaire Mendo Ze: l'amazone Sandy de Boston d\u00e9zingue les Ekang'"},{"@type":"BreadcrumbList","@id":"https:\/\/www.africa-press.net\/cameroun\/video\/affaire-mendo-ze-lamazone-sandy-de-boston-dezingue-les-ekang#breadcrumb","itemListElement":[{"@type":"ListItem","position":1,"name":"Accueil","item":"https:\/\/www.africa-press.net\/cameroun\/"},{"@type":"ListItem","position":2,"name":"Affaire Mendo Ze: l&#8217;amazone Sandy de Boston d\u00e9zingue les Ekang&#8217;"}]},{"@type":"WebSite","@id":"https:\/\/www.africa-press.net\/cameroun\/#website","url":"https:\/\/www.africa-press.net\/cameroun\/","name":"Cameroun","description":"Just another Africa News Agency Sites site","potentialAction":[{"@type":"SearchAction","target":{"@type":"EntryPoint","urlTemplate":"https:\/\/www.africa-press.net\/cameroun\/?s={search_term_string}"},"query-input":{"@type":"PropertyValueSpecification","valueRequired":true,"valueName":"search_term_string"}}],"inLanguage":"fr-FR"},{"@type":"Person","@id":"https:\/\/www.africa-press.net\/cameroun\/#\/schema\/person\/2b1cf3cd81a31e3cd26889ca66d677f1","name":"cfeditorfr"}]}},"_links":{"self":[{"href":"https:\/\/www.africa-press.net\/cameroun\/wp-json\/wp\/v2\/posts\/1817","targetHints":{"allow":["GET"]}}],"collection":[{"href":"https:\/\/www.africa-press.net\/cameroun\/wp-json\/wp\/v2\/posts"}],"about":[{"href":"https:\/\/www.africa-press.net\/cameroun\/wp-json\/wp\/v2\/types\/post"}],"author":[{"embeddable":true,"href":"https:\/\/www.africa-press.net\/cameroun\/wp-json\/wp\/v2\/users\/82"}],"replies":[{"embeddable":true,"href":"https:\/\/www.africa-press.net\/cameroun\/wp-json\/wp\/v2\/comments?post=1817"}],"version-history":[{"count":0,"href":"https:\/\/www.africa-press.net\/cameroun\/wp-json\/wp\/v2\/posts\/1817\/revisions"}],"wp:featuredmedia":[{"embeddable":true,"href":"https:\/\/www.africa-press.net\/cameroun\/wp-json\/wp\/v2\/media\/1816"}],"wp:attachment":[{"href":"https:\/\/www.africa-press.net\/cameroun\/wp-json\/wp\/v2\/media?parent=1817"}],"wp:term":[{"taxonomy":"category","embeddable":true,"href":"https:\/\/www.africa-press.net\/cameroun\/wp-json\/wp\/v2\/categories?post=1817"},{"taxonomy":"post_tag","embeddable":true,"href":"https:\/\/www.africa-press.net\/cameroun\/wp-json\/wp\/v2\/tags?post=1817"}],"curies":[{"name":"wp","href":"https:\/\/api.w.org\/{rel}","templated":true}]}}