{"id":1820,"date":"2021-03-23T15:53:22","date_gmt":"2021-03-23T15:53:22","guid":{"rendered":"https:\/\/www.africa-press.net\/cameroun\/politique\/succession-de-biya-aboubakar-ousmane-mey-multiplie-les-demarches-et-actions"},"modified":"2021-03-24T13:47:36","modified_gmt":"2021-03-24T13:47:36","slug":"succession-de-biya-aboubakar-ousmane-mey-multiplie-les-demarches-et-actions","status":"publish","type":"post","link":"https:\/\/www.africa-press.net\/cameroun\/politique\/succession-de-biya-aboubakar-ousmane-mey-multiplie-les-demarches-et-actions","title":{"rendered":"Succession de Biya: Aboubakar Ousmane Mey multiplie les d\u00e9marches et actions"},"content":{"rendered":"<p><span style=\"color: #ff6600\"><strong><a href=\"https:\/\/www.africa-press.net\/\">Africa-Press<\/a> &#8211; <a href=\"https:\/\/www.africa-press.net\/cameroun\">Cameroun<\/a>. <\/strong><\/span>Symbole de l\u2019\u00e9chec du renouveau, symbole de la souffrance d\u2019un peuple, symbole du m\u00e9pris d\u2019un peuple par ses \u00e9lites multiformes. Qui pouvait dire aux populations de l\u2019Extr\u00eame Nord que 40 ans apr\u00e8s le d\u00e9part du pr\u00e9sident Ahidjo, les populations vivraient dans la pauvret\u00e9 aig\u00fce, faible scolarisation, fracture sociale et g\u00e9n\u00e9rationnelle ?<\/p>\n<p>Il a commenc\u00e9 par s\u2019investir pour le rapatriement des restes du premier pr\u00e9sident Ahmadou Ahidjo. Un symbole pour la r\u00e9conciliation qui bute sur les \u00e9go\u00efsmes.<\/p>\n<p>Aboubakar Ousmae Mey est loin de se d\u00e9courager, lisez son commentaire \u00e0 propos :<br \/>\n\u00ab Le plus simple d\u2019esprit dans notre pays peut vous dire d\u2019o\u00f9 vient le blocage. Vous avez des gens assis sur des fauteuils d\u2019avantages parce que simplement portant le nom de l\u2019ancien Pr\u00e9sident. Je veux parler de son fils a\u00een\u00e9 Mohamadou Ahidjo (alias) Badjika, non moins ambassadeur itin\u00e9rant et PCA de l\u2019h\u00f4tel Sawa \u00e0 Douala. Son \u00e9pouse (fille de Moussa Yaya) qui a effac\u00e9 le nom de son \u00e9poux sur son libell\u00e9 de nom devenant \u2018Oumoul Ahidjo\u2019 au lieu de \u2018Oumoul Mohamadou Ahidjo\u2019 pour plus de visibilit\u00e9, est parlementaire. Vous avez sa fille cadette Aminatou qui tr\u00f4ne-t-elle au palais de congr\u00e8s comme Pca. C\u2019est avec beaucoup de d\u00e9ception que nous observons cette indignation qui ne grandit pas ces protagonistes du parricide. Le palais de congr\u00e8s et l\u2019h\u00f4tel Sawa sont les \u0153uvres d\u2019Ahmadou Ahidjo, je ne suis pas s\u00fbr que ces trois plaisantins trouvent le sommeil la nuit. Je n\u2019envie pas leur sorts, un homme comme Ahidjo, \u00e7a n\u2019a pas de prix, l\u2019avenir nous dira s\u2019ils \u00e9taient du bon c\u00f4t\u00e9 de la barri\u00e8re. Puis vous avez les hommes d\u2019affaires politiques comme Bello Bouba de l\u2019UNDP, qui a roul\u00e9 tout le monde dans la farine avec l\u2019approche Ahidjo, un vrai filou politique. Ils sont un certain nombre comme lui qui aujourd\u2019hui, se sont agripp\u00e9s \u00e0 la mangeoire, pince sans rire. \u00bb EL ABOUBAKAR OUSMANE MEY dans un entretien accord\u00e9 \u00e0 Hugues Seumo.<\/p>\n<p>Aboubakar Ousmane Mey : \u00ab Personne ne laissera faire le gr\u00e9 \u00e0 gr\u00e9 \u00bb<br \/>\nPr\u00e9sident de l\u2019Alliance Nationale Camerounaise, le fr\u00e8re a\u00een\u00e9 du ministre Alamine Ousmane Mey, ne cache pas son intention de faire partir le pr\u00e9sident Biya.<\/p>\n<p>Il prit position il y a quelques temps contre les tentatives de gr\u00e9 \u00e0 gr\u00e9 et entend se positionner comme acteur incontournable dans le processus d\u2019alternance politique au Cameroun.<\/p>\n<p>Aboubakar Ousmane Mey multiplie les d\u00e9marches et actions pour parler et d\u00e9battre de l\u2019avenir politique du Cameroun, on le voit aux cot\u00e9s de Sokoudjou Jean Rameau, dans la Menoua, etc\u2026<\/p>\n<p>Le peuple camerounais a besoin de lui pour un front uni capable de renverser le syst\u00e8me qui a pris en otage tout un peuple.<\/p>\n","protected":false},"excerpt":{"rendered":"<p>Africa-Press &#8211; Cameroun. Symbole de l\u2019\u00e9chec du renouveau, symbole de la souffrance d\u2019un peuple, symbole du m\u00e9pris d\u2019un peuple par ses \u00e9lites multiformes. Qui pouvait dire aux populations de l\u2019Extr\u00eame Nord que 40 ans apr\u00e8s le d\u00e9part du pr\u00e9sident Ahidjo, les populations vivraient dans la pauvret\u00e9 aig\u00fce, faible scolarisation, fracture sociale et g\u00e9n\u00e9rationnelle ? Il [&hellip;]<\/p>\n","protected":false},"author":82,"featured_media":1819,"comment_status":"open","ping_status":"closed","sticky":false,"template":"","format":"standard","meta":{"footnotes":""},"categories":[11,2,10],"tags":[36,50,49],"class_list":["post-1820","post","type-post","status-publish","format-standard","has-post-thumbnail","hentry","category-homepage-french","category-politique","category-toutes-les-actualites","tag-africa-press","tag-africa-press-cameroun","tag-cameroun"],"yoast_head":"<!-- This site is optimized with the Yoast SEO Premium plugin v26.1 (Yoast SEO v27.0) - https:\/\/yoast.com\/product\/yoast-seo-premium-wordpress\/ -->\n<title>Succession de Biya: Aboubakar Ousmane Mey multiplie les d\u00e9marches et actions - Cameroun<\/title>\n<meta name=\"description\" content=\"Symbole de l\u2019\u00e9chec du renouveau, symbole de la souffrance d\u2019un peuple, symbole du m\u00e9pris d\u2019un peuple par ses \u00e9lites mult ...\" \/>\n<meta name=\"robots\" content=\"index, follow, max-snippet:-1, max-image-preview:large, max-video-preview:-1\" \/>\n<link rel=\"canonical\" href=\"https:\/\/www.africa-press.net\/cameroun\/politique\/succession-de-biya-aboubakar-ousmane-mey-multiplie-les-demarches-et-actions\" \/>\n<meta property=\"og:locale\" content=\"fr_FR\" \/>\n<meta property=\"og:type\" content=\"article\" \/>\n<meta property=\"og:title\" content=\"Succession de Biya: Aboubakar Ousmane Mey multiplie les d\u00e9marches et actions\" \/>\n<meta property=\"og:description\" content=\"Symbole de l\u2019\u00e9chec du renouveau, symbole de la souffrance d\u2019un peuple, symbole du m\u00e9pris d\u2019un peuple par ses \u00e9lites mult ...\" \/>\n<meta property=\"og:url\" content=\"https:\/\/www.africa-press.net\/cameroun\/politique\/succession-de-biya-aboubakar-ousmane-mey-multiplie-les-demarches-et-actions\" \/>\n<meta property=\"og:site_name\" content=\"Cameroun\" \/>\n<meta property=\"article:published_time\" content=\"2021-03-23T15:53:22+00:00\" \/>\n<meta property=\"article:modified_time\" content=\"2021-03-24T13:47:36+00:00\" \/>\n<meta property=\"og:image\" content=\"https:\/\/static.africa-press.net\/cameroun\/sites\/57\/2021\/03\/img-605b42e16927a.jpg\" \/>\n\t<meta property=\"og:image:width\" content=\"720\" \/>\n\t<meta property=\"og:image:height\" content=\"456\" \/>\n\t<meta property=\"og:image:type\" content=\"image\/jpeg\" \/>\n<meta name=\"author\" content=\"cfeditorfr\" \/>\n<meta name=\"twitter:card\" content=\"summary_large_image\" \/>\n<meta name=\"twitter:label1\" content=\"\u00c9crit par\" \/>\n\t<meta name=\"twitter:data1\" content=\"cfeditorfr\" \/>\n\t<meta name=\"twitter:label2\" content=\"Dur\u00e9e de lecture estim\u00e9e\" \/>\n\t<meta name=\"twitter:data2\" content=\"2 minutes\" \/>\n<script type=\"application\/ld+json\" class=\"yoast-schema-graph\">{\"@context\":\"https:\/\/schema.org\",\"@graph\":[{\"@type\":\"Article\",\"@id\":\"https:\/\/www.africa-press.net\/cameroun\/politique\/succession-de-biya-aboubakar-ousmane-mey-multiplie-les-demarches-et-actions#article\",\"isPartOf\":{\"@id\":\"https:\/\/www.africa-press.net\/cameroun\/politique\/succession-de-biya-aboubakar-ousmane-mey-multiplie-les-demarches-et-actions\"},\"author\":{\"name\":\"cfeditorfr\",\"@id\":\"https:\/\/www.africa-press.net\/cameroun\/#\/schema\/person\/2b1cf3cd81a31e3cd26889ca66d677f1\"},\"headline\":\"Succession de Biya: Aboubakar Ousmane Mey multiplie les d\u00e9marches et actions\",\"datePublished\":\"2021-03-23T15:53:22+00:00\",\"dateModified\":\"2021-03-24T13:47:36+00:00\",\"mainEntityOfPage\":{\"@id\":\"https:\/\/www.africa-press.net\/cameroun\/politique\/succession-de-biya-aboubakar-ousmane-mey-multiplie-les-demarches-et-actions\"},\"wordCount\":499,\"commentCount\":0,\"image\":{\"@id\":\"https:\/\/www.africa-press.net\/cameroun\/politique\/succession-de-biya-aboubakar-ousmane-mey-multiplie-les-demarches-et-actions#primaryimage\"},\"thumbnailUrl\":\"https:\/\/static.africa-press.net\/cameroun\/sites\/57\/2021\/03\/img-605b42e16927a.jpg\",\"keywords\":[\"Africa Press\",\"Africa Press-Cameroun\",\"Cameroun\"],\"articleSection\":[\"homepage-french\",\"Politique\",\"Toutes les actualit\u00e9s\"],\"inLanguage\":\"fr-FR\",\"potentialAction\":[{\"@type\":\"CommentAction\",\"name\":\"Comment\",\"target\":[\"https:\/\/www.africa-press.net\/cameroun\/politique\/succession-de-biya-aboubakar-ousmane-mey-multiplie-les-demarches-et-actions#respond\"]}]},{\"@type\":\"WebPage\",\"@id\":\"https:\/\/www.africa-press.net\/cameroun\/politique\/succession-de-biya-aboubakar-ousmane-mey-multiplie-les-demarches-et-actions\",\"url\":\"https:\/\/www.africa-press.net\/cameroun\/politique\/succession-de-biya-aboubakar-ousmane-mey-multiplie-les-demarches-et-actions\",\"name\":\"Succession de Biya: Aboubakar Ousmane Mey multiplie les d\u00e9marches et actions - Cameroun\",\"isPartOf\":{\"@id\":\"https:\/\/www.africa-press.net\/cameroun\/#website\"},\"primaryImageOfPage\":{\"@id\":\"https:\/\/www.africa-press.net\/cameroun\/politique\/succession-de-biya-aboubakar-ousmane-mey-multiplie-les-demarches-et-actions#primaryimage\"},\"image\":{\"@id\":\"https:\/\/www.africa-press.net\/cameroun\/politique\/succession-de-biya-aboubakar-ousmane-mey-multiplie-les-demarches-et-actions#primaryimage\"},\"thumbnailUrl\":\"https:\/\/static.africa-press.net\/cameroun\/sites\/57\/2021\/03\/img-605b42e16927a.jpg\",\"datePublished\":\"2021-03-23T15:53:22+00:00\",\"dateModified\":\"2021-03-24T13:47:36+00:00\",\"author\":{\"@id\":\"https:\/\/www.africa-press.net\/cameroun\/#\/schema\/person\/2b1cf3cd81a31e3cd26889ca66d677f1\"},\"description\":\"Symbole de l\u2019\u00e9chec du renouveau, symbole de la souffrance d\u2019un peuple, symbole du m\u00e9pris d\u2019un peuple par ses \u00e9lites mult ...\",\"breadcrumb\":{\"@id\":\"https:\/\/www.africa-press.net\/cameroun\/politique\/succession-de-biya-aboubakar-ousmane-mey-multiplie-les-demarches-et-actions#breadcrumb\"},\"inLanguage\":\"fr-FR\",\"potentialAction\":[{\"@type\":\"ReadAction\",\"target\":[\"https:\/\/www.africa-press.net\/cameroun\/politique\/succession-de-biya-aboubakar-ousmane-mey-multiplie-les-demarches-et-actions\"]}]},{\"@type\":\"ImageObject\",\"inLanguage\":\"fr-FR\",\"@id\":\"https:\/\/www.africa-press.net\/cameroun\/politique\/succession-de-biya-aboubakar-ousmane-mey-multiplie-les-demarches-et-actions#primaryimage\",\"url\":\"https:\/\/static.africa-press.net\/cameroun\/sites\/57\/2021\/03\/img-605b42e16927a.jpg\",\"contentUrl\":\"https:\/\/static.africa-press.net\/cameroun\/sites\/57\/2021\/03\/img-605b42e16927a.jpg\",\"width\":720,\"height\":456,\"caption\":\"Succession de Biya: Aboubakar Ousmane Mey multiplie les d\u00e9marches et actions\"},{\"@type\":\"BreadcrumbList\",\"@id\":\"https:\/\/www.africa-press.net\/cameroun\/politique\/succession-de-biya-aboubakar-ousmane-mey-multiplie-les-demarches-et-actions#breadcrumb\",\"itemListElement\":[{\"@type\":\"ListItem\",\"position\":1,\"name\":\"Accueil\",\"item\":\"https:\/\/www.africa-press.net\/cameroun\/\"},{\"@type\":\"ListItem\",\"position\":2,\"name\":\"Succession de Biya: Aboubakar Ousmane Mey multiplie les d\u00e9marches et actions\"}]},{\"@type\":\"WebSite\",\"@id\":\"https:\/\/www.africa-press.net\/cameroun\/#website\",\"url\":\"https:\/\/www.africa-press.net\/cameroun\/\",\"name\":\"Cameroun\",\"description\":\"Just another Africa News Agency Sites site\",\"potentialAction\":[{\"@type\":\"SearchAction\",\"target\":{\"@type\":\"EntryPoint\",\"urlTemplate\":\"https:\/\/www.africa-press.net\/cameroun\/?s={search_term_string}\"},\"query-input\":{\"@type\":\"PropertyValueSpecification\",\"valueRequired\":true,\"valueName\":\"search_term_string\"}}],\"inLanguage\":\"fr-FR\"},{\"@type\":\"Person\",\"@id\":\"https:\/\/www.africa-press.net\/cameroun\/#\/schema\/person\/2b1cf3cd81a31e3cd26889ca66d677f1\",\"name\":\"cfeditorfr\"}]}<\/script>\n<!-- \/ Yoast SEO Premium plugin. -->","yoast_head_json":{"title":"Succession de Biya: Aboubakar Ousmane Mey multiplie les d\u00e9marches et actions - Cameroun","description":"Symbole de l\u2019\u00e9chec du renouveau, symbole de la souffrance d\u2019un peuple, symbole du m\u00e9pris d\u2019un peuple par ses \u00e9lites mult ...","robots":{"index":"index","follow":"follow","max-snippet":"max-snippet:-1","max-image-preview":"max-image-preview:large","max-video-preview":"max-video-preview:-1"},"canonical":"https:\/\/www.africa-press.net\/cameroun\/politique\/succession-de-biya-aboubakar-ousmane-mey-multiplie-les-demarches-et-actions","og_locale":"fr_FR","og_type":"article","og_title":"Succession de Biya: Aboubakar Ousmane Mey multiplie les d\u00e9marches et actions","og_description":"Symbole de l\u2019\u00e9chec du renouveau, symbole de la souffrance d\u2019un peuple, symbole du m\u00e9pris d\u2019un peuple par ses \u00e9lites mult ...","og_url":"https:\/\/www.africa-press.net\/cameroun\/politique\/succession-de-biya-aboubakar-ousmane-mey-multiplie-les-demarches-et-actions","og_site_name":"Cameroun","article_published_time":"2021-03-23T15:53:22+00:00","article_modified_time":"2021-03-24T13:47:36+00:00","og_image":[{"width":720,"height":456,"url":"https:\/\/static.africa-press.net\/cameroun\/sites\/57\/2021\/03\/img-605b42e16927a.jpg","type":"image\/jpeg"}],"author":"cfeditorfr","twitter_card":"summary_large_image","twitter_misc":{"\u00c9crit par":"cfeditorfr","Dur\u00e9e de lecture estim\u00e9e":"2 minutes"},"schema":{"@context":"https:\/\/schema.org","@graph":[{"@type":"Article","@id":"https:\/\/www.africa-press.net\/cameroun\/politique\/succession-de-biya-aboubakar-ousmane-mey-multiplie-les-demarches-et-actions#article","isPartOf":{"@id":"https:\/\/www.africa-press.net\/cameroun\/politique\/succession-de-biya-aboubakar-ousmane-mey-multiplie-les-demarches-et-actions"},"author":{"name":"cfeditorfr","@id":"https:\/\/www.africa-press.net\/cameroun\/#\/schema\/person\/2b1cf3cd81a31e3cd26889ca66d677f1"},"headline":"Succession de Biya: Aboubakar Ousmane Mey multiplie les d\u00e9marches et actions","datePublished":"2021-03-23T15:53:22+00:00","dateModified":"2021-03-24T13:47:36+00:00","mainEntityOfPage":{"@id":"https:\/\/www.africa-press.net\/cameroun\/politique\/succession-de-biya-aboubakar-ousmane-mey-multiplie-les-demarches-et-actions"},"wordCount":499,"commentCount":0,"image":{"@id":"https:\/\/www.africa-press.net\/cameroun\/politique\/succession-de-biya-aboubakar-ousmane-mey-multiplie-les-demarches-et-actions#primaryimage"},"thumbnailUrl":"https:\/\/static.africa-press.net\/cameroun\/sites\/57\/2021\/03\/img-605b42e16927a.jpg","keywords":["Africa Press","Africa Press-Cameroun","Cameroun"],"articleSection":["homepage-french","Politique","Toutes les actualit\u00e9s"],"inLanguage":"fr-FR","potentialAction":[{"@type":"CommentAction","name":"Comment","target":["https:\/\/www.africa-press.net\/cameroun\/politique\/succession-de-biya-aboubakar-ousmane-mey-multiplie-les-demarches-et-actions#respond"]}]},{"@type":"WebPage","@id":"https:\/\/www.africa-press.net\/cameroun\/politique\/succession-de-biya-aboubakar-ousmane-mey-multiplie-les-demarches-et-actions","url":"https:\/\/www.africa-press.net\/cameroun\/politique\/succession-de-biya-aboubakar-ousmane-mey-multiplie-les-demarches-et-actions","name":"Succession de Biya: Aboubakar Ousmane Mey multiplie les d\u00e9marches et actions - Cameroun","isPartOf":{"@id":"https:\/\/www.africa-press.net\/cameroun\/#website"},"primaryImageOfPage":{"@id":"https:\/\/www.africa-press.net\/cameroun\/politique\/succession-de-biya-aboubakar-ousmane-mey-multiplie-les-demarches-et-actions#primaryimage"},"image":{"@id":"https:\/\/www.africa-press.net\/cameroun\/politique\/succession-de-biya-aboubakar-ousmane-mey-multiplie-les-demarches-et-actions#primaryimage"},"thumbnailUrl":"https:\/\/static.africa-press.net\/cameroun\/sites\/57\/2021\/03\/img-605b42e16927a.jpg","datePublished":"2021-03-23T15:53:22+00:00","dateModified":"2021-03-24T13:47:36+00:00","author":{"@id":"https:\/\/www.africa-press.net\/cameroun\/#\/schema\/person\/2b1cf3cd81a31e3cd26889ca66d677f1"},"description":"Symbole de l\u2019\u00e9chec du renouveau, symbole de la souffrance d\u2019un peuple, symbole du m\u00e9pris d\u2019un peuple par ses \u00e9lites mult ...","breadcrumb":{"@id":"https:\/\/www.africa-press.net\/cameroun\/politique\/succession-de-biya-aboubakar-ousmane-mey-multiplie-les-demarches-et-actions#breadcrumb"},"inLanguage":"fr-FR","potentialAction":[{"@type":"ReadAction","target":["https:\/\/www.africa-press.net\/cameroun\/politique\/succession-de-biya-aboubakar-ousmane-mey-multiplie-les-demarches-et-actions"]}]},{"@type":"ImageObject","inLanguage":"fr-FR","@id":"https:\/\/www.africa-press.net\/cameroun\/politique\/succession-de-biya-aboubakar-ousmane-mey-multiplie-les-demarches-et-actions#primaryimage","url":"https:\/\/static.africa-press.net\/cameroun\/sites\/57\/2021\/03\/img-605b42e16927a.jpg","contentUrl":"https:\/\/static.africa-press.net\/cameroun\/sites\/57\/2021\/03\/img-605b42e16927a.jpg","width":720,"height":456,"caption":"Succession de Biya: Aboubakar Ousmane Mey multiplie les d\u00e9marches et actions"},{"@type":"BreadcrumbList","@id":"https:\/\/www.africa-press.net\/cameroun\/politique\/succession-de-biya-aboubakar-ousmane-mey-multiplie-les-demarches-et-actions#breadcrumb","itemListElement":[{"@type":"ListItem","position":1,"name":"Accueil","item":"https:\/\/www.africa-press.net\/cameroun\/"},{"@type":"ListItem","position":2,"name":"Succession de Biya: Aboubakar Ousmane Mey multiplie les d\u00e9marches et actions"}]},{"@type":"WebSite","@id":"https:\/\/www.africa-press.net\/cameroun\/#website","url":"https:\/\/www.africa-press.net\/cameroun\/","name":"Cameroun","description":"Just another Africa News Agency Sites site","potentialAction":[{"@type":"SearchAction","target":{"@type":"EntryPoint","urlTemplate":"https:\/\/www.africa-press.net\/cameroun\/?s={search_term_string}"},"query-input":{"@type":"PropertyValueSpecification","valueRequired":true,"valueName":"search_term_string"}}],"inLanguage":"fr-FR"},{"@type":"Person","@id":"https:\/\/www.africa-press.net\/cameroun\/#\/schema\/person\/2b1cf3cd81a31e3cd26889ca66d677f1","name":"cfeditorfr"}]}},"_links":{"self":[{"href":"https:\/\/www.africa-press.net\/cameroun\/wp-json\/wp\/v2\/posts\/1820","targetHints":{"allow":["GET"]}}],"collection":[{"href":"https:\/\/www.africa-press.net\/cameroun\/wp-json\/wp\/v2\/posts"}],"about":[{"href":"https:\/\/www.africa-press.net\/cameroun\/wp-json\/wp\/v2\/types\/post"}],"author":[{"embeddable":true,"href":"https:\/\/www.africa-press.net\/cameroun\/wp-json\/wp\/v2\/users\/82"}],"replies":[{"embeddable":true,"href":"https:\/\/www.africa-press.net\/cameroun\/wp-json\/wp\/v2\/comments?post=1820"}],"version-history":[{"count":0,"href":"https:\/\/www.africa-press.net\/cameroun\/wp-json\/wp\/v2\/posts\/1820\/revisions"}],"wp:featuredmedia":[{"embeddable":true,"href":"https:\/\/www.africa-press.net\/cameroun\/wp-json\/wp\/v2\/media\/1819"}],"wp:attachment":[{"href":"https:\/\/www.africa-press.net\/cameroun\/wp-json\/wp\/v2\/media?parent=1820"}],"wp:term":[{"taxonomy":"category","embeddable":true,"href":"https:\/\/www.africa-press.net\/cameroun\/wp-json\/wp\/v2\/categories?post=1820"},{"taxonomy":"post_tag","embeddable":true,"href":"https:\/\/www.africa-press.net\/cameroun\/wp-json\/wp\/v2\/tags?post=1820"}],"curies":[{"name":"wp","href":"https:\/\/api.w.org\/{rel}","templated":true}]}}