{"id":1829,"date":"2021-03-23T16:15:08","date_gmt":"2021-03-23T16:15:08","guid":{"rendered":"https:\/\/www.africa-press.net\/cameroun\/politique\/valsero-appelle-messanga-nyamding-a-rejoindre-la-resistance"},"modified":"2021-03-24T13:49:21","modified_gmt":"2021-03-24T13:49:21","slug":"valsero-appelle-messanga-nyamding-a-rejoindre-la-resistance","status":"publish","type":"post","link":"https:\/\/www.africa-press.net\/cameroun\/politique\/valsero-appelle-messanga-nyamding-a-rejoindre-la-resistance","title":{"rendered":"Valsero appelle  Messanga Nyamding \u00e0 rejoindre la r\u00e9sistance"},"content":{"rendered":"<p><span style=\"color: #ff6600\"><strong><a href=\"https:\/\/www.africa-press.net\/\">Africa-Press<\/a> &#8211; <a href=\"https:\/\/www.africa-press.net\/cameroun\">Cameroun<\/a>. <\/strong><\/span>Dans une de ses vid\u00e9os quotidiennes le rappeur camerounais a appel\u00e9 l\u2019enseignant d\u2019universit\u00e9 en difficult\u00e9 de d\u00e9missionner de l\u2019administration, prendre la carte de taliban et de rejoindre la r\u00e9sistance.<\/p>\n<p>\u00ab Parmi les trois mousquetaires, ils ont eu des sorts totalement diff\u00e9rents. Messanga Nyamdig est en train d\u2019\u00eatre envoy\u00e9 au Nord, Charles Ateba Eyene est mort et Mathias Owona Nguini est vice-recteur, et en ce moment, il est pass\u00e9 du biyayisme au chantalisme : Il y a quelqu\u2019un qui s\u2019est foutu de la gueule de ses deux comp\u00e8res, a soulign\u00e9 le rappeur.<\/p>\n<p>\u00ab Charlemagne ; ils t\u2019ont fait pire. S\u2019ils t\u2019avaient mis en prison, tu serais rest\u00e9 au top parce qu\u2019on se serait battu (\u2026) ils sont d\u00e9cid\u00e9 de te mettre aux oubliettes ; mais ils ont d\u00e9cid\u00e9 de faire pire sue la prison parce que tu vas mourir au Nord. Tu vas faire comment pour passer \u00e0 Equinoxe (\u2026) Tout ce que je peux te dire c\u2019est que refuses. D\u00e9missionnes mon fr\u00e8re Charlemagne (\u2026) Comme ils ne pouvaient pas t\u2019envoyer en prison ils t\u2019ont envoy\u00e9 au Nord, parce que pour eux le Nord c\u2019est l\u2019enfer sur terre : parce qu\u2019ils ont transform\u00e9 le Nord, ils ont enclav\u00e9 le Nord ; ils ont fait du Nord un prison \u00e0 ciel ouvert ; un oc\u00e9an de mis\u00e8re \u00e0 ciel ouvert et quand ils ne sont pas contents de toi, ils t\u2019envoient au Nord (\u2026) Mais je te dis : Tu prends ta carte de taliban, tu d\u00e9missionnes de l\u2019administration, tu brule ta carte du parti, tu brules toutes tes vestes (\u2026) et tu rejoins la r\u00e9sistance. \u00bb ; a-t-il conclu.<\/p>\n","protected":false},"excerpt":{"rendered":"<p>Africa-Press &#8211; Cameroun. Dans une de ses vid\u00e9os quotidiennes le rappeur camerounais a appel\u00e9 l\u2019enseignant d\u2019universit\u00e9 en difficult\u00e9 de d\u00e9missionner de l\u2019administration, prendre la carte de taliban et de rejoindre la r\u00e9sistance. \u00ab Parmi les trois mousquetaires, ils ont eu des sorts totalement diff\u00e9rents. Messanga Nyamdig est en train d\u2019\u00eatre envoy\u00e9 au Nord, Charles Ateba [&hellip;]<\/p>\n","protected":false},"author":82,"featured_media":1828,"comment_status":"open","ping_status":"closed","sticky":false,"template":"","format":"standard","meta":{"footnotes":""},"categories":[11,2,10],"tags":[36,50,49],"class_list":["post-1829","post","type-post","status-publish","format-standard","has-post-thumbnail","hentry","category-homepage-french","category-politique","category-toutes-les-actualites","tag-africa-press","tag-africa-press-cameroun","tag-cameroun"],"yoast_head":"<!-- This site is optimized with the Yoast SEO Premium plugin v26.1 (Yoast SEO v27.0) - https:\/\/yoast.com\/product\/yoast-seo-premium-wordpress\/ -->\n<title>Valsero appelle Messanga Nyamding \u00e0 rejoindre la r\u00e9sistance - Cameroun<\/title>\n<meta name=\"description\" content=\"Dans une de ses vid\u00e9os quotidiennes le rappeur camerounais a appel\u00e9 l\u2019enseignant d\u2019universit\u00e9 en difficult\u00e9 de d\u00e9mission ...\" \/>\n<meta name=\"robots\" content=\"index, follow, max-snippet:-1, max-image-preview:large, max-video-preview:-1\" \/>\n<link rel=\"canonical\" href=\"https:\/\/www.africa-press.net\/cameroun\/politique\/valsero-appelle-messanga-nyamding-a-rejoindre-la-resistance\" \/>\n<meta property=\"og:locale\" content=\"fr_FR\" \/>\n<meta property=\"og:type\" content=\"article\" \/>\n<meta property=\"og:title\" content=\"Valsero appelle Messanga Nyamding \u00e0 rejoindre la r\u00e9sistance\" \/>\n<meta property=\"og:description\" content=\"Dans une de ses vid\u00e9os quotidiennes le rappeur camerounais a appel\u00e9 l\u2019enseignant d\u2019universit\u00e9 en difficult\u00e9 de d\u00e9mission ...\" \/>\n<meta property=\"og:url\" content=\"https:\/\/www.africa-press.net\/cameroun\/politique\/valsero-appelle-messanga-nyamding-a-rejoindre-la-resistance\" \/>\n<meta property=\"og:site_name\" content=\"Cameroun\" \/>\n<meta property=\"article:published_time\" content=\"2021-03-23T16:15:08+00:00\" \/>\n<meta property=\"article:modified_time\" content=\"2021-03-24T13:49:21+00:00\" \/>\n<meta property=\"og:image\" content=\"https:\/\/static.africa-press.net\/cameroun\/sites\/57\/2021\/03\/img-605b4348a6a96.jpg\" \/>\n\t<meta property=\"og:image:width\" content=\"1200\" \/>\n\t<meta property=\"og:image:height\" content=\"685\" \/>\n\t<meta property=\"og:image:type\" content=\"image\/jpeg\" \/>\n<meta name=\"author\" content=\"cfeditorfr\" \/>\n<meta name=\"twitter:card\" content=\"summary_large_image\" \/>\n<meta name=\"twitter:label1\" content=\"\u00c9crit par\" \/>\n\t<meta name=\"twitter:data1\" content=\"cfeditorfr\" \/>\n\t<meta name=\"twitter:label2\" content=\"Dur\u00e9e de lecture estim\u00e9e\" \/>\n\t<meta name=\"twitter:data2\" content=\"1 minute\" \/>\n<script type=\"application\/ld+json\" class=\"yoast-schema-graph\">{\"@context\":\"https:\/\/schema.org\",\"@graph\":[{\"@type\":\"Article\",\"@id\":\"https:\/\/www.africa-press.net\/cameroun\/politique\/valsero-appelle-messanga-nyamding-a-rejoindre-la-resistance#article\",\"isPartOf\":{\"@id\":\"https:\/\/www.africa-press.net\/cameroun\/politique\/valsero-appelle-messanga-nyamding-a-rejoindre-la-resistance\"},\"author\":{\"name\":\"cfeditorfr\",\"@id\":\"https:\/\/www.africa-press.net\/cameroun\/#\/schema\/person\/2b1cf3cd81a31e3cd26889ca66d677f1\"},\"headline\":\"Valsero appelle Messanga Nyamding \u00e0 rejoindre la r\u00e9sistance\",\"datePublished\":\"2021-03-23T16:15:08+00:00\",\"dateModified\":\"2021-03-24T13:49:21+00:00\",\"mainEntityOfPage\":{\"@id\":\"https:\/\/www.africa-press.net\/cameroun\/politique\/valsero-appelle-messanga-nyamding-a-rejoindre-la-resistance\"},\"wordCount\":291,\"commentCount\":0,\"image\":{\"@id\":\"https:\/\/www.africa-press.net\/cameroun\/politique\/valsero-appelle-messanga-nyamding-a-rejoindre-la-resistance#primaryimage\"},\"thumbnailUrl\":\"https:\/\/static.africa-press.net\/cameroun\/sites\/57\/2021\/03\/img-605b4348a6a96.jpg\",\"keywords\":[\"Africa Press\",\"Africa Press-Cameroun\",\"Cameroun\"],\"articleSection\":[\"homepage-french\",\"Politique\",\"Toutes les actualit\u00e9s\"],\"inLanguage\":\"fr-FR\",\"potentialAction\":[{\"@type\":\"CommentAction\",\"name\":\"Comment\",\"target\":[\"https:\/\/www.africa-press.net\/cameroun\/politique\/valsero-appelle-messanga-nyamding-a-rejoindre-la-resistance#respond\"]}]},{\"@type\":\"WebPage\",\"@id\":\"https:\/\/www.africa-press.net\/cameroun\/politique\/valsero-appelle-messanga-nyamding-a-rejoindre-la-resistance\",\"url\":\"https:\/\/www.africa-press.net\/cameroun\/politique\/valsero-appelle-messanga-nyamding-a-rejoindre-la-resistance\",\"name\":\"Valsero appelle Messanga Nyamding \u00e0 rejoindre la r\u00e9sistance - Cameroun\",\"isPartOf\":{\"@id\":\"https:\/\/www.africa-press.net\/cameroun\/#website\"},\"primaryImageOfPage\":{\"@id\":\"https:\/\/www.africa-press.net\/cameroun\/politique\/valsero-appelle-messanga-nyamding-a-rejoindre-la-resistance#primaryimage\"},\"image\":{\"@id\":\"https:\/\/www.africa-press.net\/cameroun\/politique\/valsero-appelle-messanga-nyamding-a-rejoindre-la-resistance#primaryimage\"},\"thumbnailUrl\":\"https:\/\/static.africa-press.net\/cameroun\/sites\/57\/2021\/03\/img-605b4348a6a96.jpg\",\"datePublished\":\"2021-03-23T16:15:08+00:00\",\"dateModified\":\"2021-03-24T13:49:21+00:00\",\"author\":{\"@id\":\"https:\/\/www.africa-press.net\/cameroun\/#\/schema\/person\/2b1cf3cd81a31e3cd26889ca66d677f1\"},\"description\":\"Dans une de ses vid\u00e9os quotidiennes le rappeur camerounais a appel\u00e9 l\u2019enseignant d\u2019universit\u00e9 en difficult\u00e9 de d\u00e9mission ...\",\"breadcrumb\":{\"@id\":\"https:\/\/www.africa-press.net\/cameroun\/politique\/valsero-appelle-messanga-nyamding-a-rejoindre-la-resistance#breadcrumb\"},\"inLanguage\":\"fr-FR\",\"potentialAction\":[{\"@type\":\"ReadAction\",\"target\":[\"https:\/\/www.africa-press.net\/cameroun\/politique\/valsero-appelle-messanga-nyamding-a-rejoindre-la-resistance\"]}]},{\"@type\":\"ImageObject\",\"inLanguage\":\"fr-FR\",\"@id\":\"https:\/\/www.africa-press.net\/cameroun\/politique\/valsero-appelle-messanga-nyamding-a-rejoindre-la-resistance#primaryimage\",\"url\":\"https:\/\/static.africa-press.net\/cameroun\/sites\/57\/2021\/03\/img-605b4348a6a96.jpg\",\"contentUrl\":\"https:\/\/static.africa-press.net\/cameroun\/sites\/57\/2021\/03\/img-605b4348a6a96.jpg\",\"width\":1200,\"height\":685,\"caption\":\"Valsero appelle Messanga Nyamding \u00e0 rejoindre la r\u00e9sistance\"},{\"@type\":\"BreadcrumbList\",\"@id\":\"https:\/\/www.africa-press.net\/cameroun\/politique\/valsero-appelle-messanga-nyamding-a-rejoindre-la-resistance#breadcrumb\",\"itemListElement\":[{\"@type\":\"ListItem\",\"position\":1,\"name\":\"Accueil\",\"item\":\"https:\/\/www.africa-press.net\/cameroun\/\"},{\"@type\":\"ListItem\",\"position\":2,\"name\":\"Valsero appelle Messanga Nyamding \u00e0 rejoindre la r\u00e9sistance\"}]},{\"@type\":\"WebSite\",\"@id\":\"https:\/\/www.africa-press.net\/cameroun\/#website\",\"url\":\"https:\/\/www.africa-press.net\/cameroun\/\",\"name\":\"Cameroun\",\"description\":\"Just another Africa News Agency Sites site\",\"potentialAction\":[{\"@type\":\"SearchAction\",\"target\":{\"@type\":\"EntryPoint\",\"urlTemplate\":\"https:\/\/www.africa-press.net\/cameroun\/?s={search_term_string}\"},\"query-input\":{\"@type\":\"PropertyValueSpecification\",\"valueRequired\":true,\"valueName\":\"search_term_string\"}}],\"inLanguage\":\"fr-FR\"},{\"@type\":\"Person\",\"@id\":\"https:\/\/www.africa-press.net\/cameroun\/#\/schema\/person\/2b1cf3cd81a31e3cd26889ca66d677f1\",\"name\":\"cfeditorfr\"}]}<\/script>\n<!-- \/ Yoast SEO Premium plugin. -->","yoast_head_json":{"title":"Valsero appelle Messanga Nyamding \u00e0 rejoindre la r\u00e9sistance - Cameroun","description":"Dans une de ses vid\u00e9os quotidiennes le rappeur camerounais a appel\u00e9 l\u2019enseignant d\u2019universit\u00e9 en difficult\u00e9 de d\u00e9mission ...","robots":{"index":"index","follow":"follow","max-snippet":"max-snippet:-1","max-image-preview":"max-image-preview:large","max-video-preview":"max-video-preview:-1"},"canonical":"https:\/\/www.africa-press.net\/cameroun\/politique\/valsero-appelle-messanga-nyamding-a-rejoindre-la-resistance","og_locale":"fr_FR","og_type":"article","og_title":"Valsero appelle Messanga Nyamding \u00e0 rejoindre la r\u00e9sistance","og_description":"Dans une de ses vid\u00e9os quotidiennes le rappeur camerounais a appel\u00e9 l\u2019enseignant d\u2019universit\u00e9 en difficult\u00e9 de d\u00e9mission ...","og_url":"https:\/\/www.africa-press.net\/cameroun\/politique\/valsero-appelle-messanga-nyamding-a-rejoindre-la-resistance","og_site_name":"Cameroun","article_published_time":"2021-03-23T16:15:08+00:00","article_modified_time":"2021-03-24T13:49:21+00:00","og_image":[{"width":1200,"height":685,"url":"https:\/\/static.africa-press.net\/cameroun\/sites\/57\/2021\/03\/img-605b4348a6a96.jpg","type":"image\/jpeg"}],"author":"cfeditorfr","twitter_card":"summary_large_image","twitter_misc":{"\u00c9crit par":"cfeditorfr","Dur\u00e9e de lecture estim\u00e9e":"1 minute"},"schema":{"@context":"https:\/\/schema.org","@graph":[{"@type":"Article","@id":"https:\/\/www.africa-press.net\/cameroun\/politique\/valsero-appelle-messanga-nyamding-a-rejoindre-la-resistance#article","isPartOf":{"@id":"https:\/\/www.africa-press.net\/cameroun\/politique\/valsero-appelle-messanga-nyamding-a-rejoindre-la-resistance"},"author":{"name":"cfeditorfr","@id":"https:\/\/www.africa-press.net\/cameroun\/#\/schema\/person\/2b1cf3cd81a31e3cd26889ca66d677f1"},"headline":"Valsero appelle Messanga Nyamding \u00e0 rejoindre la r\u00e9sistance","datePublished":"2021-03-23T16:15:08+00:00","dateModified":"2021-03-24T13:49:21+00:00","mainEntityOfPage":{"@id":"https:\/\/www.africa-press.net\/cameroun\/politique\/valsero-appelle-messanga-nyamding-a-rejoindre-la-resistance"},"wordCount":291,"commentCount":0,"image":{"@id":"https:\/\/www.africa-press.net\/cameroun\/politique\/valsero-appelle-messanga-nyamding-a-rejoindre-la-resistance#primaryimage"},"thumbnailUrl":"https:\/\/static.africa-press.net\/cameroun\/sites\/57\/2021\/03\/img-605b4348a6a96.jpg","keywords":["Africa Press","Africa Press-Cameroun","Cameroun"],"articleSection":["homepage-french","Politique","Toutes les actualit\u00e9s"],"inLanguage":"fr-FR","potentialAction":[{"@type":"CommentAction","name":"Comment","target":["https:\/\/www.africa-press.net\/cameroun\/politique\/valsero-appelle-messanga-nyamding-a-rejoindre-la-resistance#respond"]}]},{"@type":"WebPage","@id":"https:\/\/www.africa-press.net\/cameroun\/politique\/valsero-appelle-messanga-nyamding-a-rejoindre-la-resistance","url":"https:\/\/www.africa-press.net\/cameroun\/politique\/valsero-appelle-messanga-nyamding-a-rejoindre-la-resistance","name":"Valsero appelle Messanga Nyamding \u00e0 rejoindre la r\u00e9sistance - Cameroun","isPartOf":{"@id":"https:\/\/www.africa-press.net\/cameroun\/#website"},"primaryImageOfPage":{"@id":"https:\/\/www.africa-press.net\/cameroun\/politique\/valsero-appelle-messanga-nyamding-a-rejoindre-la-resistance#primaryimage"},"image":{"@id":"https:\/\/www.africa-press.net\/cameroun\/politique\/valsero-appelle-messanga-nyamding-a-rejoindre-la-resistance#primaryimage"},"thumbnailUrl":"https:\/\/static.africa-press.net\/cameroun\/sites\/57\/2021\/03\/img-605b4348a6a96.jpg","datePublished":"2021-03-23T16:15:08+00:00","dateModified":"2021-03-24T13:49:21+00:00","author":{"@id":"https:\/\/www.africa-press.net\/cameroun\/#\/schema\/person\/2b1cf3cd81a31e3cd26889ca66d677f1"},"description":"Dans une de ses vid\u00e9os quotidiennes le rappeur camerounais a appel\u00e9 l\u2019enseignant d\u2019universit\u00e9 en difficult\u00e9 de d\u00e9mission ...","breadcrumb":{"@id":"https:\/\/www.africa-press.net\/cameroun\/politique\/valsero-appelle-messanga-nyamding-a-rejoindre-la-resistance#breadcrumb"},"inLanguage":"fr-FR","potentialAction":[{"@type":"ReadAction","target":["https:\/\/www.africa-press.net\/cameroun\/politique\/valsero-appelle-messanga-nyamding-a-rejoindre-la-resistance"]}]},{"@type":"ImageObject","inLanguage":"fr-FR","@id":"https:\/\/www.africa-press.net\/cameroun\/politique\/valsero-appelle-messanga-nyamding-a-rejoindre-la-resistance#primaryimage","url":"https:\/\/static.africa-press.net\/cameroun\/sites\/57\/2021\/03\/img-605b4348a6a96.jpg","contentUrl":"https:\/\/static.africa-press.net\/cameroun\/sites\/57\/2021\/03\/img-605b4348a6a96.jpg","width":1200,"height":685,"caption":"Valsero appelle Messanga Nyamding \u00e0 rejoindre la r\u00e9sistance"},{"@type":"BreadcrumbList","@id":"https:\/\/www.africa-press.net\/cameroun\/politique\/valsero-appelle-messanga-nyamding-a-rejoindre-la-resistance#breadcrumb","itemListElement":[{"@type":"ListItem","position":1,"name":"Accueil","item":"https:\/\/www.africa-press.net\/cameroun\/"},{"@type":"ListItem","position":2,"name":"Valsero appelle Messanga Nyamding \u00e0 rejoindre la r\u00e9sistance"}]},{"@type":"WebSite","@id":"https:\/\/www.africa-press.net\/cameroun\/#website","url":"https:\/\/www.africa-press.net\/cameroun\/","name":"Cameroun","description":"Just another Africa News Agency Sites site","potentialAction":[{"@type":"SearchAction","target":{"@type":"EntryPoint","urlTemplate":"https:\/\/www.africa-press.net\/cameroun\/?s={search_term_string}"},"query-input":{"@type":"PropertyValueSpecification","valueRequired":true,"valueName":"search_term_string"}}],"inLanguage":"fr-FR"},{"@type":"Person","@id":"https:\/\/www.africa-press.net\/cameroun\/#\/schema\/person\/2b1cf3cd81a31e3cd26889ca66d677f1","name":"cfeditorfr"}]}},"_links":{"self":[{"href":"https:\/\/www.africa-press.net\/cameroun\/wp-json\/wp\/v2\/posts\/1829","targetHints":{"allow":["GET"]}}],"collection":[{"href":"https:\/\/www.africa-press.net\/cameroun\/wp-json\/wp\/v2\/posts"}],"about":[{"href":"https:\/\/www.africa-press.net\/cameroun\/wp-json\/wp\/v2\/types\/post"}],"author":[{"embeddable":true,"href":"https:\/\/www.africa-press.net\/cameroun\/wp-json\/wp\/v2\/users\/82"}],"replies":[{"embeddable":true,"href":"https:\/\/www.africa-press.net\/cameroun\/wp-json\/wp\/v2\/comments?post=1829"}],"version-history":[{"count":0,"href":"https:\/\/www.africa-press.net\/cameroun\/wp-json\/wp\/v2\/posts\/1829\/revisions"}],"wp:featuredmedia":[{"embeddable":true,"href":"https:\/\/www.africa-press.net\/cameroun\/wp-json\/wp\/v2\/media\/1828"}],"wp:attachment":[{"href":"https:\/\/www.africa-press.net\/cameroun\/wp-json\/wp\/v2\/media?parent=1829"}],"wp:term":[{"taxonomy":"category","embeddable":true,"href":"https:\/\/www.africa-press.net\/cameroun\/wp-json\/wp\/v2\/categories?post=1829"},{"taxonomy":"post_tag","embeddable":true,"href":"https:\/\/www.africa-press.net\/cameroun\/wp-json\/wp\/v2\/tags?post=1829"}],"curies":[{"name":"wp","href":"https:\/\/api.w.org\/{rel}","templated":true}]}}