{"id":1835,"date":"2021-03-23T16:30:21","date_gmt":"2021-03-23T16:30:21","guid":{"rendered":"https:\/\/www.africa-press.net\/cameroun\/politique\/revelations-sur-le-projet-dassassinat-de-mesanga-nyamding"},"modified":"2021-03-24T13:50:34","modified_gmt":"2021-03-24T13:50:34","slug":"revelations-sur-le-projet-dassassinat-de-mesanga-nyamding","status":"publish","type":"post","link":"https:\/\/www.africa-press.net\/cameroun\/politique\/revelations-sur-le-projet-dassassinat-de-mesanga-nyamding","title":{"rendered":"R\u00e9v\u00e9lations sur le projet d\u2019assassinat de Mesanga Nyamding"},"content":{"rendered":"<p><span style=\"color: #ff6600\"><strong><a href=\"https:\/\/www.africa-press.net\/\">Africa-Press<\/a> &#8211; <a href=\"https:\/\/www.africa-press.net\/cameroun\">Cameroun<\/a>. <\/strong><\/span>L\u2019enseignant se dit \u00eatre victime de menace de mort depuis son audition au secr\u00e9tariat d\u2019Etat \u00e0 la D\u00e9fense.<\/p>\n<p>C\u2019est un cri d\u2019alerte fort que vient de lancer Pascal Messanga Nyamding : \u00ab la situation est tr\u00e8s grave en ce moment depuis mon audition au SED (Secr\u00e9tariat d&rsquo;Etat \u00e0 la D\u00e9fense) le 09 mars dernier aucun jour ne passe sans que je ne re\u00e7oive des menaces de mort ou des intimidations administratives \u00bb, se plaint l\u2019enseignant de science politique. Selon lui, \u00ab cet acharnement doit s&rsquo;arr\u00eater car jusque-l\u00e0 rien ne justifie une telle hostilit\u00e9 tourbillonnante vis-\u00e0-vis de moi \u00bb. Le membre titulaire du Coit\u00e9 centrl du Rdpc affirme \u00ab J&rsquo;ai tout donn\u00e9 \u00e0 mon pays et \u00e0 mon parti le RDPC (Rassemblement D\u00e9mocratique du Peuple Camerounais) allant m\u00eame jusqu&rsquo;\u00e0 perdre une partie de ma vue, jusqu&rsquo;\u00e0 perdre mon meilleur ami Charles Ateba Eyene et bien d&rsquo;autres choses sur le champs de bataille politique \u00bb.<\/p>\n<p>Avant de r\u00e9v\u00e9ler \u00ab l&rsquo;heure o\u00f9 je vous \u00e9cris ces quelques lignes, je vous confirme qu&rsquo;ils n&rsquo;ont qu&rsquo;une seule intention, c&rsquo;est de m&rsquo;assassiner&#8230; J&rsquo;ai vraiment l&rsquo;impression de r\u00eaver face \u00e0 cet acharnement. M&rsquo;imposer ce qu&rsquo;ils veulent faire l\u00e0 n&rsquo;est pas humain \u00bb.<\/p>\n","protected":false},"excerpt":{"rendered":"<p>Africa-Press &#8211; Cameroun. L\u2019enseignant se dit \u00eatre victime de menace de mort depuis son audition au secr\u00e9tariat d\u2019Etat \u00e0 la D\u00e9fense. C\u2019est un cri d\u2019alerte fort que vient de lancer Pascal Messanga Nyamding : \u00ab la situation est tr\u00e8s grave en ce moment depuis mon audition au SED (Secr\u00e9tariat d&rsquo;Etat \u00e0 la D\u00e9fense) le 09 [&hellip;]<\/p>\n","protected":false},"author":82,"featured_media":1834,"comment_status":"open","ping_status":"closed","sticky":false,"template":"","format":"standard","meta":{"footnotes":""},"categories":[11,2,10],"tags":[36,50,49],"class_list":["post-1835","post","type-post","status-publish","format-standard","has-post-thumbnail","hentry","category-homepage-french","category-politique","category-toutes-les-actualites","tag-africa-press","tag-africa-press-cameroun","tag-cameroun"],"yoast_head":"<!-- This site is optimized with the Yoast SEO Premium plugin v26.1 (Yoast SEO v27.0) - https:\/\/yoast.com\/product\/yoast-seo-premium-wordpress\/ -->\n<title>R\u00e9v\u00e9lations sur le projet d\u2019assassinat de Mesanga Nyamding - Cameroun<\/title>\n<meta name=\"description\" content=\"L\u2019enseignant se dit \u00eatre victime de menace de mort depuis son audition au secr\u00e9tariat d\u2019Etat \u00e0 la D\u00e9fense. C\u2019est un cri ...\" \/>\n<meta name=\"robots\" content=\"index, follow, max-snippet:-1, max-image-preview:large, max-video-preview:-1\" \/>\n<link rel=\"canonical\" href=\"https:\/\/www.africa-press.net\/cameroun\/politique\/revelations-sur-le-projet-dassassinat-de-mesanga-nyamding\" \/>\n<meta property=\"og:locale\" content=\"fr_FR\" \/>\n<meta property=\"og:type\" content=\"article\" \/>\n<meta property=\"og:title\" content=\"R\u00e9v\u00e9lations sur le projet d\u2019assassinat de Mesanga Nyamding\" \/>\n<meta property=\"og:description\" content=\"L\u2019enseignant se dit \u00eatre victime de menace de mort depuis son audition au secr\u00e9tariat d\u2019Etat \u00e0 la D\u00e9fense. C\u2019est un cri ...\" \/>\n<meta property=\"og:url\" content=\"https:\/\/www.africa-press.net\/cameroun\/politique\/revelations-sur-le-projet-dassassinat-de-mesanga-nyamding\" \/>\n<meta property=\"og:site_name\" content=\"Cameroun\" \/>\n<meta property=\"article:published_time\" content=\"2021-03-23T16:30:21+00:00\" \/>\n<meta property=\"article:modified_time\" content=\"2021-03-24T13:50:34+00:00\" \/>\n<meta property=\"og:image\" content=\"https:\/\/static.africa-press.net\/cameroun\/sites\/57\/2021\/03\/img-605b439134ab7.jpg\" \/>\n\t<meta property=\"og:image:width\" content=\"1920\" \/>\n\t<meta property=\"og:image:height\" content=\"1438\" \/>\n\t<meta property=\"og:image:type\" content=\"image\/jpeg\" \/>\n<meta name=\"author\" content=\"cfeditorfr\" \/>\n<meta name=\"twitter:card\" content=\"summary_large_image\" \/>\n<meta name=\"twitter:label1\" content=\"\u00c9crit par\" \/>\n\t<meta name=\"twitter:data1\" content=\"cfeditorfr\" \/>\n\t<meta name=\"twitter:label2\" content=\"Dur\u00e9e de lecture estim\u00e9e\" \/>\n\t<meta name=\"twitter:data2\" content=\"1 minute\" \/>\n<script type=\"application\/ld+json\" class=\"yoast-schema-graph\">{\"@context\":\"https:\/\/schema.org\",\"@graph\":[{\"@type\":\"Article\",\"@id\":\"https:\/\/www.africa-press.net\/cameroun\/politique\/revelations-sur-le-projet-dassassinat-de-mesanga-nyamding#article\",\"isPartOf\":{\"@id\":\"https:\/\/www.africa-press.net\/cameroun\/politique\/revelations-sur-le-projet-dassassinat-de-mesanga-nyamding\"},\"author\":{\"name\":\"cfeditorfr\",\"@id\":\"https:\/\/www.africa-press.net\/cameroun\/#\/schema\/person\/2b1cf3cd81a31e3cd26889ca66d677f1\"},\"headline\":\"R\u00e9v\u00e9lations sur le projet d\u2019assassinat de Mesanga Nyamding\",\"datePublished\":\"2021-03-23T16:30:21+00:00\",\"dateModified\":\"2021-03-24T13:50:34+00:00\",\"mainEntityOfPage\":{\"@id\":\"https:\/\/www.africa-press.net\/cameroun\/politique\/revelations-sur-le-projet-dassassinat-de-mesanga-nyamding\"},\"wordCount\":227,\"commentCount\":0,\"image\":{\"@id\":\"https:\/\/www.africa-press.net\/cameroun\/politique\/revelations-sur-le-projet-dassassinat-de-mesanga-nyamding#primaryimage\"},\"thumbnailUrl\":\"https:\/\/static.africa-press.net\/cameroun\/sites\/57\/2021\/03\/img-605b439134ab7.jpg\",\"keywords\":[\"Africa Press\",\"Africa Press-Cameroun\",\"Cameroun\"],\"articleSection\":[\"homepage-french\",\"Politique\",\"Toutes les actualit\u00e9s\"],\"inLanguage\":\"fr-FR\",\"potentialAction\":[{\"@type\":\"CommentAction\",\"name\":\"Comment\",\"target\":[\"https:\/\/www.africa-press.net\/cameroun\/politique\/revelations-sur-le-projet-dassassinat-de-mesanga-nyamding#respond\"]}]},{\"@type\":\"WebPage\",\"@id\":\"https:\/\/www.africa-press.net\/cameroun\/politique\/revelations-sur-le-projet-dassassinat-de-mesanga-nyamding\",\"url\":\"https:\/\/www.africa-press.net\/cameroun\/politique\/revelations-sur-le-projet-dassassinat-de-mesanga-nyamding\",\"name\":\"R\u00e9v\u00e9lations sur le projet d\u2019assassinat de Mesanga Nyamding - Cameroun\",\"isPartOf\":{\"@id\":\"https:\/\/www.africa-press.net\/cameroun\/#website\"},\"primaryImageOfPage\":{\"@id\":\"https:\/\/www.africa-press.net\/cameroun\/politique\/revelations-sur-le-projet-dassassinat-de-mesanga-nyamding#primaryimage\"},\"image\":{\"@id\":\"https:\/\/www.africa-press.net\/cameroun\/politique\/revelations-sur-le-projet-dassassinat-de-mesanga-nyamding#primaryimage\"},\"thumbnailUrl\":\"https:\/\/static.africa-press.net\/cameroun\/sites\/57\/2021\/03\/img-605b439134ab7.jpg\",\"datePublished\":\"2021-03-23T16:30:21+00:00\",\"dateModified\":\"2021-03-24T13:50:34+00:00\",\"author\":{\"@id\":\"https:\/\/www.africa-press.net\/cameroun\/#\/schema\/person\/2b1cf3cd81a31e3cd26889ca66d677f1\"},\"description\":\"L\u2019enseignant se dit \u00eatre victime de menace de mort depuis son audition au secr\u00e9tariat d\u2019Etat \u00e0 la D\u00e9fense. C\u2019est un cri ...\",\"breadcrumb\":{\"@id\":\"https:\/\/www.africa-press.net\/cameroun\/politique\/revelations-sur-le-projet-dassassinat-de-mesanga-nyamding#breadcrumb\"},\"inLanguage\":\"fr-FR\",\"potentialAction\":[{\"@type\":\"ReadAction\",\"target\":[\"https:\/\/www.africa-press.net\/cameroun\/politique\/revelations-sur-le-projet-dassassinat-de-mesanga-nyamding\"]}]},{\"@type\":\"ImageObject\",\"inLanguage\":\"fr-FR\",\"@id\":\"https:\/\/www.africa-press.net\/cameroun\/politique\/revelations-sur-le-projet-dassassinat-de-mesanga-nyamding#primaryimage\",\"url\":\"https:\/\/static.africa-press.net\/cameroun\/sites\/57\/2021\/03\/img-605b439134ab7.jpg\",\"contentUrl\":\"https:\/\/static.africa-press.net\/cameroun\/sites\/57\/2021\/03\/img-605b439134ab7.jpg\",\"width\":1920,\"height\":1438,\"caption\":\"R\u00e9v\u00e9lations sur le projet d\u2019assassinat de Mesanga Nyamding\"},{\"@type\":\"BreadcrumbList\",\"@id\":\"https:\/\/www.africa-press.net\/cameroun\/politique\/revelations-sur-le-projet-dassassinat-de-mesanga-nyamding#breadcrumb\",\"itemListElement\":[{\"@type\":\"ListItem\",\"position\":1,\"name\":\"Accueil\",\"item\":\"https:\/\/www.africa-press.net\/cameroun\/\"},{\"@type\":\"ListItem\",\"position\":2,\"name\":\"R\u00e9v\u00e9lations sur le projet d\u2019assassinat de Mesanga Nyamding\"}]},{\"@type\":\"WebSite\",\"@id\":\"https:\/\/www.africa-press.net\/cameroun\/#website\",\"url\":\"https:\/\/www.africa-press.net\/cameroun\/\",\"name\":\"Cameroun\",\"description\":\"Just another Africa News Agency Sites site\",\"potentialAction\":[{\"@type\":\"SearchAction\",\"target\":{\"@type\":\"EntryPoint\",\"urlTemplate\":\"https:\/\/www.africa-press.net\/cameroun\/?s={search_term_string}\"},\"query-input\":{\"@type\":\"PropertyValueSpecification\",\"valueRequired\":true,\"valueName\":\"search_term_string\"}}],\"inLanguage\":\"fr-FR\"},{\"@type\":\"Person\",\"@id\":\"https:\/\/www.africa-press.net\/cameroun\/#\/schema\/person\/2b1cf3cd81a31e3cd26889ca66d677f1\",\"name\":\"cfeditorfr\"}]}<\/script>\n<!-- \/ Yoast SEO Premium plugin. -->","yoast_head_json":{"title":"R\u00e9v\u00e9lations sur le projet d\u2019assassinat de Mesanga Nyamding - Cameroun","description":"L\u2019enseignant se dit \u00eatre victime de menace de mort depuis son audition au secr\u00e9tariat d\u2019Etat \u00e0 la D\u00e9fense. C\u2019est un cri ...","robots":{"index":"index","follow":"follow","max-snippet":"max-snippet:-1","max-image-preview":"max-image-preview:large","max-video-preview":"max-video-preview:-1"},"canonical":"https:\/\/www.africa-press.net\/cameroun\/politique\/revelations-sur-le-projet-dassassinat-de-mesanga-nyamding","og_locale":"fr_FR","og_type":"article","og_title":"R\u00e9v\u00e9lations sur le projet d\u2019assassinat de Mesanga Nyamding","og_description":"L\u2019enseignant se dit \u00eatre victime de menace de mort depuis son audition au secr\u00e9tariat d\u2019Etat \u00e0 la D\u00e9fense. C\u2019est un cri ...","og_url":"https:\/\/www.africa-press.net\/cameroun\/politique\/revelations-sur-le-projet-dassassinat-de-mesanga-nyamding","og_site_name":"Cameroun","article_published_time":"2021-03-23T16:30:21+00:00","article_modified_time":"2021-03-24T13:50:34+00:00","og_image":[{"width":1920,"height":1438,"url":"https:\/\/static.africa-press.net\/cameroun\/sites\/57\/2021\/03\/img-605b439134ab7.jpg","type":"image\/jpeg"}],"author":"cfeditorfr","twitter_card":"summary_large_image","twitter_misc":{"\u00c9crit par":"cfeditorfr","Dur\u00e9e de lecture estim\u00e9e":"1 minute"},"schema":{"@context":"https:\/\/schema.org","@graph":[{"@type":"Article","@id":"https:\/\/www.africa-press.net\/cameroun\/politique\/revelations-sur-le-projet-dassassinat-de-mesanga-nyamding#article","isPartOf":{"@id":"https:\/\/www.africa-press.net\/cameroun\/politique\/revelations-sur-le-projet-dassassinat-de-mesanga-nyamding"},"author":{"name":"cfeditorfr","@id":"https:\/\/www.africa-press.net\/cameroun\/#\/schema\/person\/2b1cf3cd81a31e3cd26889ca66d677f1"},"headline":"R\u00e9v\u00e9lations sur le projet d\u2019assassinat de Mesanga Nyamding","datePublished":"2021-03-23T16:30:21+00:00","dateModified":"2021-03-24T13:50:34+00:00","mainEntityOfPage":{"@id":"https:\/\/www.africa-press.net\/cameroun\/politique\/revelations-sur-le-projet-dassassinat-de-mesanga-nyamding"},"wordCount":227,"commentCount":0,"image":{"@id":"https:\/\/www.africa-press.net\/cameroun\/politique\/revelations-sur-le-projet-dassassinat-de-mesanga-nyamding#primaryimage"},"thumbnailUrl":"https:\/\/static.africa-press.net\/cameroun\/sites\/57\/2021\/03\/img-605b439134ab7.jpg","keywords":["Africa Press","Africa Press-Cameroun","Cameroun"],"articleSection":["homepage-french","Politique","Toutes les actualit\u00e9s"],"inLanguage":"fr-FR","potentialAction":[{"@type":"CommentAction","name":"Comment","target":["https:\/\/www.africa-press.net\/cameroun\/politique\/revelations-sur-le-projet-dassassinat-de-mesanga-nyamding#respond"]}]},{"@type":"WebPage","@id":"https:\/\/www.africa-press.net\/cameroun\/politique\/revelations-sur-le-projet-dassassinat-de-mesanga-nyamding","url":"https:\/\/www.africa-press.net\/cameroun\/politique\/revelations-sur-le-projet-dassassinat-de-mesanga-nyamding","name":"R\u00e9v\u00e9lations sur le projet d\u2019assassinat de Mesanga Nyamding - Cameroun","isPartOf":{"@id":"https:\/\/www.africa-press.net\/cameroun\/#website"},"primaryImageOfPage":{"@id":"https:\/\/www.africa-press.net\/cameroun\/politique\/revelations-sur-le-projet-dassassinat-de-mesanga-nyamding#primaryimage"},"image":{"@id":"https:\/\/www.africa-press.net\/cameroun\/politique\/revelations-sur-le-projet-dassassinat-de-mesanga-nyamding#primaryimage"},"thumbnailUrl":"https:\/\/static.africa-press.net\/cameroun\/sites\/57\/2021\/03\/img-605b439134ab7.jpg","datePublished":"2021-03-23T16:30:21+00:00","dateModified":"2021-03-24T13:50:34+00:00","author":{"@id":"https:\/\/www.africa-press.net\/cameroun\/#\/schema\/person\/2b1cf3cd81a31e3cd26889ca66d677f1"},"description":"L\u2019enseignant se dit \u00eatre victime de menace de mort depuis son audition au secr\u00e9tariat d\u2019Etat \u00e0 la D\u00e9fense. C\u2019est un cri ...","breadcrumb":{"@id":"https:\/\/www.africa-press.net\/cameroun\/politique\/revelations-sur-le-projet-dassassinat-de-mesanga-nyamding#breadcrumb"},"inLanguage":"fr-FR","potentialAction":[{"@type":"ReadAction","target":["https:\/\/www.africa-press.net\/cameroun\/politique\/revelations-sur-le-projet-dassassinat-de-mesanga-nyamding"]}]},{"@type":"ImageObject","inLanguage":"fr-FR","@id":"https:\/\/www.africa-press.net\/cameroun\/politique\/revelations-sur-le-projet-dassassinat-de-mesanga-nyamding#primaryimage","url":"https:\/\/static.africa-press.net\/cameroun\/sites\/57\/2021\/03\/img-605b439134ab7.jpg","contentUrl":"https:\/\/static.africa-press.net\/cameroun\/sites\/57\/2021\/03\/img-605b439134ab7.jpg","width":1920,"height":1438,"caption":"R\u00e9v\u00e9lations sur le projet d\u2019assassinat de Mesanga Nyamding"},{"@type":"BreadcrumbList","@id":"https:\/\/www.africa-press.net\/cameroun\/politique\/revelations-sur-le-projet-dassassinat-de-mesanga-nyamding#breadcrumb","itemListElement":[{"@type":"ListItem","position":1,"name":"Accueil","item":"https:\/\/www.africa-press.net\/cameroun\/"},{"@type":"ListItem","position":2,"name":"R\u00e9v\u00e9lations sur le projet d\u2019assassinat de Mesanga Nyamding"}]},{"@type":"WebSite","@id":"https:\/\/www.africa-press.net\/cameroun\/#website","url":"https:\/\/www.africa-press.net\/cameroun\/","name":"Cameroun","description":"Just another Africa News Agency Sites site","potentialAction":[{"@type":"SearchAction","target":{"@type":"EntryPoint","urlTemplate":"https:\/\/www.africa-press.net\/cameroun\/?s={search_term_string}"},"query-input":{"@type":"PropertyValueSpecification","valueRequired":true,"valueName":"search_term_string"}}],"inLanguage":"fr-FR"},{"@type":"Person","@id":"https:\/\/www.africa-press.net\/cameroun\/#\/schema\/person\/2b1cf3cd81a31e3cd26889ca66d677f1","name":"cfeditorfr"}]}},"_links":{"self":[{"href":"https:\/\/www.africa-press.net\/cameroun\/wp-json\/wp\/v2\/posts\/1835","targetHints":{"allow":["GET"]}}],"collection":[{"href":"https:\/\/www.africa-press.net\/cameroun\/wp-json\/wp\/v2\/posts"}],"about":[{"href":"https:\/\/www.africa-press.net\/cameroun\/wp-json\/wp\/v2\/types\/post"}],"author":[{"embeddable":true,"href":"https:\/\/www.africa-press.net\/cameroun\/wp-json\/wp\/v2\/users\/82"}],"replies":[{"embeddable":true,"href":"https:\/\/www.africa-press.net\/cameroun\/wp-json\/wp\/v2\/comments?post=1835"}],"version-history":[{"count":0,"href":"https:\/\/www.africa-press.net\/cameroun\/wp-json\/wp\/v2\/posts\/1835\/revisions"}],"wp:featuredmedia":[{"embeddable":true,"href":"https:\/\/www.africa-press.net\/cameroun\/wp-json\/wp\/v2\/media\/1834"}],"wp:attachment":[{"href":"https:\/\/www.africa-press.net\/cameroun\/wp-json\/wp\/v2\/media?parent=1835"}],"wp:term":[{"taxonomy":"category","embeddable":true,"href":"https:\/\/www.africa-press.net\/cameroun\/wp-json\/wp\/v2\/categories?post=1835"},{"taxonomy":"post_tag","embeddable":true,"href":"https:\/\/www.africa-press.net\/cameroun\/wp-json\/wp\/v2\/tags?post=1835"}],"curies":[{"name":"wp","href":"https:\/\/api.w.org\/{rel}","templated":true}]}}