{"id":1838,"date":"2021-03-23T16:38:55","date_gmt":"2021-03-23T16:38:55","guid":{"rendered":"https:\/\/www.africa-press.net\/cameroun\/politique\/assemblee-nationale-ludc-plaide-pour-une-modification-du-reglement-interieur"},"modified":"2021-03-24T13:51:08","modified_gmt":"2021-03-24T13:51:08","slug":"assemblee-nationale-ludc-plaide-pour-une-modification-du-reglement-interieur","status":"publish","type":"post","link":"https:\/\/www.africa-press.net\/cameroun\/politique\/assemblee-nationale-ludc-plaide-pour-une-modification-du-reglement-interieur","title":{"rendered":"Assembl\u00e9e nationale: l\u2019UDC plaide pour une modification du R\u00e8glement int\u00e9rieur"},"content":{"rendered":"<p><span style=\"color: #ff6600\"><strong><a href=\"https:\/\/www.africa-press.net\/\">Africa-Press<\/a> &#8211; <a href=\"https:\/\/www.africa-press.net\/cameroun\">Cameroun<\/a>. <\/strong><\/span>Les d\u00e9put\u00e9s de cette formation politique demandent notamment que le candidat au poste de pr\u00e9sident de l\u2019Assembl\u00e9e nationale pr\u00e9sente une profession de foi.<\/p>\n<p>La reconduction de Cavaye Yeguie Djibril au poste de pr\u00e9sident de la Chambre Basse du Parlement a laiss\u00e9un go\u00fbt amer \u00e0 certains d\u00e9put\u00e9s. Au nombre de ceux-ci, les parlementaires de l\u2019Union d\u00e9mocratique du Cameroun (Udc). Ces derniers s\u2019offusquent notamment du d\u00e9roulement des \u00e9lections au sein de l\u2019Assembl\u00e9e nationale. \u00ab On a l\u2019habitude du fonctionnement du Parlement. On sait que ceux qui sont \u00e9lus \u00e0 l\u2019entame du mandat restent en poste. Donc ce n\u2019est pas une surprise pour nous de voir que le Tr\u00e8s honorable Cavaye Yeguie Djibril et toute l\u2019\u00e9quipe qui a \u00e9t\u00e9 \u00e9lue au cours de la session de plein droit ont \u00e9t\u00e9 reconduits. Mais on ne devrait pas continuer \u00e0 \u00e9voluer sans tenir compte des enjeux et du niveau m\u00eame de compr\u00e9hension du fonctionnement de notre Parlement par la Nation \u00bb d\u00e9clare le d\u00e9put\u00e9 Koupit Adamou, membre du Bureau politique de l\u2019Udc.<\/p>\n<p>Selon ces parlementaires, le candidat \u00e0 la pr\u00e9sidence de la Chambre Basse du Parlement devrait pr\u00e9senter un programme contenu dans une profession de foi. \u00ab M\u00eame quand on veut reconduire des gens le minimum d\u2019exigence consisterait \u00e0 ce qu\u2019il pr\u00e9sente \u00e0 l\u2019\u00e9lectorat sa profession de foi. Nous ne comprenons pas pourquoi chaque fois c\u2019est automatique. Lorsque le Comit\u00e9 Central a d\u00e9cid\u00e9, on vient pr\u00e9senter les candidats et ils sont \u00e9lus. Sans m\u00eame en une seule minute pr\u00e9senter ce qu\u2019ils entendent faire \u00bb.<\/p>\n<p>Modification du R\u00e8glement int\u00e9rieur<\/p>\n<p>L\u2019Union d\u00e9mocratique du Cameroun \u00e0 l\u2019Assembl\u00e9e nationale entend d\u00e8s lors demander une modification du R\u00e8glement int\u00e9rieur de l\u2019Institution. Une d\u00e9marche pr\u00e9vue par ladite loi. Toutefois, l\u2019Udc, en l\u2019\u00e9tat actuel ne remplit pas les conditions exig\u00e9es. En effet, l\u2019article 123 (1) dispose qu\u2019 \u00ab en d\u00e9but de l\u00e9gislature, le pr\u00e9sent R\u00e8glement int\u00e9rieur ne peut \u00eatre soumis \u00e0 modification que si la proposition en est faite par au moins seize (16) d\u00e9put\u00e9s. \u00bb Avec ses 4 parlementaires, les projets de la formation politique ne pourraient prosp\u00e9rer. Cependant, si l\u2019Udc parvient \u00e0 rallier \u00e0 sa cause, les 16 d\u00e9put\u00e9s des partis de l\u2019opposition repr\u00e9sent\u00e9s A l\u2019Assembl\u00e9e nationale, la proposition de modification pourrait \u00eatre d\u00e9pos\u00e9e. Elle devra plus tard se heurter \u00e0 la majorit\u00e9 du Rassemblement d\u00e9mocratique du peuple camerounais (Rdpc).<\/p>\n","protected":false},"excerpt":{"rendered":"<p>Africa-Press &#8211; Cameroun. Les d\u00e9put\u00e9s de cette formation politique demandent notamment que le candidat au poste de pr\u00e9sident de l\u2019Assembl\u00e9e nationale pr\u00e9sente une profession de foi. La reconduction de Cavaye Yeguie Djibril au poste de pr\u00e9sident de la Chambre Basse du Parlement a laiss\u00e9un go\u00fbt amer \u00e0 certains d\u00e9put\u00e9s. Au nombre de ceux-ci, les parlementaires [&hellip;]<\/p>\n","protected":false},"author":82,"featured_media":1837,"comment_status":"open","ping_status":"closed","sticky":false,"template":"","format":"standard","meta":{"footnotes":""},"categories":[11,2,10],"tags":[36,50,49],"class_list":["post-1838","post","type-post","status-publish","format-standard","has-post-thumbnail","hentry","category-homepage-french","category-politique","category-toutes-les-actualites","tag-africa-press","tag-africa-press-cameroun","tag-cameroun"],"yoast_head":"<!-- This site is optimized with the Yoast SEO Premium plugin v26.1 (Yoast SEO v27.0) - https:\/\/yoast.com\/product\/yoast-seo-premium-wordpress\/ -->\n<title>Assembl\u00e9e nationale: l\u2019UDC plaide pour une modification du R\u00e8glement int\u00e9rieur - Cameroun<\/title>\n<meta name=\"description\" content=\"Les d\u00e9put\u00e9s de cette formation politique demandent notamment que le candidat au poste de pr\u00e9sident de l\u2019Assembl\u00e9e nation ...\" \/>\n<meta name=\"robots\" content=\"index, follow, max-snippet:-1, max-image-preview:large, max-video-preview:-1\" \/>\n<link rel=\"canonical\" href=\"https:\/\/www.africa-press.net\/cameroun\/politique\/assemblee-nationale-ludc-plaide-pour-une-modification-du-reglement-interieur\" \/>\n<meta property=\"og:locale\" content=\"fr_FR\" \/>\n<meta property=\"og:type\" content=\"article\" \/>\n<meta property=\"og:title\" content=\"Assembl\u00e9e nationale: l\u2019UDC plaide pour une modification du R\u00e8glement int\u00e9rieur\" \/>\n<meta property=\"og:description\" content=\"Les d\u00e9put\u00e9s de cette formation politique demandent notamment que le candidat au poste de pr\u00e9sident de l\u2019Assembl\u00e9e nation ...\" \/>\n<meta property=\"og:url\" content=\"https:\/\/www.africa-press.net\/cameroun\/politique\/assemblee-nationale-ludc-plaide-pour-une-modification-du-reglement-interieur\" \/>\n<meta property=\"og:site_name\" content=\"Cameroun\" \/>\n<meta property=\"article:published_time\" content=\"2021-03-23T16:38:55+00:00\" \/>\n<meta property=\"article:modified_time\" content=\"2021-03-24T13:51:08+00:00\" \/>\n<meta property=\"og:image\" content=\"https:\/\/static.africa-press.net\/cameroun\/sites\/57\/2021\/03\/img-605b43b64328c.jpg\" \/>\n\t<meta property=\"og:image:width\" content=\"801\" \/>\n\t<meta property=\"og:image:height\" content=\"467\" \/>\n\t<meta property=\"og:image:type\" content=\"image\/jpeg\" \/>\n<meta name=\"author\" content=\"cfeditorfr\" \/>\n<meta name=\"twitter:card\" content=\"summary_large_image\" \/>\n<meta name=\"twitter:label1\" content=\"\u00c9crit par\" \/>\n\t<meta name=\"twitter:data1\" content=\"cfeditorfr\" \/>\n\t<meta name=\"twitter:label2\" content=\"Dur\u00e9e de lecture estim\u00e9e\" \/>\n\t<meta name=\"twitter:data2\" content=\"2 minutes\" \/>\n<script type=\"application\/ld+json\" class=\"yoast-schema-graph\">{\"@context\":\"https:\/\/schema.org\",\"@graph\":[{\"@type\":\"Article\",\"@id\":\"https:\/\/www.africa-press.net\/cameroun\/politique\/assemblee-nationale-ludc-plaide-pour-une-modification-du-reglement-interieur#article\",\"isPartOf\":{\"@id\":\"https:\/\/www.africa-press.net\/cameroun\/politique\/assemblee-nationale-ludc-plaide-pour-une-modification-du-reglement-interieur\"},\"author\":{\"name\":\"cfeditorfr\",\"@id\":\"https:\/\/www.africa-press.net\/cameroun\/#\/schema\/person\/2b1cf3cd81a31e3cd26889ca66d677f1\"},\"headline\":\"Assembl\u00e9e nationale: l\u2019UDC plaide pour une modification du R\u00e8glement int\u00e9rieur\",\"datePublished\":\"2021-03-23T16:38:55+00:00\",\"dateModified\":\"2021-03-24T13:51:08+00:00\",\"mainEntityOfPage\":{\"@id\":\"https:\/\/www.africa-press.net\/cameroun\/politique\/assemblee-nationale-ludc-plaide-pour-une-modification-du-reglement-interieur\"},\"wordCount\":450,\"commentCount\":0,\"image\":{\"@id\":\"https:\/\/www.africa-press.net\/cameroun\/politique\/assemblee-nationale-ludc-plaide-pour-une-modification-du-reglement-interieur#primaryimage\"},\"thumbnailUrl\":\"https:\/\/static.africa-press.net\/cameroun\/sites\/57\/2021\/03\/img-605b43b64328c.jpg\",\"keywords\":[\"Africa Press\",\"Africa Press-Cameroun\",\"Cameroun\"],\"articleSection\":[\"homepage-french\",\"Politique\",\"Toutes les actualit\u00e9s\"],\"inLanguage\":\"fr-FR\",\"potentialAction\":[{\"@type\":\"CommentAction\",\"name\":\"Comment\",\"target\":[\"https:\/\/www.africa-press.net\/cameroun\/politique\/assemblee-nationale-ludc-plaide-pour-une-modification-du-reglement-interieur#respond\"]}]},{\"@type\":\"WebPage\",\"@id\":\"https:\/\/www.africa-press.net\/cameroun\/politique\/assemblee-nationale-ludc-plaide-pour-une-modification-du-reglement-interieur\",\"url\":\"https:\/\/www.africa-press.net\/cameroun\/politique\/assemblee-nationale-ludc-plaide-pour-une-modification-du-reglement-interieur\",\"name\":\"Assembl\u00e9e nationale: l\u2019UDC plaide pour une modification du R\u00e8glement int\u00e9rieur - Cameroun\",\"isPartOf\":{\"@id\":\"https:\/\/www.africa-press.net\/cameroun\/#website\"},\"primaryImageOfPage\":{\"@id\":\"https:\/\/www.africa-press.net\/cameroun\/politique\/assemblee-nationale-ludc-plaide-pour-une-modification-du-reglement-interieur#primaryimage\"},\"image\":{\"@id\":\"https:\/\/www.africa-press.net\/cameroun\/politique\/assemblee-nationale-ludc-plaide-pour-une-modification-du-reglement-interieur#primaryimage\"},\"thumbnailUrl\":\"https:\/\/static.africa-press.net\/cameroun\/sites\/57\/2021\/03\/img-605b43b64328c.jpg\",\"datePublished\":\"2021-03-23T16:38:55+00:00\",\"dateModified\":\"2021-03-24T13:51:08+00:00\",\"author\":{\"@id\":\"https:\/\/www.africa-press.net\/cameroun\/#\/schema\/person\/2b1cf3cd81a31e3cd26889ca66d677f1\"},\"description\":\"Les d\u00e9put\u00e9s de cette formation politique demandent notamment que le candidat au poste de pr\u00e9sident de l\u2019Assembl\u00e9e nation ...\",\"breadcrumb\":{\"@id\":\"https:\/\/www.africa-press.net\/cameroun\/politique\/assemblee-nationale-ludc-plaide-pour-une-modification-du-reglement-interieur#breadcrumb\"},\"inLanguage\":\"fr-FR\",\"potentialAction\":[{\"@type\":\"ReadAction\",\"target\":[\"https:\/\/www.africa-press.net\/cameroun\/politique\/assemblee-nationale-ludc-plaide-pour-une-modification-du-reglement-interieur\"]}]},{\"@type\":\"ImageObject\",\"inLanguage\":\"fr-FR\",\"@id\":\"https:\/\/www.africa-press.net\/cameroun\/politique\/assemblee-nationale-ludc-plaide-pour-une-modification-du-reglement-interieur#primaryimage\",\"url\":\"https:\/\/static.africa-press.net\/cameroun\/sites\/57\/2021\/03\/img-605b43b64328c.jpg\",\"contentUrl\":\"https:\/\/static.africa-press.net\/cameroun\/sites\/57\/2021\/03\/img-605b43b64328c.jpg\",\"width\":801,\"height\":467,\"caption\":\"Assembl\u00e9e nationale: l\u2019UDC plaide pour une modification du R\u00e8glement int\u00e9rieur\"},{\"@type\":\"BreadcrumbList\",\"@id\":\"https:\/\/www.africa-press.net\/cameroun\/politique\/assemblee-nationale-ludc-plaide-pour-une-modification-du-reglement-interieur#breadcrumb\",\"itemListElement\":[{\"@type\":\"ListItem\",\"position\":1,\"name\":\"Accueil\",\"item\":\"https:\/\/www.africa-press.net\/cameroun\/\"},{\"@type\":\"ListItem\",\"position\":2,\"name\":\"Assembl\u00e9e nationale: l\u2019UDC plaide pour une modification du R\u00e8glement int\u00e9rieur\"}]},{\"@type\":\"WebSite\",\"@id\":\"https:\/\/www.africa-press.net\/cameroun\/#website\",\"url\":\"https:\/\/www.africa-press.net\/cameroun\/\",\"name\":\"Cameroun\",\"description\":\"Just another Africa News Agency Sites site\",\"potentialAction\":[{\"@type\":\"SearchAction\",\"target\":{\"@type\":\"EntryPoint\",\"urlTemplate\":\"https:\/\/www.africa-press.net\/cameroun\/?s={search_term_string}\"},\"query-input\":{\"@type\":\"PropertyValueSpecification\",\"valueRequired\":true,\"valueName\":\"search_term_string\"}}],\"inLanguage\":\"fr-FR\"},{\"@type\":\"Person\",\"@id\":\"https:\/\/www.africa-press.net\/cameroun\/#\/schema\/person\/2b1cf3cd81a31e3cd26889ca66d677f1\",\"name\":\"cfeditorfr\"}]}<\/script>\n<!-- \/ Yoast SEO Premium plugin. -->","yoast_head_json":{"title":"Assembl\u00e9e nationale: l\u2019UDC plaide pour une modification du R\u00e8glement int\u00e9rieur - Cameroun","description":"Les d\u00e9put\u00e9s de cette formation politique demandent notamment que le candidat au poste de pr\u00e9sident de l\u2019Assembl\u00e9e nation ...","robots":{"index":"index","follow":"follow","max-snippet":"max-snippet:-1","max-image-preview":"max-image-preview:large","max-video-preview":"max-video-preview:-1"},"canonical":"https:\/\/www.africa-press.net\/cameroun\/politique\/assemblee-nationale-ludc-plaide-pour-une-modification-du-reglement-interieur","og_locale":"fr_FR","og_type":"article","og_title":"Assembl\u00e9e nationale: l\u2019UDC plaide pour une modification du R\u00e8glement int\u00e9rieur","og_description":"Les d\u00e9put\u00e9s de cette formation politique demandent notamment que le candidat au poste de pr\u00e9sident de l\u2019Assembl\u00e9e nation ...","og_url":"https:\/\/www.africa-press.net\/cameroun\/politique\/assemblee-nationale-ludc-plaide-pour-une-modification-du-reglement-interieur","og_site_name":"Cameroun","article_published_time":"2021-03-23T16:38:55+00:00","article_modified_time":"2021-03-24T13:51:08+00:00","og_image":[{"width":801,"height":467,"url":"https:\/\/static.africa-press.net\/cameroun\/sites\/57\/2021\/03\/img-605b43b64328c.jpg","type":"image\/jpeg"}],"author":"cfeditorfr","twitter_card":"summary_large_image","twitter_misc":{"\u00c9crit par":"cfeditorfr","Dur\u00e9e de lecture estim\u00e9e":"2 minutes"},"schema":{"@context":"https:\/\/schema.org","@graph":[{"@type":"Article","@id":"https:\/\/www.africa-press.net\/cameroun\/politique\/assemblee-nationale-ludc-plaide-pour-une-modification-du-reglement-interieur#article","isPartOf":{"@id":"https:\/\/www.africa-press.net\/cameroun\/politique\/assemblee-nationale-ludc-plaide-pour-une-modification-du-reglement-interieur"},"author":{"name":"cfeditorfr","@id":"https:\/\/www.africa-press.net\/cameroun\/#\/schema\/person\/2b1cf3cd81a31e3cd26889ca66d677f1"},"headline":"Assembl\u00e9e nationale: l\u2019UDC plaide pour une modification du R\u00e8glement int\u00e9rieur","datePublished":"2021-03-23T16:38:55+00:00","dateModified":"2021-03-24T13:51:08+00:00","mainEntityOfPage":{"@id":"https:\/\/www.africa-press.net\/cameroun\/politique\/assemblee-nationale-ludc-plaide-pour-une-modification-du-reglement-interieur"},"wordCount":450,"commentCount":0,"image":{"@id":"https:\/\/www.africa-press.net\/cameroun\/politique\/assemblee-nationale-ludc-plaide-pour-une-modification-du-reglement-interieur#primaryimage"},"thumbnailUrl":"https:\/\/static.africa-press.net\/cameroun\/sites\/57\/2021\/03\/img-605b43b64328c.jpg","keywords":["Africa Press","Africa Press-Cameroun","Cameroun"],"articleSection":["homepage-french","Politique","Toutes les actualit\u00e9s"],"inLanguage":"fr-FR","potentialAction":[{"@type":"CommentAction","name":"Comment","target":["https:\/\/www.africa-press.net\/cameroun\/politique\/assemblee-nationale-ludc-plaide-pour-une-modification-du-reglement-interieur#respond"]}]},{"@type":"WebPage","@id":"https:\/\/www.africa-press.net\/cameroun\/politique\/assemblee-nationale-ludc-plaide-pour-une-modification-du-reglement-interieur","url":"https:\/\/www.africa-press.net\/cameroun\/politique\/assemblee-nationale-ludc-plaide-pour-une-modification-du-reglement-interieur","name":"Assembl\u00e9e nationale: l\u2019UDC plaide pour une modification du R\u00e8glement int\u00e9rieur - Cameroun","isPartOf":{"@id":"https:\/\/www.africa-press.net\/cameroun\/#website"},"primaryImageOfPage":{"@id":"https:\/\/www.africa-press.net\/cameroun\/politique\/assemblee-nationale-ludc-plaide-pour-une-modification-du-reglement-interieur#primaryimage"},"image":{"@id":"https:\/\/www.africa-press.net\/cameroun\/politique\/assemblee-nationale-ludc-plaide-pour-une-modification-du-reglement-interieur#primaryimage"},"thumbnailUrl":"https:\/\/static.africa-press.net\/cameroun\/sites\/57\/2021\/03\/img-605b43b64328c.jpg","datePublished":"2021-03-23T16:38:55+00:00","dateModified":"2021-03-24T13:51:08+00:00","author":{"@id":"https:\/\/www.africa-press.net\/cameroun\/#\/schema\/person\/2b1cf3cd81a31e3cd26889ca66d677f1"},"description":"Les d\u00e9put\u00e9s de cette formation politique demandent notamment que le candidat au poste de pr\u00e9sident de l\u2019Assembl\u00e9e nation ...","breadcrumb":{"@id":"https:\/\/www.africa-press.net\/cameroun\/politique\/assemblee-nationale-ludc-plaide-pour-une-modification-du-reglement-interieur#breadcrumb"},"inLanguage":"fr-FR","potentialAction":[{"@type":"ReadAction","target":["https:\/\/www.africa-press.net\/cameroun\/politique\/assemblee-nationale-ludc-plaide-pour-une-modification-du-reglement-interieur"]}]},{"@type":"ImageObject","inLanguage":"fr-FR","@id":"https:\/\/www.africa-press.net\/cameroun\/politique\/assemblee-nationale-ludc-plaide-pour-une-modification-du-reglement-interieur#primaryimage","url":"https:\/\/static.africa-press.net\/cameroun\/sites\/57\/2021\/03\/img-605b43b64328c.jpg","contentUrl":"https:\/\/static.africa-press.net\/cameroun\/sites\/57\/2021\/03\/img-605b43b64328c.jpg","width":801,"height":467,"caption":"Assembl\u00e9e nationale: l\u2019UDC plaide pour une modification du R\u00e8glement int\u00e9rieur"},{"@type":"BreadcrumbList","@id":"https:\/\/www.africa-press.net\/cameroun\/politique\/assemblee-nationale-ludc-plaide-pour-une-modification-du-reglement-interieur#breadcrumb","itemListElement":[{"@type":"ListItem","position":1,"name":"Accueil","item":"https:\/\/www.africa-press.net\/cameroun\/"},{"@type":"ListItem","position":2,"name":"Assembl\u00e9e nationale: l\u2019UDC plaide pour une modification du R\u00e8glement int\u00e9rieur"}]},{"@type":"WebSite","@id":"https:\/\/www.africa-press.net\/cameroun\/#website","url":"https:\/\/www.africa-press.net\/cameroun\/","name":"Cameroun","description":"Just another Africa News Agency Sites site","potentialAction":[{"@type":"SearchAction","target":{"@type":"EntryPoint","urlTemplate":"https:\/\/www.africa-press.net\/cameroun\/?s={search_term_string}"},"query-input":{"@type":"PropertyValueSpecification","valueRequired":true,"valueName":"search_term_string"}}],"inLanguage":"fr-FR"},{"@type":"Person","@id":"https:\/\/www.africa-press.net\/cameroun\/#\/schema\/person\/2b1cf3cd81a31e3cd26889ca66d677f1","name":"cfeditorfr"}]}},"_links":{"self":[{"href":"https:\/\/www.africa-press.net\/cameroun\/wp-json\/wp\/v2\/posts\/1838","targetHints":{"allow":["GET"]}}],"collection":[{"href":"https:\/\/www.africa-press.net\/cameroun\/wp-json\/wp\/v2\/posts"}],"about":[{"href":"https:\/\/www.africa-press.net\/cameroun\/wp-json\/wp\/v2\/types\/post"}],"author":[{"embeddable":true,"href":"https:\/\/www.africa-press.net\/cameroun\/wp-json\/wp\/v2\/users\/82"}],"replies":[{"embeddable":true,"href":"https:\/\/www.africa-press.net\/cameroun\/wp-json\/wp\/v2\/comments?post=1838"}],"version-history":[{"count":0,"href":"https:\/\/www.africa-press.net\/cameroun\/wp-json\/wp\/v2\/posts\/1838\/revisions"}],"wp:featuredmedia":[{"embeddable":true,"href":"https:\/\/www.africa-press.net\/cameroun\/wp-json\/wp\/v2\/media\/1837"}],"wp:attachment":[{"href":"https:\/\/www.africa-press.net\/cameroun\/wp-json\/wp\/v2\/media?parent=1838"}],"wp:term":[{"taxonomy":"category","embeddable":true,"href":"https:\/\/www.africa-press.net\/cameroun\/wp-json\/wp\/v2\/categories?post=1838"},{"taxonomy":"post_tag","embeddable":true,"href":"https:\/\/www.africa-press.net\/cameroun\/wp-json\/wp\/v2\/tags?post=1838"}],"curies":[{"name":"wp","href":"https:\/\/api.w.org\/{rel}","templated":true}]}}