{"id":1841,"date":"2021-03-23T16:47:35","date_gmt":"2021-03-23T16:47:35","guid":{"rendered":"https:\/\/www.africa-press.net\/cameroun\/politique\/guerre-de-clans-au-rdpc-qui-veut-museler-messanga-nyamding"},"modified":"2021-03-24T13:51:48","modified_gmt":"2021-03-24T13:51:48","slug":"guerre-de-clans-au-rdpc-qui-veut-museler-messanga-nyamding","status":"publish","type":"post","link":"https:\/\/www.africa-press.net\/cameroun\/politique\/guerre-de-clans-au-rdpc-qui-veut-museler-messanga-nyamding","title":{"rendered":"Guerre de clans au RDPC: qui veut museler Messanga Nyamding ?"},"content":{"rendered":"<p><span style=\"color: #ff6600\"><strong><a href=\"https:\/\/www.africa-press.net\/\">Africa-Press<\/a> &#8211; <a href=\"https:\/\/www.africa-press.net\/cameroun\">Cameroun<\/a>. <\/strong><\/span>Membre titulaire du comit\u00e9 central du RDPC, le Professeur Pascal Charlemagne Messanga NYAMDING est depuis quelques semaines au c\u0153ur d\u2019un tourbillon politico-administratif. En l\u2019espace de quelques jours, il a \u00e9t\u00e9 convoqu\u00e9 au SED puis d\u00e9mis de ses fonctions de Chef du d\u00e9partement Coop\u00e9ration et Int\u00e9gration \u00e0 l\u2019IRIC. Contre toute attente, il vient d\u2019\u00eatre plac\u00e9 \u00e0 la disposition de l\u2019annexe de la facult\u00e9 des Sciences Juridiques et Politiques de l\u2019universit\u00e9 de Ngaound\u00e9r\u00e9 \u00e0 Garoua. Une situation que le concern\u00e9 qualifie \u00ab d\u2019acharnement \u00bb.<\/p>\n<p>Messanga Nyamding n\u2019est pas un militant ordinaire du Rassemblement D\u00e9mocratique du Peuple Camerounais. C\u2019est au cours de ses ann\u00e9es de formation estudiantine \u00e0 Paris en France qu\u2019il va s\u2019engager en politique comme fervent d\u00e9fenseur du pr\u00e9sident Paul Biya. Il aime \u00e0 rappeler qu\u2019\u00e0 23 ans, il \u00e9tait le \u00ab Patron du RDPC \u00bb \u00e0 paris. Mais c\u2019est surtout sa libert\u00e9 de ton et son temp\u00e9rament qui le rendent diff\u00e9rent. Dans un parti o\u00f9 les communicants suivent \u00e0 l\u2019unisson le m\u00eame son de cloche, ses prises de position divergentes et ses tirs en direction des cadres de son propre parti ont souvent fait objet de remous. Le moins que l\u2019on puisse dire est que Messanga ne s\u2019est pas toujours fait des amis au sein de sa grande famille politique \u00e0 travers ses sorties m\u00e9diatiques.<\/p>\n<p>Ce mois de mars 2021 semble \u00eatre celui de la descente aux enfers pour le Professeur Pascal Charlemagne Messanga Nyamding. Convoqu\u00e9 au SED le 09 mars dernier avec pour motif \u00ab Propagation de fausses nouvelles \u00bb, il sera dans la foul\u00e9e d\u00e9pos\u00e9 de ses fonctions de Chef du d\u00e9partement Coop\u00e9ration et Int\u00e9gration \u00e0 l\u2019IRIC. Cerise sur g\u00e2teau, le Ministre de l\u2019Enseignement Sup\u00e9rieur Jacques FAME NDONGO va d\u00e9cider de son affectation \u00e0 Garoua.<\/p>\n<p>R\u00e9agissant \u00e0 cette d\u00e9ferlante, Pascal Charlemagne Messanga Nyamding a d\u00e9clar\u00e9 : \u201d.. A l\u2019heure o\u00f9 je vous \u00e9cris ces quelques lignes, je vous confirme qu\u2019ils n\u2019ont qu\u2019une seule intention, c\u2019est de m\u2019assassiner\u2026<br \/>\nLa situation est tr\u00e8s grave en ce moment depuis mon audition au SED (Secr\u00e9tariat d\u2019Etat \u00e0 la Defense) le 09 mars dernier aucun jour ne passe sans que je ne re\u00e7oive des menaces de mort ou des intimidations administratives. Cet acharnement doit s\u2019arr\u00eater car jusque l\u00e0 rien ne justifie une telle hostilit\u00e9 tourbillonnante vis-\u00e0-vis de moi. J\u2019ai tout donn\u00e9 \u00e0 mon pays et \u00e0 mon parti le RDPC (Rassemblement D\u00e9mocratique du Peuple Camerounais) allant m\u00eame jusqu\u2019\u00e0 perdre une partie de ma vue, jusqu\u2019\u00e0 perdre mon meilleur ami Charles Ateba Eyene et bien d\u2019autres choses sur le champs de bataille politique. A l\u2019heure o\u00f9 je vous \u00e9cris ces quelques lignes, je vous confirme qu\u2019ils n\u2019ont qu\u2019une seule intention, c\u2019est de m\u2019assassiner\u2026 J\u2019ai vraiment l\u2019impression de r\u00eaver face \u00e0 cet acharnement. M\u2019imposer ce qu\u2019ils veulent faire l\u00e0 n\u2019est pas humain.\u201d<\/p>\n","protected":false},"excerpt":{"rendered":"<p>Africa-Press &#8211; Cameroun. Membre titulaire du comit\u00e9 central du RDPC, le Professeur Pascal Charlemagne Messanga NYAMDING est depuis quelques semaines au c\u0153ur d\u2019un tourbillon politico-administratif. En l\u2019espace de quelques jours, il a \u00e9t\u00e9 convoqu\u00e9 au SED puis d\u00e9mis de ses fonctions de Chef du d\u00e9partement Coop\u00e9ration et Int\u00e9gration \u00e0 l\u2019IRIC. Contre toute attente, il vient [&hellip;]<\/p>\n","protected":false},"author":82,"featured_media":1840,"comment_status":"open","ping_status":"closed","sticky":false,"template":"","format":"standard","meta":{"footnotes":""},"categories":[11,2,10],"tags":[36,50,49],"class_list":["post-1841","post","type-post","status-publish","format-standard","has-post-thumbnail","hentry","category-homepage-french","category-politique","category-toutes-les-actualites","tag-africa-press","tag-africa-press-cameroun","tag-cameroun"],"yoast_head":"<!-- This site is optimized with the Yoast SEO Premium plugin v26.1 (Yoast SEO v27.0) - https:\/\/yoast.com\/product\/yoast-seo-premium-wordpress\/ -->\n<title>Guerre de clans au RDPC: qui veut museler Messanga Nyamding ? - Cameroun<\/title>\n<meta name=\"description\" content=\"Membre titulaire du comit\u00e9 central du RDPC, le Professeur Pascal Charlemagne Messanga NYAMDING est depuis quelques semai ...\" \/>\n<meta name=\"robots\" content=\"index, follow, max-snippet:-1, max-image-preview:large, max-video-preview:-1\" \/>\n<link rel=\"canonical\" href=\"https:\/\/www.africa-press.net\/cameroun\/politique\/guerre-de-clans-au-rdpc-qui-veut-museler-messanga-nyamding\" \/>\n<meta property=\"og:locale\" content=\"fr_FR\" \/>\n<meta property=\"og:type\" content=\"article\" \/>\n<meta property=\"og:title\" content=\"Guerre de clans au RDPC: qui veut museler Messanga Nyamding ?\" \/>\n<meta property=\"og:description\" content=\"Membre titulaire du comit\u00e9 central du RDPC, le Professeur Pascal Charlemagne Messanga NYAMDING est depuis quelques semai ...\" \/>\n<meta property=\"og:url\" content=\"https:\/\/www.africa-press.net\/cameroun\/politique\/guerre-de-clans-au-rdpc-qui-veut-museler-messanga-nyamding\" \/>\n<meta property=\"og:site_name\" content=\"Cameroun\" \/>\n<meta property=\"article:published_time\" content=\"2021-03-23T16:47:35+00:00\" \/>\n<meta property=\"article:modified_time\" content=\"2021-03-24T13:51:48+00:00\" \/>\n<meta property=\"og:image\" content=\"https:\/\/static.africa-press.net\/cameroun\/sites\/57\/2021\/03\/img-605b43da959a8.jpg\" \/>\n\t<meta property=\"og:image:width\" content=\"1789\" \/>\n\t<meta property=\"og:image:height\" content=\"1263\" \/>\n\t<meta property=\"og:image:type\" content=\"image\/jpeg\" \/>\n<meta name=\"author\" content=\"cfeditorfr\" \/>\n<meta name=\"twitter:card\" content=\"summary_large_image\" \/>\n<meta name=\"twitter:label1\" content=\"\u00c9crit par\" \/>\n\t<meta name=\"twitter:data1\" content=\"cfeditorfr\" \/>\n\t<meta name=\"twitter:label2\" content=\"Dur\u00e9e de lecture estim\u00e9e\" \/>\n\t<meta name=\"twitter:data2\" content=\"3 minutes\" \/>\n<script type=\"application\/ld+json\" class=\"yoast-schema-graph\">{\"@context\":\"https:\/\/schema.org\",\"@graph\":[{\"@type\":\"Article\",\"@id\":\"https:\/\/www.africa-press.net\/cameroun\/politique\/guerre-de-clans-au-rdpc-qui-veut-museler-messanga-nyamding#article\",\"isPartOf\":{\"@id\":\"https:\/\/www.africa-press.net\/cameroun\/politique\/guerre-de-clans-au-rdpc-qui-veut-museler-messanga-nyamding\"},\"author\":{\"name\":\"cfeditorfr\",\"@id\":\"https:\/\/www.africa-press.net\/cameroun\/#\/schema\/person\/2b1cf3cd81a31e3cd26889ca66d677f1\"},\"headline\":\"Guerre de clans au RDPC: qui veut museler Messanga Nyamding ?\",\"datePublished\":\"2021-03-23T16:47:35+00:00\",\"dateModified\":\"2021-03-24T13:51:48+00:00\",\"mainEntityOfPage\":{\"@id\":\"https:\/\/www.africa-press.net\/cameroun\/politique\/guerre-de-clans-au-rdpc-qui-veut-museler-messanga-nyamding\"},\"wordCount\":514,\"commentCount\":0,\"image\":{\"@id\":\"https:\/\/www.africa-press.net\/cameroun\/politique\/guerre-de-clans-au-rdpc-qui-veut-museler-messanga-nyamding#primaryimage\"},\"thumbnailUrl\":\"https:\/\/static.africa-press.net\/cameroun\/sites\/57\/2021\/03\/img-605b43da959a8.jpg\",\"keywords\":[\"Africa Press\",\"Africa Press-Cameroun\",\"Cameroun\"],\"articleSection\":[\"homepage-french\",\"Politique\",\"Toutes les actualit\u00e9s\"],\"inLanguage\":\"fr-FR\",\"potentialAction\":[{\"@type\":\"CommentAction\",\"name\":\"Comment\",\"target\":[\"https:\/\/www.africa-press.net\/cameroun\/politique\/guerre-de-clans-au-rdpc-qui-veut-museler-messanga-nyamding#respond\"]}]},{\"@type\":\"WebPage\",\"@id\":\"https:\/\/www.africa-press.net\/cameroun\/politique\/guerre-de-clans-au-rdpc-qui-veut-museler-messanga-nyamding\",\"url\":\"https:\/\/www.africa-press.net\/cameroun\/politique\/guerre-de-clans-au-rdpc-qui-veut-museler-messanga-nyamding\",\"name\":\"Guerre de clans au RDPC: qui veut museler Messanga Nyamding ? - Cameroun\",\"isPartOf\":{\"@id\":\"https:\/\/www.africa-press.net\/cameroun\/#website\"},\"primaryImageOfPage\":{\"@id\":\"https:\/\/www.africa-press.net\/cameroun\/politique\/guerre-de-clans-au-rdpc-qui-veut-museler-messanga-nyamding#primaryimage\"},\"image\":{\"@id\":\"https:\/\/www.africa-press.net\/cameroun\/politique\/guerre-de-clans-au-rdpc-qui-veut-museler-messanga-nyamding#primaryimage\"},\"thumbnailUrl\":\"https:\/\/static.africa-press.net\/cameroun\/sites\/57\/2021\/03\/img-605b43da959a8.jpg\",\"datePublished\":\"2021-03-23T16:47:35+00:00\",\"dateModified\":\"2021-03-24T13:51:48+00:00\",\"author\":{\"@id\":\"https:\/\/www.africa-press.net\/cameroun\/#\/schema\/person\/2b1cf3cd81a31e3cd26889ca66d677f1\"},\"description\":\"Membre titulaire du comit\u00e9 central du RDPC, le Professeur Pascal Charlemagne Messanga NYAMDING est depuis quelques semai ...\",\"breadcrumb\":{\"@id\":\"https:\/\/www.africa-press.net\/cameroun\/politique\/guerre-de-clans-au-rdpc-qui-veut-museler-messanga-nyamding#breadcrumb\"},\"inLanguage\":\"fr-FR\",\"potentialAction\":[{\"@type\":\"ReadAction\",\"target\":[\"https:\/\/www.africa-press.net\/cameroun\/politique\/guerre-de-clans-au-rdpc-qui-veut-museler-messanga-nyamding\"]}]},{\"@type\":\"ImageObject\",\"inLanguage\":\"fr-FR\",\"@id\":\"https:\/\/www.africa-press.net\/cameroun\/politique\/guerre-de-clans-au-rdpc-qui-veut-museler-messanga-nyamding#primaryimage\",\"url\":\"https:\/\/static.africa-press.net\/cameroun\/sites\/57\/2021\/03\/img-605b43da959a8.jpg\",\"contentUrl\":\"https:\/\/static.africa-press.net\/cameroun\/sites\/57\/2021\/03\/img-605b43da959a8.jpg\",\"width\":1789,\"height\":1263,\"caption\":\"Guerre de clans au RDPC: qui veut museler Messanga Nyamding ?\"},{\"@type\":\"BreadcrumbList\",\"@id\":\"https:\/\/www.africa-press.net\/cameroun\/politique\/guerre-de-clans-au-rdpc-qui-veut-museler-messanga-nyamding#breadcrumb\",\"itemListElement\":[{\"@type\":\"ListItem\",\"position\":1,\"name\":\"Accueil\",\"item\":\"https:\/\/www.africa-press.net\/cameroun\/\"},{\"@type\":\"ListItem\",\"position\":2,\"name\":\"Guerre de clans au RDPC: qui veut museler Messanga Nyamding ?\"}]},{\"@type\":\"WebSite\",\"@id\":\"https:\/\/www.africa-press.net\/cameroun\/#website\",\"url\":\"https:\/\/www.africa-press.net\/cameroun\/\",\"name\":\"Cameroun\",\"description\":\"Just another Africa News Agency Sites site\",\"potentialAction\":[{\"@type\":\"SearchAction\",\"target\":{\"@type\":\"EntryPoint\",\"urlTemplate\":\"https:\/\/www.africa-press.net\/cameroun\/?s={search_term_string}\"},\"query-input\":{\"@type\":\"PropertyValueSpecification\",\"valueRequired\":true,\"valueName\":\"search_term_string\"}}],\"inLanguage\":\"fr-FR\"},{\"@type\":\"Person\",\"@id\":\"https:\/\/www.africa-press.net\/cameroun\/#\/schema\/person\/2b1cf3cd81a31e3cd26889ca66d677f1\",\"name\":\"cfeditorfr\"}]}<\/script>\n<!-- \/ Yoast SEO Premium plugin. -->","yoast_head_json":{"title":"Guerre de clans au RDPC: qui veut museler Messanga Nyamding ? - Cameroun","description":"Membre titulaire du comit\u00e9 central du RDPC, le Professeur Pascal Charlemagne Messanga NYAMDING est depuis quelques semai ...","robots":{"index":"index","follow":"follow","max-snippet":"max-snippet:-1","max-image-preview":"max-image-preview:large","max-video-preview":"max-video-preview:-1"},"canonical":"https:\/\/www.africa-press.net\/cameroun\/politique\/guerre-de-clans-au-rdpc-qui-veut-museler-messanga-nyamding","og_locale":"fr_FR","og_type":"article","og_title":"Guerre de clans au RDPC: qui veut museler Messanga Nyamding ?","og_description":"Membre titulaire du comit\u00e9 central du RDPC, le Professeur Pascal Charlemagne Messanga NYAMDING est depuis quelques semai ...","og_url":"https:\/\/www.africa-press.net\/cameroun\/politique\/guerre-de-clans-au-rdpc-qui-veut-museler-messanga-nyamding","og_site_name":"Cameroun","article_published_time":"2021-03-23T16:47:35+00:00","article_modified_time":"2021-03-24T13:51:48+00:00","og_image":[{"width":1789,"height":1263,"url":"https:\/\/static.africa-press.net\/cameroun\/sites\/57\/2021\/03\/img-605b43da959a8.jpg","type":"image\/jpeg"}],"author":"cfeditorfr","twitter_card":"summary_large_image","twitter_misc":{"\u00c9crit par":"cfeditorfr","Dur\u00e9e de lecture estim\u00e9e":"3 minutes"},"schema":{"@context":"https:\/\/schema.org","@graph":[{"@type":"Article","@id":"https:\/\/www.africa-press.net\/cameroun\/politique\/guerre-de-clans-au-rdpc-qui-veut-museler-messanga-nyamding#article","isPartOf":{"@id":"https:\/\/www.africa-press.net\/cameroun\/politique\/guerre-de-clans-au-rdpc-qui-veut-museler-messanga-nyamding"},"author":{"name":"cfeditorfr","@id":"https:\/\/www.africa-press.net\/cameroun\/#\/schema\/person\/2b1cf3cd81a31e3cd26889ca66d677f1"},"headline":"Guerre de clans au RDPC: qui veut museler Messanga Nyamding ?","datePublished":"2021-03-23T16:47:35+00:00","dateModified":"2021-03-24T13:51:48+00:00","mainEntityOfPage":{"@id":"https:\/\/www.africa-press.net\/cameroun\/politique\/guerre-de-clans-au-rdpc-qui-veut-museler-messanga-nyamding"},"wordCount":514,"commentCount":0,"image":{"@id":"https:\/\/www.africa-press.net\/cameroun\/politique\/guerre-de-clans-au-rdpc-qui-veut-museler-messanga-nyamding#primaryimage"},"thumbnailUrl":"https:\/\/static.africa-press.net\/cameroun\/sites\/57\/2021\/03\/img-605b43da959a8.jpg","keywords":["Africa Press","Africa Press-Cameroun","Cameroun"],"articleSection":["homepage-french","Politique","Toutes les actualit\u00e9s"],"inLanguage":"fr-FR","potentialAction":[{"@type":"CommentAction","name":"Comment","target":["https:\/\/www.africa-press.net\/cameroun\/politique\/guerre-de-clans-au-rdpc-qui-veut-museler-messanga-nyamding#respond"]}]},{"@type":"WebPage","@id":"https:\/\/www.africa-press.net\/cameroun\/politique\/guerre-de-clans-au-rdpc-qui-veut-museler-messanga-nyamding","url":"https:\/\/www.africa-press.net\/cameroun\/politique\/guerre-de-clans-au-rdpc-qui-veut-museler-messanga-nyamding","name":"Guerre de clans au RDPC: qui veut museler Messanga Nyamding ? - Cameroun","isPartOf":{"@id":"https:\/\/www.africa-press.net\/cameroun\/#website"},"primaryImageOfPage":{"@id":"https:\/\/www.africa-press.net\/cameroun\/politique\/guerre-de-clans-au-rdpc-qui-veut-museler-messanga-nyamding#primaryimage"},"image":{"@id":"https:\/\/www.africa-press.net\/cameroun\/politique\/guerre-de-clans-au-rdpc-qui-veut-museler-messanga-nyamding#primaryimage"},"thumbnailUrl":"https:\/\/static.africa-press.net\/cameroun\/sites\/57\/2021\/03\/img-605b43da959a8.jpg","datePublished":"2021-03-23T16:47:35+00:00","dateModified":"2021-03-24T13:51:48+00:00","author":{"@id":"https:\/\/www.africa-press.net\/cameroun\/#\/schema\/person\/2b1cf3cd81a31e3cd26889ca66d677f1"},"description":"Membre titulaire du comit\u00e9 central du RDPC, le Professeur Pascal Charlemagne Messanga NYAMDING est depuis quelques semai ...","breadcrumb":{"@id":"https:\/\/www.africa-press.net\/cameroun\/politique\/guerre-de-clans-au-rdpc-qui-veut-museler-messanga-nyamding#breadcrumb"},"inLanguage":"fr-FR","potentialAction":[{"@type":"ReadAction","target":["https:\/\/www.africa-press.net\/cameroun\/politique\/guerre-de-clans-au-rdpc-qui-veut-museler-messanga-nyamding"]}]},{"@type":"ImageObject","inLanguage":"fr-FR","@id":"https:\/\/www.africa-press.net\/cameroun\/politique\/guerre-de-clans-au-rdpc-qui-veut-museler-messanga-nyamding#primaryimage","url":"https:\/\/static.africa-press.net\/cameroun\/sites\/57\/2021\/03\/img-605b43da959a8.jpg","contentUrl":"https:\/\/static.africa-press.net\/cameroun\/sites\/57\/2021\/03\/img-605b43da959a8.jpg","width":1789,"height":1263,"caption":"Guerre de clans au RDPC: qui veut museler Messanga Nyamding ?"},{"@type":"BreadcrumbList","@id":"https:\/\/www.africa-press.net\/cameroun\/politique\/guerre-de-clans-au-rdpc-qui-veut-museler-messanga-nyamding#breadcrumb","itemListElement":[{"@type":"ListItem","position":1,"name":"Accueil","item":"https:\/\/www.africa-press.net\/cameroun\/"},{"@type":"ListItem","position":2,"name":"Guerre de clans au RDPC: qui veut museler Messanga Nyamding ?"}]},{"@type":"WebSite","@id":"https:\/\/www.africa-press.net\/cameroun\/#website","url":"https:\/\/www.africa-press.net\/cameroun\/","name":"Cameroun","description":"Just another Africa News Agency Sites site","potentialAction":[{"@type":"SearchAction","target":{"@type":"EntryPoint","urlTemplate":"https:\/\/www.africa-press.net\/cameroun\/?s={search_term_string}"},"query-input":{"@type":"PropertyValueSpecification","valueRequired":true,"valueName":"search_term_string"}}],"inLanguage":"fr-FR"},{"@type":"Person","@id":"https:\/\/www.africa-press.net\/cameroun\/#\/schema\/person\/2b1cf3cd81a31e3cd26889ca66d677f1","name":"cfeditorfr"}]}},"_links":{"self":[{"href":"https:\/\/www.africa-press.net\/cameroun\/wp-json\/wp\/v2\/posts\/1841","targetHints":{"allow":["GET"]}}],"collection":[{"href":"https:\/\/www.africa-press.net\/cameroun\/wp-json\/wp\/v2\/posts"}],"about":[{"href":"https:\/\/www.africa-press.net\/cameroun\/wp-json\/wp\/v2\/types\/post"}],"author":[{"embeddable":true,"href":"https:\/\/www.africa-press.net\/cameroun\/wp-json\/wp\/v2\/users\/82"}],"replies":[{"embeddable":true,"href":"https:\/\/www.africa-press.net\/cameroun\/wp-json\/wp\/v2\/comments?post=1841"}],"version-history":[{"count":0,"href":"https:\/\/www.africa-press.net\/cameroun\/wp-json\/wp\/v2\/posts\/1841\/revisions"}],"wp:featuredmedia":[{"embeddable":true,"href":"https:\/\/www.africa-press.net\/cameroun\/wp-json\/wp\/v2\/media\/1840"}],"wp:attachment":[{"href":"https:\/\/www.africa-press.net\/cameroun\/wp-json\/wp\/v2\/media?parent=1841"}],"wp:term":[{"taxonomy":"category","embeddable":true,"href":"https:\/\/www.africa-press.net\/cameroun\/wp-json\/wp\/v2\/categories?post=1841"},{"taxonomy":"post_tag","embeddable":true,"href":"https:\/\/www.africa-press.net\/cameroun\/wp-json\/wp\/v2\/tags?post=1841"}],"curies":[{"name":"wp","href":"https:\/\/api.w.org\/{rel}","templated":true}]}}