{"id":1844,"date":"2021-03-23T16:57:07","date_gmt":"2021-03-23T16:57:07","guid":{"rendered":"https:\/\/www.africa-press.net\/cameroun\/politique\/cameroun-parlement-le-cimetiere-de-lesprit-du-vote-2"},"modified":"2021-03-24T13:52:23","modified_gmt":"2021-03-24T13:52:23","slug":"cameroun-parlement-le-cimetiere-de-lesprit-du-vote-2","status":"publish","type":"post","link":"https:\/\/www.africa-press.net\/cameroun\/politique\/cameroun-parlement-le-cimetiere-de-lesprit-du-vote-2","title":{"rendered":"Cameroun : Parlement, le cimeti\u00e8re de l\u2019esprit du vote"},"content":{"rendered":"<p><span style=\"color: #ff6600\"><strong><a href=\"https:\/\/www.africa-press.net\/\">Africa-Press<\/a> &#8211; <a href=\"https:\/\/www.africa-press.net\/cameroun\">Cameroun<\/a>. <\/strong><\/span>L\u2019\u00e9lection des bureaux des deux chambres et des diff\u00e9rentes commissions ont mis en \u00e9vidence la dictature de la discipline du parti pour annihiler toute libert\u00e9 aux \u00e9lus de se pr\u00e9senter ou de choisir les diff\u00e9rents responsables.<\/p>\n<p>Dans les deux chambres du parlement, le vote est une affaire des partis politiques et non des \u00e9lus. C\u2019est la discipline du parti qui fait loi. Ce qui pose un s\u00e9rieux probl\u00e8me parce que l\u2019\u00e9lu, par exemple le d\u00e9put\u00e9, est un \u00e9lu de la Nation avant toutes consid\u00e9rions partisanes ou d\u2019appartenance.<\/p>\n<p>Ainsi avant le vote proprement dit dans les deux chambres, le Rdpc puisqu\u2019il est le ma\u00eetre de jeu dans les deux chambres, a pris le temps en amont de donner des consignes \u00e0 ses \u00e9lus. C\u2019est de bonne guerre pour la sauvegarde des int\u00e9r\u00eats du parti, cela se comprend mais quel s\u00e9reux coup port\u00e9 \u00e0 la libert\u00e9 de vote qui donne un coup de respiration bienfaisante \u00e0 nos institutions. Au sein du parlement actuellement, c\u2019est la discipline du parti et partant sa hi\u00e9rarchie, qui a d\u00e9termin\u00e9 qui sera candidat \u00e0 tel ou tel autre poste. Il est de ce fait interdit aux autres d\u00e9put\u00e9s ou s\u00e9nateurs, une fois le choix de la hi\u00e9rarchie du parti op\u00e9r\u00e9, d\u2019opposer une quelconque r\u00e9ticence. On comprend donc qu\u2019une fois que le parlementaire s\u2019est battu \u00e0 se faire \u00e9lire, il lui est \u00f4t\u00e9 son droit d\u2019\u00e9ligibilit\u00e9 sans aucune explication.<\/p>\n<p>A c\u00f4t\u00e9 de ceci, au moment de la mise en musique de tout ce qui s\u2019est d\u00e9cid\u00e9 en back office du parti, les candidats investis ne daignent m\u00eame pas expliquer en pl\u00e9ni\u00e8re \u00e0 leurs coll\u00e8gues \u00ab leur profession de foi \u00bb, chemin par lequel il pourrait convaincre m\u00eame les parlementaires issus des rangs de l\u2019opposition de le voter. Et surtout qu\u2019\u00e0 ce niveau, \u00e0 la nature du rapport de force ambiant, c\u2019est uniquement le Rdpc qui investit des candidats \u00e0 la pr\u00e9sidence des chambres et dans les Commissions g\u00e9n\u00e9rales et laisse de ce fait un strapontin ici et l\u00e0 aux autres partis politiques. On n\u2019a pas au cours du vote en pl\u00e9ni\u00e8re \u00e9cout\u00e9 un seul candidat s\u2019exprimer sur ce qu\u2019il compte faire \u00e9tant au perchoir ou \u00e0 la t\u00eate d\u2019une commission ou d\u2019un quelconque poste \u00e9lectif. Les \u00e9lections au sein de l\u2019Assembl\u00e9e nationale ou au S\u00e9nat sont, comme on le voit, une affaire de parti, une affaire du parti dominant pr\u00e9cis\u00e9ment qui tient et dirige le parlement. Or le pr\u00e9sident du Rdpc est le pr\u00e9sident de l\u2019Ex\u00e9cutif, le chef de l\u2019Etat. On peut en juger de la distance qui s\u00e9pare les deux pouvoirs.<\/p>\n<p>Une souhaitable ouverture<\/p>\n<p>La d\u00e9mocratie camerounaise en construction fait son bonhomme de chemin depuis les ann\u00e9es1990. Elle traverse un moment de crise inavou\u00e9e dans son fonctionnement apr\u00e8s 30 ans \u00e0 l\u2019\u00e9preuve du terrain. Au moment o\u00f9 le pays s\u2019est fix\u00e9 un cap pour l\u2019\u00e9mergence en 2035 avec la mise sur pied de la Strat\u00e9gie nationale du d\u00e9veloppement qui court de 2020 \u00e0 2030, coupl\u00e9e au processus de la d\u00e9centralisation, il est temps que la R\u00e9publique pense \u00e0 accorder un r\u00f4le plus dynamique \u00e0 l\u2019\u00e9lu du peuple. Si l\u2019investiture \u00e0 la base dans les diff\u00e9rentes circonscriptions \u00e9lectorales est une pr\u00e9rogative des partis politiques, il en irait autrement quand viendra l\u2019heure d\u2019investir tel ou tel candidat \u00e0 un poste de l\u2019Assembl\u00e9e ou du S\u00e9nat. De ce fait au sein du Rdpc par exemple, le candidat \u00e0 investir \u00e0 la pr\u00e9sidence serait issu des primaires en interne.<\/p>\n<p>Au sein de l\u2019h\u00e9micycle, le candidat qui sera \u00e9lu s\u2019en trouvera couronn\u00e9 davantage de l\u00e9gitim\u00e9 non seulement aupr\u00e8s de ses camarades mais aussi aupr\u00e8s de toute la Chambre. On ne perd pas de vue ici le partage g\u00e9opolitique du pouvoir de l\u2019Etat qui tient compte de certains \u00e9quilibres. Cette dynamique nouvelle am\u00e8nerait le pr\u00e9sident de la R\u00e9publique \u00e0 nommer son Premier ministre en tenant compte de l\u2019appartenance r\u00e9gionale des pr\u00e9sidents des deux chambres du parlement. Quand il en sera ainsi, la d\u00e9centralisation s\u2019en trouvera renforc\u00e9e car les d\u00e9put\u00e9s auront plus de coud\u00e9es franches. Par la posture au sein de l\u2019h\u00e9micycle, ils pourront se construire des masses de sympathie pour pr\u00e9tendre aller un jour jusqu\u2019au perchoir. Et ce sera tant mieux.<\/p>\n","protected":false},"excerpt":{"rendered":"<p>Africa-Press &#8211; Cameroun. L\u2019\u00e9lection des bureaux des deux chambres et des diff\u00e9rentes commissions ont mis en \u00e9vidence la dictature de la discipline du parti pour annihiler toute libert\u00e9 aux \u00e9lus de se pr\u00e9senter ou de choisir les diff\u00e9rents responsables. Dans les deux chambres du parlement, le vote est une affaire des partis politiques et non [&hellip;]<\/p>\n","protected":false},"author":82,"featured_media":1843,"comment_status":"open","ping_status":"closed","sticky":false,"template":"","format":"standard","meta":{"footnotes":""},"categories":[11,2,10],"tags":[36,50,49],"class_list":["post-1844","post","type-post","status-publish","format-standard","has-post-thumbnail","hentry","category-homepage-french","category-politique","category-toutes-les-actualites","tag-africa-press","tag-africa-press-cameroun","tag-cameroun"],"yoast_head":"<!-- This site is optimized with the Yoast SEO Premium plugin v26.1 (Yoast SEO v27.0) - https:\/\/yoast.com\/product\/yoast-seo-premium-wordpress\/ -->\n<title>Cameroun : Parlement, le cimeti\u00e8re de l\u2019esprit du vote - Cameroun<\/title>\n<meta name=\"description\" content=\"L\u2019\u00e9lection des bureaux des deux chambres et des diff\u00e9rentes commissions ont mis en \u00e9vidence la dictature de la disciplin ...\" \/>\n<meta name=\"robots\" content=\"index, follow, max-snippet:-1, max-image-preview:large, max-video-preview:-1\" \/>\n<link rel=\"canonical\" href=\"https:\/\/www.africa-press.net\/cameroun\/politique\/cameroun-parlement-le-cimetiere-de-lesprit-du-vote-2\" \/>\n<meta property=\"og:locale\" content=\"fr_FR\" \/>\n<meta property=\"og:type\" content=\"article\" \/>\n<meta property=\"og:title\" content=\"Cameroun : Parlement, le cimeti\u00e8re de l\u2019esprit du vote\" \/>\n<meta property=\"og:description\" content=\"L\u2019\u00e9lection des bureaux des deux chambres et des diff\u00e9rentes commissions ont mis en \u00e9vidence la dictature de la disciplin ...\" \/>\n<meta property=\"og:url\" content=\"https:\/\/www.africa-press.net\/cameroun\/politique\/cameroun-parlement-le-cimetiere-de-lesprit-du-vote-2\" \/>\n<meta property=\"og:site_name\" content=\"Cameroun\" \/>\n<meta property=\"article:published_time\" content=\"2021-03-23T16:57:07+00:00\" \/>\n<meta property=\"article:modified_time\" content=\"2021-03-24T13:52:23+00:00\" \/>\n<meta property=\"og:image\" content=\"https:\/\/static.africa-press.net\/cameroun\/sites\/57\/2021\/03\/img-605b43ff418fd.jpg\" \/>\n\t<meta property=\"og:image:width\" content=\"720\" \/>\n\t<meta property=\"og:image:height\" content=\"321\" \/>\n\t<meta property=\"og:image:type\" content=\"image\/jpeg\" \/>\n<meta name=\"author\" content=\"cfeditorfr\" \/>\n<meta name=\"twitter:card\" content=\"summary_large_image\" \/>\n<meta name=\"twitter:label1\" content=\"\u00c9crit par\" \/>\n\t<meta name=\"twitter:data1\" content=\"cfeditorfr\" \/>\n\t<meta name=\"twitter:label2\" content=\"Dur\u00e9e de lecture estim\u00e9e\" \/>\n\t<meta name=\"twitter:data2\" content=\"4 minutes\" \/>\n<script type=\"application\/ld+json\" class=\"yoast-schema-graph\">{\"@context\":\"https:\/\/schema.org\",\"@graph\":[{\"@type\":\"Article\",\"@id\":\"https:\/\/www.africa-press.net\/cameroun\/politique\/cameroun-parlement-le-cimetiere-de-lesprit-du-vote-2#article\",\"isPartOf\":{\"@id\":\"https:\/\/www.africa-press.net\/cameroun\/politique\/cameroun-parlement-le-cimetiere-de-lesprit-du-vote-2\"},\"author\":{\"name\":\"cfeditorfr\",\"@id\":\"https:\/\/www.africa-press.net\/cameroun\/#\/schema\/person\/2b1cf3cd81a31e3cd26889ca66d677f1\"},\"headline\":\"Cameroun : Parlement, le cimeti\u00e8re de l\u2019esprit du vote\",\"datePublished\":\"2021-03-23T16:57:07+00:00\",\"dateModified\":\"2021-03-24T13:52:23+00:00\",\"mainEntityOfPage\":{\"@id\":\"https:\/\/www.africa-press.net\/cameroun\/politique\/cameroun-parlement-le-cimetiere-de-lesprit-du-vote-2\"},\"wordCount\":786,\"commentCount\":0,\"image\":{\"@id\":\"https:\/\/www.africa-press.net\/cameroun\/politique\/cameroun-parlement-le-cimetiere-de-lesprit-du-vote-2#primaryimage\"},\"thumbnailUrl\":\"https:\/\/static.africa-press.net\/cameroun\/sites\/57\/2021\/03\/img-605b43ff418fd.jpg\",\"keywords\":[\"Africa Press\",\"Africa Press-Cameroun\",\"Cameroun\"],\"articleSection\":[\"homepage-french\",\"Politique\",\"Toutes les actualit\u00e9s\"],\"inLanguage\":\"fr-FR\",\"potentialAction\":[{\"@type\":\"CommentAction\",\"name\":\"Comment\",\"target\":[\"https:\/\/www.africa-press.net\/cameroun\/politique\/cameroun-parlement-le-cimetiere-de-lesprit-du-vote-2#respond\"]}]},{\"@type\":\"WebPage\",\"@id\":\"https:\/\/www.africa-press.net\/cameroun\/politique\/cameroun-parlement-le-cimetiere-de-lesprit-du-vote-2\",\"url\":\"https:\/\/www.africa-press.net\/cameroun\/politique\/cameroun-parlement-le-cimetiere-de-lesprit-du-vote-2\",\"name\":\"Cameroun : Parlement, le cimeti\u00e8re de l\u2019esprit du vote - Cameroun\",\"isPartOf\":{\"@id\":\"https:\/\/www.africa-press.net\/cameroun\/#website\"},\"primaryImageOfPage\":{\"@id\":\"https:\/\/www.africa-press.net\/cameroun\/politique\/cameroun-parlement-le-cimetiere-de-lesprit-du-vote-2#primaryimage\"},\"image\":{\"@id\":\"https:\/\/www.africa-press.net\/cameroun\/politique\/cameroun-parlement-le-cimetiere-de-lesprit-du-vote-2#primaryimage\"},\"thumbnailUrl\":\"https:\/\/static.africa-press.net\/cameroun\/sites\/57\/2021\/03\/img-605b43ff418fd.jpg\",\"datePublished\":\"2021-03-23T16:57:07+00:00\",\"dateModified\":\"2021-03-24T13:52:23+00:00\",\"author\":{\"@id\":\"https:\/\/www.africa-press.net\/cameroun\/#\/schema\/person\/2b1cf3cd81a31e3cd26889ca66d677f1\"},\"description\":\"L\u2019\u00e9lection des bureaux des deux chambres et des diff\u00e9rentes commissions ont mis en \u00e9vidence la dictature de la disciplin ...\",\"breadcrumb\":{\"@id\":\"https:\/\/www.africa-press.net\/cameroun\/politique\/cameroun-parlement-le-cimetiere-de-lesprit-du-vote-2#breadcrumb\"},\"inLanguage\":\"fr-FR\",\"potentialAction\":[{\"@type\":\"ReadAction\",\"target\":[\"https:\/\/www.africa-press.net\/cameroun\/politique\/cameroun-parlement-le-cimetiere-de-lesprit-du-vote-2\"]}]},{\"@type\":\"ImageObject\",\"inLanguage\":\"fr-FR\",\"@id\":\"https:\/\/www.africa-press.net\/cameroun\/politique\/cameroun-parlement-le-cimetiere-de-lesprit-du-vote-2#primaryimage\",\"url\":\"https:\/\/static.africa-press.net\/cameroun\/sites\/57\/2021\/03\/img-605b43ff418fd.jpg\",\"contentUrl\":\"https:\/\/static.africa-press.net\/cameroun\/sites\/57\/2021\/03\/img-605b43ff418fd.jpg\",\"width\":720,\"height\":321,\"caption\":\"Cameroun : Parlement, le cimeti\u00e8re de l\u2019esprit du vote\"},{\"@type\":\"BreadcrumbList\",\"@id\":\"https:\/\/www.africa-press.net\/cameroun\/politique\/cameroun-parlement-le-cimetiere-de-lesprit-du-vote-2#breadcrumb\",\"itemListElement\":[{\"@type\":\"ListItem\",\"position\":1,\"name\":\"Accueil\",\"item\":\"https:\/\/www.africa-press.net\/cameroun\/\"},{\"@type\":\"ListItem\",\"position\":2,\"name\":\"Cameroun : Parlement, le cimeti\u00e8re de l\u2019esprit du vote\"}]},{\"@type\":\"WebSite\",\"@id\":\"https:\/\/www.africa-press.net\/cameroun\/#website\",\"url\":\"https:\/\/www.africa-press.net\/cameroun\/\",\"name\":\"Cameroun\",\"description\":\"Just another Africa News Agency Sites site\",\"potentialAction\":[{\"@type\":\"SearchAction\",\"target\":{\"@type\":\"EntryPoint\",\"urlTemplate\":\"https:\/\/www.africa-press.net\/cameroun\/?s={search_term_string}\"},\"query-input\":{\"@type\":\"PropertyValueSpecification\",\"valueRequired\":true,\"valueName\":\"search_term_string\"}}],\"inLanguage\":\"fr-FR\"},{\"@type\":\"Person\",\"@id\":\"https:\/\/www.africa-press.net\/cameroun\/#\/schema\/person\/2b1cf3cd81a31e3cd26889ca66d677f1\",\"name\":\"cfeditorfr\"}]}<\/script>\n<!-- \/ Yoast SEO Premium plugin. -->","yoast_head_json":{"title":"Cameroun : Parlement, le cimeti\u00e8re de l\u2019esprit du vote - Cameroun","description":"L\u2019\u00e9lection des bureaux des deux chambres et des diff\u00e9rentes commissions ont mis en \u00e9vidence la dictature de la disciplin ...","robots":{"index":"index","follow":"follow","max-snippet":"max-snippet:-1","max-image-preview":"max-image-preview:large","max-video-preview":"max-video-preview:-1"},"canonical":"https:\/\/www.africa-press.net\/cameroun\/politique\/cameroun-parlement-le-cimetiere-de-lesprit-du-vote-2","og_locale":"fr_FR","og_type":"article","og_title":"Cameroun : Parlement, le cimeti\u00e8re de l\u2019esprit du vote","og_description":"L\u2019\u00e9lection des bureaux des deux chambres et des diff\u00e9rentes commissions ont mis en \u00e9vidence la dictature de la disciplin ...","og_url":"https:\/\/www.africa-press.net\/cameroun\/politique\/cameroun-parlement-le-cimetiere-de-lesprit-du-vote-2","og_site_name":"Cameroun","article_published_time":"2021-03-23T16:57:07+00:00","article_modified_time":"2021-03-24T13:52:23+00:00","og_image":[{"width":720,"height":321,"url":"https:\/\/static.africa-press.net\/cameroun\/sites\/57\/2021\/03\/img-605b43ff418fd.jpg","type":"image\/jpeg"}],"author":"cfeditorfr","twitter_card":"summary_large_image","twitter_misc":{"\u00c9crit par":"cfeditorfr","Dur\u00e9e de lecture estim\u00e9e":"4 minutes"},"schema":{"@context":"https:\/\/schema.org","@graph":[{"@type":"Article","@id":"https:\/\/www.africa-press.net\/cameroun\/politique\/cameroun-parlement-le-cimetiere-de-lesprit-du-vote-2#article","isPartOf":{"@id":"https:\/\/www.africa-press.net\/cameroun\/politique\/cameroun-parlement-le-cimetiere-de-lesprit-du-vote-2"},"author":{"name":"cfeditorfr","@id":"https:\/\/www.africa-press.net\/cameroun\/#\/schema\/person\/2b1cf3cd81a31e3cd26889ca66d677f1"},"headline":"Cameroun : Parlement, le cimeti\u00e8re de l\u2019esprit du vote","datePublished":"2021-03-23T16:57:07+00:00","dateModified":"2021-03-24T13:52:23+00:00","mainEntityOfPage":{"@id":"https:\/\/www.africa-press.net\/cameroun\/politique\/cameroun-parlement-le-cimetiere-de-lesprit-du-vote-2"},"wordCount":786,"commentCount":0,"image":{"@id":"https:\/\/www.africa-press.net\/cameroun\/politique\/cameroun-parlement-le-cimetiere-de-lesprit-du-vote-2#primaryimage"},"thumbnailUrl":"https:\/\/static.africa-press.net\/cameroun\/sites\/57\/2021\/03\/img-605b43ff418fd.jpg","keywords":["Africa Press","Africa Press-Cameroun","Cameroun"],"articleSection":["homepage-french","Politique","Toutes les actualit\u00e9s"],"inLanguage":"fr-FR","potentialAction":[{"@type":"CommentAction","name":"Comment","target":["https:\/\/www.africa-press.net\/cameroun\/politique\/cameroun-parlement-le-cimetiere-de-lesprit-du-vote-2#respond"]}]},{"@type":"WebPage","@id":"https:\/\/www.africa-press.net\/cameroun\/politique\/cameroun-parlement-le-cimetiere-de-lesprit-du-vote-2","url":"https:\/\/www.africa-press.net\/cameroun\/politique\/cameroun-parlement-le-cimetiere-de-lesprit-du-vote-2","name":"Cameroun : Parlement, le cimeti\u00e8re de l\u2019esprit du vote - Cameroun","isPartOf":{"@id":"https:\/\/www.africa-press.net\/cameroun\/#website"},"primaryImageOfPage":{"@id":"https:\/\/www.africa-press.net\/cameroun\/politique\/cameroun-parlement-le-cimetiere-de-lesprit-du-vote-2#primaryimage"},"image":{"@id":"https:\/\/www.africa-press.net\/cameroun\/politique\/cameroun-parlement-le-cimetiere-de-lesprit-du-vote-2#primaryimage"},"thumbnailUrl":"https:\/\/static.africa-press.net\/cameroun\/sites\/57\/2021\/03\/img-605b43ff418fd.jpg","datePublished":"2021-03-23T16:57:07+00:00","dateModified":"2021-03-24T13:52:23+00:00","author":{"@id":"https:\/\/www.africa-press.net\/cameroun\/#\/schema\/person\/2b1cf3cd81a31e3cd26889ca66d677f1"},"description":"L\u2019\u00e9lection des bureaux des deux chambres et des diff\u00e9rentes commissions ont mis en \u00e9vidence la dictature de la disciplin ...","breadcrumb":{"@id":"https:\/\/www.africa-press.net\/cameroun\/politique\/cameroun-parlement-le-cimetiere-de-lesprit-du-vote-2#breadcrumb"},"inLanguage":"fr-FR","potentialAction":[{"@type":"ReadAction","target":["https:\/\/www.africa-press.net\/cameroun\/politique\/cameroun-parlement-le-cimetiere-de-lesprit-du-vote-2"]}]},{"@type":"ImageObject","inLanguage":"fr-FR","@id":"https:\/\/www.africa-press.net\/cameroun\/politique\/cameroun-parlement-le-cimetiere-de-lesprit-du-vote-2#primaryimage","url":"https:\/\/static.africa-press.net\/cameroun\/sites\/57\/2021\/03\/img-605b43ff418fd.jpg","contentUrl":"https:\/\/static.africa-press.net\/cameroun\/sites\/57\/2021\/03\/img-605b43ff418fd.jpg","width":720,"height":321,"caption":"Cameroun : Parlement, le cimeti\u00e8re de l\u2019esprit du vote"},{"@type":"BreadcrumbList","@id":"https:\/\/www.africa-press.net\/cameroun\/politique\/cameroun-parlement-le-cimetiere-de-lesprit-du-vote-2#breadcrumb","itemListElement":[{"@type":"ListItem","position":1,"name":"Accueil","item":"https:\/\/www.africa-press.net\/cameroun\/"},{"@type":"ListItem","position":2,"name":"Cameroun : Parlement, le cimeti\u00e8re de l\u2019esprit du vote"}]},{"@type":"WebSite","@id":"https:\/\/www.africa-press.net\/cameroun\/#website","url":"https:\/\/www.africa-press.net\/cameroun\/","name":"Cameroun","description":"Just another Africa News Agency Sites site","potentialAction":[{"@type":"SearchAction","target":{"@type":"EntryPoint","urlTemplate":"https:\/\/www.africa-press.net\/cameroun\/?s={search_term_string}"},"query-input":{"@type":"PropertyValueSpecification","valueRequired":true,"valueName":"search_term_string"}}],"inLanguage":"fr-FR"},{"@type":"Person","@id":"https:\/\/www.africa-press.net\/cameroun\/#\/schema\/person\/2b1cf3cd81a31e3cd26889ca66d677f1","name":"cfeditorfr"}]}},"_links":{"self":[{"href":"https:\/\/www.africa-press.net\/cameroun\/wp-json\/wp\/v2\/posts\/1844","targetHints":{"allow":["GET"]}}],"collection":[{"href":"https:\/\/www.africa-press.net\/cameroun\/wp-json\/wp\/v2\/posts"}],"about":[{"href":"https:\/\/www.africa-press.net\/cameroun\/wp-json\/wp\/v2\/types\/post"}],"author":[{"embeddable":true,"href":"https:\/\/www.africa-press.net\/cameroun\/wp-json\/wp\/v2\/users\/82"}],"replies":[{"embeddable":true,"href":"https:\/\/www.africa-press.net\/cameroun\/wp-json\/wp\/v2\/comments?post=1844"}],"version-history":[{"count":0,"href":"https:\/\/www.africa-press.net\/cameroun\/wp-json\/wp\/v2\/posts\/1844\/revisions"}],"wp:featuredmedia":[{"embeddable":true,"href":"https:\/\/www.africa-press.net\/cameroun\/wp-json\/wp\/v2\/media\/1843"}],"wp:attachment":[{"href":"https:\/\/www.africa-press.net\/cameroun\/wp-json\/wp\/v2\/media?parent=1844"}],"wp:term":[{"taxonomy":"category","embeddable":true,"href":"https:\/\/www.africa-press.net\/cameroun\/wp-json\/wp\/v2\/categories?post=1844"},{"taxonomy":"post_tag","embeddable":true,"href":"https:\/\/www.africa-press.net\/cameroun\/wp-json\/wp\/v2\/tags?post=1844"}],"curies":[{"name":"wp","href":"https:\/\/api.w.org\/{rel}","templated":true}]}}