{"id":1852,"date":"2021-03-25T03:39:03","date_gmt":"2021-03-25T03:39:03","guid":{"rendered":"https:\/\/www.africa-press.net\/cameroun\/politique\/covid-19-decouverte-dune-souche-belge-dont-certains-experts-pensent-quelle-proviendrait-de-la-rdc"},"modified":"2021-03-25T03:39:37","modified_gmt":"2021-03-25T03:39:37","slug":"covid-19-decouverte-dune-souche-belge-dont-certains-experts-pensent-quelle-proviendrait-de-la-rdc","status":"publish","type":"post","link":"https:\/\/www.africa-press.net\/cameroun\/toutes-les-actualites\/covid-19-decouverte-dune-souche-belge-dont-certains-experts-pensent-quelle-proviendrait-de-la-rdc","title":{"rendered":"Covid-19: d\u00e9couverte d&rsquo;une souche belge dont certains experts pensent qu&rsquo;elle proviendrait de la RDC"},"content":{"rendered":"<p><span style=\"color: #ff6600\"><strong><a href=\"https:\/\/www.africa-press.net\/\">Africa-Press<\/a> &#8211; <a href=\"https:\/\/www.africa-press.net\/cameroun\">Cameroun<\/a>. <\/strong><\/span>La souche du virus, baptis\u00e9e B.1.214, a \u00e9t\u00e9 identifi\u00e9e d\u00e8s avril 2020 en Afrique. Elle circule depuis dans au moins 17 pays, dont la Belgique, la Suisse, le Danemark et la France.<\/p>\n<p>L&rsquo;annonce de la d\u00e9couverte d&rsquo;un nouveau variant du Sars-CoV-2 en Belgique a \u00e9t\u00e9 un peu trop rapide. Car d&rsquo;apr\u00e8s nos informations, cette nouvelle souche est, en fait, d&rsquo;abord apparue dans la R\u00e9publique d\u00e9mocratique du Congo, une ancienne colonie belge. Puis dans la banlieue de Brazzaville, en R\u00e9publique du Congo, il y a plusieurs mois.<\/p>\n<p>Le d\u00e9partement de g\u00e9n\u00e9tique m\u00e9dicale du CHU de Li\u00e8ge, a pourtant affirm\u00e9 qu&rsquo;un de ses scientifiques a \u00e9t\u00e9 le premier \u00e0 avoir identifi\u00e9 ce variant. \u00ab C&rsquo;est notre chercheur Keith Durkin qui a identifi\u00e9 ce variant dans le cadre du programme national de surveillance g\u00e9nomique du virus qui a \u00e9t\u00e9 lanc\u00e9 fin d\u00e9cembre dans notre pays \u00bb, avait indiqu\u00e9 dimanche dans le quotidien Le Soir Vincent Bours, responsable du laboratoire d&rsquo;analyse et de s\u00e9quen\u00e7age du Sars-Cov-2 de l&rsquo;Universit\u00e9 de Li\u00e8ge.<\/p>\n<p>Mais la base de donn\u00e9es internationale Gisaid, la plus compl\u00e8te au monde qui regroupe 842.000 s\u00e9quences du coronavirus, permet de d\u00e9couvrir une histoire un peu diff\u00e9rente. En extrayant les donn\u00e9es, il est possible d&rsquo;affirmer que si ce variant appel\u00e9 B.1.214 est surtout pr\u00e9sent en Belgique, puis dans au moins 16 autres pays, notamment la Suisse, le Danemark et la France, il a \u00e9t\u00e9 rep\u00e9r\u00e9 sur des \u00e9chantillons datant d&rsquo;avril 2020 en R\u00e9publique d\u00e9mocratique du Congo, puis dans la R\u00e9publique du Congo ! Soit trois mois avant la d\u00e9couverte r\u00e9trospective du m\u00eame variant en Belgique, retrouv\u00e9 d\u00e8s juin 2020, sur d&rsquo;anciens \u00e9chantillons.<\/p>\n<p><b>Une collaboration entre l&rsquo;Europe et le Congo<\/b><\/p>\n<p>Une partie de la d\u00e9couverte en Afrique est \u00e0 mettre au cr\u00e9dit de chercheurs de l&rsquo;universit\u00e9 de T\u00fcbingen, en Allemagne, en lien avec des scientifiques de Brazzaville (Congo). \u00abC&rsquo;est nous qui avons confirm\u00e9 l&rsquo;origine de ce variant \u00e0 partir de d&rsquo;\u00e9chantillons collect\u00e9s en novembre et d\u00e9cembre dans la R\u00e9publique du Congo. Les r\u00e9sultats ont \u00e9t\u00e9 communiqu\u00e9s au journal du groupe Nature, Scientific Reports\u00bb, pr\u00e9cise au Figaro, le Pr. Thirumalaisamy P. Velavan \u00e0 l&rsquo;Institut de m\u00e9decine tropicale \u00e0 T\u00fcbingen. Des recherches aussi d\u00e9taill\u00e9es par cette \u00e9quipe dans un article scientifique publi\u00e9 dans la revue International Journal of Infectious Diseases, mis en ligne le 15 mars 2021, et qui s&rsquo;intitule (en fran\u00e7ais) : \u00abla surveillance du Sars-CoV-2 dans la R\u00e9publique du Congo\u00bb. Gr\u00e2ce \u00e0 des recherches r\u00e9trospectives, ils ont trouv\u00e9 des \u00e9chantillons contenant ce variant remontant \u00e0 avril 2020. Et un membre de son \u00e9quipe pr\u00e9cise que \u00abselon la base de donn\u00e9es Gisaid, je confirme que les premi\u00e8res s\u00e9quences de la lign\u00e9e B.1.214 ont \u00e9t\u00e9 rapport\u00e9es par une autre \u00e9quipe dans la R\u00e9publique d\u00e9mocratique du Congo (RDC)\/Kinshasa et non par la Belgique \u00bb.<\/p>\n<p>Interrog\u00e9 sur cette origine africaine du variant \u00abd\u00e9couvert\u00bb en Belgique, Vincent Bours a simplement transmis un article, extrait de la base de donn\u00e9es Gisaid, qui d\u00e9crit les mutations du variant au nom de code B.1.214 en janvier 2021, quand Gisaid comptait deux fois moins de r\u00e9f\u00e9rences. Que s&rsquo;est-il pass\u00e9 ? La situation n&rsquo;est pas claire, mais il est possible qu&rsquo;au moment o\u00f9 l&rsquo;\u00e9quipe belge envoie ses r\u00e9sultats \u00e0 la base internationale Gisaid en janvier, les chercheurs allemands et africains n&rsquo;avaient pas encore transmis leurs analyses.<\/p>\n<p>Seule certitude (et bonne nouvelle), ce variant ne porte pas les mutations les plus inqui\u00e9tantes qui caract\u00e9risent les variants dits d&rsquo;inqui\u00e9tude, que sont les variants anglais, sud-africain et br\u00e9silien. Selon les derni\u00e8res informations disponibles, le poids du variant \u00abbelge\u00bb dans les nouvelles contaminations de la population en Belgique est \u00e9quivalent aux variants sud-africain et br\u00e9silien, pourtant apparus plus tard. Et ne devrait donc pas \u00eatre plus contagieux, ni avoir un caract\u00e8re accru de \u00abs\u00e9v\u00e9rit\u00e9\u00bb&#8230;<\/p>\n","protected":false},"excerpt":{"rendered":"<p>Africa-Press &#8211; Cameroun. La souche du virus, baptis\u00e9e B.1.214, a \u00e9t\u00e9 identifi\u00e9e d\u00e8s avril 2020 en Afrique. Elle circule depuis dans au moins 17 pays, dont la Belgique, la Suisse, le Danemark et la France. L&rsquo;annonce de la d\u00e9couverte d&rsquo;un nouveau variant du Sars-CoV-2 en Belgique a \u00e9t\u00e9 un peu trop rapide. Car d&rsquo;apr\u00e8s nos [&hellip;]<\/p>\n","protected":false},"author":82,"featured_media":1851,"comment_status":"open","ping_status":"closed","sticky":false,"template":"","format":"standard","meta":{"footnotes":""},"categories":[22,11,10],"tags":[36,50,91,49,92],"class_list":["post-1852","post","type-post","status-publish","format-standard","has-post-thumbnail","hentry","category-divers","category-homepage-french","category-toutes-les-actualites","tag-africa-press","tag-africa-press-cameroun","tag-brazzaville","tag-cameroun","tag-covid-19"],"yoast_head":"<!-- This site is optimized with the Yoast SEO Premium plugin v26.1 (Yoast SEO v27.0) - https:\/\/yoast.com\/product\/yoast-seo-premium-wordpress\/ -->\n<title>Covid-19: d\u00e9couverte d&#039;une souche belge dont certains experts pensent qu&#039;elle proviendrait de la RDC - Cameroun<\/title>\n<meta name=\"description\" content=\"La souche du virus, baptis\u00e9e B.1.214, a \u00e9t\u00e9 identifi\u00e9e d\u00e8s avril 2020 en Afrique. Elle circule depuis dans au moins 17 p ...\" \/>\n<meta name=\"robots\" content=\"index, follow, max-snippet:-1, max-image-preview:large, max-video-preview:-1\" \/>\n<link rel=\"canonical\" href=\"https:\/\/www.africa-press.net\/cameroun\/toutes-les-actualites\/covid-19-decouverte-dune-souche-belge-dont-certains-experts-pensent-quelle-proviendrait-de-la-rdc\" \/>\n<meta property=\"og:locale\" content=\"fr_FR\" \/>\n<meta property=\"og:type\" content=\"article\" \/>\n<meta property=\"og:title\" content=\"Covid-19: d\u00e9couverte d&#039;une souche belge dont certains experts pensent qu&#039;elle proviendrait de la RDC\" \/>\n<meta property=\"og:description\" content=\"La souche du virus, baptis\u00e9e B.1.214, a \u00e9t\u00e9 identifi\u00e9e d\u00e8s avril 2020 en Afrique. Elle circule depuis dans au moins 17 p ...\" \/>\n<meta property=\"og:url\" content=\"https:\/\/www.africa-press.net\/cameroun\/toutes-les-actualites\/covid-19-decouverte-dune-souche-belge-dont-certains-experts-pensent-quelle-proviendrait-de-la-rdc\" \/>\n<meta property=\"og:site_name\" content=\"Cameroun\" \/>\n<meta property=\"article:published_time\" content=\"2021-03-25T03:39:03+00:00\" \/>\n<meta property=\"article:modified_time\" content=\"2021-03-25T03:39:37+00:00\" \/>\n<meta property=\"og:image\" content=\"https:\/\/static.africa-press.net\/cameroun\/sites\/57\/2021\/03\/img-605c05c5f3a0d.jpg\" \/>\n\t<meta property=\"og:image:width\" content=\"1000\" \/>\n\t<meta property=\"og:image:height\" content=\"500\" \/>\n\t<meta property=\"og:image:type\" content=\"image\/jpeg\" \/>\n<meta name=\"author\" content=\"cfeditorfr\" \/>\n<meta name=\"twitter:card\" content=\"summary_large_image\" \/>\n<meta name=\"twitter:label1\" content=\"\u00c9crit par\" \/>\n\t<meta name=\"twitter:data1\" content=\"cfeditorfr\" \/>\n\t<meta name=\"twitter:label2\" content=\"Dur\u00e9e de lecture estim\u00e9e\" \/>\n\t<meta name=\"twitter:data2\" content=\"3 minutes\" \/>\n<script type=\"application\/ld+json\" class=\"yoast-schema-graph\">{\"@context\":\"https:\/\/schema.org\",\"@graph\":[{\"@type\":\"Article\",\"@id\":\"https:\/\/www.africa-press.net\/cameroun\/toutes-les-actualites\/covid-19-decouverte-dune-souche-belge-dont-certains-experts-pensent-quelle-proviendrait-de-la-rdc#article\",\"isPartOf\":{\"@id\":\"https:\/\/www.africa-press.net\/cameroun\/toutes-les-actualites\/covid-19-decouverte-dune-souche-belge-dont-certains-experts-pensent-quelle-proviendrait-de-la-rdc\"},\"author\":{\"name\":\"cfeditorfr\",\"@id\":\"https:\/\/www.africa-press.net\/cameroun\/#\/schema\/person\/2b1cf3cd81a31e3cd26889ca66d677f1\"},\"headline\":\"Covid-19: d\u00e9couverte d&rsquo;une souche belge dont certains experts pensent qu&rsquo;elle proviendrait de la RDC\",\"datePublished\":\"2021-03-25T03:39:03+00:00\",\"dateModified\":\"2021-03-25T03:39:37+00:00\",\"mainEntityOfPage\":{\"@id\":\"https:\/\/www.africa-press.net\/cameroun\/toutes-les-actualites\/covid-19-decouverte-dune-souche-belge-dont-certains-experts-pensent-quelle-proviendrait-de-la-rdc\"},\"wordCount\":708,\"commentCount\":0,\"image\":{\"@id\":\"https:\/\/www.africa-press.net\/cameroun\/toutes-les-actualites\/covid-19-decouverte-dune-souche-belge-dont-certains-experts-pensent-quelle-proviendrait-de-la-rdc#primaryimage\"},\"thumbnailUrl\":\"https:\/\/static.africa-press.net\/cameroun\/sites\/57\/2021\/03\/img-605c05c5f3a0d.jpg\",\"keywords\":[\"Africa Press\",\"Africa Press-Cameroun\",\"Brazzaville\",\"Cameroun\",\"Covid-19\"],\"articleSection\":[\"Divers\",\"homepage-french\",\"Toutes les actualit\u00e9s\"],\"inLanguage\":\"fr-FR\",\"potentialAction\":[{\"@type\":\"CommentAction\",\"name\":\"Comment\",\"target\":[\"https:\/\/www.africa-press.net\/cameroun\/toutes-les-actualites\/covid-19-decouverte-dune-souche-belge-dont-certains-experts-pensent-quelle-proviendrait-de-la-rdc#respond\"]}]},{\"@type\":\"WebPage\",\"@id\":\"https:\/\/www.africa-press.net\/cameroun\/toutes-les-actualites\/covid-19-decouverte-dune-souche-belge-dont-certains-experts-pensent-quelle-proviendrait-de-la-rdc\",\"url\":\"https:\/\/www.africa-press.net\/cameroun\/toutes-les-actualites\/covid-19-decouverte-dune-souche-belge-dont-certains-experts-pensent-quelle-proviendrait-de-la-rdc\",\"name\":\"Covid-19: d\u00e9couverte d'une souche belge dont certains experts pensent qu'elle proviendrait de la RDC - Cameroun\",\"isPartOf\":{\"@id\":\"https:\/\/www.africa-press.net\/cameroun\/#website\"},\"primaryImageOfPage\":{\"@id\":\"https:\/\/www.africa-press.net\/cameroun\/toutes-les-actualites\/covid-19-decouverte-dune-souche-belge-dont-certains-experts-pensent-quelle-proviendrait-de-la-rdc#primaryimage\"},\"image\":{\"@id\":\"https:\/\/www.africa-press.net\/cameroun\/toutes-les-actualites\/covid-19-decouverte-dune-souche-belge-dont-certains-experts-pensent-quelle-proviendrait-de-la-rdc#primaryimage\"},\"thumbnailUrl\":\"https:\/\/static.africa-press.net\/cameroun\/sites\/57\/2021\/03\/img-605c05c5f3a0d.jpg\",\"datePublished\":\"2021-03-25T03:39:03+00:00\",\"dateModified\":\"2021-03-25T03:39:37+00:00\",\"author\":{\"@id\":\"https:\/\/www.africa-press.net\/cameroun\/#\/schema\/person\/2b1cf3cd81a31e3cd26889ca66d677f1\"},\"description\":\"La souche du virus, baptis\u00e9e B.1.214, a \u00e9t\u00e9 identifi\u00e9e d\u00e8s avril 2020 en Afrique. Elle circule depuis dans au moins 17 p ...\",\"breadcrumb\":{\"@id\":\"https:\/\/www.africa-press.net\/cameroun\/toutes-les-actualites\/covid-19-decouverte-dune-souche-belge-dont-certains-experts-pensent-quelle-proviendrait-de-la-rdc#breadcrumb\"},\"inLanguage\":\"fr-FR\",\"potentialAction\":[{\"@type\":\"ReadAction\",\"target\":[\"https:\/\/www.africa-press.net\/cameroun\/toutes-les-actualites\/covid-19-decouverte-dune-souche-belge-dont-certains-experts-pensent-quelle-proviendrait-de-la-rdc\"]}]},{\"@type\":\"ImageObject\",\"inLanguage\":\"fr-FR\",\"@id\":\"https:\/\/www.africa-press.net\/cameroun\/toutes-les-actualites\/covid-19-decouverte-dune-souche-belge-dont-certains-experts-pensent-quelle-proviendrait-de-la-rdc#primaryimage\",\"url\":\"https:\/\/static.africa-press.net\/cameroun\/sites\/57\/2021\/03\/img-605c05c5f3a0d.jpg\",\"contentUrl\":\"https:\/\/static.africa-press.net\/cameroun\/sites\/57\/2021\/03\/img-605c05c5f3a0d.jpg\",\"width\":1000,\"height\":500,\"caption\":\"Covid-19: d\u00e9couverte d'une souche belge dont certains experts pensent qu'elle proviendrait de la RDC\"},{\"@type\":\"BreadcrumbList\",\"@id\":\"https:\/\/www.africa-press.net\/cameroun\/toutes-les-actualites\/covid-19-decouverte-dune-souche-belge-dont-certains-experts-pensent-quelle-proviendrait-de-la-rdc#breadcrumb\",\"itemListElement\":[{\"@type\":\"ListItem\",\"position\":1,\"name\":\"Accueil\",\"item\":\"https:\/\/www.africa-press.net\/cameroun\/\"},{\"@type\":\"ListItem\",\"position\":2,\"name\":\"Covid-19: d\u00e9couverte d&#8217;une souche belge dont certains experts pensent qu&#8217;elle proviendrait de la RDC\"}]},{\"@type\":\"WebSite\",\"@id\":\"https:\/\/www.africa-press.net\/cameroun\/#website\",\"url\":\"https:\/\/www.africa-press.net\/cameroun\/\",\"name\":\"Cameroun\",\"description\":\"Just another Africa News Agency Sites site\",\"potentialAction\":[{\"@type\":\"SearchAction\",\"target\":{\"@type\":\"EntryPoint\",\"urlTemplate\":\"https:\/\/www.africa-press.net\/cameroun\/?s={search_term_string}\"},\"query-input\":{\"@type\":\"PropertyValueSpecification\",\"valueRequired\":true,\"valueName\":\"search_term_string\"}}],\"inLanguage\":\"fr-FR\"},{\"@type\":\"Person\",\"@id\":\"https:\/\/www.africa-press.net\/cameroun\/#\/schema\/person\/2b1cf3cd81a31e3cd26889ca66d677f1\",\"name\":\"cfeditorfr\"}]}<\/script>\n<!-- \/ Yoast SEO Premium plugin. -->","yoast_head_json":{"title":"Covid-19: d\u00e9couverte d'une souche belge dont certains experts pensent qu'elle proviendrait de la RDC - Cameroun","description":"La souche du virus, baptis\u00e9e B.1.214, a \u00e9t\u00e9 identifi\u00e9e d\u00e8s avril 2020 en Afrique. Elle circule depuis dans au moins 17 p ...","robots":{"index":"index","follow":"follow","max-snippet":"max-snippet:-1","max-image-preview":"max-image-preview:large","max-video-preview":"max-video-preview:-1"},"canonical":"https:\/\/www.africa-press.net\/cameroun\/toutes-les-actualites\/covid-19-decouverte-dune-souche-belge-dont-certains-experts-pensent-quelle-proviendrait-de-la-rdc","og_locale":"fr_FR","og_type":"article","og_title":"Covid-19: d\u00e9couverte d'une souche belge dont certains experts pensent qu'elle proviendrait de la RDC","og_description":"La souche du virus, baptis\u00e9e B.1.214, a \u00e9t\u00e9 identifi\u00e9e d\u00e8s avril 2020 en Afrique. Elle circule depuis dans au moins 17 p ...","og_url":"https:\/\/www.africa-press.net\/cameroun\/toutes-les-actualites\/covid-19-decouverte-dune-souche-belge-dont-certains-experts-pensent-quelle-proviendrait-de-la-rdc","og_site_name":"Cameroun","article_published_time":"2021-03-25T03:39:03+00:00","article_modified_time":"2021-03-25T03:39:37+00:00","og_image":[{"width":1000,"height":500,"url":"https:\/\/static.africa-press.net\/cameroun\/sites\/57\/2021\/03\/img-605c05c5f3a0d.jpg","type":"image\/jpeg"}],"author":"cfeditorfr","twitter_card":"summary_large_image","twitter_misc":{"\u00c9crit par":"cfeditorfr","Dur\u00e9e de lecture estim\u00e9e":"3 minutes"},"schema":{"@context":"https:\/\/schema.org","@graph":[{"@type":"Article","@id":"https:\/\/www.africa-press.net\/cameroun\/toutes-les-actualites\/covid-19-decouverte-dune-souche-belge-dont-certains-experts-pensent-quelle-proviendrait-de-la-rdc#article","isPartOf":{"@id":"https:\/\/www.africa-press.net\/cameroun\/toutes-les-actualites\/covid-19-decouverte-dune-souche-belge-dont-certains-experts-pensent-quelle-proviendrait-de-la-rdc"},"author":{"name":"cfeditorfr","@id":"https:\/\/www.africa-press.net\/cameroun\/#\/schema\/person\/2b1cf3cd81a31e3cd26889ca66d677f1"},"headline":"Covid-19: d\u00e9couverte d&rsquo;une souche belge dont certains experts pensent qu&rsquo;elle proviendrait de la RDC","datePublished":"2021-03-25T03:39:03+00:00","dateModified":"2021-03-25T03:39:37+00:00","mainEntityOfPage":{"@id":"https:\/\/www.africa-press.net\/cameroun\/toutes-les-actualites\/covid-19-decouverte-dune-souche-belge-dont-certains-experts-pensent-quelle-proviendrait-de-la-rdc"},"wordCount":708,"commentCount":0,"image":{"@id":"https:\/\/www.africa-press.net\/cameroun\/toutes-les-actualites\/covid-19-decouverte-dune-souche-belge-dont-certains-experts-pensent-quelle-proviendrait-de-la-rdc#primaryimage"},"thumbnailUrl":"https:\/\/static.africa-press.net\/cameroun\/sites\/57\/2021\/03\/img-605c05c5f3a0d.jpg","keywords":["Africa Press","Africa Press-Cameroun","Brazzaville","Cameroun","Covid-19"],"articleSection":["Divers","homepage-french","Toutes les actualit\u00e9s"],"inLanguage":"fr-FR","potentialAction":[{"@type":"CommentAction","name":"Comment","target":["https:\/\/www.africa-press.net\/cameroun\/toutes-les-actualites\/covid-19-decouverte-dune-souche-belge-dont-certains-experts-pensent-quelle-proviendrait-de-la-rdc#respond"]}]},{"@type":"WebPage","@id":"https:\/\/www.africa-press.net\/cameroun\/toutes-les-actualites\/covid-19-decouverte-dune-souche-belge-dont-certains-experts-pensent-quelle-proviendrait-de-la-rdc","url":"https:\/\/www.africa-press.net\/cameroun\/toutes-les-actualites\/covid-19-decouverte-dune-souche-belge-dont-certains-experts-pensent-quelle-proviendrait-de-la-rdc","name":"Covid-19: d\u00e9couverte d'une souche belge dont certains experts pensent qu'elle proviendrait de la RDC - Cameroun","isPartOf":{"@id":"https:\/\/www.africa-press.net\/cameroun\/#website"},"primaryImageOfPage":{"@id":"https:\/\/www.africa-press.net\/cameroun\/toutes-les-actualites\/covid-19-decouverte-dune-souche-belge-dont-certains-experts-pensent-quelle-proviendrait-de-la-rdc#primaryimage"},"image":{"@id":"https:\/\/www.africa-press.net\/cameroun\/toutes-les-actualites\/covid-19-decouverte-dune-souche-belge-dont-certains-experts-pensent-quelle-proviendrait-de-la-rdc#primaryimage"},"thumbnailUrl":"https:\/\/static.africa-press.net\/cameroun\/sites\/57\/2021\/03\/img-605c05c5f3a0d.jpg","datePublished":"2021-03-25T03:39:03+00:00","dateModified":"2021-03-25T03:39:37+00:00","author":{"@id":"https:\/\/www.africa-press.net\/cameroun\/#\/schema\/person\/2b1cf3cd81a31e3cd26889ca66d677f1"},"description":"La souche du virus, baptis\u00e9e B.1.214, a \u00e9t\u00e9 identifi\u00e9e d\u00e8s avril 2020 en Afrique. Elle circule depuis dans au moins 17 p ...","breadcrumb":{"@id":"https:\/\/www.africa-press.net\/cameroun\/toutes-les-actualites\/covid-19-decouverte-dune-souche-belge-dont-certains-experts-pensent-quelle-proviendrait-de-la-rdc#breadcrumb"},"inLanguage":"fr-FR","potentialAction":[{"@type":"ReadAction","target":["https:\/\/www.africa-press.net\/cameroun\/toutes-les-actualites\/covid-19-decouverte-dune-souche-belge-dont-certains-experts-pensent-quelle-proviendrait-de-la-rdc"]}]},{"@type":"ImageObject","inLanguage":"fr-FR","@id":"https:\/\/www.africa-press.net\/cameroun\/toutes-les-actualites\/covid-19-decouverte-dune-souche-belge-dont-certains-experts-pensent-quelle-proviendrait-de-la-rdc#primaryimage","url":"https:\/\/static.africa-press.net\/cameroun\/sites\/57\/2021\/03\/img-605c05c5f3a0d.jpg","contentUrl":"https:\/\/static.africa-press.net\/cameroun\/sites\/57\/2021\/03\/img-605c05c5f3a0d.jpg","width":1000,"height":500,"caption":"Covid-19: d\u00e9couverte d'une souche belge dont certains experts pensent qu'elle proviendrait de la RDC"},{"@type":"BreadcrumbList","@id":"https:\/\/www.africa-press.net\/cameroun\/toutes-les-actualites\/covid-19-decouverte-dune-souche-belge-dont-certains-experts-pensent-quelle-proviendrait-de-la-rdc#breadcrumb","itemListElement":[{"@type":"ListItem","position":1,"name":"Accueil","item":"https:\/\/www.africa-press.net\/cameroun\/"},{"@type":"ListItem","position":2,"name":"Covid-19: d\u00e9couverte d&#8217;une souche belge dont certains experts pensent qu&#8217;elle proviendrait de la RDC"}]},{"@type":"WebSite","@id":"https:\/\/www.africa-press.net\/cameroun\/#website","url":"https:\/\/www.africa-press.net\/cameroun\/","name":"Cameroun","description":"Just another Africa News Agency Sites site","potentialAction":[{"@type":"SearchAction","target":{"@type":"EntryPoint","urlTemplate":"https:\/\/www.africa-press.net\/cameroun\/?s={search_term_string}"},"query-input":{"@type":"PropertyValueSpecification","valueRequired":true,"valueName":"search_term_string"}}],"inLanguage":"fr-FR"},{"@type":"Person","@id":"https:\/\/www.africa-press.net\/cameroun\/#\/schema\/person\/2b1cf3cd81a31e3cd26889ca66d677f1","name":"cfeditorfr"}]}},"_links":{"self":[{"href":"https:\/\/www.africa-press.net\/cameroun\/wp-json\/wp\/v2\/posts\/1852","targetHints":{"allow":["GET"]}}],"collection":[{"href":"https:\/\/www.africa-press.net\/cameroun\/wp-json\/wp\/v2\/posts"}],"about":[{"href":"https:\/\/www.africa-press.net\/cameroun\/wp-json\/wp\/v2\/types\/post"}],"author":[{"embeddable":true,"href":"https:\/\/www.africa-press.net\/cameroun\/wp-json\/wp\/v2\/users\/82"}],"replies":[{"embeddable":true,"href":"https:\/\/www.africa-press.net\/cameroun\/wp-json\/wp\/v2\/comments?post=1852"}],"version-history":[{"count":0,"href":"https:\/\/www.africa-press.net\/cameroun\/wp-json\/wp\/v2\/posts\/1852\/revisions"}],"wp:featuredmedia":[{"embeddable":true,"href":"https:\/\/www.africa-press.net\/cameroun\/wp-json\/wp\/v2\/media\/1851"}],"wp:attachment":[{"href":"https:\/\/www.africa-press.net\/cameroun\/wp-json\/wp\/v2\/media?parent=1852"}],"wp:term":[{"taxonomy":"category","embeddable":true,"href":"https:\/\/www.africa-press.net\/cameroun\/wp-json\/wp\/v2\/categories?post=1852"},{"taxonomy":"post_tag","embeddable":true,"href":"https:\/\/www.africa-press.net\/cameroun\/wp-json\/wp\/v2\/tags?post=1852"}],"curies":[{"name":"wp","href":"https:\/\/api.w.org\/{rel}","templated":true}]}}