{"id":1870,"date":"2021-03-29T14:08:19","date_gmt":"2021-03-29T14:08:19","guid":{"rendered":"https:\/\/www.africa-press.net\/cameroun\/politique\/whatsapp-desactivera-les-comptes-de-tous-ceux-qui-rejettent-ses-nouvelles-conditions"},"modified":"2021-03-30T15:06:51","modified_gmt":"2021-03-30T15:06:51","slug":"whatsapp-desactivera-les-comptes-de-tous-ceux-qui-rejettent-ses-nouvelles-conditions","status":"publish","type":"post","link":"https:\/\/www.africa-press.net\/cameroun\/toutes-les-actualites\/whatsapp-desactivera-les-comptes-de-tous-ceux-qui-rejettent-ses-nouvelles-conditions","title":{"rendered":"WhatsApp d\u00e9sactivera les comptes de tous ceux qui rejettent ses nouvelles conditions"},"content":{"rendered":"<p><span style=\"color: #ff6600\"><strong><a href=\"https:\/\/www.africa-press.net\/\">Africa-Press<\/a> &#8211; <a href=\"https:\/\/www.africa-press.net\/cameroun\">Cameroun<\/a>. <\/strong><\/span>Les utilisateurs de WhatsApp qui n\u2019acceptent pas ses conditions g\u00e9n\u00e9rales mises \u00e0 jour avant la date limite du 15 mai ne pourront pas recevoir ni envoyer de messages.<\/p>\n<p>Leur compte sera r\u00e9pertori\u00e9 comme \u201cinactif\u201d. Et les comptes inactifs peuvent \u00eatre supprim\u00e9s apr\u00e8s 120 jours.<\/p>\n<p>Les appels et les notifications fonctionneront encore pendant \u201cun court instant\u201d mais, selon TechCrunch, probablement seulement \u201cquelques semaines\u201d.<\/p>\n<p>WhatsApp a annonc\u00e9 la mise \u00e0 jour en janvier.<\/p>\n<p>Il y a eu une r\u00e9action brutale parmi de nombreux utilisateurs qui pensaient que cela signifiait que l\u2019entreprise pr\u00e9voyait de modifier la quantit\u00e9 de donn\u00e9es qu\u2019elle partage avec sa soci\u00e9t\u00e9 m\u00e8re, Facebook.<\/p>\n<p>Il a clarifi\u00e9 plus tard que ce n\u2019\u00e9tait pas le cas \u2013 la mise \u00e0 jour vise en fait \u00e0 permettre d\u2019effectuer des paiements aux entreprises.<\/p>\n<p><b>Notifier les utilisateurs<\/b><\/p>\n<p>WhatsApp partage d\u00e9j\u00e0 certaines informations avec Facebook, telles que l\u2019adresse IP de l\u2019utilisateur (une s\u00e9quence de chiffres attach\u00e9e \u00e0 chaque appareil qui se connecte \u00e0 Internet, elle peut \u00e9galement \u00eatre utilis\u00e9e pour d\u00e9terminer son emplacement) et les achats effectu\u00e9s via la plateforme.<\/p>\n<p>Mais ce n\u2019est pas le cas en Europe et au Royaume-Uni, o\u00f9 diff\u00e9rentes lois sur la protection de la vie priv\u00e9e existent.<\/p>\n<p>Suite \u00e0 l\u2019annonce initiale, des plates-formes telles que Telegram et Signal ont connu une \u00e9norme augmentation de la demande, les utilisateurs de WhatsApp recherchant des services de messagerie crypt\u00e9e alternatifs.<\/p>\n<p>WhatsApp a retard\u00e9 le d\u00e9ploiement initial et a maintenant chang\u00e9 la fa\u00e7on dont il informe les utilisateurs des changements.<\/p>\n","protected":false},"excerpt":{"rendered":"<p>Africa-Press &#8211; Cameroun. Les utilisateurs de WhatsApp qui n\u2019acceptent pas ses conditions g\u00e9n\u00e9rales mises \u00e0 jour avant la date limite du 15 mai ne pourront pas recevoir ni envoyer de messages. Leur compte sera r\u00e9pertori\u00e9 comme \u201cinactif\u201d. Et les comptes inactifs peuvent \u00eatre supprim\u00e9s apr\u00e8s 120 jours. Les appels et les notifications fonctionneront encore pendant [&hellip;]<\/p>\n","protected":false},"author":82,"featured_media":1869,"comment_status":"open","ping_status":"closed","sticky":false,"template":"","format":"standard","meta":{"footnotes":""},"categories":[22,11,10],"tags":[36,50,49,101],"class_list":["post-1870","post","type-post","status-publish","format-standard","has-post-thumbnail","hentry","category-divers","category-homepage-french","category-toutes-les-actualites","tag-africa-press","tag-africa-press-cameroun","tag-cameroun","tag-whatsapp"],"yoast_head":"<!-- This site is optimized with the Yoast SEO Premium plugin v26.1 (Yoast SEO v27.0) - https:\/\/yoast.com\/product\/yoast-seo-premium-wordpress\/ -->\n<title>WhatsApp d\u00e9sactivera les comptes de tous ceux qui rejettent ses nouvelles conditions - Cameroun<\/title>\n<meta name=\"description\" content=\"Les utilisateurs de WhatsApp qui n\u2019acceptent pas ses conditions g\u00e9n\u00e9rales mises \u00e0 jour avant la date limite du 15 mai ne ...\" \/>\n<meta name=\"robots\" content=\"index, follow, max-snippet:-1, max-image-preview:large, max-video-preview:-1\" \/>\n<link rel=\"canonical\" href=\"https:\/\/www.africa-press.net\/cameroun\/toutes-les-actualites\/whatsapp-desactivera-les-comptes-de-tous-ceux-qui-rejettent-ses-nouvelles-conditions\" \/>\n<meta property=\"og:locale\" content=\"fr_FR\" \/>\n<meta property=\"og:type\" content=\"article\" \/>\n<meta property=\"og:title\" content=\"WhatsApp d\u00e9sactivera les comptes de tous ceux qui rejettent ses nouvelles conditions\" \/>\n<meta property=\"og:description\" content=\"Les utilisateurs de WhatsApp qui n\u2019acceptent pas ses conditions g\u00e9n\u00e9rales mises \u00e0 jour avant la date limite du 15 mai ne ...\" \/>\n<meta property=\"og:url\" content=\"https:\/\/www.africa-press.net\/cameroun\/toutes-les-actualites\/whatsapp-desactivera-les-comptes-de-tous-ceux-qui-rejettent-ses-nouvelles-conditions\" \/>\n<meta property=\"og:site_name\" content=\"Cameroun\" \/>\n<meta property=\"article:published_time\" content=\"2021-03-29T14:08:19+00:00\" \/>\n<meta property=\"article:modified_time\" content=\"2021-03-30T15:06:51+00:00\" \/>\n<meta property=\"og:image\" content=\"https:\/\/static.africa-press.net\/cameroun\/sites\/57\/2021\/03\/img-60633e59c970b.jpg\" \/>\n\t<meta property=\"og:image:width\" content=\"720\" \/>\n\t<meta property=\"og:image:height\" content=\"405\" \/>\n\t<meta property=\"og:image:type\" content=\"image\/jpeg\" \/>\n<meta name=\"author\" content=\"cfeditorfr\" \/>\n<meta name=\"twitter:card\" content=\"summary_large_image\" \/>\n<meta name=\"twitter:label1\" content=\"\u00c9crit par\" \/>\n\t<meta name=\"twitter:data1\" content=\"cfeditorfr\" \/>\n\t<meta name=\"twitter:label2\" content=\"Dur\u00e9e de lecture estim\u00e9e\" \/>\n\t<meta name=\"twitter:data2\" content=\"1 minute\" \/>\n<script type=\"application\/ld+json\" class=\"yoast-schema-graph\">{\"@context\":\"https:\/\/schema.org\",\"@graph\":[{\"@type\":\"Article\",\"@id\":\"https:\/\/www.africa-press.net\/cameroun\/toutes-les-actualites\/whatsapp-desactivera-les-comptes-de-tous-ceux-qui-rejettent-ses-nouvelles-conditions#article\",\"isPartOf\":{\"@id\":\"https:\/\/www.africa-press.net\/cameroun\/toutes-les-actualites\/whatsapp-desactivera-les-comptes-de-tous-ceux-qui-rejettent-ses-nouvelles-conditions\"},\"author\":{\"name\":\"cfeditorfr\",\"@id\":\"https:\/\/www.africa-press.net\/cameroun\/#\/schema\/person\/2b1cf3cd81a31e3cd26889ca66d677f1\"},\"headline\":\"WhatsApp d\u00e9sactivera les comptes de tous ceux qui rejettent ses nouvelles conditions\",\"datePublished\":\"2021-03-29T14:08:19+00:00\",\"dateModified\":\"2021-03-30T15:06:51+00:00\",\"mainEntityOfPage\":{\"@id\":\"https:\/\/www.africa-press.net\/cameroun\/toutes-les-actualites\/whatsapp-desactivera-les-comptes-de-tous-ceux-qui-rejettent-ses-nouvelles-conditions\"},\"wordCount\":281,\"commentCount\":0,\"image\":{\"@id\":\"https:\/\/www.africa-press.net\/cameroun\/toutes-les-actualites\/whatsapp-desactivera-les-comptes-de-tous-ceux-qui-rejettent-ses-nouvelles-conditions#primaryimage\"},\"thumbnailUrl\":\"https:\/\/static.africa-press.net\/cameroun\/sites\/57\/2021\/03\/img-60633e59c970b.jpg\",\"keywords\":[\"Africa Press\",\"Africa Press-Cameroun\",\"Cameroun\",\"WhatsApp\"],\"articleSection\":[\"Divers\",\"homepage-french\",\"Toutes les actualit\u00e9s\"],\"inLanguage\":\"fr-FR\",\"potentialAction\":[{\"@type\":\"CommentAction\",\"name\":\"Comment\",\"target\":[\"https:\/\/www.africa-press.net\/cameroun\/toutes-les-actualites\/whatsapp-desactivera-les-comptes-de-tous-ceux-qui-rejettent-ses-nouvelles-conditions#respond\"]}]},{\"@type\":\"WebPage\",\"@id\":\"https:\/\/www.africa-press.net\/cameroun\/toutes-les-actualites\/whatsapp-desactivera-les-comptes-de-tous-ceux-qui-rejettent-ses-nouvelles-conditions\",\"url\":\"https:\/\/www.africa-press.net\/cameroun\/toutes-les-actualites\/whatsapp-desactivera-les-comptes-de-tous-ceux-qui-rejettent-ses-nouvelles-conditions\",\"name\":\"WhatsApp d\u00e9sactivera les comptes de tous ceux qui rejettent ses nouvelles conditions - Cameroun\",\"isPartOf\":{\"@id\":\"https:\/\/www.africa-press.net\/cameroun\/#website\"},\"primaryImageOfPage\":{\"@id\":\"https:\/\/www.africa-press.net\/cameroun\/toutes-les-actualites\/whatsapp-desactivera-les-comptes-de-tous-ceux-qui-rejettent-ses-nouvelles-conditions#primaryimage\"},\"image\":{\"@id\":\"https:\/\/www.africa-press.net\/cameroun\/toutes-les-actualites\/whatsapp-desactivera-les-comptes-de-tous-ceux-qui-rejettent-ses-nouvelles-conditions#primaryimage\"},\"thumbnailUrl\":\"https:\/\/static.africa-press.net\/cameroun\/sites\/57\/2021\/03\/img-60633e59c970b.jpg\",\"datePublished\":\"2021-03-29T14:08:19+00:00\",\"dateModified\":\"2021-03-30T15:06:51+00:00\",\"author\":{\"@id\":\"https:\/\/www.africa-press.net\/cameroun\/#\/schema\/person\/2b1cf3cd81a31e3cd26889ca66d677f1\"},\"description\":\"Les utilisateurs de WhatsApp qui n\u2019acceptent pas ses conditions g\u00e9n\u00e9rales mises \u00e0 jour avant la date limite du 15 mai ne ...\",\"breadcrumb\":{\"@id\":\"https:\/\/www.africa-press.net\/cameroun\/toutes-les-actualites\/whatsapp-desactivera-les-comptes-de-tous-ceux-qui-rejettent-ses-nouvelles-conditions#breadcrumb\"},\"inLanguage\":\"fr-FR\",\"potentialAction\":[{\"@type\":\"ReadAction\",\"target\":[\"https:\/\/www.africa-press.net\/cameroun\/toutes-les-actualites\/whatsapp-desactivera-les-comptes-de-tous-ceux-qui-rejettent-ses-nouvelles-conditions\"]}]},{\"@type\":\"ImageObject\",\"inLanguage\":\"fr-FR\",\"@id\":\"https:\/\/www.africa-press.net\/cameroun\/toutes-les-actualites\/whatsapp-desactivera-les-comptes-de-tous-ceux-qui-rejettent-ses-nouvelles-conditions#primaryimage\",\"url\":\"https:\/\/static.africa-press.net\/cameroun\/sites\/57\/2021\/03\/img-60633e59c970b.jpg\",\"contentUrl\":\"https:\/\/static.africa-press.net\/cameroun\/sites\/57\/2021\/03\/img-60633e59c970b.jpg\",\"width\":720,\"height\":405,\"caption\":\"WhatsApp d\u00e9sactivera les comptes de tous ceux qui rejettent ses nouvelles conditions\"},{\"@type\":\"BreadcrumbList\",\"@id\":\"https:\/\/www.africa-press.net\/cameroun\/toutes-les-actualites\/whatsapp-desactivera-les-comptes-de-tous-ceux-qui-rejettent-ses-nouvelles-conditions#breadcrumb\",\"itemListElement\":[{\"@type\":\"ListItem\",\"position\":1,\"name\":\"Accueil\",\"item\":\"https:\/\/www.africa-press.net\/cameroun\/\"},{\"@type\":\"ListItem\",\"position\":2,\"name\":\"WhatsApp d\u00e9sactivera les comptes de tous ceux qui rejettent ses nouvelles conditions\"}]},{\"@type\":\"WebSite\",\"@id\":\"https:\/\/www.africa-press.net\/cameroun\/#website\",\"url\":\"https:\/\/www.africa-press.net\/cameroun\/\",\"name\":\"Cameroun\",\"description\":\"Just another Africa News Agency Sites site\",\"potentialAction\":[{\"@type\":\"SearchAction\",\"target\":{\"@type\":\"EntryPoint\",\"urlTemplate\":\"https:\/\/www.africa-press.net\/cameroun\/?s={search_term_string}\"},\"query-input\":{\"@type\":\"PropertyValueSpecification\",\"valueRequired\":true,\"valueName\":\"search_term_string\"}}],\"inLanguage\":\"fr-FR\"},{\"@type\":\"Person\",\"@id\":\"https:\/\/www.africa-press.net\/cameroun\/#\/schema\/person\/2b1cf3cd81a31e3cd26889ca66d677f1\",\"name\":\"cfeditorfr\"}]}<\/script>\n<!-- \/ Yoast SEO Premium plugin. -->","yoast_head_json":{"title":"WhatsApp d\u00e9sactivera les comptes de tous ceux qui rejettent ses nouvelles conditions - Cameroun","description":"Les utilisateurs de WhatsApp qui n\u2019acceptent pas ses conditions g\u00e9n\u00e9rales mises \u00e0 jour avant la date limite du 15 mai ne ...","robots":{"index":"index","follow":"follow","max-snippet":"max-snippet:-1","max-image-preview":"max-image-preview:large","max-video-preview":"max-video-preview:-1"},"canonical":"https:\/\/www.africa-press.net\/cameroun\/toutes-les-actualites\/whatsapp-desactivera-les-comptes-de-tous-ceux-qui-rejettent-ses-nouvelles-conditions","og_locale":"fr_FR","og_type":"article","og_title":"WhatsApp d\u00e9sactivera les comptes de tous ceux qui rejettent ses nouvelles conditions","og_description":"Les utilisateurs de WhatsApp qui n\u2019acceptent pas ses conditions g\u00e9n\u00e9rales mises \u00e0 jour avant la date limite du 15 mai ne ...","og_url":"https:\/\/www.africa-press.net\/cameroun\/toutes-les-actualites\/whatsapp-desactivera-les-comptes-de-tous-ceux-qui-rejettent-ses-nouvelles-conditions","og_site_name":"Cameroun","article_published_time":"2021-03-29T14:08:19+00:00","article_modified_time":"2021-03-30T15:06:51+00:00","og_image":[{"width":720,"height":405,"url":"https:\/\/static.africa-press.net\/cameroun\/sites\/57\/2021\/03\/img-60633e59c970b.jpg","type":"image\/jpeg"}],"author":"cfeditorfr","twitter_card":"summary_large_image","twitter_misc":{"\u00c9crit par":"cfeditorfr","Dur\u00e9e de lecture estim\u00e9e":"1 minute"},"schema":{"@context":"https:\/\/schema.org","@graph":[{"@type":"Article","@id":"https:\/\/www.africa-press.net\/cameroun\/toutes-les-actualites\/whatsapp-desactivera-les-comptes-de-tous-ceux-qui-rejettent-ses-nouvelles-conditions#article","isPartOf":{"@id":"https:\/\/www.africa-press.net\/cameroun\/toutes-les-actualites\/whatsapp-desactivera-les-comptes-de-tous-ceux-qui-rejettent-ses-nouvelles-conditions"},"author":{"name":"cfeditorfr","@id":"https:\/\/www.africa-press.net\/cameroun\/#\/schema\/person\/2b1cf3cd81a31e3cd26889ca66d677f1"},"headline":"WhatsApp d\u00e9sactivera les comptes de tous ceux qui rejettent ses nouvelles conditions","datePublished":"2021-03-29T14:08:19+00:00","dateModified":"2021-03-30T15:06:51+00:00","mainEntityOfPage":{"@id":"https:\/\/www.africa-press.net\/cameroun\/toutes-les-actualites\/whatsapp-desactivera-les-comptes-de-tous-ceux-qui-rejettent-ses-nouvelles-conditions"},"wordCount":281,"commentCount":0,"image":{"@id":"https:\/\/www.africa-press.net\/cameroun\/toutes-les-actualites\/whatsapp-desactivera-les-comptes-de-tous-ceux-qui-rejettent-ses-nouvelles-conditions#primaryimage"},"thumbnailUrl":"https:\/\/static.africa-press.net\/cameroun\/sites\/57\/2021\/03\/img-60633e59c970b.jpg","keywords":["Africa Press","Africa Press-Cameroun","Cameroun","WhatsApp"],"articleSection":["Divers","homepage-french","Toutes les actualit\u00e9s"],"inLanguage":"fr-FR","potentialAction":[{"@type":"CommentAction","name":"Comment","target":["https:\/\/www.africa-press.net\/cameroun\/toutes-les-actualites\/whatsapp-desactivera-les-comptes-de-tous-ceux-qui-rejettent-ses-nouvelles-conditions#respond"]}]},{"@type":"WebPage","@id":"https:\/\/www.africa-press.net\/cameroun\/toutes-les-actualites\/whatsapp-desactivera-les-comptes-de-tous-ceux-qui-rejettent-ses-nouvelles-conditions","url":"https:\/\/www.africa-press.net\/cameroun\/toutes-les-actualites\/whatsapp-desactivera-les-comptes-de-tous-ceux-qui-rejettent-ses-nouvelles-conditions","name":"WhatsApp d\u00e9sactivera les comptes de tous ceux qui rejettent ses nouvelles conditions - Cameroun","isPartOf":{"@id":"https:\/\/www.africa-press.net\/cameroun\/#website"},"primaryImageOfPage":{"@id":"https:\/\/www.africa-press.net\/cameroun\/toutes-les-actualites\/whatsapp-desactivera-les-comptes-de-tous-ceux-qui-rejettent-ses-nouvelles-conditions#primaryimage"},"image":{"@id":"https:\/\/www.africa-press.net\/cameroun\/toutes-les-actualites\/whatsapp-desactivera-les-comptes-de-tous-ceux-qui-rejettent-ses-nouvelles-conditions#primaryimage"},"thumbnailUrl":"https:\/\/static.africa-press.net\/cameroun\/sites\/57\/2021\/03\/img-60633e59c970b.jpg","datePublished":"2021-03-29T14:08:19+00:00","dateModified":"2021-03-30T15:06:51+00:00","author":{"@id":"https:\/\/www.africa-press.net\/cameroun\/#\/schema\/person\/2b1cf3cd81a31e3cd26889ca66d677f1"},"description":"Les utilisateurs de WhatsApp qui n\u2019acceptent pas ses conditions g\u00e9n\u00e9rales mises \u00e0 jour avant la date limite du 15 mai ne ...","breadcrumb":{"@id":"https:\/\/www.africa-press.net\/cameroun\/toutes-les-actualites\/whatsapp-desactivera-les-comptes-de-tous-ceux-qui-rejettent-ses-nouvelles-conditions#breadcrumb"},"inLanguage":"fr-FR","potentialAction":[{"@type":"ReadAction","target":["https:\/\/www.africa-press.net\/cameroun\/toutes-les-actualites\/whatsapp-desactivera-les-comptes-de-tous-ceux-qui-rejettent-ses-nouvelles-conditions"]}]},{"@type":"ImageObject","inLanguage":"fr-FR","@id":"https:\/\/www.africa-press.net\/cameroun\/toutes-les-actualites\/whatsapp-desactivera-les-comptes-de-tous-ceux-qui-rejettent-ses-nouvelles-conditions#primaryimage","url":"https:\/\/static.africa-press.net\/cameroun\/sites\/57\/2021\/03\/img-60633e59c970b.jpg","contentUrl":"https:\/\/static.africa-press.net\/cameroun\/sites\/57\/2021\/03\/img-60633e59c970b.jpg","width":720,"height":405,"caption":"WhatsApp d\u00e9sactivera les comptes de tous ceux qui rejettent ses nouvelles conditions"},{"@type":"BreadcrumbList","@id":"https:\/\/www.africa-press.net\/cameroun\/toutes-les-actualites\/whatsapp-desactivera-les-comptes-de-tous-ceux-qui-rejettent-ses-nouvelles-conditions#breadcrumb","itemListElement":[{"@type":"ListItem","position":1,"name":"Accueil","item":"https:\/\/www.africa-press.net\/cameroun\/"},{"@type":"ListItem","position":2,"name":"WhatsApp d\u00e9sactivera les comptes de tous ceux qui rejettent ses nouvelles conditions"}]},{"@type":"WebSite","@id":"https:\/\/www.africa-press.net\/cameroun\/#website","url":"https:\/\/www.africa-press.net\/cameroun\/","name":"Cameroun","description":"Just another Africa News Agency Sites site","potentialAction":[{"@type":"SearchAction","target":{"@type":"EntryPoint","urlTemplate":"https:\/\/www.africa-press.net\/cameroun\/?s={search_term_string}"},"query-input":{"@type":"PropertyValueSpecification","valueRequired":true,"valueName":"search_term_string"}}],"inLanguage":"fr-FR"},{"@type":"Person","@id":"https:\/\/www.africa-press.net\/cameroun\/#\/schema\/person\/2b1cf3cd81a31e3cd26889ca66d677f1","name":"cfeditorfr"}]}},"_links":{"self":[{"href":"https:\/\/www.africa-press.net\/cameroun\/wp-json\/wp\/v2\/posts\/1870","targetHints":{"allow":["GET"]}}],"collection":[{"href":"https:\/\/www.africa-press.net\/cameroun\/wp-json\/wp\/v2\/posts"}],"about":[{"href":"https:\/\/www.africa-press.net\/cameroun\/wp-json\/wp\/v2\/types\/post"}],"author":[{"embeddable":true,"href":"https:\/\/www.africa-press.net\/cameroun\/wp-json\/wp\/v2\/users\/82"}],"replies":[{"embeddable":true,"href":"https:\/\/www.africa-press.net\/cameroun\/wp-json\/wp\/v2\/comments?post=1870"}],"version-history":[{"count":0,"href":"https:\/\/www.africa-press.net\/cameroun\/wp-json\/wp\/v2\/posts\/1870\/revisions"}],"wp:featuredmedia":[{"embeddable":true,"href":"https:\/\/www.africa-press.net\/cameroun\/wp-json\/wp\/v2\/media\/1869"}],"wp:attachment":[{"href":"https:\/\/www.africa-press.net\/cameroun\/wp-json\/wp\/v2\/media?parent=1870"}],"wp:term":[{"taxonomy":"category","embeddable":true,"href":"https:\/\/www.africa-press.net\/cameroun\/wp-json\/wp\/v2\/categories?post=1870"},{"taxonomy":"post_tag","embeddable":true,"href":"https:\/\/www.africa-press.net\/cameroun\/wp-json\/wp\/v2\/tags?post=1870"}],"curies":[{"name":"wp","href":"https:\/\/api.w.org\/{rel}","templated":true}]}}