{"id":1880,"date":"2021-04-01T14:51:17","date_gmt":"2021-04-01T14:51:17","guid":{"rendered":"https:\/\/www.africa-press.net\/cameroun\/politique\/cameroun-religion-triduum-pascal-le-covid-19-joue-les-trouble-fetes-ce-jeudi-saint"},"modified":"2021-04-01T21:49:44","modified_gmt":"2021-04-01T21:49:44","slug":"cameroun-religion-triduum-pascal-le-covid-19-joue-les-trouble-fetes-ce-jeudi-saint","status":"publish","type":"post","link":"https:\/\/www.africa-press.net\/cameroun\/culture-et-art\/cameroun-religion-triduum-pascal-le-covid-19-joue-les-trouble-fetes-ce-jeudi-saint","title":{"rendered":"Cameroun &#8211; Religion\/Triduum Pascal: Le Covid-19 joue les trouble-f\u00eates ce jeudi saint"},"content":{"rendered":"<p><span style=\"color: #ff6600\"><strong><a href=\"https:\/\/www.africa-press.net\/\">Africa-Press<\/a> &#8211; <a href=\"https:\/\/www.africa-press.net\/cameroun\">Cameroun<\/a>. <\/strong><\/span>Ce 1er avril 2021 est un jour important pour la communaut\u00e9 chr\u00e9tienne du monde. Celle-ci d\u00e9bute ce jeudi le Triduum pascal, qui va de la messe du soir le jeudi saint au dimanche de P\u00e2ques. Durant cette p\u00e9riode, les fid\u00e8les le c\u00e9l\u00e9breront au rythme impos\u00e9 par la pand\u00e9mie du coronavirus. Les activit\u00e9s qui meublent habituellement cette c\u00e9l\u00e9bration ne sont pas \u00e0 l\u2019ordre du jour cette ann\u00e9e.<\/p>\n<p>A l\u2019\u00e9glise catholique, le lavement des pieds et la danse traditionnelle Essani, qui c\u00e9l\u00e8brent la mort du fils de Dieu, ne seront pas de la partie \u00e0 cause du covid-19.\u00abL\u2019archev\u00eaque a recommand\u00e9 qu\u2019on ne proc\u00e8de pas au lavement des pieds comme il est de coutume. Il a prescrit de faire les chemins de croix en famille et de faire la passion et respectant les mesures barri\u00e8res. La liturgie de l\u2019\u00e9glise sera c\u00e9l\u00e9br\u00e9e comme telle, mais en \u00e9vitant des mouvements,\u00bb indique le r\u00e9v\u00e9rant Abb\u00e9 Louis Claude Mbarga.<\/p>\n<p>Le Covid-19 joue donc les trouble-f\u00eates. Pour ne pas le compter parmi les invit\u00e9s de cet \u00e9v\u00e9nement, on a pris des mesures importantes dans la grande famille de l\u2019Eglise Evang\u00e9lique du Cameroun (EEC), en l\u2019occurrence celle de Melen \u00e0 Yaound\u00e9.<\/p>\n<p>\u00abNous avons pu acqu\u00e9rir un mat\u00e9riel sp\u00e9cial qui nous permet de percer le pain et de tendre aux fid\u00e8les, qui au pr\u00e9alable auront re\u00e7u du gel hydroalcoolique. Et ce malgr\u00e9 le fait qu\u2019ils ont d\u00e9j\u00e0 lav\u00e9 les mains \u00e0 l\u2019entr\u00e9e\u00bb, rel\u00e8ve Herv\u00e9 Cl\u00e9ment Djilo Kuate, pasteur de l\u2019Eglise \u00e9vang\u00e9lique de Melen.<\/p>\n<p>La P\u00e2que entam\u00e9e ce jeudi par le Triduum pascal est la c\u00e9l\u00e9bration de la vie donn\u00e9e en abondance par le seigneur J\u00e9sus-Christ. Un \u00e9v\u00e9nement sp\u00e9cial cette ann\u00e9e mais qui garde malgr\u00e9 tout sa symbolique. \u00abC\u2019est la vie que Jesus-Christ nous apporte. Et en vivant cette crise qui donne la mort, le christ vient nous donner la vie d&rsquo;une mani\u00e8re autre\u00bb, fait savoir le r\u00e9v\u00e9rant Abb\u00e9 Louis Claude Mbarga<\/p>\n","protected":false},"excerpt":{"rendered":"<p>Africa-Press &#8211; Cameroun. Ce 1er avril 2021 est un jour important pour la communaut\u00e9 chr\u00e9tienne du monde. Celle-ci d\u00e9bute ce jeudi le Triduum pascal, qui va de la messe du soir le jeudi saint au dimanche de P\u00e2ques. Durant cette p\u00e9riode, les fid\u00e8les le c\u00e9l\u00e9breront au rythme impos\u00e9 par la pand\u00e9mie du coronavirus. Les activit\u00e9s [&hellip;]<\/p>\n","protected":false},"author":82,"featured_media":1879,"comment_status":"open","ping_status":"closed","sticky":false,"template":"","format":"standard","meta":{"footnotes":""},"categories":[5,11,10],"tags":[36,50,49],"class_list":["post-1880","post","type-post","status-publish","format-standard","has-post-thumbnail","hentry","category-culture-et-art","category-homepage-french","category-toutes-les-actualites","tag-africa-press","tag-africa-press-cameroun","tag-cameroun"],"yoast_head":"<!-- This site is optimized with the Yoast SEO Premium plugin v26.1 (Yoast SEO v27.0) - https:\/\/yoast.com\/product\/yoast-seo-premium-wordpress\/ -->\n<title>Cameroun - Religion\/Triduum Pascal: Le Covid-19 joue les trouble-f\u00eates ce jeudi saint - Cameroun<\/title>\n<meta name=\"description\" content=\"Ce 1er avril 2021 est un jour important pour la communaut\u00e9 chr\u00e9tienne du monde. Celle-ci d\u00e9bute ce jeudi le Triduum pasc ...\" \/>\n<meta name=\"robots\" content=\"index, follow, max-snippet:-1, max-image-preview:large, max-video-preview:-1\" \/>\n<link rel=\"canonical\" href=\"https:\/\/www.africa-press.net\/cameroun\/culture-et-art\/cameroun-religion-triduum-pascal-le-covid-19-joue-les-trouble-fetes-ce-jeudi-saint\" \/>\n<meta property=\"og:locale\" content=\"fr_FR\" \/>\n<meta property=\"og:type\" content=\"article\" \/>\n<meta property=\"og:title\" content=\"Cameroun - Religion\/Triduum Pascal: Le Covid-19 joue les trouble-f\u00eates ce jeudi saint\" \/>\n<meta property=\"og:description\" content=\"Ce 1er avril 2021 est un jour important pour la communaut\u00e9 chr\u00e9tienne du monde. Celle-ci d\u00e9bute ce jeudi le Triduum pasc ...\" \/>\n<meta property=\"og:url\" content=\"https:\/\/www.africa-press.net\/cameroun\/culture-et-art\/cameroun-religion-triduum-pascal-le-covid-19-joue-les-trouble-fetes-ce-jeudi-saint\" \/>\n<meta property=\"og:site_name\" content=\"Cameroun\" \/>\n<meta property=\"article:published_time\" content=\"2021-04-01T14:51:17+00:00\" \/>\n<meta property=\"article:modified_time\" content=\"2021-04-01T21:49:44+00:00\" \/>\n<meta property=\"og:image\" content=\"https:\/\/static.africa-press.net\/cameroun\/sites\/57\/2021\/04\/img.jpg\" \/>\n\t<meta property=\"og:image:width\" content=\"800\" \/>\n\t<meta property=\"og:image:height\" content=\"600\" \/>\n\t<meta property=\"og:image:type\" content=\"image\/jpeg\" \/>\n<meta name=\"author\" content=\"cfeditorfr\" \/>\n<meta name=\"twitter:card\" content=\"summary_large_image\" \/>\n<meta name=\"twitter:label1\" content=\"\u00c9crit par\" \/>\n\t<meta name=\"twitter:data1\" content=\"cfeditorfr\" \/>\n\t<meta name=\"twitter:label2\" content=\"Dur\u00e9e de lecture estim\u00e9e\" \/>\n\t<meta name=\"twitter:data2\" content=\"2 minutes\" \/>\n<script type=\"application\/ld+json\" class=\"yoast-schema-graph\">{\"@context\":\"https:\/\/schema.org\",\"@graph\":[{\"@type\":\"Article\",\"@id\":\"https:\/\/www.africa-press.net\/cameroun\/culture-et-art\/cameroun-religion-triduum-pascal-le-covid-19-joue-les-trouble-fetes-ce-jeudi-saint#article\",\"isPartOf\":{\"@id\":\"https:\/\/www.africa-press.net\/cameroun\/culture-et-art\/cameroun-religion-triduum-pascal-le-covid-19-joue-les-trouble-fetes-ce-jeudi-saint\"},\"author\":{\"name\":\"cfeditorfr\",\"@id\":\"https:\/\/www.africa-press.net\/cameroun\/#\/schema\/person\/2b1cf3cd81a31e3cd26889ca66d677f1\"},\"headline\":\"Cameroun &#8211; Religion\/Triduum Pascal: Le Covid-19 joue les trouble-f\u00eates ce jeudi saint\",\"datePublished\":\"2021-04-01T14:51:17+00:00\",\"dateModified\":\"2021-04-01T21:49:44+00:00\",\"mainEntityOfPage\":{\"@id\":\"https:\/\/www.africa-press.net\/cameroun\/culture-et-art\/cameroun-religion-triduum-pascal-le-covid-19-joue-les-trouble-fetes-ce-jeudi-saint\"},\"wordCount\":385,\"commentCount\":0,\"image\":{\"@id\":\"https:\/\/www.africa-press.net\/cameroun\/culture-et-art\/cameroun-religion-triduum-pascal-le-covid-19-joue-les-trouble-fetes-ce-jeudi-saint#primaryimage\"},\"thumbnailUrl\":\"https:\/\/static.africa-press.net\/cameroun\/sites\/57\/2021\/04\/img.jpg\",\"keywords\":[\"Africa Press\",\"Africa Press-Cameroun\",\"Cameroun\"],\"articleSection\":[\"Culture et Art\",\"homepage-french\",\"Toutes les actualit\u00e9s\"],\"inLanguage\":\"fr-FR\",\"potentialAction\":[{\"@type\":\"CommentAction\",\"name\":\"Comment\",\"target\":[\"https:\/\/www.africa-press.net\/cameroun\/culture-et-art\/cameroun-religion-triduum-pascal-le-covid-19-joue-les-trouble-fetes-ce-jeudi-saint#respond\"]}]},{\"@type\":\"WebPage\",\"@id\":\"https:\/\/www.africa-press.net\/cameroun\/culture-et-art\/cameroun-religion-triduum-pascal-le-covid-19-joue-les-trouble-fetes-ce-jeudi-saint\",\"url\":\"https:\/\/www.africa-press.net\/cameroun\/culture-et-art\/cameroun-religion-triduum-pascal-le-covid-19-joue-les-trouble-fetes-ce-jeudi-saint\",\"name\":\"Cameroun - Religion\/Triduum Pascal: Le Covid-19 joue les trouble-f\u00eates ce jeudi saint - Cameroun\",\"isPartOf\":{\"@id\":\"https:\/\/www.africa-press.net\/cameroun\/#website\"},\"primaryImageOfPage\":{\"@id\":\"https:\/\/www.africa-press.net\/cameroun\/culture-et-art\/cameroun-religion-triduum-pascal-le-covid-19-joue-les-trouble-fetes-ce-jeudi-saint#primaryimage\"},\"image\":{\"@id\":\"https:\/\/www.africa-press.net\/cameroun\/culture-et-art\/cameroun-religion-triduum-pascal-le-covid-19-joue-les-trouble-fetes-ce-jeudi-saint#primaryimage\"},\"thumbnailUrl\":\"https:\/\/static.africa-press.net\/cameroun\/sites\/57\/2021\/04\/img.jpg\",\"datePublished\":\"2021-04-01T14:51:17+00:00\",\"dateModified\":\"2021-04-01T21:49:44+00:00\",\"author\":{\"@id\":\"https:\/\/www.africa-press.net\/cameroun\/#\/schema\/person\/2b1cf3cd81a31e3cd26889ca66d677f1\"},\"description\":\"Ce 1er avril 2021 est un jour important pour la communaut\u00e9 chr\u00e9tienne du monde. Celle-ci d\u00e9bute ce jeudi le Triduum pasc ...\",\"breadcrumb\":{\"@id\":\"https:\/\/www.africa-press.net\/cameroun\/culture-et-art\/cameroun-religion-triduum-pascal-le-covid-19-joue-les-trouble-fetes-ce-jeudi-saint#breadcrumb\"},\"inLanguage\":\"fr-FR\",\"potentialAction\":[{\"@type\":\"ReadAction\",\"target\":[\"https:\/\/www.africa-press.net\/cameroun\/culture-et-art\/cameroun-religion-triduum-pascal-le-covid-19-joue-les-trouble-fetes-ce-jeudi-saint\"]}]},{\"@type\":\"ImageObject\",\"inLanguage\":\"fr-FR\",\"@id\":\"https:\/\/www.africa-press.net\/cameroun\/culture-et-art\/cameroun-religion-triduum-pascal-le-covid-19-joue-les-trouble-fetes-ce-jeudi-saint#primaryimage\",\"url\":\"https:\/\/static.africa-press.net\/cameroun\/sites\/57\/2021\/04\/img.jpg\",\"contentUrl\":\"https:\/\/static.africa-press.net\/cameroun\/sites\/57\/2021\/04\/img.jpg\",\"width\":800,\"height\":600,\"caption\":\"Cameroun - Religion\/Triduum Pascal: Le Covid-19 joue les trouble-f\u00eates ce jeudi saint\"},{\"@type\":\"BreadcrumbList\",\"@id\":\"https:\/\/www.africa-press.net\/cameroun\/culture-et-art\/cameroun-religion-triduum-pascal-le-covid-19-joue-les-trouble-fetes-ce-jeudi-saint#breadcrumb\",\"itemListElement\":[{\"@type\":\"ListItem\",\"position\":1,\"name\":\"Accueil\",\"item\":\"https:\/\/www.africa-press.net\/cameroun\/\"},{\"@type\":\"ListItem\",\"position\":2,\"name\":\"Cameroun &#8211; Religion\/Triduum Pascal: Le Covid-19 joue les trouble-f\u00eates ce jeudi saint\"}]},{\"@type\":\"WebSite\",\"@id\":\"https:\/\/www.africa-press.net\/cameroun\/#website\",\"url\":\"https:\/\/www.africa-press.net\/cameroun\/\",\"name\":\"Cameroun\",\"description\":\"Just another Africa News Agency Sites site\",\"potentialAction\":[{\"@type\":\"SearchAction\",\"target\":{\"@type\":\"EntryPoint\",\"urlTemplate\":\"https:\/\/www.africa-press.net\/cameroun\/?s={search_term_string}\"},\"query-input\":{\"@type\":\"PropertyValueSpecification\",\"valueRequired\":true,\"valueName\":\"search_term_string\"}}],\"inLanguage\":\"fr-FR\"},{\"@type\":\"Person\",\"@id\":\"https:\/\/www.africa-press.net\/cameroun\/#\/schema\/person\/2b1cf3cd81a31e3cd26889ca66d677f1\",\"name\":\"cfeditorfr\"}]}<\/script>\n<!-- \/ Yoast SEO Premium plugin. -->","yoast_head_json":{"title":"Cameroun - Religion\/Triduum Pascal: Le Covid-19 joue les trouble-f\u00eates ce jeudi saint - Cameroun","description":"Ce 1er avril 2021 est un jour important pour la communaut\u00e9 chr\u00e9tienne du monde. Celle-ci d\u00e9bute ce jeudi le Triduum pasc ...","robots":{"index":"index","follow":"follow","max-snippet":"max-snippet:-1","max-image-preview":"max-image-preview:large","max-video-preview":"max-video-preview:-1"},"canonical":"https:\/\/www.africa-press.net\/cameroun\/culture-et-art\/cameroun-religion-triduum-pascal-le-covid-19-joue-les-trouble-fetes-ce-jeudi-saint","og_locale":"fr_FR","og_type":"article","og_title":"Cameroun - Religion\/Triduum Pascal: Le Covid-19 joue les trouble-f\u00eates ce jeudi saint","og_description":"Ce 1er avril 2021 est un jour important pour la communaut\u00e9 chr\u00e9tienne du monde. Celle-ci d\u00e9bute ce jeudi le Triduum pasc ...","og_url":"https:\/\/www.africa-press.net\/cameroun\/culture-et-art\/cameroun-religion-triduum-pascal-le-covid-19-joue-les-trouble-fetes-ce-jeudi-saint","og_site_name":"Cameroun","article_published_time":"2021-04-01T14:51:17+00:00","article_modified_time":"2021-04-01T21:49:44+00:00","og_image":[{"width":800,"height":600,"url":"https:\/\/static.africa-press.net\/cameroun\/sites\/57\/2021\/04\/img.jpg","type":"image\/jpeg"}],"author":"cfeditorfr","twitter_card":"summary_large_image","twitter_misc":{"\u00c9crit par":"cfeditorfr","Dur\u00e9e de lecture estim\u00e9e":"2 minutes"},"schema":{"@context":"https:\/\/schema.org","@graph":[{"@type":"Article","@id":"https:\/\/www.africa-press.net\/cameroun\/culture-et-art\/cameroun-religion-triduum-pascal-le-covid-19-joue-les-trouble-fetes-ce-jeudi-saint#article","isPartOf":{"@id":"https:\/\/www.africa-press.net\/cameroun\/culture-et-art\/cameroun-religion-triduum-pascal-le-covid-19-joue-les-trouble-fetes-ce-jeudi-saint"},"author":{"name":"cfeditorfr","@id":"https:\/\/www.africa-press.net\/cameroun\/#\/schema\/person\/2b1cf3cd81a31e3cd26889ca66d677f1"},"headline":"Cameroun &#8211; Religion\/Triduum Pascal: Le Covid-19 joue les trouble-f\u00eates ce jeudi saint","datePublished":"2021-04-01T14:51:17+00:00","dateModified":"2021-04-01T21:49:44+00:00","mainEntityOfPage":{"@id":"https:\/\/www.africa-press.net\/cameroun\/culture-et-art\/cameroun-religion-triduum-pascal-le-covid-19-joue-les-trouble-fetes-ce-jeudi-saint"},"wordCount":385,"commentCount":0,"image":{"@id":"https:\/\/www.africa-press.net\/cameroun\/culture-et-art\/cameroun-religion-triduum-pascal-le-covid-19-joue-les-trouble-fetes-ce-jeudi-saint#primaryimage"},"thumbnailUrl":"https:\/\/static.africa-press.net\/cameroun\/sites\/57\/2021\/04\/img.jpg","keywords":["Africa Press","Africa Press-Cameroun","Cameroun"],"articleSection":["Culture et Art","homepage-french","Toutes les actualit\u00e9s"],"inLanguage":"fr-FR","potentialAction":[{"@type":"CommentAction","name":"Comment","target":["https:\/\/www.africa-press.net\/cameroun\/culture-et-art\/cameroun-religion-triduum-pascal-le-covid-19-joue-les-trouble-fetes-ce-jeudi-saint#respond"]}]},{"@type":"WebPage","@id":"https:\/\/www.africa-press.net\/cameroun\/culture-et-art\/cameroun-religion-triduum-pascal-le-covid-19-joue-les-trouble-fetes-ce-jeudi-saint","url":"https:\/\/www.africa-press.net\/cameroun\/culture-et-art\/cameroun-religion-triduum-pascal-le-covid-19-joue-les-trouble-fetes-ce-jeudi-saint","name":"Cameroun - Religion\/Triduum Pascal: Le Covid-19 joue les trouble-f\u00eates ce jeudi saint - Cameroun","isPartOf":{"@id":"https:\/\/www.africa-press.net\/cameroun\/#website"},"primaryImageOfPage":{"@id":"https:\/\/www.africa-press.net\/cameroun\/culture-et-art\/cameroun-religion-triduum-pascal-le-covid-19-joue-les-trouble-fetes-ce-jeudi-saint#primaryimage"},"image":{"@id":"https:\/\/www.africa-press.net\/cameroun\/culture-et-art\/cameroun-religion-triduum-pascal-le-covid-19-joue-les-trouble-fetes-ce-jeudi-saint#primaryimage"},"thumbnailUrl":"https:\/\/static.africa-press.net\/cameroun\/sites\/57\/2021\/04\/img.jpg","datePublished":"2021-04-01T14:51:17+00:00","dateModified":"2021-04-01T21:49:44+00:00","author":{"@id":"https:\/\/www.africa-press.net\/cameroun\/#\/schema\/person\/2b1cf3cd81a31e3cd26889ca66d677f1"},"description":"Ce 1er avril 2021 est un jour important pour la communaut\u00e9 chr\u00e9tienne du monde. Celle-ci d\u00e9bute ce jeudi le Triduum pasc ...","breadcrumb":{"@id":"https:\/\/www.africa-press.net\/cameroun\/culture-et-art\/cameroun-religion-triduum-pascal-le-covid-19-joue-les-trouble-fetes-ce-jeudi-saint#breadcrumb"},"inLanguage":"fr-FR","potentialAction":[{"@type":"ReadAction","target":["https:\/\/www.africa-press.net\/cameroun\/culture-et-art\/cameroun-religion-triduum-pascal-le-covid-19-joue-les-trouble-fetes-ce-jeudi-saint"]}]},{"@type":"ImageObject","inLanguage":"fr-FR","@id":"https:\/\/www.africa-press.net\/cameroun\/culture-et-art\/cameroun-religion-triduum-pascal-le-covid-19-joue-les-trouble-fetes-ce-jeudi-saint#primaryimage","url":"https:\/\/static.africa-press.net\/cameroun\/sites\/57\/2021\/04\/img.jpg","contentUrl":"https:\/\/static.africa-press.net\/cameroun\/sites\/57\/2021\/04\/img.jpg","width":800,"height":600,"caption":"Cameroun - Religion\/Triduum Pascal: Le Covid-19 joue les trouble-f\u00eates ce jeudi saint"},{"@type":"BreadcrumbList","@id":"https:\/\/www.africa-press.net\/cameroun\/culture-et-art\/cameroun-religion-triduum-pascal-le-covid-19-joue-les-trouble-fetes-ce-jeudi-saint#breadcrumb","itemListElement":[{"@type":"ListItem","position":1,"name":"Accueil","item":"https:\/\/www.africa-press.net\/cameroun\/"},{"@type":"ListItem","position":2,"name":"Cameroun &#8211; Religion\/Triduum Pascal: Le Covid-19 joue les trouble-f\u00eates ce jeudi saint"}]},{"@type":"WebSite","@id":"https:\/\/www.africa-press.net\/cameroun\/#website","url":"https:\/\/www.africa-press.net\/cameroun\/","name":"Cameroun","description":"Just another Africa News Agency Sites site","potentialAction":[{"@type":"SearchAction","target":{"@type":"EntryPoint","urlTemplate":"https:\/\/www.africa-press.net\/cameroun\/?s={search_term_string}"},"query-input":{"@type":"PropertyValueSpecification","valueRequired":true,"valueName":"search_term_string"}}],"inLanguage":"fr-FR"},{"@type":"Person","@id":"https:\/\/www.africa-press.net\/cameroun\/#\/schema\/person\/2b1cf3cd81a31e3cd26889ca66d677f1","name":"cfeditorfr"}]}},"_links":{"self":[{"href":"https:\/\/www.africa-press.net\/cameroun\/wp-json\/wp\/v2\/posts\/1880","targetHints":{"allow":["GET"]}}],"collection":[{"href":"https:\/\/www.africa-press.net\/cameroun\/wp-json\/wp\/v2\/posts"}],"about":[{"href":"https:\/\/www.africa-press.net\/cameroun\/wp-json\/wp\/v2\/types\/post"}],"author":[{"embeddable":true,"href":"https:\/\/www.africa-press.net\/cameroun\/wp-json\/wp\/v2\/users\/82"}],"replies":[{"embeddable":true,"href":"https:\/\/www.africa-press.net\/cameroun\/wp-json\/wp\/v2\/comments?post=1880"}],"version-history":[{"count":0,"href":"https:\/\/www.africa-press.net\/cameroun\/wp-json\/wp\/v2\/posts\/1880\/revisions"}],"wp:featuredmedia":[{"embeddable":true,"href":"https:\/\/www.africa-press.net\/cameroun\/wp-json\/wp\/v2\/media\/1879"}],"wp:attachment":[{"href":"https:\/\/www.africa-press.net\/cameroun\/wp-json\/wp\/v2\/media?parent=1880"}],"wp:term":[{"taxonomy":"category","embeddable":true,"href":"https:\/\/www.africa-press.net\/cameroun\/wp-json\/wp\/v2\/categories?post=1880"},{"taxonomy":"post_tag","embeddable":true,"href":"https:\/\/www.africa-press.net\/cameroun\/wp-json\/wp\/v2\/tags?post=1880"}],"curies":[{"name":"wp","href":"https:\/\/api.w.org\/{rel}","templated":true}]}}