{"id":1895,"date":"2021-04-01T15:48:06","date_gmt":"2021-04-01T15:48:06","guid":{"rendered":"https:\/\/www.africa-press.net\/cameroun\/politique\/cameroun-football-stephane-bahoken-en-2022-on-ne-veut-pas-louper-la-can-au-cameroun"},"modified":"2021-04-01T21:53:20","modified_gmt":"2021-04-01T21:53:20","slug":"cameroun-football-stephane-bahoken-en-2022-on-ne-veut-pas-louper-la-can-au-cameroun","status":"publish","type":"post","link":"https:\/\/www.africa-press.net\/cameroun\/sports\/cameroun-football-stephane-bahoken-en-2022-on-ne-veut-pas-louper-la-can-au-cameroun","title":{"rendered":"Cameroun &#8211; Football\/St\u00e9phane Bahoken: \u00abEn 2022, on ne veut pas louper la CAN\u00bb au Cameroun\u00a0!"},"content":{"rendered":"<p><span style=\"color: #ff6600\"><strong><a href=\"https:\/\/www.africa-press.net\/\">Africa-Press<\/a> &#8211; <a href=\"https:\/\/www.africa-press.net\/cameroun\">Cameroun<\/a>. <\/strong><\/span>Dans une interview accord\u00e9e \u00e0 nos confr\u00e8res de \u00abMade In Foot\u00bb, St\u00e9phane Bahoken a regrett\u00e9 son absence lors de la derni\u00e8re journ\u00e9e des \u00e9liminatoires de la Coupe d\u2019Afrique des Nations (CAN) de football 2021, en raison des mesures restrictives prises par la Ligue de Football Professionnel (LFP) de France, notamment celle de ne pas lib\u00e9rer ses internationaux \u00e9voluant sur le continent europ\u00e9en en raison de la pand\u00e9mie de Coronavirus. Et quand bien m\u00eame la LFP a consenti \u00e0 assouplir ces mesures gr\u00e2ce \u00e0 l\u2019intervention de l\u2019Union National des footballeurs professionnels (UNFP), elle a impos\u00e9 d\u2019autres restrictions qui n\u2019ont toujours pas favoris\u00e9 le d\u00e9ploiement des joueurs africains.<\/p>\n<p>\u00abIls ont impos\u00e9 un voyage en jet priv\u00e9 pour pouvoir revenir en France, mais peu de f\u00e9d\u00e9rations peuvent les payer\u2026 \u00c7a reste frustrant qu\u2019il y ait autant de pr\u00e9caution, puisqu\u2019on aurait pu revenir et faire un test. Et s\u2019il est n\u00e9gatif, retrouver notre club. Quand on voit nos voisins, notamment en Angleterre, les internationaux africains sont partis avec beaucoup moins de restrictions qu\u2019en France. La crise pand\u00e9mique veut que ce genre de r\u00e8gles soient mises en place, mais les instances auraient pu se creuser la t\u00eate pour trouver des solutions et satisfaire tout le monde\u00bb, a r\u00e9agi l\u2019attaquant angevin.<\/p>\n<p>En cons\u00e9quence, St\u00e9phane Bahoken, comme Harold Moukoudi, Jean-Charles Castelletto ou encore Karl Toko Ekambi, ont manqu\u00e9 les confrontations contre le Cap Vert (1-3) et face au Rwanda (0-0), comptant pour les 5e et 6e journ\u00e9es de cette campagne qualificative. Les Lions indomptables sont d\u2019ores et d\u00e9j\u00e0 qualifi\u00e9s, et devraient se battre \u00e0 reconqu\u00e9rir la couronne perdue en 2019 en Egypte.<\/p>\n<p><b>\u00abOn a malheureusement loup\u00e9 l\u2019organisation en 2019 suite \u00e0 des probl\u00e8mes logistiques. En 2022, on ne veut pas la louper, et encore plus si les supporters ont l\u2019autorisation de revenir dans les stades d\u2019ici l\u00e0. On sait que le coronavirus ne sera pas d\u00e9finitivement banni, mais si on peut avoir des supporters\u2026 On connait l\u2019engouement qu\u2019il y a au pays, ce que \u00e7a repr\u00e9sente d\u2019accueillir la CAN. Personnellement j\u2019ai vraiment h\u00e2te d\u2019y \u00eatre, je vais tout faire pour faire partie des 23. Et c\u2019est s\u00fbr que d\u2019\u00eatre dans un stade o\u00f9 il y a enfin des supporters, \u00e7a nous redonnera toute la joie de faire le m\u00e9tier de footballeur\u00bb,<\/b><\/p>\n<p>d\u00e9clare-t-il empli d\u2019ambitions. Et s\u2019il est retenu pour cette CAN \u00e0 la maison, il en sera \u00e0 sa deuxi\u00e8me participation sous la tunique vert-rouge-jaune.<\/p>\n","protected":false},"excerpt":{"rendered":"<p>Africa-Press &#8211; Cameroun. Dans une interview accord\u00e9e \u00e0 nos confr\u00e8res de \u00abMade In Foot\u00bb, St\u00e9phane Bahoken a regrett\u00e9 son absence lors de la derni\u00e8re journ\u00e9e des \u00e9liminatoires de la Coupe d\u2019Afrique des Nations (CAN) de football 2021, en raison des mesures restrictives prises par la Ligue de Football Professionnel (LFP) de France, notamment celle de [&hellip;]<\/p>\n","protected":false},"author":82,"featured_media":1894,"comment_status":"open","ping_status":"closed","sticky":false,"template":"","format":"standard","meta":{"footnotes":""},"categories":[11,6,10],"tags":[36,50,49],"class_list":["post-1895","post","type-post","status-publish","format-standard","has-post-thumbnail","hentry","category-homepage-french","category-sports","category-toutes-les-actualites","tag-africa-press","tag-africa-press-cameroun","tag-cameroun"],"yoast_head":"<!-- This site is optimized with the Yoast SEO Premium plugin v26.1 (Yoast SEO v27.0) - https:\/\/yoast.com\/product\/yoast-seo-premium-wordpress\/ -->\n<title>Cameroun - Football\/St\u00e9phane Bahoken: \u00abEn 2022, on ne veut pas louper la CAN\u00bb au Cameroun\u00a0! - Cameroun<\/title>\n<meta name=\"description\" content=\"Dans une interview accord\u00e9e \u00e0 nos confr\u00e8res de \u00abMade In Foot\u00bb, St\u00e9phane Bahoken a regrett\u00e9 son absence lors de la derni\u00e8 ...\" \/>\n<meta name=\"robots\" content=\"index, follow, max-snippet:-1, max-image-preview:large, max-video-preview:-1\" \/>\n<link rel=\"canonical\" href=\"https:\/\/www.africa-press.net\/cameroun\/sports\/cameroun-football-stephane-bahoken-en-2022-on-ne-veut-pas-louper-la-can-au-cameroun\" \/>\n<meta property=\"og:locale\" content=\"fr_FR\" \/>\n<meta property=\"og:type\" content=\"article\" \/>\n<meta property=\"og:title\" content=\"Cameroun - Football\/St\u00e9phane Bahoken: \u00abEn 2022, on ne veut pas louper la CAN\u00bb au Cameroun\u00a0!\" \/>\n<meta property=\"og:description\" content=\"Dans une interview accord\u00e9e \u00e0 nos confr\u00e8res de \u00abMade In Foot\u00bb, St\u00e9phane Bahoken a regrett\u00e9 son absence lors de la derni\u00e8 ...\" \/>\n<meta property=\"og:url\" content=\"https:\/\/www.africa-press.net\/cameroun\/sports\/cameroun-football-stephane-bahoken-en-2022-on-ne-veut-pas-louper-la-can-au-cameroun\" \/>\n<meta property=\"og:site_name\" content=\"Cameroun\" \/>\n<meta property=\"article:published_time\" content=\"2021-04-01T15:48:06+00:00\" \/>\n<meta property=\"article:modified_time\" content=\"2021-04-01T21:53:20+00:00\" \/>\n<meta property=\"og:image\" content=\"https:\/\/static.africa-press.net\/cameroun\/sites\/57\/2021\/04\/606640bf0d408-606640bf0d409img.jpg.jpg\" \/>\n\t<meta property=\"og:image:width\" content=\"800\" \/>\n\t<meta property=\"og:image:height\" content=\"533\" \/>\n\t<meta property=\"og:image:type\" content=\"image\/jpeg\" \/>\n<meta name=\"author\" content=\"cfeditorfr\" \/>\n<meta name=\"twitter:card\" content=\"summary_large_image\" \/>\n<meta name=\"twitter:label1\" content=\"\u00c9crit par\" \/>\n\t<meta name=\"twitter:data1\" content=\"cfeditorfr\" \/>\n\t<meta name=\"twitter:label2\" content=\"Dur\u00e9e de lecture estim\u00e9e\" \/>\n\t<meta name=\"twitter:data2\" content=\"2 minutes\" \/>\n<script type=\"application\/ld+json\" class=\"yoast-schema-graph\">{\"@context\":\"https:\/\/schema.org\",\"@graph\":[{\"@type\":\"Article\",\"@id\":\"https:\/\/www.africa-press.net\/cameroun\/sports\/cameroun-football-stephane-bahoken-en-2022-on-ne-veut-pas-louper-la-can-au-cameroun#article\",\"isPartOf\":{\"@id\":\"https:\/\/www.africa-press.net\/cameroun\/sports\/cameroun-football-stephane-bahoken-en-2022-on-ne-veut-pas-louper-la-can-au-cameroun\"},\"author\":{\"name\":\"cfeditorfr\",\"@id\":\"https:\/\/www.africa-press.net\/cameroun\/#\/schema\/person\/2b1cf3cd81a31e3cd26889ca66d677f1\"},\"headline\":\"Cameroun &#8211; Football\/St\u00e9phane Bahoken: \u00abEn 2022, on ne veut pas louper la CAN\u00bb au Cameroun\u00a0!\",\"datePublished\":\"2021-04-01T15:48:06+00:00\",\"dateModified\":\"2021-04-01T21:53:20+00:00\",\"mainEntityOfPage\":{\"@id\":\"https:\/\/www.africa-press.net\/cameroun\/sports\/cameroun-football-stephane-bahoken-en-2022-on-ne-veut-pas-louper-la-can-au-cameroun\"},\"wordCount\":461,\"commentCount\":0,\"image\":{\"@id\":\"https:\/\/www.africa-press.net\/cameroun\/sports\/cameroun-football-stephane-bahoken-en-2022-on-ne-veut-pas-louper-la-can-au-cameroun#primaryimage\"},\"thumbnailUrl\":\"https:\/\/static.africa-press.net\/cameroun\/sites\/57\/2021\/04\/606640bf0d408-606640bf0d409img.jpg.jpg\",\"keywords\":[\"Africa Press\",\"Africa Press-Cameroun\",\"Cameroun\"],\"articleSection\":[\"homepage-french\",\"Sports\",\"Toutes les actualit\u00e9s\"],\"inLanguage\":\"fr-FR\",\"potentialAction\":[{\"@type\":\"CommentAction\",\"name\":\"Comment\",\"target\":[\"https:\/\/www.africa-press.net\/cameroun\/sports\/cameroun-football-stephane-bahoken-en-2022-on-ne-veut-pas-louper-la-can-au-cameroun#respond\"]}]},{\"@type\":\"WebPage\",\"@id\":\"https:\/\/www.africa-press.net\/cameroun\/sports\/cameroun-football-stephane-bahoken-en-2022-on-ne-veut-pas-louper-la-can-au-cameroun\",\"url\":\"https:\/\/www.africa-press.net\/cameroun\/sports\/cameroun-football-stephane-bahoken-en-2022-on-ne-veut-pas-louper-la-can-au-cameroun\",\"name\":\"Cameroun - Football\/St\u00e9phane Bahoken: \u00abEn 2022, on ne veut pas louper la CAN\u00bb au Cameroun\u00a0! - Cameroun\",\"isPartOf\":{\"@id\":\"https:\/\/www.africa-press.net\/cameroun\/#website\"},\"primaryImageOfPage\":{\"@id\":\"https:\/\/www.africa-press.net\/cameroun\/sports\/cameroun-football-stephane-bahoken-en-2022-on-ne-veut-pas-louper-la-can-au-cameroun#primaryimage\"},\"image\":{\"@id\":\"https:\/\/www.africa-press.net\/cameroun\/sports\/cameroun-football-stephane-bahoken-en-2022-on-ne-veut-pas-louper-la-can-au-cameroun#primaryimage\"},\"thumbnailUrl\":\"https:\/\/static.africa-press.net\/cameroun\/sites\/57\/2021\/04\/606640bf0d408-606640bf0d409img.jpg.jpg\",\"datePublished\":\"2021-04-01T15:48:06+00:00\",\"dateModified\":\"2021-04-01T21:53:20+00:00\",\"author\":{\"@id\":\"https:\/\/www.africa-press.net\/cameroun\/#\/schema\/person\/2b1cf3cd81a31e3cd26889ca66d677f1\"},\"description\":\"Dans une interview accord\u00e9e \u00e0 nos confr\u00e8res de \u00abMade In Foot\u00bb, St\u00e9phane Bahoken a regrett\u00e9 son absence lors de la derni\u00e8 ...\",\"breadcrumb\":{\"@id\":\"https:\/\/www.africa-press.net\/cameroun\/sports\/cameroun-football-stephane-bahoken-en-2022-on-ne-veut-pas-louper-la-can-au-cameroun#breadcrumb\"},\"inLanguage\":\"fr-FR\",\"potentialAction\":[{\"@type\":\"ReadAction\",\"target\":[\"https:\/\/www.africa-press.net\/cameroun\/sports\/cameroun-football-stephane-bahoken-en-2022-on-ne-veut-pas-louper-la-can-au-cameroun\"]}]},{\"@type\":\"ImageObject\",\"inLanguage\":\"fr-FR\",\"@id\":\"https:\/\/www.africa-press.net\/cameroun\/sports\/cameroun-football-stephane-bahoken-en-2022-on-ne-veut-pas-louper-la-can-au-cameroun#primaryimage\",\"url\":\"https:\/\/static.africa-press.net\/cameroun\/sites\/57\/2021\/04\/606640bf0d408-606640bf0d409img.jpg.jpg\",\"contentUrl\":\"https:\/\/static.africa-press.net\/cameroun\/sites\/57\/2021\/04\/606640bf0d408-606640bf0d409img.jpg.jpg\",\"width\":800,\"height\":533,\"caption\":\"Cameroun - Football\/St\u00e9phane Bahoken: \u00abEn 2022, on ne veut pas louper la CAN\u00bb au Cameroun\u00a0!\"},{\"@type\":\"BreadcrumbList\",\"@id\":\"https:\/\/www.africa-press.net\/cameroun\/sports\/cameroun-football-stephane-bahoken-en-2022-on-ne-veut-pas-louper-la-can-au-cameroun#breadcrumb\",\"itemListElement\":[{\"@type\":\"ListItem\",\"position\":1,\"name\":\"Accueil\",\"item\":\"https:\/\/www.africa-press.net\/cameroun\/\"},{\"@type\":\"ListItem\",\"position\":2,\"name\":\"Cameroun &#8211; Football\/St\u00e9phane Bahoken: \u00abEn 2022, on ne veut pas louper la CAN\u00bb au Cameroun\u00a0!\"}]},{\"@type\":\"WebSite\",\"@id\":\"https:\/\/www.africa-press.net\/cameroun\/#website\",\"url\":\"https:\/\/www.africa-press.net\/cameroun\/\",\"name\":\"Cameroun\",\"description\":\"Just another Africa News Agency Sites site\",\"potentialAction\":[{\"@type\":\"SearchAction\",\"target\":{\"@type\":\"EntryPoint\",\"urlTemplate\":\"https:\/\/www.africa-press.net\/cameroun\/?s={search_term_string}\"},\"query-input\":{\"@type\":\"PropertyValueSpecification\",\"valueRequired\":true,\"valueName\":\"search_term_string\"}}],\"inLanguage\":\"fr-FR\"},{\"@type\":\"Person\",\"@id\":\"https:\/\/www.africa-press.net\/cameroun\/#\/schema\/person\/2b1cf3cd81a31e3cd26889ca66d677f1\",\"name\":\"cfeditorfr\"}]}<\/script>\n<!-- \/ Yoast SEO Premium plugin. -->","yoast_head_json":{"title":"Cameroun - Football\/St\u00e9phane Bahoken: \u00abEn 2022, on ne veut pas louper la CAN\u00bb au Cameroun\u00a0! - Cameroun","description":"Dans une interview accord\u00e9e \u00e0 nos confr\u00e8res de \u00abMade In Foot\u00bb, St\u00e9phane Bahoken a regrett\u00e9 son absence lors de la derni\u00e8 ...","robots":{"index":"index","follow":"follow","max-snippet":"max-snippet:-1","max-image-preview":"max-image-preview:large","max-video-preview":"max-video-preview:-1"},"canonical":"https:\/\/www.africa-press.net\/cameroun\/sports\/cameroun-football-stephane-bahoken-en-2022-on-ne-veut-pas-louper-la-can-au-cameroun","og_locale":"fr_FR","og_type":"article","og_title":"Cameroun - Football\/St\u00e9phane Bahoken: \u00abEn 2022, on ne veut pas louper la CAN\u00bb au Cameroun\u00a0!","og_description":"Dans une interview accord\u00e9e \u00e0 nos confr\u00e8res de \u00abMade In Foot\u00bb, St\u00e9phane Bahoken a regrett\u00e9 son absence lors de la derni\u00e8 ...","og_url":"https:\/\/www.africa-press.net\/cameroun\/sports\/cameroun-football-stephane-bahoken-en-2022-on-ne-veut-pas-louper-la-can-au-cameroun","og_site_name":"Cameroun","article_published_time":"2021-04-01T15:48:06+00:00","article_modified_time":"2021-04-01T21:53:20+00:00","og_image":[{"width":800,"height":533,"url":"https:\/\/static.africa-press.net\/cameroun\/sites\/57\/2021\/04\/606640bf0d408-606640bf0d409img.jpg.jpg","type":"image\/jpeg"}],"author":"cfeditorfr","twitter_card":"summary_large_image","twitter_misc":{"\u00c9crit par":"cfeditorfr","Dur\u00e9e de lecture estim\u00e9e":"2 minutes"},"schema":{"@context":"https:\/\/schema.org","@graph":[{"@type":"Article","@id":"https:\/\/www.africa-press.net\/cameroun\/sports\/cameroun-football-stephane-bahoken-en-2022-on-ne-veut-pas-louper-la-can-au-cameroun#article","isPartOf":{"@id":"https:\/\/www.africa-press.net\/cameroun\/sports\/cameroun-football-stephane-bahoken-en-2022-on-ne-veut-pas-louper-la-can-au-cameroun"},"author":{"name":"cfeditorfr","@id":"https:\/\/www.africa-press.net\/cameroun\/#\/schema\/person\/2b1cf3cd81a31e3cd26889ca66d677f1"},"headline":"Cameroun &#8211; Football\/St\u00e9phane Bahoken: \u00abEn 2022, on ne veut pas louper la CAN\u00bb au Cameroun\u00a0!","datePublished":"2021-04-01T15:48:06+00:00","dateModified":"2021-04-01T21:53:20+00:00","mainEntityOfPage":{"@id":"https:\/\/www.africa-press.net\/cameroun\/sports\/cameroun-football-stephane-bahoken-en-2022-on-ne-veut-pas-louper-la-can-au-cameroun"},"wordCount":461,"commentCount":0,"image":{"@id":"https:\/\/www.africa-press.net\/cameroun\/sports\/cameroun-football-stephane-bahoken-en-2022-on-ne-veut-pas-louper-la-can-au-cameroun#primaryimage"},"thumbnailUrl":"https:\/\/static.africa-press.net\/cameroun\/sites\/57\/2021\/04\/606640bf0d408-606640bf0d409img.jpg.jpg","keywords":["Africa Press","Africa Press-Cameroun","Cameroun"],"articleSection":["homepage-french","Sports","Toutes les actualit\u00e9s"],"inLanguage":"fr-FR","potentialAction":[{"@type":"CommentAction","name":"Comment","target":["https:\/\/www.africa-press.net\/cameroun\/sports\/cameroun-football-stephane-bahoken-en-2022-on-ne-veut-pas-louper-la-can-au-cameroun#respond"]}]},{"@type":"WebPage","@id":"https:\/\/www.africa-press.net\/cameroun\/sports\/cameroun-football-stephane-bahoken-en-2022-on-ne-veut-pas-louper-la-can-au-cameroun","url":"https:\/\/www.africa-press.net\/cameroun\/sports\/cameroun-football-stephane-bahoken-en-2022-on-ne-veut-pas-louper-la-can-au-cameroun","name":"Cameroun - Football\/St\u00e9phane Bahoken: \u00abEn 2022, on ne veut pas louper la CAN\u00bb au Cameroun\u00a0! - Cameroun","isPartOf":{"@id":"https:\/\/www.africa-press.net\/cameroun\/#website"},"primaryImageOfPage":{"@id":"https:\/\/www.africa-press.net\/cameroun\/sports\/cameroun-football-stephane-bahoken-en-2022-on-ne-veut-pas-louper-la-can-au-cameroun#primaryimage"},"image":{"@id":"https:\/\/www.africa-press.net\/cameroun\/sports\/cameroun-football-stephane-bahoken-en-2022-on-ne-veut-pas-louper-la-can-au-cameroun#primaryimage"},"thumbnailUrl":"https:\/\/static.africa-press.net\/cameroun\/sites\/57\/2021\/04\/606640bf0d408-606640bf0d409img.jpg.jpg","datePublished":"2021-04-01T15:48:06+00:00","dateModified":"2021-04-01T21:53:20+00:00","author":{"@id":"https:\/\/www.africa-press.net\/cameroun\/#\/schema\/person\/2b1cf3cd81a31e3cd26889ca66d677f1"},"description":"Dans une interview accord\u00e9e \u00e0 nos confr\u00e8res de \u00abMade In Foot\u00bb, St\u00e9phane Bahoken a regrett\u00e9 son absence lors de la derni\u00e8 ...","breadcrumb":{"@id":"https:\/\/www.africa-press.net\/cameroun\/sports\/cameroun-football-stephane-bahoken-en-2022-on-ne-veut-pas-louper-la-can-au-cameroun#breadcrumb"},"inLanguage":"fr-FR","potentialAction":[{"@type":"ReadAction","target":["https:\/\/www.africa-press.net\/cameroun\/sports\/cameroun-football-stephane-bahoken-en-2022-on-ne-veut-pas-louper-la-can-au-cameroun"]}]},{"@type":"ImageObject","inLanguage":"fr-FR","@id":"https:\/\/www.africa-press.net\/cameroun\/sports\/cameroun-football-stephane-bahoken-en-2022-on-ne-veut-pas-louper-la-can-au-cameroun#primaryimage","url":"https:\/\/static.africa-press.net\/cameroun\/sites\/57\/2021\/04\/606640bf0d408-606640bf0d409img.jpg.jpg","contentUrl":"https:\/\/static.africa-press.net\/cameroun\/sites\/57\/2021\/04\/606640bf0d408-606640bf0d409img.jpg.jpg","width":800,"height":533,"caption":"Cameroun - Football\/St\u00e9phane Bahoken: \u00abEn 2022, on ne veut pas louper la CAN\u00bb au Cameroun\u00a0!"},{"@type":"BreadcrumbList","@id":"https:\/\/www.africa-press.net\/cameroun\/sports\/cameroun-football-stephane-bahoken-en-2022-on-ne-veut-pas-louper-la-can-au-cameroun#breadcrumb","itemListElement":[{"@type":"ListItem","position":1,"name":"Accueil","item":"https:\/\/www.africa-press.net\/cameroun\/"},{"@type":"ListItem","position":2,"name":"Cameroun &#8211; Football\/St\u00e9phane Bahoken: \u00abEn 2022, on ne veut pas louper la CAN\u00bb au Cameroun\u00a0!"}]},{"@type":"WebSite","@id":"https:\/\/www.africa-press.net\/cameroun\/#website","url":"https:\/\/www.africa-press.net\/cameroun\/","name":"Cameroun","description":"Just another Africa News Agency Sites site","potentialAction":[{"@type":"SearchAction","target":{"@type":"EntryPoint","urlTemplate":"https:\/\/www.africa-press.net\/cameroun\/?s={search_term_string}"},"query-input":{"@type":"PropertyValueSpecification","valueRequired":true,"valueName":"search_term_string"}}],"inLanguage":"fr-FR"},{"@type":"Person","@id":"https:\/\/www.africa-press.net\/cameroun\/#\/schema\/person\/2b1cf3cd81a31e3cd26889ca66d677f1","name":"cfeditorfr"}]}},"_links":{"self":[{"href":"https:\/\/www.africa-press.net\/cameroun\/wp-json\/wp\/v2\/posts\/1895","targetHints":{"allow":["GET"]}}],"collection":[{"href":"https:\/\/www.africa-press.net\/cameroun\/wp-json\/wp\/v2\/posts"}],"about":[{"href":"https:\/\/www.africa-press.net\/cameroun\/wp-json\/wp\/v2\/types\/post"}],"author":[{"embeddable":true,"href":"https:\/\/www.africa-press.net\/cameroun\/wp-json\/wp\/v2\/users\/82"}],"replies":[{"embeddable":true,"href":"https:\/\/www.africa-press.net\/cameroun\/wp-json\/wp\/v2\/comments?post=1895"}],"version-history":[{"count":0,"href":"https:\/\/www.africa-press.net\/cameroun\/wp-json\/wp\/v2\/posts\/1895\/revisions"}],"wp:featuredmedia":[{"embeddable":true,"href":"https:\/\/www.africa-press.net\/cameroun\/wp-json\/wp\/v2\/media\/1894"}],"wp:attachment":[{"href":"https:\/\/www.africa-press.net\/cameroun\/wp-json\/wp\/v2\/media?parent=1895"}],"wp:term":[{"taxonomy":"category","embeddable":true,"href":"https:\/\/www.africa-press.net\/cameroun\/wp-json\/wp\/v2\/categories?post=1895"},{"taxonomy":"post_tag","embeddable":true,"href":"https:\/\/www.africa-press.net\/cameroun\/wp-json\/wp\/v2\/tags?post=1895"}],"curies":[{"name":"wp","href":"https:\/\/api.w.org\/{rel}","templated":true}]}}