{"id":1898,"date":"2021-04-01T15:56:13","date_gmt":"2021-04-01T15:56:13","guid":{"rendered":"https:\/\/www.africa-press.net\/cameroun\/politique\/cameroun-parlement-les-senateurs-etudient-le-projet-de-loi-relatif-a-lextradition-entre-le-cameroun-et-le-bresil"},"modified":"2021-04-01T21:54:26","modified_gmt":"2021-04-01T21:54:26","slug":"cameroun-parlement-les-senateurs-etudient-le-projet-de-loi-relatif-a-lextradition-entre-le-cameroun-et-le-bresil","status":"publish","type":"post","link":"https:\/\/www.africa-press.net\/cameroun\/politique\/cameroun-parlement-les-senateurs-etudient-le-projet-de-loi-relatif-a-lextradition-entre-le-cameroun-et-le-bresil","title":{"rendered":"Cameroun &#8211; Parlement: Les s\u00e9nateurs \u00e9tudient le projet de loi relatif \u00e0 l\u2019extradition entre le Cameroun et le Br\u00e9sil"},"content":{"rendered":"<p><span style=\"color: #ff6600\"><strong><a href=\"https:\/\/www.africa-press.net\/\">Africa-Press<\/a> &#8211; <a href=\"https:\/\/www.africa-press.net\/cameroun\">Cameroun<\/a>. <\/strong><\/span>La chambre haute du Parlement camerounais a re\u00e7u des projets de lois pour \u00e9tude le 31 mars 2021. Le quotidien d\u2019Etat Cameroon Tribune en kiosque ce 1er avril 2021 rapporte qu\u2019apr\u00e8s avoir obtenu le visa des d\u00e9put\u00e9s, le gouvernement doit \u00e0 pr\u00e9sent convaincre les s\u00e9nateurs de la n\u00e9cessit\u00e9 de voter positivement pour la ratification de divers textes soumis \u00e0 leur appr\u00e9ciation. C\u2019est ainsi que cinq projets de lois ont \u00e9t\u00e9 d\u00e9pos\u00e9s sur leur table le 31 mars dernier.<\/p>\n<p>Accompagn\u00e9 du ministre d\u00e9l\u00e9gu\u00e9 \u00e0 la Pr\u00e9sidence de la R\u00e9publique charg\u00e9 des relations avec les Assembl\u00e9es, Fran\u00e7ois Bolvine Wakata, l\u2019Honorable Chief Tabe Tando, vice-pr\u00e9sident au S\u00e9nat, a pr\u00e9sid\u00e9 les travaux.<\/p>\n<p>D\u2019apr\u00e8s notre confr\u00e8re, \u00able premier projet de loi vise la ratification, par le pr\u00e9sident de la R\u00e9publique, de l\u2019accord sur le transf\u00e8rement des personnes condamn\u00e9es \u00e0 une peine privative de libert\u00e9 entre le Cameroun et le Br\u00e9sil. L\u2019objectif de ce texte est de permettre le transfert des Camerounais condamn\u00e9s \u00e0 des peines d\u2019emprisonnement au Br\u00e9sil et qui souhaiteraient purger leur peine au Cameroun. R\u00e9ciproquement, des ressortissants br\u00e9siliens condamn\u00e9s au Cameroun auront la possibilit\u00e9 d\u2019\u00eatre transf\u00e9r\u00e9s dans leur pays d\u2019origine. Dans le m\u00eame sens, les s\u00e9nateurs devront se prononcer sur le projet de loi autorisant le Pr\u00e9sident de la R\u00e9publique \u00e0 ratifier l\u2019accord d\u2019extradition entre le Cameroun et le Br\u00e9sil\u00bb.<\/p>\n<p>Ils doivent aussi \u00e9tudier le texte sur la coop\u00e9ration entre le Cameroun et les Emirats arabes unis, relatif \u00e0 la facilitation d\u2019obtention de visas. Parmi les mesures qu\u2019il pr\u00e9voit, on note une exemption de visa pour les d\u00e9tenteurs de passeports diplomatiques, sp\u00e9ciaux, ou de service.<\/p>\n<p>Ils vont \u00e9galement \u00e9tudier le projet de loi autorisant le Pr\u00e9sident de la R\u00e9publique \u00e0 ratifier l\u2019accord de Georgetown. \u00abLa r\u00e9vision de celui-ci les 9 et 10 d\u00e9cembre 2019 \u00e0 Nairobi est l\u2019expression du Groupe des Etats d\u2019Afrique, des Cara\u00efbes et du Pacifique \u00e0 renforcer la coop\u00e9ration entre ses membres. Celui-ci change de forme et de d\u00e9nomination et devient l\u2019Organisation des Etats d\u2019Afrique, des Cara\u00efbes et du Pacifique\u00bb, peut-on lire.<\/p>\n<p>Enfin, les s\u00e9nateurs devront se prononcer sur le projet de loi autorisant le pr\u00e9sident de la R\u00e9publique \u00e0 ratifier le Trait\u00e9 de Marrakech. Ce texte veut faciliter l\u2019acc\u00e8s des aveugles, des d\u00e9ficients visuels et des personnes ayant d\u2019autres difficult\u00e9s de lecture des textes imprim\u00e9s aux \u0153uvres publi\u00e9es.<\/p>\n<p><b>Wilfried ONDOA<\/b><\/p>\n","protected":false},"excerpt":{"rendered":"<p>Africa-Press &#8211; Cameroun. La chambre haute du Parlement camerounais a re\u00e7u des projets de lois pour \u00e9tude le 31 mars 2021. Le quotidien d\u2019Etat Cameroon Tribune en kiosque ce 1er avril 2021 rapporte qu\u2019apr\u00e8s avoir obtenu le visa des d\u00e9put\u00e9s, le gouvernement doit \u00e0 pr\u00e9sent convaincre les s\u00e9nateurs de la n\u00e9cessit\u00e9 de voter positivement pour [&hellip;]<\/p>\n","protected":false},"author":82,"featured_media":1897,"comment_status":"open","ping_status":"closed","sticky":false,"template":"","format":"standard","meta":{"footnotes":""},"categories":[11,2,10],"tags":[36,50,49],"class_list":["post-1898","post","type-post","status-publish","format-standard","has-post-thumbnail","hentry","category-homepage-french","category-politique","category-toutes-les-actualites","tag-africa-press","tag-africa-press-cameroun","tag-cameroun"],"yoast_head":"<!-- This site is optimized with the Yoast SEO Premium plugin v26.1 (Yoast SEO v27.0) - https:\/\/yoast.com\/product\/yoast-seo-premium-wordpress\/ -->\n<title>Cameroun - Parlement: Les s\u00e9nateurs \u00e9tudient le projet de loi relatif \u00e0 l\u2019extradition entre le Cameroun et le Br\u00e9sil - Cameroun<\/title>\n<meta name=\"description\" content=\"La chambre haute du Parlement camerounais a re\u00e7u des projets de lois pour \u00e9tude le 31 mars 2021. Le quotidien d\u2019Etat Cam ...\" \/>\n<meta name=\"robots\" content=\"index, follow, max-snippet:-1, max-image-preview:large, max-video-preview:-1\" \/>\n<link rel=\"canonical\" href=\"https:\/\/www.africa-press.net\/cameroun\/politique\/cameroun-parlement-les-senateurs-etudient-le-projet-de-loi-relatif-a-lextradition-entre-le-cameroun-et-le-bresil\" \/>\n<meta property=\"og:locale\" content=\"fr_FR\" \/>\n<meta property=\"og:type\" content=\"article\" \/>\n<meta property=\"og:title\" content=\"Cameroun - Parlement: Les s\u00e9nateurs \u00e9tudient le projet de loi relatif \u00e0 l\u2019extradition entre le Cameroun et le Br\u00e9sil\" \/>\n<meta property=\"og:description\" content=\"La chambre haute du Parlement camerounais a re\u00e7u des projets de lois pour \u00e9tude le 31 mars 2021. Le quotidien d\u2019Etat Cam ...\" \/>\n<meta property=\"og:url\" content=\"https:\/\/www.africa-press.net\/cameroun\/politique\/cameroun-parlement-les-senateurs-etudient-le-projet-de-loi-relatif-a-lextradition-entre-le-cameroun-et-le-bresil\" \/>\n<meta property=\"og:site_name\" content=\"Cameroun\" \/>\n<meta property=\"article:published_time\" content=\"2021-04-01T15:56:13+00:00\" \/>\n<meta property=\"article:modified_time\" content=\"2021-04-01T21:54:26+00:00\" \/>\n<meta property=\"og:image\" content=\"https:\/\/static.africa-press.net\/cameroun\/sites\/57\/2021\/04\/img-606640f85e9cf.jpg\" \/>\n\t<meta property=\"og:image:width\" content=\"800\" \/>\n\t<meta property=\"og:image:height\" content=\"533\" \/>\n\t<meta property=\"og:image:type\" content=\"image\/jpeg\" \/>\n<meta name=\"author\" content=\"cfeditorfr\" \/>\n<meta name=\"twitter:card\" content=\"summary_large_image\" \/>\n<meta name=\"twitter:label1\" content=\"\u00c9crit par\" \/>\n\t<meta name=\"twitter:data1\" content=\"cfeditorfr\" \/>\n\t<meta name=\"twitter:label2\" content=\"Dur\u00e9e de lecture estim\u00e9e\" \/>\n\t<meta name=\"twitter:data2\" content=\"2 minutes\" \/>\n<script type=\"application\/ld+json\" class=\"yoast-schema-graph\">{\"@context\":\"https:\/\/schema.org\",\"@graph\":[{\"@type\":\"Article\",\"@id\":\"https:\/\/www.africa-press.net\/cameroun\/politique\/cameroun-parlement-les-senateurs-etudient-le-projet-de-loi-relatif-a-lextradition-entre-le-cameroun-et-le-bresil#article\",\"isPartOf\":{\"@id\":\"https:\/\/www.africa-press.net\/cameroun\/politique\/cameroun-parlement-les-senateurs-etudient-le-projet-de-loi-relatif-a-lextradition-entre-le-cameroun-et-le-bresil\"},\"author\":{\"name\":\"cfeditorfr\",\"@id\":\"https:\/\/www.africa-press.net\/cameroun\/#\/schema\/person\/2b1cf3cd81a31e3cd26889ca66d677f1\"},\"headline\":\"Cameroun &#8211; Parlement: Les s\u00e9nateurs \u00e9tudient le projet de loi relatif \u00e0 l\u2019extradition entre le Cameroun et le Br\u00e9sil\",\"datePublished\":\"2021-04-01T15:56:13+00:00\",\"dateModified\":\"2021-04-01T21:54:26+00:00\",\"mainEntityOfPage\":{\"@id\":\"https:\/\/www.africa-press.net\/cameroun\/politique\/cameroun-parlement-les-senateurs-etudient-le-projet-de-loi-relatif-a-lextradition-entre-le-cameroun-et-le-bresil\"},\"wordCount\":466,\"commentCount\":0,\"image\":{\"@id\":\"https:\/\/www.africa-press.net\/cameroun\/politique\/cameroun-parlement-les-senateurs-etudient-le-projet-de-loi-relatif-a-lextradition-entre-le-cameroun-et-le-bresil#primaryimage\"},\"thumbnailUrl\":\"https:\/\/static.africa-press.net\/cameroun\/sites\/57\/2021\/04\/img-606640f85e9cf.jpg\",\"keywords\":[\"Africa Press\",\"Africa Press-Cameroun\",\"Cameroun\"],\"articleSection\":[\"homepage-french\",\"Politique\",\"Toutes les actualit\u00e9s\"],\"inLanguage\":\"fr-FR\",\"potentialAction\":[{\"@type\":\"CommentAction\",\"name\":\"Comment\",\"target\":[\"https:\/\/www.africa-press.net\/cameroun\/politique\/cameroun-parlement-les-senateurs-etudient-le-projet-de-loi-relatif-a-lextradition-entre-le-cameroun-et-le-bresil#respond\"]}]},{\"@type\":\"WebPage\",\"@id\":\"https:\/\/www.africa-press.net\/cameroun\/politique\/cameroun-parlement-les-senateurs-etudient-le-projet-de-loi-relatif-a-lextradition-entre-le-cameroun-et-le-bresil\",\"url\":\"https:\/\/www.africa-press.net\/cameroun\/politique\/cameroun-parlement-les-senateurs-etudient-le-projet-de-loi-relatif-a-lextradition-entre-le-cameroun-et-le-bresil\",\"name\":\"Cameroun - Parlement: Les s\u00e9nateurs \u00e9tudient le projet de loi relatif \u00e0 l\u2019extradition entre le Cameroun et le Br\u00e9sil - Cameroun\",\"isPartOf\":{\"@id\":\"https:\/\/www.africa-press.net\/cameroun\/#website\"},\"primaryImageOfPage\":{\"@id\":\"https:\/\/www.africa-press.net\/cameroun\/politique\/cameroun-parlement-les-senateurs-etudient-le-projet-de-loi-relatif-a-lextradition-entre-le-cameroun-et-le-bresil#primaryimage\"},\"image\":{\"@id\":\"https:\/\/www.africa-press.net\/cameroun\/politique\/cameroun-parlement-les-senateurs-etudient-le-projet-de-loi-relatif-a-lextradition-entre-le-cameroun-et-le-bresil#primaryimage\"},\"thumbnailUrl\":\"https:\/\/static.africa-press.net\/cameroun\/sites\/57\/2021\/04\/img-606640f85e9cf.jpg\",\"datePublished\":\"2021-04-01T15:56:13+00:00\",\"dateModified\":\"2021-04-01T21:54:26+00:00\",\"author\":{\"@id\":\"https:\/\/www.africa-press.net\/cameroun\/#\/schema\/person\/2b1cf3cd81a31e3cd26889ca66d677f1\"},\"description\":\"La chambre haute du Parlement camerounais a re\u00e7u des projets de lois pour \u00e9tude le 31 mars 2021. Le quotidien d\u2019Etat Cam ...\",\"breadcrumb\":{\"@id\":\"https:\/\/www.africa-press.net\/cameroun\/politique\/cameroun-parlement-les-senateurs-etudient-le-projet-de-loi-relatif-a-lextradition-entre-le-cameroun-et-le-bresil#breadcrumb\"},\"inLanguage\":\"fr-FR\",\"potentialAction\":[{\"@type\":\"ReadAction\",\"target\":[\"https:\/\/www.africa-press.net\/cameroun\/politique\/cameroun-parlement-les-senateurs-etudient-le-projet-de-loi-relatif-a-lextradition-entre-le-cameroun-et-le-bresil\"]}]},{\"@type\":\"ImageObject\",\"inLanguage\":\"fr-FR\",\"@id\":\"https:\/\/www.africa-press.net\/cameroun\/politique\/cameroun-parlement-les-senateurs-etudient-le-projet-de-loi-relatif-a-lextradition-entre-le-cameroun-et-le-bresil#primaryimage\",\"url\":\"https:\/\/static.africa-press.net\/cameroun\/sites\/57\/2021\/04\/img-606640f85e9cf.jpg\",\"contentUrl\":\"https:\/\/static.africa-press.net\/cameroun\/sites\/57\/2021\/04\/img-606640f85e9cf.jpg\",\"width\":800,\"height\":533,\"caption\":\"Cameroun - Parlement: Les s\u00e9nateurs \u00e9tudient le projet de loi relatif \u00e0 l\u2019extradition entre le Cameroun et le Br\u00e9sil\"},{\"@type\":\"BreadcrumbList\",\"@id\":\"https:\/\/www.africa-press.net\/cameroun\/politique\/cameroun-parlement-les-senateurs-etudient-le-projet-de-loi-relatif-a-lextradition-entre-le-cameroun-et-le-bresil#breadcrumb\",\"itemListElement\":[{\"@type\":\"ListItem\",\"position\":1,\"name\":\"Accueil\",\"item\":\"https:\/\/www.africa-press.net\/cameroun\/\"},{\"@type\":\"ListItem\",\"position\":2,\"name\":\"Cameroun &#8211; Parlement: Les s\u00e9nateurs \u00e9tudient le projet de loi relatif \u00e0 l\u2019extradition entre le Cameroun et le Br\u00e9sil\"}]},{\"@type\":\"WebSite\",\"@id\":\"https:\/\/www.africa-press.net\/cameroun\/#website\",\"url\":\"https:\/\/www.africa-press.net\/cameroun\/\",\"name\":\"Cameroun\",\"description\":\"Just another Africa News Agency Sites site\",\"potentialAction\":[{\"@type\":\"SearchAction\",\"target\":{\"@type\":\"EntryPoint\",\"urlTemplate\":\"https:\/\/www.africa-press.net\/cameroun\/?s={search_term_string}\"},\"query-input\":{\"@type\":\"PropertyValueSpecification\",\"valueRequired\":true,\"valueName\":\"search_term_string\"}}],\"inLanguage\":\"fr-FR\"},{\"@type\":\"Person\",\"@id\":\"https:\/\/www.africa-press.net\/cameroun\/#\/schema\/person\/2b1cf3cd81a31e3cd26889ca66d677f1\",\"name\":\"cfeditorfr\"}]}<\/script>\n<!-- \/ Yoast SEO Premium plugin. -->","yoast_head_json":{"title":"Cameroun - Parlement: Les s\u00e9nateurs \u00e9tudient le projet de loi relatif \u00e0 l\u2019extradition entre le Cameroun et le Br\u00e9sil - Cameroun","description":"La chambre haute du Parlement camerounais a re\u00e7u des projets de lois pour \u00e9tude le 31 mars 2021. Le quotidien d\u2019Etat Cam ...","robots":{"index":"index","follow":"follow","max-snippet":"max-snippet:-1","max-image-preview":"max-image-preview:large","max-video-preview":"max-video-preview:-1"},"canonical":"https:\/\/www.africa-press.net\/cameroun\/politique\/cameroun-parlement-les-senateurs-etudient-le-projet-de-loi-relatif-a-lextradition-entre-le-cameroun-et-le-bresil","og_locale":"fr_FR","og_type":"article","og_title":"Cameroun - Parlement: Les s\u00e9nateurs \u00e9tudient le projet de loi relatif \u00e0 l\u2019extradition entre le Cameroun et le Br\u00e9sil","og_description":"La chambre haute du Parlement camerounais a re\u00e7u des projets de lois pour \u00e9tude le 31 mars 2021. Le quotidien d\u2019Etat Cam ...","og_url":"https:\/\/www.africa-press.net\/cameroun\/politique\/cameroun-parlement-les-senateurs-etudient-le-projet-de-loi-relatif-a-lextradition-entre-le-cameroun-et-le-bresil","og_site_name":"Cameroun","article_published_time":"2021-04-01T15:56:13+00:00","article_modified_time":"2021-04-01T21:54:26+00:00","og_image":[{"width":800,"height":533,"url":"https:\/\/static.africa-press.net\/cameroun\/sites\/57\/2021\/04\/img-606640f85e9cf.jpg","type":"image\/jpeg"}],"author":"cfeditorfr","twitter_card":"summary_large_image","twitter_misc":{"\u00c9crit par":"cfeditorfr","Dur\u00e9e de lecture estim\u00e9e":"2 minutes"},"schema":{"@context":"https:\/\/schema.org","@graph":[{"@type":"Article","@id":"https:\/\/www.africa-press.net\/cameroun\/politique\/cameroun-parlement-les-senateurs-etudient-le-projet-de-loi-relatif-a-lextradition-entre-le-cameroun-et-le-bresil#article","isPartOf":{"@id":"https:\/\/www.africa-press.net\/cameroun\/politique\/cameroun-parlement-les-senateurs-etudient-le-projet-de-loi-relatif-a-lextradition-entre-le-cameroun-et-le-bresil"},"author":{"name":"cfeditorfr","@id":"https:\/\/www.africa-press.net\/cameroun\/#\/schema\/person\/2b1cf3cd81a31e3cd26889ca66d677f1"},"headline":"Cameroun &#8211; Parlement: Les s\u00e9nateurs \u00e9tudient le projet de loi relatif \u00e0 l\u2019extradition entre le Cameroun et le Br\u00e9sil","datePublished":"2021-04-01T15:56:13+00:00","dateModified":"2021-04-01T21:54:26+00:00","mainEntityOfPage":{"@id":"https:\/\/www.africa-press.net\/cameroun\/politique\/cameroun-parlement-les-senateurs-etudient-le-projet-de-loi-relatif-a-lextradition-entre-le-cameroun-et-le-bresil"},"wordCount":466,"commentCount":0,"image":{"@id":"https:\/\/www.africa-press.net\/cameroun\/politique\/cameroun-parlement-les-senateurs-etudient-le-projet-de-loi-relatif-a-lextradition-entre-le-cameroun-et-le-bresil#primaryimage"},"thumbnailUrl":"https:\/\/static.africa-press.net\/cameroun\/sites\/57\/2021\/04\/img-606640f85e9cf.jpg","keywords":["Africa Press","Africa Press-Cameroun","Cameroun"],"articleSection":["homepage-french","Politique","Toutes les actualit\u00e9s"],"inLanguage":"fr-FR","potentialAction":[{"@type":"CommentAction","name":"Comment","target":["https:\/\/www.africa-press.net\/cameroun\/politique\/cameroun-parlement-les-senateurs-etudient-le-projet-de-loi-relatif-a-lextradition-entre-le-cameroun-et-le-bresil#respond"]}]},{"@type":"WebPage","@id":"https:\/\/www.africa-press.net\/cameroun\/politique\/cameroun-parlement-les-senateurs-etudient-le-projet-de-loi-relatif-a-lextradition-entre-le-cameroun-et-le-bresil","url":"https:\/\/www.africa-press.net\/cameroun\/politique\/cameroun-parlement-les-senateurs-etudient-le-projet-de-loi-relatif-a-lextradition-entre-le-cameroun-et-le-bresil","name":"Cameroun - Parlement: Les s\u00e9nateurs \u00e9tudient le projet de loi relatif \u00e0 l\u2019extradition entre le Cameroun et le Br\u00e9sil - Cameroun","isPartOf":{"@id":"https:\/\/www.africa-press.net\/cameroun\/#website"},"primaryImageOfPage":{"@id":"https:\/\/www.africa-press.net\/cameroun\/politique\/cameroun-parlement-les-senateurs-etudient-le-projet-de-loi-relatif-a-lextradition-entre-le-cameroun-et-le-bresil#primaryimage"},"image":{"@id":"https:\/\/www.africa-press.net\/cameroun\/politique\/cameroun-parlement-les-senateurs-etudient-le-projet-de-loi-relatif-a-lextradition-entre-le-cameroun-et-le-bresil#primaryimage"},"thumbnailUrl":"https:\/\/static.africa-press.net\/cameroun\/sites\/57\/2021\/04\/img-606640f85e9cf.jpg","datePublished":"2021-04-01T15:56:13+00:00","dateModified":"2021-04-01T21:54:26+00:00","author":{"@id":"https:\/\/www.africa-press.net\/cameroun\/#\/schema\/person\/2b1cf3cd81a31e3cd26889ca66d677f1"},"description":"La chambre haute du Parlement camerounais a re\u00e7u des projets de lois pour \u00e9tude le 31 mars 2021. Le quotidien d\u2019Etat Cam ...","breadcrumb":{"@id":"https:\/\/www.africa-press.net\/cameroun\/politique\/cameroun-parlement-les-senateurs-etudient-le-projet-de-loi-relatif-a-lextradition-entre-le-cameroun-et-le-bresil#breadcrumb"},"inLanguage":"fr-FR","potentialAction":[{"@type":"ReadAction","target":["https:\/\/www.africa-press.net\/cameroun\/politique\/cameroun-parlement-les-senateurs-etudient-le-projet-de-loi-relatif-a-lextradition-entre-le-cameroun-et-le-bresil"]}]},{"@type":"ImageObject","inLanguage":"fr-FR","@id":"https:\/\/www.africa-press.net\/cameroun\/politique\/cameroun-parlement-les-senateurs-etudient-le-projet-de-loi-relatif-a-lextradition-entre-le-cameroun-et-le-bresil#primaryimage","url":"https:\/\/static.africa-press.net\/cameroun\/sites\/57\/2021\/04\/img-606640f85e9cf.jpg","contentUrl":"https:\/\/static.africa-press.net\/cameroun\/sites\/57\/2021\/04\/img-606640f85e9cf.jpg","width":800,"height":533,"caption":"Cameroun - Parlement: Les s\u00e9nateurs \u00e9tudient le projet de loi relatif \u00e0 l\u2019extradition entre le Cameroun et le Br\u00e9sil"},{"@type":"BreadcrumbList","@id":"https:\/\/www.africa-press.net\/cameroun\/politique\/cameroun-parlement-les-senateurs-etudient-le-projet-de-loi-relatif-a-lextradition-entre-le-cameroun-et-le-bresil#breadcrumb","itemListElement":[{"@type":"ListItem","position":1,"name":"Accueil","item":"https:\/\/www.africa-press.net\/cameroun\/"},{"@type":"ListItem","position":2,"name":"Cameroun &#8211; Parlement: Les s\u00e9nateurs \u00e9tudient le projet de loi relatif \u00e0 l\u2019extradition entre le Cameroun et le Br\u00e9sil"}]},{"@type":"WebSite","@id":"https:\/\/www.africa-press.net\/cameroun\/#website","url":"https:\/\/www.africa-press.net\/cameroun\/","name":"Cameroun","description":"Just another Africa News Agency Sites site","potentialAction":[{"@type":"SearchAction","target":{"@type":"EntryPoint","urlTemplate":"https:\/\/www.africa-press.net\/cameroun\/?s={search_term_string}"},"query-input":{"@type":"PropertyValueSpecification","valueRequired":true,"valueName":"search_term_string"}}],"inLanguage":"fr-FR"},{"@type":"Person","@id":"https:\/\/www.africa-press.net\/cameroun\/#\/schema\/person\/2b1cf3cd81a31e3cd26889ca66d677f1","name":"cfeditorfr"}]}},"_links":{"self":[{"href":"https:\/\/www.africa-press.net\/cameroun\/wp-json\/wp\/v2\/posts\/1898","targetHints":{"allow":["GET"]}}],"collection":[{"href":"https:\/\/www.africa-press.net\/cameroun\/wp-json\/wp\/v2\/posts"}],"about":[{"href":"https:\/\/www.africa-press.net\/cameroun\/wp-json\/wp\/v2\/types\/post"}],"author":[{"embeddable":true,"href":"https:\/\/www.africa-press.net\/cameroun\/wp-json\/wp\/v2\/users\/82"}],"replies":[{"embeddable":true,"href":"https:\/\/www.africa-press.net\/cameroun\/wp-json\/wp\/v2\/comments?post=1898"}],"version-history":[{"count":0,"href":"https:\/\/www.africa-press.net\/cameroun\/wp-json\/wp\/v2\/posts\/1898\/revisions"}],"wp:featuredmedia":[{"embeddable":true,"href":"https:\/\/www.africa-press.net\/cameroun\/wp-json\/wp\/v2\/media\/1897"}],"wp:attachment":[{"href":"https:\/\/www.africa-press.net\/cameroun\/wp-json\/wp\/v2\/media?parent=1898"}],"wp:term":[{"taxonomy":"category","embeddable":true,"href":"https:\/\/www.africa-press.net\/cameroun\/wp-json\/wp\/v2\/categories?post=1898"},{"taxonomy":"post_tag","embeddable":true,"href":"https:\/\/www.africa-press.net\/cameroun\/wp-json\/wp\/v2\/tags?post=1898"}],"curies":[{"name":"wp","href":"https:\/\/api.w.org\/{rel}","templated":true}]}}