{"id":1901,"date":"2021-04-01T16:09:07","date_gmt":"2021-04-01T16:09:07","guid":{"rendered":"https:\/\/www.africa-press.net\/cameroun\/politique\/cameroun-urgent-un-homme-met-le-feu-a-plusieurs-voitures-au-ministere-de-la-justice-y-compris-celle-du-ministre-laurent-esso"},"modified":"2021-04-01T22:29:55","modified_gmt":"2021-04-01T22:29:55","slug":"cameroun-urgent-un-homme-met-le-feu-a-plusieurs-voitures-au-ministere-de-la-justice-y-compris-celle-du-ministre-laurent-esso","status":"publish","type":"post","link":"https:\/\/www.africa-press.net\/cameroun\/homepage-french\/cameroun-urgent-un-homme-met-le-feu-a-plusieurs-voitures-au-ministere-de-la-justice-y-compris-celle-du-ministre-laurent-esso","title":{"rendered":"Cameroun \u2013 Urgent\u00a0: Un homme met le feu \u00e0 plusieurs voitures au Minist\u00e8re de la Justice, y compris celle du ministre Laurent Esso."},"content":{"rendered":"<p><span style=\"color: #ff6600\"><strong><a href=\"https:\/\/www.africa-press.net\/\">Africa-Press<\/a> &#8211; <a href=\"https:\/\/www.africa-press.net\/cameroun\">Cameroun<\/a>. <\/strong><\/span>Aujourd\u2019hui, c\u2019est le 1er avril. Jour o\u00f9 toutes les blagues sont permisses, y compris m\u00eame les plus invraisemblables.<\/p>\n<p>Mais, ce qui s\u2019est pass\u00e9 ce jeudi dans l\u2019enceinte du Minist\u00e8re de la Justice \u00e0 Yaound\u00e9, n\u2019est pas une plaisanterie. Un homme y a d\u00e9barqu\u00e9 avec des jerricanes d\u2019essence. Il a mis le feu \u00e0 plusieurs v\u00e9hicules dont celui du Ministre d\u2019Etat, Ministre de la Justice garde des sceaux, Laurent Esso.<\/p>\n<p>Le forcen\u00e9 a vandalis\u00e9 d\u2019autres v\u00e9hicules avant d\u2019\u00eatre interpell\u00e9 par la police.<\/p>\n<p>Au moment de boucler cette br\u00e8ve, l\u2019identit\u00e9 du forcen\u00e9 n\u2019est pas encore divulgu\u00e9e, tout comme les raisons de son geste r\u00e9pr\u00e9hensibles.<\/p>\n<p><b>Ci-dessous, les images de certains v\u00e9hicules vandalis\u00e9s et incendi\u00e9s.<\/b><\/p>\n\r\n                <style type=\"text\/css\">\r\n                    \r\n                    #td_uid_1_69f0726a1a184  .td-doubleSlider-2 .td-item1 {\r\n                        background: url(https:\/\/static.africa-press.net\/cameroun\/sites\/57\/2021\/04\/IMG-20210401-WA0512_cameroon-info-p-net_800xm9x-1-80x60.jpg) 0 0 no-repeat;\r\n                    }\r\n                    #td_uid_1_69f0726a1a184  .td-doubleSlider-2 .td-item2 {\r\n                        background: url(https:\/\/static.africa-press.net\/cameroun\/sites\/57\/2021\/04\/IMG-20210401-WA0512_cameroon-info-p-net_800xm9x-80x60.jpg) 0 0 no-repeat;\r\n                    }\r\n                    #td_uid_1_69f0726a1a184  .td-doubleSlider-2 .td-item3 {\r\n                        background: url(https:\/\/static.africa-press.net\/cameroun\/sites\/57\/2021\/04\/IMG-20210401-WA0513_cameroon-info-p-net_800xm9x-80x60.jpg) 0 0 no-repeat;\r\n                    }\r\n                    #td_uid_1_69f0726a1a184  .td-doubleSlider-2 .td-item4 {\r\n                        background: url(https:\/\/static.africa-press.net\/cameroun\/sites\/57\/2021\/04\/IMG-20210401-WA0517_cameroon-info-p-net_800xm9x-80x60.jpg) 0 0 no-repeat;\r\n                    }\r\n                    #td_uid_1_69f0726a1a184  .td-doubleSlider-2 .td-item5 {\r\n                        background: url(https:\/\/static.africa-press.net\/cameroun\/sites\/57\/2021\/04\/IMG-20210401-WA0511_cameroon-info-p-net_800xm9x-80x60.jpg) 0 0 no-repeat;\r\n                    }\r\n                    #td_uid_1_69f0726a1a184  .td-doubleSlider-2 .td-item6 {\r\n                        background: url(https:\/\/static.africa-press.net\/cameroun\/sites\/57\/2021\/04\/IMG-20210401-WA0509_cameroon-info-p-net_800xm9x-80x60.jpg) 0 0 no-repeat;\r\n                    }\r\n                    #td_uid_1_69f0726a1a184  .td-doubleSlider-2 .td-item7 {\r\n                        background: url(https:\/\/static.africa-press.net\/cameroun\/sites\/57\/2021\/04\/img-6066412607a2e-80x60.jpg) 0 0 no-repeat;\r\n                    }\r\n                <\/style>\r\n\r\n                <div id=\"td_uid_1_69f0726a1a184\" class=\"td-gallery td-slide-on-2-columns\">\r\n                    <div class=\"post_td_gallery\">\r\n                        <div class=\"td-gallery-slide-top\">\r\n                           <div class=\"td-gallery-title\"><\/div>\r\n\r\n                            <div class=\"td-gallery-controls-wrapper\">\r\n                                <div class=\"td-gallery-slide-count\"><span class=\"td-gallery-slide-item-focus\">1<\/span> de 7<\/div>\r\n                                <div class=\"td-gallery-slide-prev-next-but\">\r\n                                    <i class = \"td-icon-left doubleSliderPrevButton\"><\/i>\r\n                                    <i class = \"td-icon-right doubleSliderNextButton\"><\/i>\r\n                                <\/div>\r\n                            <\/div>\r\n                        <\/div>\r\n\r\n                        <div class = \"td-doubleSlider-1 \">\r\n                            <div class = \"td-slider\">\r\n                                \r\n                    <div class = \"td-slide-item td-item1\">\r\n                        <figure class=\"td-slide-galery-figure td-slide-popup-gallery\">\r\n                            <a class=\"slide-gallery-image-link\" href=\"https:\/\/static.africa-press.net\/cameroun\/sites\/57\/2021\/04\/IMG-20210401-WA0512_cameroon-info-p-net_800xm9x-1.jpg\" title=\"IMG-20210401-WA0512_cameroon-info-p-net_800xm9x (1)\"  data-caption=\"\"  data-description=\"\">\r\n                                <img decoding=\"async\" src=\"https:\/\/static.africa-press.net\/cameroun\/sites\/57\/2021\/04\/IMG-20210401-WA0512_cameroon-info-p-net_800xm9x-1.jpg\" srcset=\"https:\/\/static.africa-press.net\/cameroun\/sites\/57\/2021\/04\/IMG-20210401-WA0512_cameroon-info-p-net_800xm9x-1.jpg 800w, https:\/\/static.africa-press.net\/cameroun\/sites\/57\/2021\/04\/IMG-20210401-WA0512_cameroon-info-p-net_800xm9x-1-300x146.jpg 300w, https:\/\/static.africa-press.net\/cameroun\/sites\/57\/2021\/04\/IMG-20210401-WA0512_cameroon-info-p-net_800xm9x-1-768x372.jpg 768w\" sizes=\"(max-width: 800px) 100vw, 800px\" alt=\"\">\r\n                            <\/a>\r\n                            \r\n                        <\/figure>\r\n                    <\/div>\r\n                    <div class = \"td-slide-item td-item2\">\r\n                        <figure class=\"td-slide-galery-figure td-slide-popup-gallery\">\r\n                            <a class=\"slide-gallery-image-link\" href=\"https:\/\/static.africa-press.net\/cameroun\/sites\/57\/2021\/04\/IMG-20210401-WA0512_cameroon-info-p-net_800xm9x.jpg\" title=\"IMG-20210401-WA0512_cameroon-info-p-net_800xm9x\"  data-caption=\"\"  data-description=\"\">\r\n                                <img decoding=\"async\" src=\"https:\/\/static.africa-press.net\/cameroun\/sites\/57\/2021\/04\/IMG-20210401-WA0512_cameroon-info-p-net_800xm9x.jpg\" srcset=\"https:\/\/static.africa-press.net\/cameroun\/sites\/57\/2021\/04\/IMG-20210401-WA0512_cameroon-info-p-net_800xm9x.jpg 800w, https:\/\/static.africa-press.net\/cameroun\/sites\/57\/2021\/04\/IMG-20210401-WA0512_cameroon-info-p-net_800xm9x-300x146.jpg 300w, https:\/\/static.africa-press.net\/cameroun\/sites\/57\/2021\/04\/IMG-20210401-WA0512_cameroon-info-p-net_800xm9x-768x372.jpg 768w\" sizes=\"(max-width: 800px) 100vw, 800px\" alt=\"\">\r\n                            <\/a>\r\n                            \r\n                        <\/figure>\r\n                    <\/div>\r\n                    <div class = \"td-slide-item td-item3\">\r\n                        <figure class=\"td-slide-galery-figure td-slide-popup-gallery\">\r\n                            <a class=\"slide-gallery-image-link\" href=\"https:\/\/static.africa-press.net\/cameroun\/sites\/57\/2021\/04\/IMG-20210401-WA0513_cameroon-info-p-net_800xm9x.jpg\" title=\"IMG-20210401-WA0513_cameroon-info-p-net_800xm9x\"  data-caption=\"\"  data-description=\"\">\r\n                                <img decoding=\"async\" src=\"https:\/\/static.africa-press.net\/cameroun\/sites\/57\/2021\/04\/IMG-20210401-WA0513_cameroon-info-p-net_800xm9x.jpg\" srcset=\"https:\/\/static.africa-press.net\/cameroun\/sites\/57\/2021\/04\/IMG-20210401-WA0513_cameroon-info-p-net_800xm9x.jpg 800w, https:\/\/static.africa-press.net\/cameroun\/sites\/57\/2021\/04\/IMG-20210401-WA0513_cameroon-info-p-net_800xm9x-146x300.jpg 146w, https:\/\/static.africa-press.net\/cameroun\/sites\/57\/2021\/04\/IMG-20210401-WA0513_cameroon-info-p-net_800xm9x-498x1024.jpg 498w, https:\/\/static.africa-press.net\/cameroun\/sites\/57\/2021\/04\/IMG-20210401-WA0513_cameroon-info-p-net_800xm9x-768x1579.jpg 768w, https:\/\/static.africa-press.net\/cameroun\/sites\/57\/2021\/04\/IMG-20210401-WA0513_cameroon-info-p-net_800xm9x-747x1536.jpg 747w\" sizes=\"(max-width: 800px) 100vw, 800px\" alt=\"\">\r\n                            <\/a>\r\n                            \r\n                        <\/figure>\r\n                    <\/div>\r\n                    <div class = \"td-slide-item td-item4\">\r\n                        <figure class=\"td-slide-galery-figure td-slide-popup-gallery\">\r\n                            <a class=\"slide-gallery-image-link\" href=\"https:\/\/static.africa-press.net\/cameroun\/sites\/57\/2021\/04\/IMG-20210401-WA0517_cameroon-info-p-net_800xm9x.jpg\" title=\"IMG-20210401-WA0517_cameroon-info-p-net_800xm9x\"  data-caption=\"\"  data-description=\"\">\r\n                                <img decoding=\"async\" src=\"https:\/\/static.africa-press.net\/cameroun\/sites\/57\/2021\/04\/IMG-20210401-WA0517_cameroon-info-p-net_800xm9x.jpg\" srcset=\"https:\/\/static.africa-press.net\/cameroun\/sites\/57\/2021\/04\/IMG-20210401-WA0517_cameroon-info-p-net_800xm9x.jpg 800w, https:\/\/static.africa-press.net\/cameroun\/sites\/57\/2021\/04\/IMG-20210401-WA0517_cameroon-info-p-net_800xm9x-300x146.jpg 300w, https:\/\/static.africa-press.net\/cameroun\/sites\/57\/2021\/04\/IMG-20210401-WA0517_cameroon-info-p-net_800xm9x-768x372.jpg 768w\" sizes=\"(max-width: 800px) 100vw, 800px\" alt=\"\">\r\n                            <\/a>\r\n                            \r\n                        <\/figure>\r\n                    <\/div>\r\n                    <div class = \"td-slide-item td-item5\">\r\n                        <figure class=\"td-slide-galery-figure td-slide-popup-gallery\">\r\n                            <a class=\"slide-gallery-image-link\" href=\"https:\/\/static.africa-press.net\/cameroun\/sites\/57\/2021\/04\/IMG-20210401-WA0511_cameroon-info-p-net_800xm9x.jpg\" title=\"IMG-20210401-WA0511_cameroon-info-p-net_800xm9x\"  data-caption=\"\"  data-description=\"\">\r\n                                <img decoding=\"async\" src=\"https:\/\/static.africa-press.net\/cameroun\/sites\/57\/2021\/04\/IMG-20210401-WA0511_cameroon-info-p-net_800xm9x.jpg\" srcset=\"https:\/\/static.africa-press.net\/cameroun\/sites\/57\/2021\/04\/IMG-20210401-WA0511_cameroon-info-p-net_800xm9x.jpg 800w, https:\/\/static.africa-press.net\/cameroun\/sites\/57\/2021\/04\/IMG-20210401-WA0511_cameroon-info-p-net_800xm9x-300x146.jpg 300w, https:\/\/static.africa-press.net\/cameroun\/sites\/57\/2021\/04\/IMG-20210401-WA0511_cameroon-info-p-net_800xm9x-768x372.jpg 768w\" sizes=\"(max-width: 800px) 100vw, 800px\" alt=\"\">\r\n                            <\/a>\r\n                            \r\n                        <\/figure>\r\n                    <\/div>\r\n                    <div class = \"td-slide-item td-item6\">\r\n                        <figure class=\"td-slide-galery-figure td-slide-popup-gallery\">\r\n                            <a class=\"slide-gallery-image-link\" href=\"https:\/\/static.africa-press.net\/cameroun\/sites\/57\/2021\/04\/IMG-20210401-WA0509_cameroon-info-p-net_800xm9x.jpg\" title=\"IMG-20210401-WA0509_cameroon-info-p-net_800xm9x\"  data-caption=\"\"  data-description=\"\">\r\n                                <img decoding=\"async\" src=\"https:\/\/static.africa-press.net\/cameroun\/sites\/57\/2021\/04\/IMG-20210401-WA0509_cameroon-info-p-net_800xm9x.jpg\" srcset=\"https:\/\/static.africa-press.net\/cameroun\/sites\/57\/2021\/04\/IMG-20210401-WA0509_cameroon-info-p-net_800xm9x.jpg 800w, https:\/\/static.africa-press.net\/cameroun\/sites\/57\/2021\/04\/IMG-20210401-WA0509_cameroon-info-p-net_800xm9x-300x146.jpg 300w, https:\/\/static.africa-press.net\/cameroun\/sites\/57\/2021\/04\/IMG-20210401-WA0509_cameroon-info-p-net_800xm9x-768x372.jpg 768w\" sizes=\"(max-width: 800px) 100vw, 800px\" alt=\"\">\r\n                            <\/a>\r\n                            \r\n                        <\/figure>\r\n                    <\/div>\r\n                    <div class = \"td-slide-item td-item7\">\r\n                        <figure class=\"td-slide-galery-figure td-slide-popup-gallery\">\r\n                            <a class=\"slide-gallery-image-link\" href=\"https:\/\/static.africa-press.net\/cameroun\/sites\/57\/2021\/04\/img-6066412607a2e.jpg\" title=\"Cameroun \u2013 Urgent\u00a0: Un homme met le feu \u00e0 plusieurs voitures au Minist\u00e8re de la Justice, y compris celle du ministre Laurent Esso.\"  data-caption=\"\"  data-description=\"Cameroun &ndash; Urgent&nbsp;: Un homme met le feu &agrave; plusieurs voitures au Minist&egrave;re de la Justice, y compris celle du ministre Laurent Esso.\">\r\n                                <img decoding=\"async\" src=\"https:\/\/static.africa-press.net\/cameroun\/sites\/57\/2021\/04\/img-6066412607a2e.jpg\" srcset=\"https:\/\/static.africa-press.net\/cameroun\/sites\/57\/2021\/04\/img-6066412607a2e.jpg 800w, https:\/\/static.africa-press.net\/cameroun\/sites\/57\/2021\/04\/img-6066412607a2e-146x300.jpg 146w, https:\/\/static.africa-press.net\/cameroun\/sites\/57\/2021\/04\/img-6066412607a2e-498x1024.jpg 498w, https:\/\/static.africa-press.net\/cameroun\/sites\/57\/2021\/04\/img-6066412607a2e-768x1579.jpg 768w, https:\/\/static.africa-press.net\/cameroun\/sites\/57\/2021\/04\/img-6066412607a2e-747x1536.jpg 747w\" sizes=\"(max-width: 800px) 100vw, 800px\" alt=\"Cameroun &ndash; Urgent&nbsp;: Un homme met le feu &agrave; plusieurs voitures au Minist&egrave;re de la Justice, y compris celle du ministre Laurent Esso.\">\r\n                            <\/a>\r\n                            <figcaption class = \"td-slide-caption td-gallery-slide-content\"><span>Cameroun \u2013 Urgent\u00a0: Un homme met le feu \u00e0 plusieurs voitures au Minist\u00e8re de la Justice, y compris celle du ministre Laurent Esso.<\/span><\/figcaption>\r\n                        <\/figure>\r\n                    <\/div>\r\n                            <\/div>\r\n                        <\/div>\r\n\r\n                        <div class = \"td-doubleSlider-2\">\r\n                            <div class = \"td-slider\">\r\n                                \r\n                    <div class = \"td-button td-item1\">\r\n                        <div class = \"td-border\"><\/div>\r\n                    <\/div>\r\n                    <div class = \"td-button td-item2\">\r\n                        <div class = \"td-border\"><\/div>\r\n                    <\/div>\r\n                    <div class = \"td-button td-item3\">\r\n                        <div class = \"td-border\"><\/div>\r\n                    <\/div>\r\n                    <div class = \"td-button td-item4\">\r\n                        <div class = \"td-border\"><\/div>\r\n                    <\/div>\r\n                    <div class = \"td-button td-item5\">\r\n                        <div class = \"td-border\"><\/div>\r\n                    <\/div>\r\n                    <div class = \"td-button td-item6\">\r\n                        <div class = \"td-border\"><\/div>\r\n                    <\/div>\r\n                    <div class = \"td-button td-item7\">\r\n                        <div class = \"td-border\"><\/div>\r\n                    <\/div>\r\n                            <\/div>\r\n                        <\/div>\r\n\r\n                    <\/div>\r\n\r\n                <\/div>\r\n                \n","protected":false},"excerpt":{"rendered":"<p>Africa-Press &#8211; Cameroun. Aujourd\u2019hui, c\u2019est le 1er avril. Jour o\u00f9 toutes les blagues sont permisses, y compris m\u00eame les plus invraisemblables. Mais, ce qui s\u2019est pass\u00e9 ce jeudi dans l\u2019enceinte du Minist\u00e8re de la Justice \u00e0 Yaound\u00e9, n\u2019est pas une plaisanterie. Un homme y a d\u00e9barqu\u00e9 avec des jerricanes d\u2019essence. Il a mis le feu [&hellip;]<\/p>\n","protected":false},"author":82,"featured_media":2004,"comment_status":"open","ping_status":"closed","sticky":false,"template":"","format":"standard","meta":{"footnotes":""},"categories":[11,8,2,20,10],"tags":[36,50,49],"class_list":["post-1901","post","type-post","status-publish","format-standard","has-post-thumbnail","hentry","category-homepage-french","category-photo","category-politique","category-top-nouvelles","category-toutes-les-actualites","tag-africa-press","tag-africa-press-cameroun","tag-cameroun"],"yoast_head":"<!-- This site is optimized with the Yoast SEO Premium plugin v26.1 (Yoast SEO v27.0) - https:\/\/yoast.com\/product\/yoast-seo-premium-wordpress\/ -->\n<title>Cameroun \u2013 Urgent\u00a0: Un homme met le feu \u00e0 plusieurs voitures au Minist\u00e8re de la Justice, y compris celle du ministre Laurent Esso. - Cameroun<\/title>\n<meta name=\"description\" content=\"Aujourd\u2019hui, c\u2019est le 1er avril. Jour o\u00f9 toutes les blagues sont permisses, y compris m\u00eame les plus invraisemblables. M ...\" \/>\n<meta name=\"robots\" content=\"index, follow, max-snippet:-1, max-image-preview:large, max-video-preview:-1\" \/>\n<link rel=\"canonical\" href=\"https:\/\/www.africa-press.net\/cameroun\/politique\/cameroun-urgent-un-homme-met-le-feu-a-plusieurs-voitures-au-ministere-de-la-justice-y-compris-celle-du-ministre-laurent-esso\" \/>\n<meta property=\"og:locale\" content=\"fr_FR\" \/>\n<meta property=\"og:type\" content=\"article\" \/>\n<meta property=\"og:title\" content=\"Cameroun \u2013 Urgent\u00a0: Un homme met le feu \u00e0 plusieurs voitures au Minist\u00e8re de la Justice, y compris celle du ministre Laurent Esso.\" \/>\n<meta property=\"og:description\" content=\"Aujourd\u2019hui, c\u2019est le 1er avril. Jour o\u00f9 toutes les blagues sont permisses, y compris m\u00eame les plus invraisemblables. M ...\" \/>\n<meta property=\"og:url\" content=\"https:\/\/www.africa-press.net\/cameroun\/politique\/cameroun-urgent-un-homme-met-le-feu-a-plusieurs-voitures-au-ministere-de-la-justice-y-compris-celle-du-ministre-laurent-esso\" \/>\n<meta property=\"og:site_name\" content=\"Cameroun\" \/>\n<meta property=\"article:published_time\" content=\"2021-04-01T16:09:07+00:00\" \/>\n<meta property=\"article:modified_time\" content=\"2021-04-01T22:29:55+00:00\" \/>\n<meta property=\"og:image\" content=\"https:\/\/static.africa-press.net\/cameroun\/sites\/57\/2021\/04\/IMG-20210401-WA0517_cameroon-info-p-net_800xm9x.jpg\" \/>\n\t<meta property=\"og:image:width\" content=\"800\" \/>\n\t<meta property=\"og:image:height\" content=\"388\" \/>\n\t<meta property=\"og:image:type\" content=\"image\/jpeg\" \/>\n<meta name=\"author\" content=\"cfeditorfr\" \/>\n<meta name=\"twitter:card\" content=\"summary_large_image\" \/>\n<meta name=\"twitter:label1\" content=\"\u00c9crit par\" \/>\n\t<meta name=\"twitter:data1\" content=\"cfeditorfr\" \/>\n\t<meta name=\"twitter:label2\" content=\"Dur\u00e9e de lecture estim\u00e9e\" \/>\n\t<meta name=\"twitter:data2\" content=\"1 minute\" \/>\n<script type=\"application\/ld+json\" class=\"yoast-schema-graph\">{\"@context\":\"https:\/\/schema.org\",\"@graph\":[{\"@type\":\"Article\",\"@id\":\"https:\/\/www.africa-press.net\/cameroun\/politique\/cameroun-urgent-un-homme-met-le-feu-a-plusieurs-voitures-au-ministere-de-la-justice-y-compris-celle-du-ministre-laurent-esso#article\",\"isPartOf\":{\"@id\":\"https:\/\/www.africa-press.net\/cameroun\/politique\/cameroun-urgent-un-homme-met-le-feu-a-plusieurs-voitures-au-ministere-de-la-justice-y-compris-celle-du-ministre-laurent-esso\"},\"author\":{\"name\":\"cfeditorfr\",\"@id\":\"https:\/\/www.africa-press.net\/cameroun\/#\/schema\/person\/2b1cf3cd81a31e3cd26889ca66d677f1\"},\"headline\":\"Cameroun \u2013 Urgent\u00a0: Un homme met le feu \u00e0 plusieurs voitures au Minist\u00e8re de la Justice, y compris celle du ministre Laurent Esso.\",\"datePublished\":\"2021-04-01T16:09:07+00:00\",\"dateModified\":\"2021-04-01T22:29:55+00:00\",\"mainEntityOfPage\":{\"@id\":\"https:\/\/www.africa-press.net\/cameroun\/politique\/cameroun-urgent-un-homme-met-le-feu-a-plusieurs-voitures-au-ministere-de-la-justice-y-compris-celle-du-ministre-laurent-esso\"},\"wordCount\":166,\"commentCount\":0,\"image\":{\"@id\":\"https:\/\/www.africa-press.net\/cameroun\/politique\/cameroun-urgent-un-homme-met-le-feu-a-plusieurs-voitures-au-ministere-de-la-justice-y-compris-celle-du-ministre-laurent-esso#primaryimage\"},\"thumbnailUrl\":\"https:\/\/static.africa-press.net\/cameroun\/sites\/57\/2021\/04\/IMG-20210401-WA0517_cameroon-info-p-net_800xm9x.jpg\",\"keywords\":[\"Africa Press\",\"Africa Press-Cameroun\",\"Cameroun\"],\"articleSection\":[\"homepage-french\",\"Photo\",\"Politique\",\"Top Nouvelles\",\"Toutes les actualit\u00e9s\"],\"inLanguage\":\"fr-FR\",\"potentialAction\":[{\"@type\":\"CommentAction\",\"name\":\"Comment\",\"target\":[\"https:\/\/www.africa-press.net\/cameroun\/politique\/cameroun-urgent-un-homme-met-le-feu-a-plusieurs-voitures-au-ministere-de-la-justice-y-compris-celle-du-ministre-laurent-esso#respond\"]}]},{\"@type\":\"WebPage\",\"@id\":\"https:\/\/www.africa-press.net\/cameroun\/politique\/cameroun-urgent-un-homme-met-le-feu-a-plusieurs-voitures-au-ministere-de-la-justice-y-compris-celle-du-ministre-laurent-esso\",\"url\":\"https:\/\/www.africa-press.net\/cameroun\/politique\/cameroun-urgent-un-homme-met-le-feu-a-plusieurs-voitures-au-ministere-de-la-justice-y-compris-celle-du-ministre-laurent-esso\",\"name\":\"Cameroun \u2013 Urgent\u00a0: Un homme met le feu \u00e0 plusieurs voitures au Minist\u00e8re de la Justice, y compris celle du ministre Laurent Esso. - Cameroun\",\"isPartOf\":{\"@id\":\"https:\/\/www.africa-press.net\/cameroun\/#website\"},\"primaryImageOfPage\":{\"@id\":\"https:\/\/www.africa-press.net\/cameroun\/politique\/cameroun-urgent-un-homme-met-le-feu-a-plusieurs-voitures-au-ministere-de-la-justice-y-compris-celle-du-ministre-laurent-esso#primaryimage\"},\"image\":{\"@id\":\"https:\/\/www.africa-press.net\/cameroun\/politique\/cameroun-urgent-un-homme-met-le-feu-a-plusieurs-voitures-au-ministere-de-la-justice-y-compris-celle-du-ministre-laurent-esso#primaryimage\"},\"thumbnailUrl\":\"https:\/\/static.africa-press.net\/cameroun\/sites\/57\/2021\/04\/IMG-20210401-WA0517_cameroon-info-p-net_800xm9x.jpg\",\"datePublished\":\"2021-04-01T16:09:07+00:00\",\"dateModified\":\"2021-04-01T22:29:55+00:00\",\"author\":{\"@id\":\"https:\/\/www.africa-press.net\/cameroun\/#\/schema\/person\/2b1cf3cd81a31e3cd26889ca66d677f1\"},\"description\":\"Aujourd\u2019hui, c\u2019est le 1er avril. Jour o\u00f9 toutes les blagues sont permisses, y compris m\u00eame les plus invraisemblables. M ...\",\"breadcrumb\":{\"@id\":\"https:\/\/www.africa-press.net\/cameroun\/politique\/cameroun-urgent-un-homme-met-le-feu-a-plusieurs-voitures-au-ministere-de-la-justice-y-compris-celle-du-ministre-laurent-esso#breadcrumb\"},\"inLanguage\":\"fr-FR\",\"potentialAction\":[{\"@type\":\"ReadAction\",\"target\":[\"https:\/\/www.africa-press.net\/cameroun\/politique\/cameroun-urgent-un-homme-met-le-feu-a-plusieurs-voitures-au-ministere-de-la-justice-y-compris-celle-du-ministre-laurent-esso\"]}]},{\"@type\":\"ImageObject\",\"inLanguage\":\"fr-FR\",\"@id\":\"https:\/\/www.africa-press.net\/cameroun\/politique\/cameroun-urgent-un-homme-met-le-feu-a-plusieurs-voitures-au-ministere-de-la-justice-y-compris-celle-du-ministre-laurent-esso#primaryimage\",\"url\":\"https:\/\/static.africa-press.net\/cameroun\/sites\/57\/2021\/04\/IMG-20210401-WA0517_cameroon-info-p-net_800xm9x.jpg\",\"contentUrl\":\"https:\/\/static.africa-press.net\/cameroun\/sites\/57\/2021\/04\/IMG-20210401-WA0517_cameroon-info-p-net_800xm9x.jpg\",\"width\":800,\"height\":388},{\"@type\":\"BreadcrumbList\",\"@id\":\"https:\/\/www.africa-press.net\/cameroun\/politique\/cameroun-urgent-un-homme-met-le-feu-a-plusieurs-voitures-au-ministere-de-la-justice-y-compris-celle-du-ministre-laurent-esso#breadcrumb\",\"itemListElement\":[{\"@type\":\"ListItem\",\"position\":1,\"name\":\"Accueil\",\"item\":\"https:\/\/www.africa-press.net\/cameroun\/\"},{\"@type\":\"ListItem\",\"position\":2,\"name\":\"Cameroun \u2013 Urgent\u00a0: Un homme met le feu \u00e0 plusieurs voitures au Minist\u00e8re de la Justice, y compris celle du ministre Laurent Esso.\"}]},{\"@type\":\"WebSite\",\"@id\":\"https:\/\/www.africa-press.net\/cameroun\/#website\",\"url\":\"https:\/\/www.africa-press.net\/cameroun\/\",\"name\":\"Cameroun\",\"description\":\"Just another Africa News Agency Sites site\",\"potentialAction\":[{\"@type\":\"SearchAction\",\"target\":{\"@type\":\"EntryPoint\",\"urlTemplate\":\"https:\/\/www.africa-press.net\/cameroun\/?s={search_term_string}\"},\"query-input\":{\"@type\":\"PropertyValueSpecification\",\"valueRequired\":true,\"valueName\":\"search_term_string\"}}],\"inLanguage\":\"fr-FR\"},{\"@type\":\"Person\",\"@id\":\"https:\/\/www.africa-press.net\/cameroun\/#\/schema\/person\/2b1cf3cd81a31e3cd26889ca66d677f1\",\"name\":\"cfeditorfr\"}]}<\/script>\n<!-- \/ Yoast SEO Premium plugin. -->","yoast_head_json":{"title":"Cameroun \u2013 Urgent\u00a0: Un homme met le feu \u00e0 plusieurs voitures au Minist\u00e8re de la Justice, y compris celle du ministre Laurent Esso. - Cameroun","description":"Aujourd\u2019hui, c\u2019est le 1er avril. Jour o\u00f9 toutes les blagues sont permisses, y compris m\u00eame les plus invraisemblables. M ...","robots":{"index":"index","follow":"follow","max-snippet":"max-snippet:-1","max-image-preview":"max-image-preview:large","max-video-preview":"max-video-preview:-1"},"canonical":"https:\/\/www.africa-press.net\/cameroun\/politique\/cameroun-urgent-un-homme-met-le-feu-a-plusieurs-voitures-au-ministere-de-la-justice-y-compris-celle-du-ministre-laurent-esso","og_locale":"fr_FR","og_type":"article","og_title":"Cameroun \u2013 Urgent\u00a0: Un homme met le feu \u00e0 plusieurs voitures au Minist\u00e8re de la Justice, y compris celle du ministre Laurent Esso.","og_description":"Aujourd\u2019hui, c\u2019est le 1er avril. Jour o\u00f9 toutes les blagues sont permisses, y compris m\u00eame les plus invraisemblables. M ...","og_url":"https:\/\/www.africa-press.net\/cameroun\/politique\/cameroun-urgent-un-homme-met-le-feu-a-plusieurs-voitures-au-ministere-de-la-justice-y-compris-celle-du-ministre-laurent-esso","og_site_name":"Cameroun","article_published_time":"2021-04-01T16:09:07+00:00","article_modified_time":"2021-04-01T22:29:55+00:00","og_image":[{"width":800,"height":388,"url":"https:\/\/static.africa-press.net\/cameroun\/sites\/57\/2021\/04\/IMG-20210401-WA0517_cameroon-info-p-net_800xm9x.jpg","type":"image\/jpeg"}],"author":"cfeditorfr","twitter_card":"summary_large_image","twitter_misc":{"\u00c9crit par":"cfeditorfr","Dur\u00e9e de lecture estim\u00e9e":"1 minute"},"schema":{"@context":"https:\/\/schema.org","@graph":[{"@type":"Article","@id":"https:\/\/www.africa-press.net\/cameroun\/politique\/cameroun-urgent-un-homme-met-le-feu-a-plusieurs-voitures-au-ministere-de-la-justice-y-compris-celle-du-ministre-laurent-esso#article","isPartOf":{"@id":"https:\/\/www.africa-press.net\/cameroun\/politique\/cameroun-urgent-un-homme-met-le-feu-a-plusieurs-voitures-au-ministere-de-la-justice-y-compris-celle-du-ministre-laurent-esso"},"author":{"name":"cfeditorfr","@id":"https:\/\/www.africa-press.net\/cameroun\/#\/schema\/person\/2b1cf3cd81a31e3cd26889ca66d677f1"},"headline":"Cameroun \u2013 Urgent\u00a0: Un homme met le feu \u00e0 plusieurs voitures au Minist\u00e8re de la Justice, y compris celle du ministre Laurent Esso.","datePublished":"2021-04-01T16:09:07+00:00","dateModified":"2021-04-01T22:29:55+00:00","mainEntityOfPage":{"@id":"https:\/\/www.africa-press.net\/cameroun\/politique\/cameroun-urgent-un-homme-met-le-feu-a-plusieurs-voitures-au-ministere-de-la-justice-y-compris-celle-du-ministre-laurent-esso"},"wordCount":166,"commentCount":0,"image":{"@id":"https:\/\/www.africa-press.net\/cameroun\/politique\/cameroun-urgent-un-homme-met-le-feu-a-plusieurs-voitures-au-ministere-de-la-justice-y-compris-celle-du-ministre-laurent-esso#primaryimage"},"thumbnailUrl":"https:\/\/static.africa-press.net\/cameroun\/sites\/57\/2021\/04\/IMG-20210401-WA0517_cameroon-info-p-net_800xm9x.jpg","keywords":["Africa Press","Africa Press-Cameroun","Cameroun"],"articleSection":["homepage-french","Photo","Politique","Top Nouvelles","Toutes les actualit\u00e9s"],"inLanguage":"fr-FR","potentialAction":[{"@type":"CommentAction","name":"Comment","target":["https:\/\/www.africa-press.net\/cameroun\/politique\/cameroun-urgent-un-homme-met-le-feu-a-plusieurs-voitures-au-ministere-de-la-justice-y-compris-celle-du-ministre-laurent-esso#respond"]}]},{"@type":"WebPage","@id":"https:\/\/www.africa-press.net\/cameroun\/politique\/cameroun-urgent-un-homme-met-le-feu-a-plusieurs-voitures-au-ministere-de-la-justice-y-compris-celle-du-ministre-laurent-esso","url":"https:\/\/www.africa-press.net\/cameroun\/politique\/cameroun-urgent-un-homme-met-le-feu-a-plusieurs-voitures-au-ministere-de-la-justice-y-compris-celle-du-ministre-laurent-esso","name":"Cameroun \u2013 Urgent\u00a0: Un homme met le feu \u00e0 plusieurs voitures au Minist\u00e8re de la Justice, y compris celle du ministre Laurent Esso. - Cameroun","isPartOf":{"@id":"https:\/\/www.africa-press.net\/cameroun\/#website"},"primaryImageOfPage":{"@id":"https:\/\/www.africa-press.net\/cameroun\/politique\/cameroun-urgent-un-homme-met-le-feu-a-plusieurs-voitures-au-ministere-de-la-justice-y-compris-celle-du-ministre-laurent-esso#primaryimage"},"image":{"@id":"https:\/\/www.africa-press.net\/cameroun\/politique\/cameroun-urgent-un-homme-met-le-feu-a-plusieurs-voitures-au-ministere-de-la-justice-y-compris-celle-du-ministre-laurent-esso#primaryimage"},"thumbnailUrl":"https:\/\/static.africa-press.net\/cameroun\/sites\/57\/2021\/04\/IMG-20210401-WA0517_cameroon-info-p-net_800xm9x.jpg","datePublished":"2021-04-01T16:09:07+00:00","dateModified":"2021-04-01T22:29:55+00:00","author":{"@id":"https:\/\/www.africa-press.net\/cameroun\/#\/schema\/person\/2b1cf3cd81a31e3cd26889ca66d677f1"},"description":"Aujourd\u2019hui, c\u2019est le 1er avril. Jour o\u00f9 toutes les blagues sont permisses, y compris m\u00eame les plus invraisemblables. M ...","breadcrumb":{"@id":"https:\/\/www.africa-press.net\/cameroun\/politique\/cameroun-urgent-un-homme-met-le-feu-a-plusieurs-voitures-au-ministere-de-la-justice-y-compris-celle-du-ministre-laurent-esso#breadcrumb"},"inLanguage":"fr-FR","potentialAction":[{"@type":"ReadAction","target":["https:\/\/www.africa-press.net\/cameroun\/politique\/cameroun-urgent-un-homme-met-le-feu-a-plusieurs-voitures-au-ministere-de-la-justice-y-compris-celle-du-ministre-laurent-esso"]}]},{"@type":"ImageObject","inLanguage":"fr-FR","@id":"https:\/\/www.africa-press.net\/cameroun\/politique\/cameroun-urgent-un-homme-met-le-feu-a-plusieurs-voitures-au-ministere-de-la-justice-y-compris-celle-du-ministre-laurent-esso#primaryimage","url":"https:\/\/static.africa-press.net\/cameroun\/sites\/57\/2021\/04\/IMG-20210401-WA0517_cameroon-info-p-net_800xm9x.jpg","contentUrl":"https:\/\/static.africa-press.net\/cameroun\/sites\/57\/2021\/04\/IMG-20210401-WA0517_cameroon-info-p-net_800xm9x.jpg","width":800,"height":388},{"@type":"BreadcrumbList","@id":"https:\/\/www.africa-press.net\/cameroun\/politique\/cameroun-urgent-un-homme-met-le-feu-a-plusieurs-voitures-au-ministere-de-la-justice-y-compris-celle-du-ministre-laurent-esso#breadcrumb","itemListElement":[{"@type":"ListItem","position":1,"name":"Accueil","item":"https:\/\/www.africa-press.net\/cameroun\/"},{"@type":"ListItem","position":2,"name":"Cameroun \u2013 Urgent\u00a0: Un homme met le feu \u00e0 plusieurs voitures au Minist\u00e8re de la Justice, y compris celle du ministre Laurent Esso."}]},{"@type":"WebSite","@id":"https:\/\/www.africa-press.net\/cameroun\/#website","url":"https:\/\/www.africa-press.net\/cameroun\/","name":"Cameroun","description":"Just another Africa News Agency Sites site","potentialAction":[{"@type":"SearchAction","target":{"@type":"EntryPoint","urlTemplate":"https:\/\/www.africa-press.net\/cameroun\/?s={search_term_string}"},"query-input":{"@type":"PropertyValueSpecification","valueRequired":true,"valueName":"search_term_string"}}],"inLanguage":"fr-FR"},{"@type":"Person","@id":"https:\/\/www.africa-press.net\/cameroun\/#\/schema\/person\/2b1cf3cd81a31e3cd26889ca66d677f1","name":"cfeditorfr"}]}},"_links":{"self":[{"href":"https:\/\/www.africa-press.net\/cameroun\/wp-json\/wp\/v2\/posts\/1901","targetHints":{"allow":["GET"]}}],"collection":[{"href":"https:\/\/www.africa-press.net\/cameroun\/wp-json\/wp\/v2\/posts"}],"about":[{"href":"https:\/\/www.africa-press.net\/cameroun\/wp-json\/wp\/v2\/types\/post"}],"author":[{"embeddable":true,"href":"https:\/\/www.africa-press.net\/cameroun\/wp-json\/wp\/v2\/users\/82"}],"replies":[{"embeddable":true,"href":"https:\/\/www.africa-press.net\/cameroun\/wp-json\/wp\/v2\/comments?post=1901"}],"version-history":[{"count":0,"href":"https:\/\/www.africa-press.net\/cameroun\/wp-json\/wp\/v2\/posts\/1901\/revisions"}],"wp:featuredmedia":[{"embeddable":true,"href":"https:\/\/www.africa-press.net\/cameroun\/wp-json\/wp\/v2\/media\/2004"}],"wp:attachment":[{"href":"https:\/\/www.africa-press.net\/cameroun\/wp-json\/wp\/v2\/media?parent=1901"}],"wp:term":[{"taxonomy":"category","embeddable":true,"href":"https:\/\/www.africa-press.net\/cameroun\/wp-json\/wp\/v2\/categories?post=1901"},{"taxonomy":"post_tag","embeddable":true,"href":"https:\/\/www.africa-press.net\/cameroun\/wp-json\/wp\/v2\/tags?post=1901"}],"curies":[{"name":"wp","href":"https:\/\/api.w.org\/{rel}","templated":true}]}}