{"id":1910,"date":"2021-04-01T16:38:07","date_gmt":"2021-04-01T16:38:07","guid":{"rendered":"https:\/\/www.africa-press.net\/cameroun\/politique\/cameroun-reforme-du-code-electoral-maurice-kamto-cabral-libii-joshua-osih-et-dautres-leaders-de-lopposition-se-concertent"},"modified":"2021-04-01T21:57:20","modified_gmt":"2021-04-01T21:57:20","slug":"cameroun-reforme-du-code-electoral-maurice-kamto-cabral-libii-joshua-osih-et-dautres-leaders-de-lopposition-se-concertent","status":"publish","type":"post","link":"https:\/\/www.africa-press.net\/cameroun\/politique\/cameroun-reforme-du-code-electoral-maurice-kamto-cabral-libii-joshua-osih-et-dautres-leaders-de-lopposition-se-concertent","title":{"rendered":"Cameroun &#8211; R\u00e9forme du Code \u00e9lectoral: Maurice Kamto, Cabral Libii, Joshua Osih et d\u2019autres leaders de l\u2019opposition se concertent"},"content":{"rendered":"<p><span style=\"color: #ff6600\"><strong><a href=\"https:\/\/www.africa-press.net\/\">Africa-Press<\/a> &#8211; <a href=\"https:\/\/www.africa-press.net\/cameroun\">Cameroun<\/a>. <\/strong><\/span>Plusieurs dirigeants de partis politiques de l\u2019opposition se sont rencontr\u00e9s \u00e0 Yaound\u00e9 le 31 mars 2021. Parmi eux, le leader du MRC et initiateur de la rencontre, Maurice Kamto, le pr\u00e9sident national du PCRN, Cabral Libii, le 1er vice-pr\u00e9sident national du SDF, Joshua Osih, la pr\u00e9sidente nationale de l\u2019UDC, Patricia Tomaino Ndam Njoya. Le journaliste et lanceur d\u2019alerte Boris Bertolt croit savoir que les participants \u00e0 cette r\u00e9union se sont rencontr\u00e9s \u00abpour la cr\u00e9ation d\u2019une plateforme de l\u2019opposition\u00bb en vue de poser les bases des discussions destin\u00e9es \u00e0 \u00abcontraindre le gouvernement \u00e0 r\u00e9former le Code \u00e9lectoral\u00bb. Cette assise est la premi\u00e8re cons\u00e9quence de l\u2019 \u00abAppel\u00bb lanc\u00e9 le 1er mars 2021 par Maurice KAMTO.<\/p>\n<p>Le pr\u00e9sident national du MRC souhaitait que les partis politiques, organisations de la soci\u00e9t\u00e9 civile, la diaspora et citoyens contribuent \u00e0 une modification consensuelle du syst\u00e8me \u00e9lectoral. Il rappelait qu\u2019au lendemain de sa participation au double scrutin l\u00e9gislatif et municipal du 30 septembre 2013, son parti avait produit un rapport exhaustif sur les r\u00e9formes n\u00e9cessaires du Code \u00e9lectoral, \u00ab\u00e0 la lumi\u00e8re des insuffisances graves r\u00e9v\u00e9l\u00e9es par sa mise en \u0153uvre \u00e0 l\u2019occasion dudit scrutin\u00bb. Rapport qui aurait \u00e9t\u00e9 \u00abadress\u00e9 \u00e0 la Pr\u00e9sidence de la R\u00e9publique, au Gouvernement, \u00e0 ELECAM ainsi qu\u2019\u00e0 diverses autres institutions nationales et internationales par des moyens laissant trace\u00bb.<\/p>\n<p>Autre rappel, cette proposition de loi portant r\u00e9forme du Code \u00e9lectoral le 4 d\u00e9cembre 2014 n&rsquo;a \u00abjamais \u00e9t\u00e9 soumise au Bureau de l\u2019Assembl\u00e9e nationale, ceci en violation du R\u00e8glement int\u00e9rieur de ladite Assembl\u00e9e\u00bb.<\/p>\n<p>Toujours dans son appel du 1er mars, le MRC s\u2019\u00e9tonnait de voir qu\u2019ELECAM, l\u2019organe qui g\u00e8re les \u00e9lections au Cameroun, souhaitait revoir le Code \u00e9lectoral. \u00abC\u2019est dans ce contexte que le MRC a appris, par la voie des m\u00e9dias, qu\u2019ELECAM serait entrain de travailler \u00e0 la modification du Code \u00e9lectoral. Revient-il \u00e0 ELECAM de mener la r\u00e9forme du Code \u00e9lectoral ? Au regard de la loi, sa mission, faut-il le rappeler, est d\u2019organiser et de g\u00e9rer le processus \u00e9lectoral au Cameroun. Il lui suffit le cas \u00e9ch\u00e9ant de signaler, comme il l\u2019a fait apr\u00e8s l\u2019\u00e9lection pr\u00e9sidentielle de 2018, la n\u00e9cessit\u00e9 de la r\u00e9vision de la l\u00e9gislation \u00e9lectorale, qu\u2019il est charg\u00e9 d\u2019appliquer. Ou de donner un avis technique s\u2019il est requis par les participants au processus politique de r\u00e9forme. Autrement, il perdrait sa nature et son r\u00f4le d\u2019organe technique en mati\u00e8re \u00e9lectorale, et serait, pour ainsi dire, juge et partie\u00bb, relevait Maurice Kamto.<\/p>\n<p>Le MRC souligne que s\u2019agissant de la r\u00e9forme consensuelle de la l\u00e9gislation \u00e9lectorale, \u00abil importe de souligner qu\u2019elle doit aller au-del\u00e0 du Code \u00e9lectoral lui-m\u00eame, et porter sur l\u2019ensemble de la l\u00e9gislation applicable aux \u00e9lections dans notre pays, qu\u2019il s\u2019agisse de la Constitution ou de textes relatifs au Conseil constitutionnel, au recensement et \u00e0 la r\u00e9partition des si\u00e8ges des d\u00e9put\u00e9s au prorata de la population etc.\u00bb, car souligne ce parti, \u00abdans tous les pays de d\u00e9mocratie r\u00e9elle, la loi \u00e9lectorale est une \u0153uvre consensuelle, dans la mesure o\u00f9 elle fixe les r\u00e8gles du jeu d\u00e9mocratique et n\u00e9cessite pour ce faire le consensus des acteurs du jeu; tout autre chose \u00e9tant le texte portant d\u00e9coupage des circonscriptions \u00e9lectorales pour lequel le gouvernement en place garde ses marges de man\u0153uvres\u00bb.<\/p>\n","protected":false},"excerpt":{"rendered":"<p>Africa-Press &#8211; Cameroun. Plusieurs dirigeants de partis politiques de l\u2019opposition se sont rencontr\u00e9s \u00e0 Yaound\u00e9 le 31 mars 2021. Parmi eux, le leader du MRC et initiateur de la rencontre, Maurice Kamto, le pr\u00e9sident national du PCRN, Cabral Libii, le 1er vice-pr\u00e9sident national du SDF, Joshua Osih, la pr\u00e9sidente nationale de l\u2019UDC, Patricia Tomaino Ndam [&hellip;]<\/p>\n","protected":false},"author":82,"featured_media":1909,"comment_status":"open","ping_status":"closed","sticky":false,"template":"","format":"standard","meta":{"footnotes":""},"categories":[11,2,10],"tags":[36,50,49],"class_list":["post-1910","post","type-post","status-publish","format-standard","has-post-thumbnail","hentry","category-homepage-french","category-politique","category-toutes-les-actualites","tag-africa-press","tag-africa-press-cameroun","tag-cameroun"],"yoast_head":"<!-- This site is optimized with the Yoast SEO Premium plugin v26.1 (Yoast SEO v27.0) - https:\/\/yoast.com\/product\/yoast-seo-premium-wordpress\/ -->\n<title>Cameroun - R\u00e9forme du Code \u00e9lectoral: Maurice Kamto, Cabral Libii, Joshua Osih et d\u2019autres leaders de l\u2019opposition se concertent - Cameroun<\/title>\n<meta name=\"description\" content=\"Plusieurs dirigeants de partis politiques de l\u2019opposition se sont rencontr\u00e9s \u00e0 Yaound\u00e9 le 31 mars 2021. Parmi eux, le le ...\" \/>\n<meta name=\"robots\" content=\"index, follow, max-snippet:-1, max-image-preview:large, max-video-preview:-1\" \/>\n<link rel=\"canonical\" href=\"https:\/\/www.africa-press.net\/cameroun\/politique\/cameroun-reforme-du-code-electoral-maurice-kamto-cabral-libii-joshua-osih-et-dautres-leaders-de-lopposition-se-concertent\" \/>\n<meta property=\"og:locale\" content=\"fr_FR\" \/>\n<meta property=\"og:type\" content=\"article\" \/>\n<meta property=\"og:title\" content=\"Cameroun - R\u00e9forme du Code \u00e9lectoral: Maurice Kamto, Cabral Libii, Joshua Osih et d\u2019autres leaders de l\u2019opposition se concertent\" \/>\n<meta property=\"og:description\" content=\"Plusieurs dirigeants de partis politiques de l\u2019opposition se sont rencontr\u00e9s \u00e0 Yaound\u00e9 le 31 mars 2021. Parmi eux, le le ...\" \/>\n<meta property=\"og:url\" content=\"https:\/\/www.africa-press.net\/cameroun\/politique\/cameroun-reforme-du-code-electoral-maurice-kamto-cabral-libii-joshua-osih-et-dautres-leaders-de-lopposition-se-concertent\" \/>\n<meta property=\"og:site_name\" content=\"Cameroun\" \/>\n<meta property=\"article:published_time\" content=\"2021-04-01T16:38:07+00:00\" \/>\n<meta property=\"article:modified_time\" content=\"2021-04-01T21:57:20+00:00\" \/>\n<meta property=\"og:image\" content=\"https:\/\/static.africa-press.net\/cameroun\/sites\/57\/2021\/04\/img-606641a668640.jpg\" \/>\n\t<meta property=\"og:image:width\" content=\"800\" \/>\n\t<meta property=\"og:image:height\" content=\"600\" \/>\n\t<meta property=\"og:image:type\" content=\"image\/jpeg\" \/>\n<meta name=\"author\" content=\"cfeditorfr\" \/>\n<meta name=\"twitter:card\" content=\"summary_large_image\" \/>\n<meta name=\"twitter:label1\" content=\"\u00c9crit par\" \/>\n\t<meta name=\"twitter:data1\" content=\"cfeditorfr\" \/>\n\t<meta name=\"twitter:label2\" content=\"Dur\u00e9e de lecture estim\u00e9e\" \/>\n\t<meta name=\"twitter:data2\" content=\"3 minutes\" \/>\n<script type=\"application\/ld+json\" class=\"yoast-schema-graph\">{\"@context\":\"https:\/\/schema.org\",\"@graph\":[{\"@type\":\"Article\",\"@id\":\"https:\/\/www.africa-press.net\/cameroun\/politique\/cameroun-reforme-du-code-electoral-maurice-kamto-cabral-libii-joshua-osih-et-dautres-leaders-de-lopposition-se-concertent#article\",\"isPartOf\":{\"@id\":\"https:\/\/www.africa-press.net\/cameroun\/politique\/cameroun-reforme-du-code-electoral-maurice-kamto-cabral-libii-joshua-osih-et-dautres-leaders-de-lopposition-se-concertent\"},\"author\":{\"name\":\"cfeditorfr\",\"@id\":\"https:\/\/www.africa-press.net\/cameroun\/#\/schema\/person\/2b1cf3cd81a31e3cd26889ca66d677f1\"},\"headline\":\"Cameroun &#8211; R\u00e9forme du Code \u00e9lectoral: Maurice Kamto, Cabral Libii, Joshua Osih et d\u2019autres leaders de l\u2019opposition se concertent\",\"datePublished\":\"2021-04-01T16:38:07+00:00\",\"dateModified\":\"2021-04-01T21:57:20+00:00\",\"mainEntityOfPage\":{\"@id\":\"https:\/\/www.africa-press.net\/cameroun\/politique\/cameroun-reforme-du-code-electoral-maurice-kamto-cabral-libii-joshua-osih-et-dautres-leaders-de-lopposition-se-concertent\"},\"wordCount\":615,\"commentCount\":0,\"image\":{\"@id\":\"https:\/\/www.africa-press.net\/cameroun\/politique\/cameroun-reforme-du-code-electoral-maurice-kamto-cabral-libii-joshua-osih-et-dautres-leaders-de-lopposition-se-concertent#primaryimage\"},\"thumbnailUrl\":\"https:\/\/static.africa-press.net\/cameroun\/sites\/57\/2021\/04\/img-606641a668640.jpg\",\"keywords\":[\"Africa Press\",\"Africa Press-Cameroun\",\"Cameroun\"],\"articleSection\":[\"homepage-french\",\"Politique\",\"Toutes les actualit\u00e9s\"],\"inLanguage\":\"fr-FR\",\"potentialAction\":[{\"@type\":\"CommentAction\",\"name\":\"Comment\",\"target\":[\"https:\/\/www.africa-press.net\/cameroun\/politique\/cameroun-reforme-du-code-electoral-maurice-kamto-cabral-libii-joshua-osih-et-dautres-leaders-de-lopposition-se-concertent#respond\"]}]},{\"@type\":\"WebPage\",\"@id\":\"https:\/\/www.africa-press.net\/cameroun\/politique\/cameroun-reforme-du-code-electoral-maurice-kamto-cabral-libii-joshua-osih-et-dautres-leaders-de-lopposition-se-concertent\",\"url\":\"https:\/\/www.africa-press.net\/cameroun\/politique\/cameroun-reforme-du-code-electoral-maurice-kamto-cabral-libii-joshua-osih-et-dautres-leaders-de-lopposition-se-concertent\",\"name\":\"Cameroun - R\u00e9forme du Code \u00e9lectoral: Maurice Kamto, Cabral Libii, Joshua Osih et d\u2019autres leaders de l\u2019opposition se concertent - Cameroun\",\"isPartOf\":{\"@id\":\"https:\/\/www.africa-press.net\/cameroun\/#website\"},\"primaryImageOfPage\":{\"@id\":\"https:\/\/www.africa-press.net\/cameroun\/politique\/cameroun-reforme-du-code-electoral-maurice-kamto-cabral-libii-joshua-osih-et-dautres-leaders-de-lopposition-se-concertent#primaryimage\"},\"image\":{\"@id\":\"https:\/\/www.africa-press.net\/cameroun\/politique\/cameroun-reforme-du-code-electoral-maurice-kamto-cabral-libii-joshua-osih-et-dautres-leaders-de-lopposition-se-concertent#primaryimage\"},\"thumbnailUrl\":\"https:\/\/static.africa-press.net\/cameroun\/sites\/57\/2021\/04\/img-606641a668640.jpg\",\"datePublished\":\"2021-04-01T16:38:07+00:00\",\"dateModified\":\"2021-04-01T21:57:20+00:00\",\"author\":{\"@id\":\"https:\/\/www.africa-press.net\/cameroun\/#\/schema\/person\/2b1cf3cd81a31e3cd26889ca66d677f1\"},\"description\":\"Plusieurs dirigeants de partis politiques de l\u2019opposition se sont rencontr\u00e9s \u00e0 Yaound\u00e9 le 31 mars 2021. Parmi eux, le le ...\",\"breadcrumb\":{\"@id\":\"https:\/\/www.africa-press.net\/cameroun\/politique\/cameroun-reforme-du-code-electoral-maurice-kamto-cabral-libii-joshua-osih-et-dautres-leaders-de-lopposition-se-concertent#breadcrumb\"},\"inLanguage\":\"fr-FR\",\"potentialAction\":[{\"@type\":\"ReadAction\",\"target\":[\"https:\/\/www.africa-press.net\/cameroun\/politique\/cameroun-reforme-du-code-electoral-maurice-kamto-cabral-libii-joshua-osih-et-dautres-leaders-de-lopposition-se-concertent\"]}]},{\"@type\":\"ImageObject\",\"inLanguage\":\"fr-FR\",\"@id\":\"https:\/\/www.africa-press.net\/cameroun\/politique\/cameroun-reforme-du-code-electoral-maurice-kamto-cabral-libii-joshua-osih-et-dautres-leaders-de-lopposition-se-concertent#primaryimage\",\"url\":\"https:\/\/static.africa-press.net\/cameroun\/sites\/57\/2021\/04\/img-606641a668640.jpg\",\"contentUrl\":\"https:\/\/static.africa-press.net\/cameroun\/sites\/57\/2021\/04\/img-606641a668640.jpg\",\"width\":800,\"height\":600,\"caption\":\"Cameroun - R\u00e9forme du Code \u00e9lectoral: Maurice Kamto, Cabral Libii, Joshua Osih et d\u2019autres leaders de l\u2019opposition se concertent\"},{\"@type\":\"BreadcrumbList\",\"@id\":\"https:\/\/www.africa-press.net\/cameroun\/politique\/cameroun-reforme-du-code-electoral-maurice-kamto-cabral-libii-joshua-osih-et-dautres-leaders-de-lopposition-se-concertent#breadcrumb\",\"itemListElement\":[{\"@type\":\"ListItem\",\"position\":1,\"name\":\"Accueil\",\"item\":\"https:\/\/www.africa-press.net\/cameroun\/\"},{\"@type\":\"ListItem\",\"position\":2,\"name\":\"Cameroun &#8211; R\u00e9forme du Code \u00e9lectoral: Maurice Kamto, Cabral Libii, Joshua Osih et d\u2019autres leaders de l\u2019opposition se concertent\"}]},{\"@type\":\"WebSite\",\"@id\":\"https:\/\/www.africa-press.net\/cameroun\/#website\",\"url\":\"https:\/\/www.africa-press.net\/cameroun\/\",\"name\":\"Cameroun\",\"description\":\"Just another Africa News Agency Sites site\",\"potentialAction\":[{\"@type\":\"SearchAction\",\"target\":{\"@type\":\"EntryPoint\",\"urlTemplate\":\"https:\/\/www.africa-press.net\/cameroun\/?s={search_term_string}\"},\"query-input\":{\"@type\":\"PropertyValueSpecification\",\"valueRequired\":true,\"valueName\":\"search_term_string\"}}],\"inLanguage\":\"fr-FR\"},{\"@type\":\"Person\",\"@id\":\"https:\/\/www.africa-press.net\/cameroun\/#\/schema\/person\/2b1cf3cd81a31e3cd26889ca66d677f1\",\"name\":\"cfeditorfr\"}]}<\/script>\n<!-- \/ Yoast SEO Premium plugin. -->","yoast_head_json":{"title":"Cameroun - R\u00e9forme du Code \u00e9lectoral: Maurice Kamto, Cabral Libii, Joshua Osih et d\u2019autres leaders de l\u2019opposition se concertent - Cameroun","description":"Plusieurs dirigeants de partis politiques de l\u2019opposition se sont rencontr\u00e9s \u00e0 Yaound\u00e9 le 31 mars 2021. Parmi eux, le le ...","robots":{"index":"index","follow":"follow","max-snippet":"max-snippet:-1","max-image-preview":"max-image-preview:large","max-video-preview":"max-video-preview:-1"},"canonical":"https:\/\/www.africa-press.net\/cameroun\/politique\/cameroun-reforme-du-code-electoral-maurice-kamto-cabral-libii-joshua-osih-et-dautres-leaders-de-lopposition-se-concertent","og_locale":"fr_FR","og_type":"article","og_title":"Cameroun - R\u00e9forme du Code \u00e9lectoral: Maurice Kamto, Cabral Libii, Joshua Osih et d\u2019autres leaders de l\u2019opposition se concertent","og_description":"Plusieurs dirigeants de partis politiques de l\u2019opposition se sont rencontr\u00e9s \u00e0 Yaound\u00e9 le 31 mars 2021. Parmi eux, le le ...","og_url":"https:\/\/www.africa-press.net\/cameroun\/politique\/cameroun-reforme-du-code-electoral-maurice-kamto-cabral-libii-joshua-osih-et-dautres-leaders-de-lopposition-se-concertent","og_site_name":"Cameroun","article_published_time":"2021-04-01T16:38:07+00:00","article_modified_time":"2021-04-01T21:57:20+00:00","og_image":[{"width":800,"height":600,"url":"https:\/\/static.africa-press.net\/cameroun\/sites\/57\/2021\/04\/img-606641a668640.jpg","type":"image\/jpeg"}],"author":"cfeditorfr","twitter_card":"summary_large_image","twitter_misc":{"\u00c9crit par":"cfeditorfr","Dur\u00e9e de lecture estim\u00e9e":"3 minutes"},"schema":{"@context":"https:\/\/schema.org","@graph":[{"@type":"Article","@id":"https:\/\/www.africa-press.net\/cameroun\/politique\/cameroun-reforme-du-code-electoral-maurice-kamto-cabral-libii-joshua-osih-et-dautres-leaders-de-lopposition-se-concertent#article","isPartOf":{"@id":"https:\/\/www.africa-press.net\/cameroun\/politique\/cameroun-reforme-du-code-electoral-maurice-kamto-cabral-libii-joshua-osih-et-dautres-leaders-de-lopposition-se-concertent"},"author":{"name":"cfeditorfr","@id":"https:\/\/www.africa-press.net\/cameroun\/#\/schema\/person\/2b1cf3cd81a31e3cd26889ca66d677f1"},"headline":"Cameroun &#8211; R\u00e9forme du Code \u00e9lectoral: Maurice Kamto, Cabral Libii, Joshua Osih et d\u2019autres leaders de l\u2019opposition se concertent","datePublished":"2021-04-01T16:38:07+00:00","dateModified":"2021-04-01T21:57:20+00:00","mainEntityOfPage":{"@id":"https:\/\/www.africa-press.net\/cameroun\/politique\/cameroun-reforme-du-code-electoral-maurice-kamto-cabral-libii-joshua-osih-et-dautres-leaders-de-lopposition-se-concertent"},"wordCount":615,"commentCount":0,"image":{"@id":"https:\/\/www.africa-press.net\/cameroun\/politique\/cameroun-reforme-du-code-electoral-maurice-kamto-cabral-libii-joshua-osih-et-dautres-leaders-de-lopposition-se-concertent#primaryimage"},"thumbnailUrl":"https:\/\/static.africa-press.net\/cameroun\/sites\/57\/2021\/04\/img-606641a668640.jpg","keywords":["Africa Press","Africa Press-Cameroun","Cameroun"],"articleSection":["homepage-french","Politique","Toutes les actualit\u00e9s"],"inLanguage":"fr-FR","potentialAction":[{"@type":"CommentAction","name":"Comment","target":["https:\/\/www.africa-press.net\/cameroun\/politique\/cameroun-reforme-du-code-electoral-maurice-kamto-cabral-libii-joshua-osih-et-dautres-leaders-de-lopposition-se-concertent#respond"]}]},{"@type":"WebPage","@id":"https:\/\/www.africa-press.net\/cameroun\/politique\/cameroun-reforme-du-code-electoral-maurice-kamto-cabral-libii-joshua-osih-et-dautres-leaders-de-lopposition-se-concertent","url":"https:\/\/www.africa-press.net\/cameroun\/politique\/cameroun-reforme-du-code-electoral-maurice-kamto-cabral-libii-joshua-osih-et-dautres-leaders-de-lopposition-se-concertent","name":"Cameroun - R\u00e9forme du Code \u00e9lectoral: Maurice Kamto, Cabral Libii, Joshua Osih et d\u2019autres leaders de l\u2019opposition se concertent - Cameroun","isPartOf":{"@id":"https:\/\/www.africa-press.net\/cameroun\/#website"},"primaryImageOfPage":{"@id":"https:\/\/www.africa-press.net\/cameroun\/politique\/cameroun-reforme-du-code-electoral-maurice-kamto-cabral-libii-joshua-osih-et-dautres-leaders-de-lopposition-se-concertent#primaryimage"},"image":{"@id":"https:\/\/www.africa-press.net\/cameroun\/politique\/cameroun-reforme-du-code-electoral-maurice-kamto-cabral-libii-joshua-osih-et-dautres-leaders-de-lopposition-se-concertent#primaryimage"},"thumbnailUrl":"https:\/\/static.africa-press.net\/cameroun\/sites\/57\/2021\/04\/img-606641a668640.jpg","datePublished":"2021-04-01T16:38:07+00:00","dateModified":"2021-04-01T21:57:20+00:00","author":{"@id":"https:\/\/www.africa-press.net\/cameroun\/#\/schema\/person\/2b1cf3cd81a31e3cd26889ca66d677f1"},"description":"Plusieurs dirigeants de partis politiques de l\u2019opposition se sont rencontr\u00e9s \u00e0 Yaound\u00e9 le 31 mars 2021. Parmi eux, le le ...","breadcrumb":{"@id":"https:\/\/www.africa-press.net\/cameroun\/politique\/cameroun-reforme-du-code-electoral-maurice-kamto-cabral-libii-joshua-osih-et-dautres-leaders-de-lopposition-se-concertent#breadcrumb"},"inLanguage":"fr-FR","potentialAction":[{"@type":"ReadAction","target":["https:\/\/www.africa-press.net\/cameroun\/politique\/cameroun-reforme-du-code-electoral-maurice-kamto-cabral-libii-joshua-osih-et-dautres-leaders-de-lopposition-se-concertent"]}]},{"@type":"ImageObject","inLanguage":"fr-FR","@id":"https:\/\/www.africa-press.net\/cameroun\/politique\/cameroun-reforme-du-code-electoral-maurice-kamto-cabral-libii-joshua-osih-et-dautres-leaders-de-lopposition-se-concertent#primaryimage","url":"https:\/\/static.africa-press.net\/cameroun\/sites\/57\/2021\/04\/img-606641a668640.jpg","contentUrl":"https:\/\/static.africa-press.net\/cameroun\/sites\/57\/2021\/04\/img-606641a668640.jpg","width":800,"height":600,"caption":"Cameroun - R\u00e9forme du Code \u00e9lectoral: Maurice Kamto, Cabral Libii, Joshua Osih et d\u2019autres leaders de l\u2019opposition se concertent"},{"@type":"BreadcrumbList","@id":"https:\/\/www.africa-press.net\/cameroun\/politique\/cameroun-reforme-du-code-electoral-maurice-kamto-cabral-libii-joshua-osih-et-dautres-leaders-de-lopposition-se-concertent#breadcrumb","itemListElement":[{"@type":"ListItem","position":1,"name":"Accueil","item":"https:\/\/www.africa-press.net\/cameroun\/"},{"@type":"ListItem","position":2,"name":"Cameroun &#8211; R\u00e9forme du Code \u00e9lectoral: Maurice Kamto, Cabral Libii, Joshua Osih et d\u2019autres leaders de l\u2019opposition se concertent"}]},{"@type":"WebSite","@id":"https:\/\/www.africa-press.net\/cameroun\/#website","url":"https:\/\/www.africa-press.net\/cameroun\/","name":"Cameroun","description":"Just another Africa News Agency Sites site","potentialAction":[{"@type":"SearchAction","target":{"@type":"EntryPoint","urlTemplate":"https:\/\/www.africa-press.net\/cameroun\/?s={search_term_string}"},"query-input":{"@type":"PropertyValueSpecification","valueRequired":true,"valueName":"search_term_string"}}],"inLanguage":"fr-FR"},{"@type":"Person","@id":"https:\/\/www.africa-press.net\/cameroun\/#\/schema\/person\/2b1cf3cd81a31e3cd26889ca66d677f1","name":"cfeditorfr"}]}},"_links":{"self":[{"href":"https:\/\/www.africa-press.net\/cameroun\/wp-json\/wp\/v2\/posts\/1910","targetHints":{"allow":["GET"]}}],"collection":[{"href":"https:\/\/www.africa-press.net\/cameroun\/wp-json\/wp\/v2\/posts"}],"about":[{"href":"https:\/\/www.africa-press.net\/cameroun\/wp-json\/wp\/v2\/types\/post"}],"author":[{"embeddable":true,"href":"https:\/\/www.africa-press.net\/cameroun\/wp-json\/wp\/v2\/users\/82"}],"replies":[{"embeddable":true,"href":"https:\/\/www.africa-press.net\/cameroun\/wp-json\/wp\/v2\/comments?post=1910"}],"version-history":[{"count":0,"href":"https:\/\/www.africa-press.net\/cameroun\/wp-json\/wp\/v2\/posts\/1910\/revisions"}],"wp:featuredmedia":[{"embeddable":true,"href":"https:\/\/www.africa-press.net\/cameroun\/wp-json\/wp\/v2\/media\/1909"}],"wp:attachment":[{"href":"https:\/\/www.africa-press.net\/cameroun\/wp-json\/wp\/v2\/media?parent=1910"}],"wp:term":[{"taxonomy":"category","embeddable":true,"href":"https:\/\/www.africa-press.net\/cameroun\/wp-json\/wp\/v2\/categories?post=1910"},{"taxonomy":"post_tag","embeddable":true,"href":"https:\/\/www.africa-press.net\/cameroun\/wp-json\/wp\/v2\/tags?post=1910"}],"curies":[{"name":"wp","href":"https:\/\/api.w.org\/{rel}","templated":true}]}}